{"id":14246,"date":"2020-01-13T08:00:58","date_gmt":"2020-01-13T11:00:58","guid":{"rendered":"http:\/\/ccnews.com.ar\/prensa\/?p=14246"},"modified":"2020-01-13T08:56:22","modified_gmt":"2020-01-13T11:56:22","slug":"asi-sera-el-smartphone-del-futuro","status":"publish","type":"post","link":"http:\/\/ccnews.com.ar\/prensa\/asi-sera-el-smartphone-del-futuro\/","title":{"rendered":"As\u00ed ser\u00e1 el \u2018smartphone\u2019 del futuro"},"content":{"rendered":"\n<p><strong>Los dispositivos m\u00f3viles, que hoy ya facilitan nuestras vidas, todav\u00eda lo har\u00e1n m\u00e1s en los pr\u00f3ximos a\u00f1os. El tel\u00e9fono se ha convertido en una extensi\u00f3n de nuestro propio cuerpo y ya no podemos vivir sin \u00e9l.<\/strong><\/p>\n\n\n\n<figure class=\"wp-block-embed-youtube wp-block-embed is-type-video is-provider-youtube wp-embed-aspect-16-9 wp-has-aspect-ratio\"><div class=\"wp-block-embed__wrapper\">\n<span class=\"embed-youtube\" style=\"text-align:center; display: block;\"><iframe loading=\"lazy\" class=\"youtube-player\" width=\"800\" height=\"450\" src=\"https:\/\/www.youtube.com\/embed\/aEK7-_kGCkI?version=3&#038;rel=1&#038;showsearch=0&#038;showinfo=1&#038;iv_load_policy=1&#038;fs=1&#038;hl=es-ES&#038;autohide=2&#038;wmode=transparent\" allowfullscreen=\"true\" style=\"border:0;\" sandbox=\"allow-scripts allow-same-origin allow-popups allow-presentation allow-popups-to-escape-sandbox\"><\/iframe><\/span>\n<\/div><\/figure>\n\n\n\n<p>uena el despertador, abrimos los ojos. Y el primer gesto del\nd\u00eda es girarnos hacia el smartphone para apagar la alarma o ver qu\u00e9 hora es. El\ntel\u00e9fono es lo primero que utilizamos por la ma\u00f1ana y no nos separaremos de \u00e9l\nhasta que nos acostamos, muchas horas despu\u00e9s. En pocos a\u00f1os, este dispositivo\nm\u00f3vil se ha convertido en un elemento imprescindible en nuestras vidas y las\nprevisiones indican que su uso seguir\u00e1 creciendo en el futuro.<\/p>\n\n\n\n<p>La consultora IDC Research estima que, para 2023, se\nalcancen los 1.520 millones de m\u00f3viles, con una tasa media de crecimiento anual\ndel 1,6% en el periodo 2018-2023. La tecnolog\u00eda 5G jugar\u00e1 un papel clave a\ncorto y medio plazo, ya que dentro de cuatro a\u00f1os supondr\u00e1 el 26,3% del total\nde ventas. Y eso implicar\u00e1 un cambio profundo y radical en todos los \u00e1mbitos de\nnuestra actividad diaria, porque sus posibilidades son extraordinarias.<\/p>\n\n\n\n<p>Pero no nos anticipemos a lo que est\u00e1 por llegar y vayamos\npoco a poco. Hoy, el 80% de la poblaci\u00f3n mundial dispone de un tel\u00e9fono m\u00f3vil,\ny m\u00e1s de un bill\u00f3n de unidades son smartphones. En la actualidad, consultamos\nnuestros m\u00f3viles una media de 150 veces al d\u00eda y nueve de cada diez personas\nson incapaces de separarse a m\u00e1s de un metro de distancia de su dispositivo.<\/p>\n\n\n\n<p>\u00bfPara qu\u00e9 lo usamos? Para casi todo: para escuchar m\u00fasica,\nponernos al d\u00eda con los peri\u00f3dicos, fotografiar y grabar v\u00eddeos (\u00bfalguien se\nacuerda de las c\u00e1maras de fotos?), consultar el tiempo, jugar a videojuegos, buscar\ninformaci\u00f3n sobre tr\u00e1fico, ubicar direcciones en mapas, planificar un viaje,\nadministrar nuestra agenda diaria, comunicarnos a trav\u00e9s de redes sociales,\nleer y enviar correos electr\u00f3nicos, ver la televisi\u00f3n, hacer gestiones de todo\ntipo (bancarias y administrativas, entre otras), comprar, trabajar\u2026 La lista es\ninabarcable, lo que demuestra que hoy el tel\u00e9fono, m\u00e1s all\u00e1 de su uso\ntradicional, sirve para casi todo. Es una herramienta que nos facilita la vida\ny acerca m\u00e1s que nunca a las personas.<\/p>\n\n\n\n<p>Gracias a los avances tecnol\u00f3gicos que est\u00e1n por llegar,\nmuchos de ellos asociados a la tecnolog\u00eda 5G, sus posibilidades se\nmultiplicar\u00e1n en los pr\u00f3ximos a\u00f1os. Aspectos relacionados con la realidad\naumentada y la realidad virtual formar\u00e1n parte de nuestro d\u00eda a d\u00eda. Todo esto\nser\u00e1 posible gracias a la mayor velocidad, la menor latencia y la mayor\ncapacidad que implica el 5G y que desarrollar\u00e1 el Internet de las Cosas (IoG,\npor sus siglas en ingl\u00e9s) hasta l\u00edmites insospechados.<\/p>\n\n\n\n<p><strong>Llenar la nevera o\nsuministrar medicinas<\/strong><\/p>\n\n\n\n<p>El IoG permitir\u00e1 un mundo ultraconectado en el que se desplegar\u00e1 la conducci\u00f3n aut\u00f3noma, la cirug\u00eda remota y la telemedicina, los juegos inmersivos, la automatizaci\u00f3n de procesos industriales\u2026 Hoy todo esto suena a ciencia ficci\u00f3n, pero ser\u00e1 realidad en muy poco tiempo. Gracias a la colocaci\u00f3n de sensores en nuestros hogares podremos saber a trav\u00e9s de nuestro m\u00f3vil, por ejemplo, si la temperatura en nuestra casa es fr\u00eda, y conectar la calefacci\u00f3n a trav\u00e9s del smartphone. O sabremos si nuestra nevera se est\u00e1 quedando vac\u00eda y hay que reponer determinados alimentos. Incluso dispondremos de sensores en nuestro propio cuerpo que nos informar\u00e1n en tiempo real de posibles problemas de salud.<\/p>\n\n\n\n<figure class=\"wp-block-image\"><img data-recalc-dims=\"1\" decoding=\"async\" src=\"https:\/\/i0.wp.com\/ep01.epimg.net\/tecnologia\/imagenes\/2020\/01\/10\/actualidad\/1578656375_909703_1578657949_sumario_normal.jpg?w=800&#038;ssl=1\" alt=\"As\u00ed ser\u00e1 el \u2018smartphone\u2019 del futuro\"\/><\/figure>\n\n\n\n<p>De alguna manera es lo que ya sucede con los relojes\ninteligentes: miden las horas de sue\u00f1o, los tiempos de descanso, la frecuencia\ncon que bebemos agua, el ejercicio que llevamos a cabo\u2026 Si hacemos un uso\nresponsable, los smartwatches ayudan a mejorar nuestros h\u00e1bitos diarios.\nExactamente lo mismo suceder\u00e1 con los m\u00f3viles, que estar\u00e1n todav\u00eda m\u00e1s\nintegrados en \u00e1mbitos casi insospechados de nuestras vidas. Ser\u00e1n, por ejemplo,\ncapaces de detectar alimentos en mal estado o de suministrar medicinas. En\ncierta medida, los avances tecnol\u00f3gicos convertir\u00e1n el smartphone en un ap\u00e9ndice\nm\u00e1s de nuestro cuerpo.<\/p>\n\n\n\n<p>Con un solo clic, gestionaremos nuestras consultas m\u00e9dicas,\nsabremos qu\u00e9 ejercicio nos conviene hacer y cu\u00e1nto tiempo. Controlaremos\nnuestro propio bienestar pero tambi\u00e9n sabremos en cuesti\u00f3n de segundos qu\u00e9\natascos hay en la ciudad y qu\u00e9 alternativa de transporte es mejor para\ndesplazarnos por ella. Lo mismo ocurrir\u00e1 (ya ocurre) en el \u00e1mbito de nuestra\neconom\u00eda: a trav\u00e9s del m\u00f3vil tenemos el control de nuestras cuentas del banco,\npodemos hacer las gestiones de forma inmediata, r\u00e1pida y c\u00f3moda; es posible\npagar o comprar directamente con el terminal cualquier producto y que el\nmovimiento aparezca inmediatamente en nuestra pantalla\u2026<\/p>\n\n\n\n<p><strong>&#8216;CaixaBank Sign&#8217;:\noperaciones sin c\u00f3digos<\/strong><\/p>\n\n\n\n<p>Esta tendencia ya es imparable. CaixaBank, por ejemplo, supera el mill\u00f3n de clientes que firman sus operaciones de banca digital con el m\u00f3vil a trav\u00e9s de la aplicaci\u00f3n CaixaBank Sign, sin necesidad de introducir c\u00f3digos. Se trata de la \u00fanica app m\u00f3vil espec\u00edfica de estas caracter\u00edsticas de todo el sistema financiero espa\u00f1ol. Una herramienta que mejora la experiencia del cliente y otorga mayor confianza a los usuarios a la hora de realizar sus operaciones online.<\/p>\n\n\n\n<figure class=\"wp-block-image\"><img data-recalc-dims=\"1\" decoding=\"async\" src=\"https:\/\/i0.wp.com\/ep01.epimg.net\/tecnologia\/imagenes\/2020\/01\/10\/actualidad\/1578656375_909703_1578658147_sumario_normal.jpg?w=800&#038;ssl=1\" alt=\"As\u00ed ser\u00e1 el \u2018smartphone\u2019 del futuro\"\/><\/figure>\n\n\n\n<p>En definitiva, un universo gigantesco de posibilidades que\nnos ayudan a gestionar mejor nuestra vida, nuestra salud y nuestro tiempo. O lo\nque es lo mismo, a vivir mejor.<\/p>\n\n\n\n<p>Fuente: El Pa\u00eds<\/p>\n<!-- AddThis Advanced Settings generic via filter on the_content -->","protected":false},"excerpt":{"rendered":"<p>Los dispositivos m\u00f3viles, que hoy ya facilitan nuestras vidas, todav\u00eda lo har\u00e1n m\u00e1s en los pr\u00f3ximos a\u00f1os. El tel\u00e9fono se<!-- AddThis Advanced Settings generic via filter on get_the_excerpt --><\/p>\n","protected":false},"author":1,"featured_media":14248,"comment_status":"closed","ping_status":"closed","sticky":false,"template":"","format":"standard","meta":{"colormag_page_container_layout":"default_layout","colormag_page_sidebar_layout":"default_layout","jetpack_post_was_ever_published":false,"_jetpack_newsletter_access":"","_jetpack_dont_email_post_to_subs":false,"_jetpack_newsletter_tier_id":0,"_jetpack_memberships_contains_paywalled_content":false,"_jetpack_memberships_contains_paid_content":false,"footnotes":"","jetpack_publicize_message":"#BuenLunes #Tecnolog\u00eda As\u00ed ser\u00e1 el \u2018smartphone\u2019 del futuro","jetpack_publicize_feature_enabled":true,"jetpack_social_post_already_shared":true,"jetpack_social_options":{"image_generator_settings":{"template":"highway","default_image_id":0,"font":"","enabled":false},"version":2}},"categories":[5],"tags":[17],"class_list":["post-14246","post","type-post","status-publish","format-standard","has-post-thumbnail","hentry","category-transformacion-digital","tag-otros-medios"],"jetpack_publicize_connections":[],"jetpack_featured_media_url":"https:\/\/i0.wp.com\/ccnews.com.ar\/prensa\/wp-content\/uploads\/2020\/01\/1578656375_909703_1578657767_sumario_normal_recorte1.jpg?fit=1960%2C975","jetpack_shortlink":"https:\/\/wp.me\/p7L1gj-3HM","jetpack-related-posts":[{"id":9291,"url":"http:\/\/ccnews.com.ar\/prensa\/en-neuquen-la-tecnologia-que-mas-se-usa-es-el-celular\/","url_meta":{"origin":14246,"position":0},"title":"En Neuqu\u00e9n, la tecnolog\u00eda que m\u00e1s se usa es el celular","author":"CLUSTERciar","date":"9 noviembre, 2018","format":false,"excerpt":"La \u201cadicci\u00f3n\u201d al celular no distingue rangos etarios, lo usan por igual los preadolescentes como los adultos mayores. Hay consejos para evitar el uso del tel\u00e9fono a toda hora. Al final de la semana, los smartphones mandan una notificaci\u00f3n cont\u00e1ndonos cu\u00e1ntas horas semanales los usuarios pasaron frente a la pantalla\u2026","rel":"","context":"En \u00abTransformaci\u00f3n digital\u00bb","block_context":{"text":"Transformaci\u00f3n digital","link":"http:\/\/ccnews.com.ar\/prensa\/category\/transformacion-digital\/"},"img":{"alt_text":"","src":"https:\/\/i0.wp.com\/ccnews.com.ar\/prensa\/wp-content\/uploads\/2018\/11\/image_content_10246258_20181026184214.jpg?fit=660%2C370&resize=350%2C200","width":350,"height":200,"srcset":"https:\/\/i0.wp.com\/ccnews.com.ar\/prensa\/wp-content\/uploads\/2018\/11\/image_content_10246258_20181026184214.jpg?fit=660%2C370&resize=350%2C200 1x, https:\/\/i0.wp.com\/ccnews.com.ar\/prensa\/wp-content\/uploads\/2018\/11\/image_content_10246258_20181026184214.jpg?fit=660%2C370&resize=525%2C300 1,5x"},"classes":[]},{"id":6649,"url":"http:\/\/ccnews.com.ar\/prensa\/para-celebrar-sus-25-anos-clusterciar-inauguro-un-campus-en-cipolletti\/","url_meta":{"origin":14246,"position":1},"title":"Para celebrar sus 25 a\u00f1os, CLUSTERciar inaugur\u00f3 un campus  en Cipolletti","author":"CLUSTERciar","date":"10 enero, 2018","format":false,"excerpt":"En diciembre de 2017, culminando el a\u00f1o de su 25 aniversario, CLUSTERciar inaugur\u00f3 su Campus Educativo Recreativo con oficinas en la ciudad de Cipolletti. A ra\u00edz de este hito, CLUSTERciar News dialog\u00f3 con el Ing. Francis Rimmele, Director General del cl\u00faster y Presidente de Fundaci\u00f3n Potenciar. \u00bfCon qu\u00e9 prop\u00f3sito construyeron\u2026","rel":"","context":"En \u00abManagement\u00bb","block_context":{"text":"Management","link":"http:\/\/ccnews.com.ar\/prensa\/category\/management\/"},"img":{"alt_text":"","src":"https:\/\/i0.wp.com\/clusterciarnews.com.ar\/prensa\/wp-content\/uploads\/2018\/01\/26168293_560406864301889_3995949790915129745_n.jpg?resize=350%2C200","width":350,"height":200},"classes":[]},{"id":14708,"url":"http:\/\/ccnews.com.ar\/prensa\/5-cosas-que-hoy-estan-en-nuestra-vida-diaria-gracias-a-wi-fi\/","url_meta":{"origin":14246,"position":2},"title":"5 cosas que hoy est\u00e1n en nuestra vida diaria gracias a Wi-Fi","author":"admin","date":"27 febrero, 2020","format":false,"excerpt":"Cuando el f\u00edsico alem\u00e1n Rudolf Hertz logr\u00f3 la primera transmisi\u00f3n con ondas electromagn\u00e9ticas en lugar de cables, usando un oscilador como emisor y un resonador como receptor, hace 131 a\u00f1os, seguramente no imagin\u00f3 que hab\u00eda dado el primer paso de lo que hoy es Wi-Fi, esa tecnolog\u00eda de comunicaci\u00f3n inal\u00e1mbrica\u2026","rel":"","context":"En \u00abTransformaci\u00f3n digital\u00bb","block_context":{"text":"Transformaci\u00f3n digital","link":"http:\/\/ccnews.com.ar\/prensa\/category\/transformacion-digital\/"},"img":{"alt_text":"","src":"https:\/\/i0.wp.com\/ccnews.com.ar\/prensa\/wp-content\/uploads\/2020\/02\/Wi-Fi1.jpg?fit=800%2C500&resize=350%2C200","width":350,"height":200,"srcset":"https:\/\/i0.wp.com\/ccnews.com.ar\/prensa\/wp-content\/uploads\/2020\/02\/Wi-Fi1.jpg?fit=800%2C500&resize=350%2C200 1x, https:\/\/i0.wp.com\/ccnews.com.ar\/prensa\/wp-content\/uploads\/2020\/02\/Wi-Fi1.jpg?fit=800%2C500&resize=525%2C300 1,5x, https:\/\/i0.wp.com\/ccnews.com.ar\/prensa\/wp-content\/uploads\/2020\/02\/Wi-Fi1.jpg?fit=800%2C500&resize=700%2C400 2x"},"classes":[]},{"id":1093,"url":"http:\/\/ccnews.com.ar\/prensa\/adan-balina-creador-de-la-billetera-anti-robo-a-veces-te-tienen-que-pasar-cosas-para-aparezcan-las-ideas\/","url_meta":{"origin":14246,"position":3},"title":"Adan Bali\u00f1a, creador de la billetera anti robo: &#8220;a veces te tienen que pasar cosas para aparezcan las ideas&#8221;","author":"CLUSTERciar","date":"14 agosto, 2016","format":false,"excerpt":"El modelo creado por un joven argentino ya tiene fecha de lanzamiento y mejoras tecnol\u00f3gicas que la podr\u00edan convertir en una nueva forma de controlar objetos a distancia y prevenir p\u00e9rdidas y hurtos; su fabricaci\u00f3n estar\u00e1 a cargo de los dise\u00f1adores del smartphone Nexbit Robin El sistema ideado por Adan\u2026","rel":"","context":"En \u00abTransformaci\u00f3n digital\u00bb","block_context":{"text":"Transformaci\u00f3n digital","link":"http:\/\/ccnews.com.ar\/prensa\/category\/transformacion-digital\/"},"img":{"alt_text":"","src":"","width":0,"height":0},"classes":[]},{"id":9123,"url":"http:\/\/ccnews.com.ar\/prensa\/como-animarse-a-ser-la-persona-que-siempre-quisimos-ser\/","url_meta":{"origin":14246,"position":4},"title":"C\u00f3mo animarse a ser la persona que siempre quisimos ser","author":"CLUSTERciar","date":"19 octubre, 2018","format":false,"excerpt":"Trabajar estos dos ejes ayuda a reinventar las propias leyes de las personas, sin que la mirada ajena las limite. Hacerle caso a la intuici\u00f3n y no compararse con los dem\u00e1s son solo algunas de las claves para alcanzar la felicidad. Llevar adelante la vida en base a nuestros deseos\u2026","rel":"","context":"En \u00abEducaci\u00f3n\/Sociedad\u00bb","block_context":{"text":"Educaci\u00f3n\/Sociedad","link":"http:\/\/ccnews.com.ar\/prensa\/category\/educacion-sociedad\/"},"img":{"alt_text":"","src":"https:\/\/i0.wp.com\/ccnews.com.ar\/prensa\/wp-content\/uploads\/2018\/10\/ccn-13.jpg?fit=1000%2C650&resize=350%2C200","width":350,"height":200,"srcset":"https:\/\/i0.wp.com\/ccnews.com.ar\/prensa\/wp-content\/uploads\/2018\/10\/ccn-13.jpg?fit=1000%2C650&resize=350%2C200 1x, https:\/\/i0.wp.com\/ccnews.com.ar\/prensa\/wp-content\/uploads\/2018\/10\/ccn-13.jpg?fit=1000%2C650&resize=525%2C300 1,5x, https:\/\/i0.wp.com\/ccnews.com.ar\/prensa\/wp-content\/uploads\/2018\/10\/ccn-13.jpg?fit=1000%2C650&resize=700%2C400 2x"},"classes":[]},{"id":86,"url":"http:\/\/ccnews.com.ar\/prensa\/el-futuro-de-la-tecnologia-y-la-privacidad-eje-de-la-discusion-entre-apple-y-el-fbi\/","url_meta":{"origin":14246,"position":5},"title":"El futuro de la tecnolog\u00eda y la privacidad, eje de la discusi\u00f3n entre Apple y el FBI","author":"CLUSTERciar","date":"8 marzo, 2016","format":false,"excerpt":"La puja por el desbloqueo del iPhone del terrorista de San Bernardino abre la puerta para diversos escenarios potenciales en torno al espionaje de las autoridades sobre dispositivos electr\u00f3nicos cada vez m\u00e1s conectados y presentes en los hogares Un usuario prueba el iPhone 6 en una tienda de Apple. La\u2026","rel":"","context":"En \u00abTransformaci\u00f3n digital\u00bb","block_context":{"text":"Transformaci\u00f3n digital","link":"http:\/\/ccnews.com.ar\/prensa\/category\/transformacion-digital\/"},"img":{"alt_text":"","src":"","width":0,"height":0},"classes":[]}],"jetpack_sharing_enabled":true,"_links":{"self":[{"href":"http:\/\/ccnews.com.ar\/prensa\/wp-json\/wp\/v2\/posts\/14246","targetHints":{"allow":["GET"]}}],"collection":[{"href":"http:\/\/ccnews.com.ar\/prensa\/wp-json\/wp\/v2\/posts"}],"about":[{"href":"http:\/\/ccnews.com.ar\/prensa\/wp-json\/wp\/v2\/types\/post"}],"author":[{"embeddable":true,"href":"http:\/\/ccnews.com.ar\/prensa\/wp-json\/wp\/v2\/users\/1"}],"replies":[{"embeddable":true,"href":"http:\/\/ccnews.com.ar\/prensa\/wp-json\/wp\/v2\/comments?post=14246"}],"version-history":[{"count":1,"href":"http:\/\/ccnews.com.ar\/prensa\/wp-json\/wp\/v2\/posts\/14246\/revisions"}],"predecessor-version":[{"id":14250,"href":"http:\/\/ccnews.com.ar\/prensa\/wp-json\/wp\/v2\/posts\/14246\/revisions\/14250"}],"wp:featuredmedia":[{"embeddable":true,"href":"http:\/\/ccnews.com.ar\/prensa\/wp-json\/wp\/v2\/media\/14248"}],"wp:attachment":[{"href":"http:\/\/ccnews.com.ar\/prensa\/wp-json\/wp\/v2\/media?parent=14246"}],"wp:term":[{"taxonomy":"category","embeddable":true,"href":"http:\/\/ccnews.com.ar\/prensa\/wp-json\/wp\/v2\/categories?post=14246"},{"taxonomy":"post_tag","embeddable":true,"href":"http:\/\/ccnews.com.ar\/prensa\/wp-json\/wp\/v2\/tags?post=14246"}],"curies":[{"name":"wp","href":"https:\/\/api.w.org\/{rel}","templated":true}]}}