{"id":14626,"date":"2020-02-20T08:00:53","date_gmt":"2020-02-20T11:00:53","guid":{"rendered":"http:\/\/ccnews.com.ar\/prensa\/?p=14626"},"modified":"2020-02-20T08:46:08","modified_gmt":"2020-02-20T11:46:08","slug":"los-nuevos-desafios-de-la-ingenieria-civil","status":"publish","type":"post","link":"http:\/\/ccnews.com.ar\/prensa\/los-nuevos-desafios-de-la-ingenieria-civil\/","title":{"rendered":"Los nuevos desaf\u00edos de la ingenier\u00eda civil"},"content":{"rendered":"\n<p><strong>El mundo de la\ningenier\u00eda est\u00e1 inmerso en una evoluci\u00f3n permanente, en la que los cambios se\nsuceden, cada vez m\u00e1s, a un ritmo vertiginoso. Todos relacionados con la transformaci\u00f3n\ndigital y condicionado por la incidencia del cambio clim\u00e1tico. Para lograr una\ncorrecta adaptaci\u00f3n en tantos campos multidisciplinares, la ingenier\u00eda civil\ntiene que seguir tomando una posici\u00f3n de liderazgo, como ha venido haciendo\nhasta ahora.<\/strong><\/p>\n\n\n\n<p>Estamos en un \u00e1mbito que vive un momento especialmente\nbrillante en la esfera global, que ofrece nuevas expectativas y soluciones para\nmejorar la vida de los ciudadanos en todo el mundo. En este sentido, est\u00e1n\ntomando especial relevancia asuntos como la movilidad del siglo XXI, el\nveh\u00edculo el\u00e9ctrico y la agenda urbana, la transformaci\u00f3n digital, el cambio\nclim\u00e1tico, el almacenamiento de energ\u00eda, la econom\u00eda circular y la gesti\u00f3n,\nfinanciaci\u00f3n e innovaci\u00f3n de la obra p\u00fablica.<\/p>\n\n\n\n<p>Pero todo ello dentro de un marco en el que est\u00e9 garantizado\nun modelo de crecimiento sostenible, impidiendo los efectos perversos del\ncambio clim\u00e1tico. Como civilizaci\u00f3n tenemos que ser conscientes de que debemos\ncontinuar la tarea de impulsar el progreso, en l\u00ednea con los Objetivos de\nDesarrollo Sostenible (ODS) de Naciones Unidas. Como profesi\u00f3n, los ingenieros\nde caminos tenemos la responsabilidad y la obligaci\u00f3n de hacer que se cumplan.<\/p>\n\n\n\n<p><strong>\u201cEntre las cuestiones\nque m\u00e1s nos afectan se encuentran la sostenibilidad y resiliencia de las\ninfraestructuras ante un cambio clim\u00e1tico que se ha convertido en un factor\nineludible\u201d<\/strong><\/p>\n\n\n\n<p>Este es el objetivo del VIII Congreso Nacional de Ingenier\u00eda\nCivil que nos congrega en Madrid estos d\u00edas. La ingenier\u00eda de caminos se sit\u00faa\nen el centro mismo del debate para ofrecer nuevas soluciones y aportar nuevos\nmarcos de referencia a trav\u00e9s de los que construir los grandes proyectos que\nsirvan de impulso por medio de un enfoque multidisciplinar y una visi\u00f3n global\nde los desaf\u00edos a los que la sociedad ya hace frente, sectores en los que los\ningenieros de caminos est\u00e1n llamados a jugar un papel protagonista de gran\nrelevancia para el cambio y, en consecuencia, para la modernizaci\u00f3n de nuestro\nentorno. Si queremos analizar y dise\u00f1ar las opciones estrat\u00e9gicas que se\nplantean para las administraciones y las empresas, debemos abrir el debate\np\u00fablico para que la ingenier\u00eda de caminos realice sus propuestas y presente sus\nsoluciones.<\/p>\n\n\n\n<p>Este congreso, en cuyo comit\u00e9 de honor contamos con\nimportantes figuras del \u00e1mbito institucional, as\u00ed como relevantes\npersonalidades del mundo de la ingenier\u00eda, se vertebra en torno a dos grandes\nbloques: la movilidad y el cambio clim\u00e1tico. Durante dos d\u00edas se citan las\nprincipales autoridades, profesionales, empresas, as\u00ed como personalidades del\nmundo de la ingenier\u00eda y la construcci\u00f3n, adem\u00e1s de l\u00edderes de sectores\nestrat\u00e9gicos como la energ\u00eda o las tecnolog\u00edas, relacionados con el \u00e1mbito de\nactividad de la ingenier\u00eda, la obra y los servicios p\u00fablicos, y que se\nencuentran cada vez m\u00e1s presentes en la modernizaci\u00f3n de nuestro entorno\necon\u00f3mico y de servicios a la sociedad.<\/p>\n\n\n\n<p>Entre las cuestiones que m\u00e1s nos afectan se encuentran la\nsostenibilidad y resiliencia de las infraestructuras ante un cambio clim\u00e1tico\nque se ha convertido en un factor ineludible y que ha de ser tenido en cuenta\ntanto en el proyecto como en la financiaci\u00f3n, la construcci\u00f3n y la gesti\u00f3n de\nlas obras p\u00fablicas y de las infraestructuras.<\/p>\n\n\n\n<p>Otro asunto de gran relevancia son las relaciones de energ\u00eda\ny clima. Conscientes de que debemos poner en valor las opciones de\nalmacenamiento, creemos que este puede ser el eje que nos conduzca a una\nefectiva lucha contra el cambio clim\u00e1tico. Adem\u00e1s, es necesario reconfigurar\nlos sistemas existentes y apostar por los nuevos proyectos de energ\u00eda\nrenovable. La gesti\u00f3n de residuos es un tema crucial, ya que el mundo produce\naproximadamente 300 millones de toneladas de residuos pl\u00e1sticos cada a\u00f1o y,\nactualmente, solo un 14 % se recolecta para el reciclaje. A la vez, de todos\nlos desechos pl\u00e1sticos que se han producido en nuestra historia, solo el 9% se\nha reciclado. Se necesitan, por tanto, nuevas soluciones que deben ser\nestudiadas e incorporadas.<\/p>\n\n\n\n<p><strong>EL MODELO DE M\u00c1STER\nINTEGRADO<\/strong><\/p>\n\n\n\n<p>Y como punto de partida de todo esto, se encuentra la\nformaci\u00f3n de nuestros profesionales. El Colegio mantiene una estrecha\ncolaboraci\u00f3n con las escuelas de ingenieros de caminos, con el objetivo de\nconseguir la implantaci\u00f3n del modelo de m\u00e1ster integrado, en un esquema de\nformaci\u00f3n de m\u00e1ximo nivel, como base desde la que potenciar la agencia de\nempleo y la presencia en el sector p\u00fablico y, al mismo tiempo, facilitar las\noportunidades de trabajo en sectores estrat\u00e9gicos, como las tecnolog\u00edas de la\ninformaci\u00f3n, el mundo financiero, la log\u00edstica o la transici\u00f3n ecol\u00f3gica.<\/p>\n\n\n\n<p>Creemos que, con este programa, abarcamos algunos de los\naspectos m\u00e1s importantes para la profesi\u00f3n. Pero no solo para nosotros, sino\ntambi\u00e9n para buena parte de la sociedad que se muestra preocupada por los\nefectos del cambio clim\u00e1tico, la transformaci\u00f3n digital y su incidencia en\nnuestras vidas.<\/p>\n\n\n\n<p>*Por: Jos\u00e9 Javier Diez<\/p>\n\n\n\n<p>Fuente: El vig\u00eda<\/p>\n<!-- AddThis Advanced Settings generic via filter on the_content -->","protected":false},"excerpt":{"rendered":"<p>El mundo de la ingenier\u00eda est\u00e1 inmerso en una evoluci\u00f3n permanente, en la que los cambios se suceden, cada vez<!-- AddThis Advanced Settings generic via filter on get_the_excerpt --><\/p>\n","protected":false},"author":1,"featured_media":14628,"comment_status":"closed","ping_status":"closed","sticky":false,"template":"","format":"standard","meta":{"colormag_page_container_layout":"default_layout","colormag_page_sidebar_layout":"default_layout","jetpack_post_was_ever_published":false,"_jetpack_newsletter_access":"","_jetpack_dont_email_post_to_subs":false,"_jetpack_newsletter_tier_id":0,"_jetpack_memberships_contains_paywalled_content":false,"_jetpack_memberships_contains_paid_content":false,"footnotes":"","jetpack_publicize_message":"#BuenJueves #Ingenier\u00eda Los nuevos desaf\u00edos de la ingenier\u00eda civil","jetpack_publicize_feature_enabled":true,"jetpack_social_post_already_shared":true,"jetpack_social_options":{"image_generator_settings":{"template":"highway","default_image_id":0,"font":"","enabled":false},"version":2}},"categories":[3],"tags":[17],"class_list":["post-14626","post","type-post","status-publish","format-standard","has-post-thumbnail","hentry","category-sustentabilidad","tag-otros-medios"],"jetpack_publicize_connections":[],"jetpack_featured_media_url":"https:\/\/i0.wp.com\/ccnews.com.ar\/prensa\/wp-content\/uploads\/2020\/02\/15-FEB2020.jpg?fit=1200%2C800","jetpack_shortlink":"https:\/\/wp.me\/p7L1gj-3NU","jetpack-related-posts":[{"id":7473,"url":"http:\/\/ccnews.com.ar\/prensa\/la-facultad-de-ingenieria-de-la-uba-incorporo-la-tecnologia-blockchain-a-su-programa-educativo\/","url_meta":{"origin":14626,"position":0},"title":"La Facultad de Ingenier\u00eda de la UBA incorpor\u00f3 la tecnolog\u00eda Blockchain a su programa educativo","author":"admin","date":"13 abril, 2018","format":false,"excerpt":"Los contenidos, desarrollados junto a la firma de tecnolog\u00eda argentina RSK, se ense\u00f1an desde este cuatrimestre en la carrera de Ingenier\u00eda en Inform\u00e1tica La Facultad de\u00a0Ingenier\u00eda\u00a0de la UBA, con la colaboraci\u00f3n de la firma de tecnolog\u00eda RSK, incorpor\u00f3 este cuatrimestre\u00a0contenidos\u00a0relacionados con\u00a0nuevas tecnolog\u00edas basadas en\u00a0Blockchain\u00a0en materias de la carrera de\u00a0Ingenier\u00eda\u00a0en Inform\u00e1tica.\"Para\u2026","rel":"","context":"En \u00abTransformaci\u00f3n digital\u00bb","block_context":{"text":"Transformaci\u00f3n digital","link":"http:\/\/ccnews.com.ar\/prensa\/category\/transformacion-digital\/"},"img":{"alt_text":"","src":"https:\/\/i0.wp.com\/ccnews.com.ar\/prensa\/wp-content\/uploads\/2018\/04\/440861.jpg?fit=630%2C460&resize=350%2C200","width":350,"height":200,"srcset":"https:\/\/i0.wp.com\/ccnews.com.ar\/prensa\/wp-content\/uploads\/2018\/04\/440861.jpg?fit=630%2C460&resize=350%2C200 1x, https:\/\/i0.wp.com\/ccnews.com.ar\/prensa\/wp-content\/uploads\/2018\/04\/440861.jpg?fit=630%2C460&resize=525%2C300 1,5x"},"classes":[]},{"id":14810,"url":"http:\/\/ccnews.com.ar\/prensa\/dia-mundial-de-la-ingenieria-para-el-desarrollo-sostenible\/","url_meta":{"origin":14626,"position":1},"title":"D\u00eda mundial de la Ingenier\u00eda para el Desarrollo Sostenible","author":"admin","date":"6 marzo, 2020","format":false,"excerpt":"A partir de 2020 se celebra cada 4 de marzo el D\u00eda Mundial de la Ingenier\u00eda para el Desarrollo Sostenible, una festividad que va enmarcada dentro de la Agenda 2030 de ONU y cuyo prop\u00f3sito ser\u00e1 presentar proyectos a nivel de ingenier\u00eda y tecnolog\u00eda que permitan alcanzar las metas pautadas\u2026","rel":"","context":"En \u00abSustentabilidad\u00bb","block_context":{"text":"Sustentabilidad","link":"http:\/\/ccnews.com.ar\/prensa\/category\/sustentabilidad\/"},"img":{"alt_text":"","src":"https:\/\/i0.wp.com\/ccnews.com.ar\/prensa\/wp-content\/uploads\/2020\/03\/worldengineerinunesco1-e1583356088560.jpg?fit=635%2C409&resize=350%2C200","width":350,"height":200,"srcset":"https:\/\/i0.wp.com\/ccnews.com.ar\/prensa\/wp-content\/uploads\/2020\/03\/worldengineerinunesco1-e1583356088560.jpg?fit=635%2C409&resize=350%2C200 1x, https:\/\/i0.wp.com\/ccnews.com.ar\/prensa\/wp-content\/uploads\/2020\/03\/worldengineerinunesco1-e1583356088560.jpg?fit=635%2C409&resize=525%2C300 1,5x"},"classes":[]},{"id":15626,"url":"http:\/\/ccnews.com.ar\/prensa\/como-sera-el-mundo-pos-covid-19-clusterciar-organiza-conferencias-online-gratuitas\/","url_meta":{"origin":14626,"position":2},"title":"\u00bfC\u00f3mo ser\u00e1 el mundo pos-COVID-19? CLUSTERciar organiza conferencias online gratuitas","author":"Editor","date":"29 mayo, 2020","format":false,"excerpt":"En el ciclo de conferencias El nuevo mundo pos-COVID-19, expertos en tecnolog\u00eda, ingenier\u00eda e inspecci\u00f3n de obras comparten su visi\u00f3n sobre el presente y el futuro a partir de la crisis que hoy enfrentan las empresas. Los encuentros, organizados por el grupo CLUSTERciar, son de acceso libre y gratuito.","rel":"","context":"En \u00abManagement\u00bb","block_context":{"text":"Management","link":"http:\/\/ccnews.com.ar\/prensa\/category\/management\/"},"img":{"alt_text":"","src":"https:\/\/i0.wp.com\/ccnews.com.ar\/prensa\/wp-content\/uploads\/2020\/05\/nota.jpg?fit=816%2C426&resize=350%2C200","width":350,"height":200,"srcset":"https:\/\/i0.wp.com\/ccnews.com.ar\/prensa\/wp-content\/uploads\/2020\/05\/nota.jpg?fit=816%2C426&resize=350%2C200 1x, https:\/\/i0.wp.com\/ccnews.com.ar\/prensa\/wp-content\/uploads\/2020\/05\/nota.jpg?fit=816%2C426&resize=525%2C300 1,5x, https:\/\/i0.wp.com\/ccnews.com.ar\/prensa\/wp-content\/uploads\/2020\/05\/nota.jpg?fit=816%2C426&resize=700%2C400 2x"},"classes":[]},{"id":11165,"url":"http:\/\/ccnews.com.ar\/prensa\/desafios-de-la-ingenieria-civil-en-2019\/","url_meta":{"origin":14626,"position":3},"title":"Desaf\u00edos de la ingenier\u00eda civil en 2019","author":"admin","date":"21 abril, 2019","format":false,"excerpt":"El Ing. Enrique Sgrelli, presidente del CPIC, destac\u00f3 las principales tem\u00e1ticas a abordar este a\u00f1o. En 2019\u00a0habr\u00e1\u00a0grandes desaf\u00edos que deber\u00e1 afrontar el pa\u00eds en materia de ingenier\u00eda civil, una disciplina que engloba principalmente a la construcci\u00f3n, la operaci\u00f3n, mantenimiento y seguridad de las obras, la infraestructura, la hidr\u00e1ulica y el\u2026","rel":"","context":"En \u00abSustentabilidad\u00bb","block_context":{"text":"Sustentabilidad","link":"http:\/\/ccnews.com.ar\/prensa\/category\/sustentabilidad\/"},"img":{"alt_text":"","src":"https:\/\/i0.wp.com\/ccnews.com.ar\/prensa\/wp-content\/uploads\/2019\/04\/moe-V4-e1462314429291.jpg?fit=1200%2C643&resize=350%2C200","width":350,"height":200,"srcset":"https:\/\/i0.wp.com\/ccnews.com.ar\/prensa\/wp-content\/uploads\/2019\/04\/moe-V4-e1462314429291.jpg?fit=1200%2C643&resize=350%2C200 1x, https:\/\/i0.wp.com\/ccnews.com.ar\/prensa\/wp-content\/uploads\/2019\/04\/moe-V4-e1462314429291.jpg?fit=1200%2C643&resize=525%2C300 1,5x, https:\/\/i0.wp.com\/ccnews.com.ar\/prensa\/wp-content\/uploads\/2019\/04\/moe-V4-e1462314429291.jpg?fit=1200%2C643&resize=700%2C400 2x, https:\/\/i0.wp.com\/ccnews.com.ar\/prensa\/wp-content\/uploads\/2019\/04\/moe-V4-e1462314429291.jpg?fit=1200%2C643&resize=1050%2C600 3x"},"classes":[]},{"id":10405,"url":"http:\/\/ccnews.com.ar\/prensa\/el-nuevo-presidente-mundial-de-los-ingenieros-civiles-es-argentino\/","url_meta":{"origin":14626,"position":4},"title":"El nuevo Presidente Mundial de los Ingenieros Civiles es argentino","author":"admin","date":"20 febrero, 2019","format":false,"excerpt":"El ingeniero civil Jorge Abrami\u00e1n fue nombrado \"Presidente Electo\" del World Council of Civil Engineers \u2013WCCE-. El mismo conforma un reconocimiento a la labor llevada a cabo en representaci\u00f3n del Consejo Profesional de Ingenier\u00eda Civil \u2013CPIC- en tan importante organizaci\u00f3n de la ingenier\u00eda civil a nivel mundial. La designaci\u00f3n ocurri\u00f3\u2026","rel":"","context":"En \u00abSustentabilidad\u00bb","block_context":{"text":"Sustentabilidad","link":"http:\/\/ccnews.com.ar\/prensa\/category\/sustentabilidad\/"},"img":{"alt_text":"","src":"https:\/\/i0.wp.com\/ccnews.com.ar\/prensa\/wp-content\/uploads\/2019\/02\/image5c5dc3784e474.jpg?fit=945%2C532&resize=350%2C200","width":350,"height":200,"srcset":"https:\/\/i0.wp.com\/ccnews.com.ar\/prensa\/wp-content\/uploads\/2019\/02\/image5c5dc3784e474.jpg?fit=945%2C532&resize=350%2C200 1x, https:\/\/i0.wp.com\/ccnews.com.ar\/prensa\/wp-content\/uploads\/2019\/02\/image5c5dc3784e474.jpg?fit=945%2C532&resize=525%2C300 1,5x, https:\/\/i0.wp.com\/ccnews.com.ar\/prensa\/wp-content\/uploads\/2019\/02\/image5c5dc3784e474.jpg?fit=945%2C532&resize=700%2C400 2x"},"classes":[]},{"id":15110,"url":"http:\/\/ccnews.com.ar\/prensa\/125-aniversario-del-cai-la-ingenieria-construyo-y-sigue-construyendo-el-pais\/","url_meta":{"origin":14626,"position":5},"title":"125 Aniversario del CAI: &#8220;La ingenier\u00eda construy\u00f3 y sigue  construyendo el pa\u00eds&#8221;","author":"Editor","date":"2 abril, 2020","format":false,"excerpt":"El Centro Argentino de Ingenieros (CAI) cumpli\u00f3 125 a\u00f1os de vida. Su presidente, el Ing. Horacio Cristiani, convers\u00f3 con CCNews sobre la evoluci\u00f3n de esta instituci\u00f3n y el valor de la ingenier\u00eda en el desarrollo del pa\u00eds. Todo comenz\u00f3 en la segunda mitad del siglo XIX. El 8 de marzo\u2026","rel":"","context":"En \u00abCovid-19\u00bb","block_context":{"text":"Covid-19","link":"http:\/\/ccnews.com.ar\/prensa\/category\/covid-19\/"},"img":{"alt_text":"","src":"https:\/\/i0.wp.com\/ccnews.com.ar\/prensa\/wp-content\/uploads\/2020\/04\/nota.jpg?fit=816%2C426&resize=350%2C200","width":350,"height":200,"srcset":"https:\/\/i0.wp.com\/ccnews.com.ar\/prensa\/wp-content\/uploads\/2020\/04\/nota.jpg?fit=816%2C426&resize=350%2C200 1x, https:\/\/i0.wp.com\/ccnews.com.ar\/prensa\/wp-content\/uploads\/2020\/04\/nota.jpg?fit=816%2C426&resize=525%2C300 1,5x, https:\/\/i0.wp.com\/ccnews.com.ar\/prensa\/wp-content\/uploads\/2020\/04\/nota.jpg?fit=816%2C426&resize=700%2C400 2x"},"classes":[]}],"jetpack_sharing_enabled":true,"_links":{"self":[{"href":"http:\/\/ccnews.com.ar\/prensa\/wp-json\/wp\/v2\/posts\/14626","targetHints":{"allow":["GET"]}}],"collection":[{"href":"http:\/\/ccnews.com.ar\/prensa\/wp-json\/wp\/v2\/posts"}],"about":[{"href":"http:\/\/ccnews.com.ar\/prensa\/wp-json\/wp\/v2\/types\/post"}],"author":[{"embeddable":true,"href":"http:\/\/ccnews.com.ar\/prensa\/wp-json\/wp\/v2\/users\/1"}],"replies":[{"embeddable":true,"href":"http:\/\/ccnews.com.ar\/prensa\/wp-json\/wp\/v2\/comments?post=14626"}],"version-history":[{"count":1,"href":"http:\/\/ccnews.com.ar\/prensa\/wp-json\/wp\/v2\/posts\/14626\/revisions"}],"predecessor-version":[{"id":14630,"href":"http:\/\/ccnews.com.ar\/prensa\/wp-json\/wp\/v2\/posts\/14626\/revisions\/14630"}],"wp:featuredmedia":[{"embeddable":true,"href":"http:\/\/ccnews.com.ar\/prensa\/wp-json\/wp\/v2\/media\/14628"}],"wp:attachment":[{"href":"http:\/\/ccnews.com.ar\/prensa\/wp-json\/wp\/v2\/media?parent=14626"}],"wp:term":[{"taxonomy":"category","embeddable":true,"href":"http:\/\/ccnews.com.ar\/prensa\/wp-json\/wp\/v2\/categories?post=14626"},{"taxonomy":"post_tag","embeddable":true,"href":"http:\/\/ccnews.com.ar\/prensa\/wp-json\/wp\/v2\/tags?post=14626"}],"curies":[{"name":"wp","href":"https:\/\/api.w.org\/{rel}","templated":true}]}}