{"id":14660,"date":"2020-02-25T08:00:55","date_gmt":"2020-02-25T11:00:55","guid":{"rendered":"http:\/\/ccnews.com.ar\/prensa\/?p=14660"},"modified":"2020-02-21T16:13:41","modified_gmt":"2020-02-21T19:13:41","slug":"la-produccion-solar-instantanea-de-espana-supera-a-la-produccion-nuclear-por-primera-vez","status":"publish","type":"post","link":"http:\/\/ccnews.com.ar\/prensa\/la-produccion-solar-instantanea-de-espana-supera-a-la-produccion-nuclear-por-primera-vez\/","title":{"rendered":"La producci\u00f3n solar instant\u00e1nea de Espa\u00f1a supera a la producci\u00f3n nuclear por primera vez"},"content":{"rendered":"\n<p><strong>El jueves pasado se\nha vuelto a producir un r\u00e9cord de producci\u00f3n solar fotovoltaica instant\u00e1nea en\nEspa\u00f1a. Si se tiene en cuenta tambi\u00e9n a la termosolar, la producci\u00f3n solar\ninstant\u00e1nea de Espa\u00f1a super\u00f3 por primera vez en la historia a la producci\u00f3n\nnuclear. En cuanto a los mercados el\u00e9ctricos europeos, tras un fin de semana de\nprecios muy bajos, se recuperaron alcanzando valores similares a los de la\nsemana pasada.<\/strong><\/p>\n\n\n\n<p>Un nuevo r\u00e9cord en la producci\u00f3n renovable se suma a los\nregistrados en Europa en los \u00faltimos d\u00edas. En Espa\u00f1a se impuso el 20 de febrero\na las 13:30 un r\u00e9cord de producci\u00f3n fotovoltaica instant\u00e1nea de 5650 MW, seg\u00fan\ndatos provisionales medidos en tiempo real de Red El\u00e9ctrica de Espa\u00f1a (REE). A\nesto se suma que por primera vez en la historia, la producci\u00f3n solar en Espa\u00f1a,\nque incluye la fotovoltaica y la termosolar, supera a la producci\u00f3n nuclear. A\nlas 13:30 se generaron 7176 MW con energ\u00eda solar, sobrepasando en 84 MW a los\n7092 MW producidos por la nuclear.<\/p>\n\n\n\n<p>En cuanto a la producci\u00f3n solar de los tres primeros d\u00edas de\nesta semana, el nivel medio fue superior al de la semana pasada en la mayor\u00eda\nde los mercados europeos. Destaca la subida porcentual en Portugal que fue del\n25,5%, aunque en t\u00e9rminos absolutos esto se traduce a menos de 1 GWh de media.\nEl mercado m\u00e1s rezagado fue el italiano, el cual sufri\u00f3 una ca\u00edda del 6,1%\nrespecto a la media de la semana pasada. El resto de los mercados registraron\naumentos entre el 2,3% y 6,5%.<\/p>\n\n\n\n<p>En el acumulado del 1 al 19 de febrero, tambi\u00e9n predominan\nlos ascensos, en t\u00e9rminos interanuales, de la generaci\u00f3n con energ\u00eda solar en\nlos mercados europeos. En los dos pa\u00edses de la pen\u00ednsula ib\u00e9rica la producci\u00f3n\nse increment\u00f3, en Espa\u00f1a un 17% y en Portugal un 13%. En el mercado italiano hubo\nun incremento interanual del 4,1%. Por otro lado, esta vez los mercados de\nAlemania y Francia tuvieron diferencias negativas, del 12% y 3,8%\nrespectivamente.<\/p>\n\n\n\n<p>En AleaSoft se espera que la producci\u00f3n solar total de esta\nsemana sea mayor que la de la semana pasada en gran parte de los mercados\neuropeos analizados.<\/p>\n\n\n\n<p>La producci\u00f3n e\u00f3lica registr\u00f3 un comportamiento desigual en\nlos principales mercados el\u00e9ctricos de Europa del lunes 17 de febrero al\nmi\u00e9rcoles 19 de febrero, respecto a los valores medios de la semana anterior.\nMientras el mercado portugu\u00e9s registr\u00f3 de un ascenso del 87%, el italiano tuvo\nuna ca\u00edda significativa del 39%. Aparte de esos extremos, estuvieron los casos\nde Alemania, la pen\u00ednsula ib\u00e9rica y Francia, donde las variaciones fueron del\n11%, 6,7% y 14% y respectivamente.<\/p>\n\n\n\n<p>Durante los primeros 19 d\u00edas de febrero ocurrieron bajadas\ninteranuales de la producci\u00f3n e\u00f3lica en Francia, la pen\u00ednsula ib\u00e9rica e Italia,\ncuyos valores fueron del 25%, 14% y 40% respectivamente. Por otro lado, hubo\nascensos del 9,7% en Alemania y del 34% en Portugal.<\/p>\n\n\n\n<p>Para esta semana se esperan bajadas de la producci\u00f3n e\u00f3lica\nen gran parte del continente europeo. <\/p>\n\n\n\n<p>Fuente: Revista Nuevas Energ\u00edas<\/p>\n<!-- AddThis Advanced Settings generic via filter on the_content -->","protected":false},"excerpt":{"rendered":"<p>El jueves pasado se ha vuelto a producir un r\u00e9cord de producci\u00f3n solar fotovoltaica instant\u00e1nea en Espa\u00f1a. Si se tiene<!-- AddThis Advanced Settings generic via filter on get_the_excerpt --><\/p>\n","protected":false},"author":1,"featured_media":14662,"comment_status":"closed","ping_status":"closed","sticky":false,"template":"","format":"standard","meta":{"colormag_page_container_layout":"default_layout","colormag_page_sidebar_layout":"default_layout","jetpack_post_was_ever_published":false,"_jetpack_newsletter_access":"","_jetpack_dont_email_post_to_subs":false,"_jetpack_newsletter_tier_id":0,"_jetpack_memberships_contains_paywalled_content":false,"_jetpack_memberships_contains_paid_content":false,"footnotes":"","jetpack_publicize_message":"#BuenMartes #Ingenier\u00eda La producci\u00f3n solar instant\u00e1nea de Espa\u00f1a supera a la producci\u00f3n nuclear por primera vez","jetpack_publicize_feature_enabled":true,"jetpack_social_post_already_shared":true,"jetpack_social_options":{"image_generator_settings":{"template":"highway","default_image_id":0,"font":"","enabled":false},"version":2}},"categories":[3],"tags":[17],"class_list":["post-14660","post","type-post","status-publish","format-standard","has-post-thumbnail","hentry","category-sustentabilidad","tag-otros-medios"],"jetpack_publicize_connections":[],"jetpack_featured_media_url":"https:\/\/i0.wp.com\/ccnews.com.ar\/prensa\/wp-content\/uploads\/2020\/02\/energia-fotovoltaica.jpg?fit=750%2C499","jetpack_shortlink":"https:\/\/wp.me\/p7L1gj-3Os","jetpack-related-posts":[{"id":12105,"url":"http:\/\/ccnews.com.ar\/prensa\/un-nuevo-dispositivo-produce-energia-y-agua-limpia-a-la-vez\/","url_meta":{"origin":14660,"position":0},"title":"Un nuevo dispositivo produce energ\u00eda y agua limpia a la vez","author":"admin","date":"10 julio, 2019","format":false,"excerpt":"Investigadores de la Universidad de Ciencia y Tecnolog\u00eda Rey Abdal\u00e1 de Thuwal, en Arabia Saud\u00ed, han logrado combinar en un \u00fanico dispositivo la purificaci\u00f3n de agua y la producci\u00f3n el\u00e9ctrica con paneles solares. Los detalles de la innovaci\u00f3n se han publicado en el \u00faltimo n\u00famero de la revista Nature Communications.\u2026","rel":"","context":"En \u00abSustentabilidad\u00bb","block_context":{"text":"Sustentabilidad","link":"http:\/\/ccnews.com.ar\/prensa\/category\/sustentabilidad\/"},"img":{"alt_text":"","src":"https:\/\/i0.wp.com\/ccnews.com.ar\/prensa\/wp-content\/uploads\/2019\/07\/SolarWater.jpg?fit=1000%2C895&resize=350%2C200","width":350,"height":200,"srcset":"https:\/\/i0.wp.com\/ccnews.com.ar\/prensa\/wp-content\/uploads\/2019\/07\/SolarWater.jpg?fit=1000%2C895&resize=350%2C200 1x, https:\/\/i0.wp.com\/ccnews.com.ar\/prensa\/wp-content\/uploads\/2019\/07\/SolarWater.jpg?fit=1000%2C895&resize=525%2C300 1,5x, https:\/\/i0.wp.com\/ccnews.com.ar\/prensa\/wp-content\/uploads\/2019\/07\/SolarWater.jpg?fit=1000%2C895&resize=700%2C400 2x"},"classes":[]},{"id":12073,"url":"http:\/\/ccnews.com.ar\/prensa\/san-juan-el-parque-solar-ullum-iv-comenzo-a-operar\/","url_meta":{"origin":14660,"position":1},"title":"San Juan: el Parque Solar Ullum IV comenz\u00f3 a operar","author":"admin","date":"5 julio, 2019","format":false,"excerpt":"Las condiciones favorables para la producci\u00f3n de energ\u00eda fotovoltaica permitieron el desarrollo de un plan que comenz\u00f3 en 2011. El Parque Solar Ullum IV, en la provincia de San Juan, comenz\u00f3 este fin de semana su operaci\u00f3n comercial, lo que permitir\u00e1 sumar a la red el\u00e9ctrica nacional 13,5 Mw como\u2026","rel":"","context":"En \u00abSustentabilidad\u00bb","block_context":{"text":"Sustentabilidad","link":"http:\/\/ccnews.com.ar\/prensa\/category\/sustentabilidad\/"},"img":{"alt_text":"","src":"https:\/\/i0.wp.com\/ccnews.com.ar\/prensa\/wp-content\/uploads\/2019\/07\/d-z9ptkw4aezn26.jpg?fit=723%2C482&resize=350%2C200","width":350,"height":200,"srcset":"https:\/\/i0.wp.com\/ccnews.com.ar\/prensa\/wp-content\/uploads\/2019\/07\/d-z9ptkw4aezn26.jpg?fit=723%2C482&resize=350%2C200 1x, https:\/\/i0.wp.com\/ccnews.com.ar\/prensa\/wp-content\/uploads\/2019\/07\/d-z9ptkw4aezn26.jpg?fit=723%2C482&resize=525%2C300 1,5x, https:\/\/i0.wp.com\/ccnews.com.ar\/prensa\/wp-content\/uploads\/2019\/07\/d-z9ptkw4aezn26.jpg?fit=723%2C482&resize=700%2C400 2x"},"classes":[]},{"id":2761,"url":"http:\/\/ccnews.com.ar\/prensa\/la-produccion-mundial-de-energias-renovables-crecio-un-70\/","url_meta":{"origin":14660,"position":2},"title":"La producci\u00f3n mundial de energ\u00edas renovables creci\u00f3 un 70%","author":"CLUSTERciar","date":"28 diciembre, 2016","format":false,"excerpt":"Aunque los combustibles f\u00f3siles siguen siendo el principal insumo para la generaci\u00f3n de electricidad a escala global, la participaci\u00f3n de las fuentes energ\u00e9ticas limpias no deja de crecer. Las potencias del G20 ya obtienen, en promedio, un 8% de la energ\u00eda el\u00e9ctrica que consumen a partir del aprovechamiento de recursos\u2026","rel":"","context":"En \u00abEnerg\u00eda y Producci\u00f3n\u00bb","block_context":{"text":"Energ\u00eda y Producci\u00f3n","link":"http:\/\/ccnews.com.ar\/prensa\/category\/energia-y-produccion\/"},"img":{"alt_text":"","src":"","width":0,"height":0},"classes":[]},{"id":11055,"url":"http:\/\/ccnews.com.ar\/prensa\/chubut-tuvo-el-mejor-arranque-en-produccion-de-petroleo-de-los-ultimos-tres-anos\/","url_meta":{"origin":14660,"position":3},"title":"Chubut tuvo el mejor arranque en producci\u00f3n de petr\u00f3leo de los \u00faltimos tres a\u00f1os","author":"CLUSTERciar","date":"9 abril, 2019","format":false,"excerpt":"La producci\u00f3n de petr\u00f3leo en Chubut tuvo\u00a0el mejor arranque de los \u00faltimos tres a\u00f1os, al cotejar los datos del primer bimestre de 2019, manteniendo una\u00a0tendencia de recupero de la producci\u00f3n\u00a0que se evidenci\u00f3 a lo largo del a\u00f1o pasado. El incremento en la primera parte del a\u00f1o es de alrededor de\u2026","rel":"","context":"En \u00abEnerg\u00eda y Producci\u00f3n\u00bb","block_context":{"text":"Energ\u00eda y Producci\u00f3n","link":"http:\/\/ccnews.com.ar\/prensa\/category\/energia-y-produccion\/"},"img":{"alt_text":"","src":"https:\/\/i0.wp.com\/ccnews.com.ar\/prensa\/wp-content\/uploads\/2019\/04\/720-750x375.jpeg?fit=750%2C375&resize=350%2C200","width":350,"height":200,"srcset":"https:\/\/i0.wp.com\/ccnews.com.ar\/prensa\/wp-content\/uploads\/2019\/04\/720-750x375.jpeg?fit=750%2C375&resize=350%2C200 1x, https:\/\/i0.wp.com\/ccnews.com.ar\/prensa\/wp-content\/uploads\/2019\/04\/720-750x375.jpeg?fit=750%2C375&resize=525%2C300 1,5x, https:\/\/i0.wp.com\/ccnews.com.ar\/prensa\/wp-content\/uploads\/2019\/04\/720-750x375.jpeg?fit=750%2C375&resize=700%2C400 2x"},"classes":[]},{"id":14990,"url":"http:\/\/ccnews.com.ar\/prensa\/vaca-muerta-se-agudiza-la-crisis-del-gas-y-aumentan-las-importaciones\/","url_meta":{"origin":14660,"position":4},"title":"Vaca Muerta: se agudiza la crisis del gas y aumentan las importaciones","author":"CLUSTERciar","date":"24 marzo, 2020","format":false,"excerpt":"La baja actividad en la formaci\u00f3n complica el escenario para el invierno y ya se realizaron las primeras licitaciones.\u00a0Confirman que, de no revertirse la situaci\u00f3n, las compras al extranjero aumentar\u00e1n. Vaca Muerta no logra descifrar c\u00f3mo sortear el complejo momento que atraviesa y su crisis ya repercuti\u00f3 en la demanda\u00a0de\u2026","rel":"","context":"En \u00abEnerg\u00eda y Producci\u00f3n\u00bb","block_context":{"text":"Energ\u00eda y Producci\u00f3n","link":"http:\/\/ccnews.com.ar\/prensa\/category\/energia-y-produccion\/"},"img":{"alt_text":"","src":"https:\/\/i0.wp.com\/ccnews.com.ar\/prensa\/wp-content\/uploads\/2020\/03\/5de8fe88e205d-1072x570.jpg?fit=1072%2C570&resize=350%2C200","width":350,"height":200,"srcset":"https:\/\/i0.wp.com\/ccnews.com.ar\/prensa\/wp-content\/uploads\/2020\/03\/5de8fe88e205d-1072x570.jpg?fit=1072%2C570&resize=350%2C200 1x, https:\/\/i0.wp.com\/ccnews.com.ar\/prensa\/wp-content\/uploads\/2020\/03\/5de8fe88e205d-1072x570.jpg?fit=1072%2C570&resize=525%2C300 1,5x, https:\/\/i0.wp.com\/ccnews.com.ar\/prensa\/wp-content\/uploads\/2020\/03\/5de8fe88e205d-1072x570.jpg?fit=1072%2C570&resize=700%2C400 2x, https:\/\/i0.wp.com\/ccnews.com.ar\/prensa\/wp-content\/uploads\/2020\/03\/5de8fe88e205d-1072x570.jpg?fit=1072%2C570&resize=1050%2C600 3x"},"classes":[]},{"id":13514,"url":"http:\/\/ccnews.com.ar\/prensa\/neuquen-adjudico-el-area-maldita-de-vaca-muerta\/","url_meta":{"origin":14660,"position":5},"title":"Neuqu\u00e9n adjudic\u00f3 el \u00e1rea &#8220;maldita&#8221; de Vaca Muerta","author":"admin","date":"7 noviembre, 2019","format":false,"excerpt":"Se trata de Parva Negra Oeste, un bloque que cuenta con una larga historia de reversiones. GyP firm\u00f3 el convenio con Capex que busca incrementar su producci\u00f3n de gas. La empresa provincial Gas y Petr\u00f3leo (GyP) firm\u00f3 con Capex el contrato para la exploraci\u00f3n, desarrollo y producci\u00f3n del \u00e1rea Parva\u2026","rel":"","context":"En \u00abEnerg\u00eda y Producci\u00f3n\u00bb","block_context":{"text":"Energ\u00eda y Producci\u00f3n","link":"http:\/\/ccnews.com.ar\/prensa\/category\/energia-y-produccion\/"},"img":{"alt_text":"","src":"https:\/\/i0.wp.com\/ccnews.com.ar\/prensa\/wp-content\/uploads\/2019\/11\/AAG.NQN-6.11.18-FOTO-YAMIL-REGULES-NOTA-LOCACION-VACA-MUERTA-04.jpg?fit=920%2C517&resize=350%2C200","width":350,"height":200,"srcset":"https:\/\/i0.wp.com\/ccnews.com.ar\/prensa\/wp-content\/uploads\/2019\/11\/AAG.NQN-6.11.18-FOTO-YAMIL-REGULES-NOTA-LOCACION-VACA-MUERTA-04.jpg?fit=920%2C517&resize=350%2C200 1x, https:\/\/i0.wp.com\/ccnews.com.ar\/prensa\/wp-content\/uploads\/2019\/11\/AAG.NQN-6.11.18-FOTO-YAMIL-REGULES-NOTA-LOCACION-VACA-MUERTA-04.jpg?fit=920%2C517&resize=525%2C300 1,5x, https:\/\/i0.wp.com\/ccnews.com.ar\/prensa\/wp-content\/uploads\/2019\/11\/AAG.NQN-6.11.18-FOTO-YAMIL-REGULES-NOTA-LOCACION-VACA-MUERTA-04.jpg?fit=920%2C517&resize=700%2C400 2x"},"classes":[]}],"jetpack_sharing_enabled":true,"_links":{"self":[{"href":"http:\/\/ccnews.com.ar\/prensa\/wp-json\/wp\/v2\/posts\/14660","targetHints":{"allow":["GET"]}}],"collection":[{"href":"http:\/\/ccnews.com.ar\/prensa\/wp-json\/wp\/v2\/posts"}],"about":[{"href":"http:\/\/ccnews.com.ar\/prensa\/wp-json\/wp\/v2\/types\/post"}],"author":[{"embeddable":true,"href":"http:\/\/ccnews.com.ar\/prensa\/wp-json\/wp\/v2\/users\/1"}],"replies":[{"embeddable":true,"href":"http:\/\/ccnews.com.ar\/prensa\/wp-json\/wp\/v2\/comments?post=14660"}],"version-history":[{"count":1,"href":"http:\/\/ccnews.com.ar\/prensa\/wp-json\/wp\/v2\/posts\/14660\/revisions"}],"predecessor-version":[{"id":14664,"href":"http:\/\/ccnews.com.ar\/prensa\/wp-json\/wp\/v2\/posts\/14660\/revisions\/14664"}],"wp:featuredmedia":[{"embeddable":true,"href":"http:\/\/ccnews.com.ar\/prensa\/wp-json\/wp\/v2\/media\/14662"}],"wp:attachment":[{"href":"http:\/\/ccnews.com.ar\/prensa\/wp-json\/wp\/v2\/media?parent=14660"}],"wp:term":[{"taxonomy":"category","embeddable":true,"href":"http:\/\/ccnews.com.ar\/prensa\/wp-json\/wp\/v2\/categories?post=14660"},{"taxonomy":"post_tag","embeddable":true,"href":"http:\/\/ccnews.com.ar\/prensa\/wp-json\/wp\/v2\/tags?post=14660"}],"curies":[{"name":"wp","href":"https:\/\/api.w.org\/{rel}","templated":true}]}}