{"id":14686,"date":"2020-02-27T08:41:44","date_gmt":"2020-02-27T11:41:44","guid":{"rendered":"http:\/\/ccnews.com.ar\/prensa\/?p=14686"},"modified":"2020-02-27T08:44:43","modified_gmt":"2020-02-27T11:44:43","slug":"nuevo-sistema-que-genera-electricidad-a-partir-del-aire","status":"publish","type":"post","link":"http:\/\/ccnews.com.ar\/prensa\/nuevo-sistema-que-genera-electricidad-a-partir-del-aire\/","title":{"rendered":"Nuevo sistema que genera electricidad a partir del aire"},"content":{"rendered":"\n<p><strong>Unos cient\u00edficos han\ndesarrollado un dispositivo basado en material proteico natural que genera\nelectricidad a partir de la humedad del aire. Esta nueva tecnolog\u00eda podr\u00eda\ntener en un futuro no muy lejano repercusiones importantes para las energ\u00edas\nrenovables, el cambio clim\u00e1tico y la medicina.<\/strong><\/p>\n\n\n\n<p>El dispositivo, denominado &#8220;Air-gen&#8221;, lo han\ncreado el laboratorio del ingeniero el\u00e9ctrico Jun Yao y el del microbi\u00f3logo\nDerek Lovley, ambos de la Universidad de Massachusetts en la localidad\nestadounidense de Amherst. Se trata de un generador con nanocables proteicos\nel\u00e9ctricamente conductores producidos por el microbio Geobacter. El Air-gen\nconecta electrodos a los nanocables proteicos de tal manera que se genera\ncorriente el\u00e9ctrica a partir del vapor de agua presente de forma natural en la\natm\u00f3sfera.<\/p>\n\n\n\n<p><strong>El Air-gen es capaz\nde generar energ\u00eda limpia de manera constante.<\/strong><\/p>\n\n\n\n<p>La nueva tecnolog\u00eda no contamina, es renovable y su costo es\nbajo. Puede generar electricidad incluso en lugares con humedad extremadamente\nbaja, como el desierto del Sahara. Cuenta con ventajas significativas sobre\notras formas de energ\u00eda renovable, como la solar y la e\u00f3lica, porque a\ndiferencia de estas, el Air-gen no requiere luz solar ni viento, e incluso\nfunciona en interiores.<\/p>\n\n\n\n<p><strong>Aplicaciones\nfuturistas del Air-gen<\/strong><\/p>\n\n\n\n<p>&nbsp;El dispositivo\nAir-gen requiere solo una pel\u00edcula delgada de nanocables proteicos de menos de\n10 micras de espesor. La parte inferior de la pel\u00edcula descansa sobre un\nelectrodo, mientras que un electrodo m\u00e1s peque\u00f1o que cubre solo una parte de la\npel\u00edcula de nanocables se encuentra en la parte superior. La pel\u00edcula adsorbe\nel vapor de agua de la atm\u00f3sfera. Una combinaci\u00f3n de la conductividad el\u00e9ctrica\ny la qu\u00edmica de la superficie de los nanocables de prote\u00ednas, junto con los\nporos finos entre los nanocables dentro de la pel\u00edcula, establece las\ncondiciones que generan una corriente el\u00e9ctrica entre los dos electrodos.<\/p>\n\n\n\n<p>La electricidad suministrada por Air-gen es capaz de\nalimentar peque\u00f1os aparatos electr\u00f3nicos. Los creadores del dispositivo conf\u00edan\nen tener a punto muy pronto una versi\u00f3n fabricable en cantidades industriales y\naptas para su comercializaci\u00f3n.<\/p>\n\n\n\n<p>Los pr\u00f3ximos pasos que planean incluyen el desarrollo de un\npeque\u00f1o &#8220;parche&#8221; Air-gen que pueda alimentar dispositivos port\u00e1tiles\nelectr\u00f3nicos como por ejemplo relojes de pulsera inteligentes y sensores\ncorporales para monitorizar par\u00e1metros de salud y estado f\u00edsico, lo que\neliminar\u00eda el requisito de dotarlos de bater\u00edas tradicionales. Otro objetivo es\ndesarrollar versiones de Air-gen para usar en los tel\u00e9fonos m\u00f3viles a fin de\npoder prescindir de tener que recargarlos peri\u00f3dicamente.<\/p>\n\n\n\n<p>&#8220;El objetivo final es hacer sistemas a gran escala&#8221;, explica Yao. &#8220;Por ejemplo, la tecnolog\u00eda podr\u00eda incorporarse en la pintura de las paredes, y as\u00ed podr\u00eda ayudar a abastecer de electricidad su hogar. O podr\u00edamos desarrollar generadores aut\u00f3nomos que suministrasen electricidad fuera de la red&#8221;.<\/p>\n\n\n\n<p>Fuente: Noticias de la Ciencia<\/p>\n<!-- AddThis Advanced Settings generic via filter on the_content -->","protected":false},"excerpt":{"rendered":"<p>Unos cient\u00edficos han desarrollado un dispositivo basado en material proteico natural que genera electricidad a partir de la humedad del<!-- AddThis Advanced Settings generic via filter on get_the_excerpt --><\/p>\n","protected":false},"author":1,"featured_media":14688,"comment_status":"closed","ping_status":"closed","sticky":false,"template":"","format":"standard","meta":{"colormag_page_container_layout":"default_layout","colormag_page_sidebar_layout":"default_layout","jetpack_post_was_ever_published":false,"_jetpack_newsletter_access":"","_jetpack_dont_email_post_to_subs":false,"_jetpack_newsletter_tier_id":0,"_jetpack_memberships_contains_paywalled_content":false,"_jetpack_memberships_contains_paid_content":false,"footnotes":"","jetpack_publicize_message":"#BuenJueves #Ingenier\u00eda Nuevo sistema que genera electricidad a partir del aire","jetpack_publicize_feature_enabled":true,"jetpack_social_post_already_shared":true,"jetpack_social_options":{"image_generator_settings":{"template":"highway","default_image_id":0,"font":"","enabled":false},"version":2}},"categories":[3],"tags":[17],"class_list":["post-14686","post","type-post","status-publish","format-standard","has-post-thumbnail","hentry","category-sustentabilidad","tag-otros-medios"],"jetpack_publicize_connections":[],"jetpack_featured_media_url":"https:\/\/i0.wp.com\/ccnews.com.ar\/prensa\/wp-content\/uploads\/2020\/02\/dispositivo-genera-electricidad-a-partir-del-aire-2.jpg?fit=750%2C615","jetpack_shortlink":"https:\/\/wp.me\/p7L1gj-3OS","jetpack-related-posts":[{"id":12105,"url":"http:\/\/ccnews.com.ar\/prensa\/un-nuevo-dispositivo-produce-energia-y-agua-limpia-a-la-vez\/","url_meta":{"origin":14686,"position":0},"title":"Un nuevo dispositivo produce energ\u00eda y agua limpia a la vez","author":"admin","date":"10 julio, 2019","format":false,"excerpt":"Investigadores de la Universidad de Ciencia y Tecnolog\u00eda Rey Abdal\u00e1 de Thuwal, en Arabia Saud\u00ed, han logrado combinar en un \u00fanico dispositivo la purificaci\u00f3n de agua y la producci\u00f3n el\u00e9ctrica con paneles solares. Los detalles de la innovaci\u00f3n se han publicado en el \u00faltimo n\u00famero de la revista Nature Communications.\u2026","rel":"","context":"En \u00abSustentabilidad\u00bb","block_context":{"text":"Sustentabilidad","link":"http:\/\/ccnews.com.ar\/prensa\/category\/sustentabilidad\/"},"img":{"alt_text":"","src":"https:\/\/i0.wp.com\/ccnews.com.ar\/prensa\/wp-content\/uploads\/2019\/07\/SolarWater.jpg?fit=1000%2C895&resize=350%2C200","width":350,"height":200,"srcset":"https:\/\/i0.wp.com\/ccnews.com.ar\/prensa\/wp-content\/uploads\/2019\/07\/SolarWater.jpg?fit=1000%2C895&resize=350%2C200 1x, https:\/\/i0.wp.com\/ccnews.com.ar\/prensa\/wp-content\/uploads\/2019\/07\/SolarWater.jpg?fit=1000%2C895&resize=525%2C300 1,5x, https:\/\/i0.wp.com\/ccnews.com.ar\/prensa\/wp-content\/uploads\/2019\/07\/SolarWater.jpg?fit=1000%2C895&resize=700%2C400 2x"},"classes":[]},{"id":1875,"url":"http:\/\/ccnews.com.ar\/prensa\/renovables-vs-fosiles-una-falsa-dicotomia\/","url_meta":{"origin":14686,"position":1},"title":"Renovables Vs. f\u00f3siles: una falsa dicotom\u00eda","author":"CLUSTERciar","date":"23 octubre, 2016","format":false,"excerpt":"\u00bfPor qu\u00e9 las energ\u00edas renovables pueden hasta hoy ser s\u00f3lo buenos complementos, pero no la alternativa? \u00a0 En las redes sociales y en algunos medios de comunicaci\u00f3n se difunden datos que intentan convencernos de que es hora de cambiar\u00a0las energ\u00edas f\u00f3siles por las renovables. Sin embargo, esta afirmaci\u00f3n sin sustento\u2026","rel":"","context":"En \u00abSustentabilidad\u00bb","block_context":{"text":"Sustentabilidad","link":"http:\/\/ccnews.com.ar\/prensa\/category\/sustentabilidad\/"},"img":{"alt_text":"","src":"","width":0,"height":0},"classes":[]},{"id":8617,"url":"http:\/\/ccnews.com.ar\/prensa\/entro-en-operaciones-el-primer-parque-solar-del-renovar\/","url_meta":{"origin":14686,"position":2},"title":"Entr\u00f3 en operaciones el primer parque solar del RenovAr","author":"CLUSTERciar","date":"14 agosto, 2018","format":false,"excerpt":"Es el octavo proyecto operativo del programa nacional que promociona las energ\u00edas renovables. A partir de la hora 0 del mi\u00e9rcoles 8, inici\u00f3 su operaci\u00f3n comercial el primer parque solar del programa RenovAr: Caldenes del Oeste, ubicado en la provincia de San Luis. Es el octavo proyecto operativo de RenovAr.\u2026","rel":"","context":"En \u00abSustentabilidad\u00bb","block_context":{"text":"Sustentabilidad","link":"http:\/\/ccnews.com.ar\/prensa\/category\/sustentabilidad\/"},"img":{"alt_text":"","src":"https:\/\/i0.wp.com\/ccnews.com.ar\/prensa\/wp-content\/uploads\/2018\/08\/08082018-Parque-Solar-Caldenes-del-Oeste-1-696x522.png?fit=696%2C522&resize=350%2C200","width":350,"height":200,"srcset":"https:\/\/i0.wp.com\/ccnews.com.ar\/prensa\/wp-content\/uploads\/2018\/08\/08082018-Parque-Solar-Caldenes-del-Oeste-1-696x522.png?fit=696%2C522&resize=350%2C200 1x, https:\/\/i0.wp.com\/ccnews.com.ar\/prensa\/wp-content\/uploads\/2018\/08\/08082018-Parque-Solar-Caldenes-del-Oeste-1-696x522.png?fit=696%2C522&resize=525%2C300 1,5x"},"classes":[]},{"id":10297,"url":"http:\/\/ccnews.com.ar\/prensa\/el-invento-que-permite-usar-el-wifi-para-cargar-el-celular\/","url_meta":{"origin":14686,"position":3},"title":"El invento que permite usar el wifi para cargar el celular","author":"admin","date":"12 febrero, 2019","format":false,"excerpt":"Imagina poder cargar tu celular en apenas unos segundos con tan solo conectarte al wifi. El ingeniero espa\u00f1ol Tom\u00e1s Palacios ha desarrollado junto a su equipo de investigadores del MIT, el prestigioso Instituto Tecnol\u00f3gico de Massachussets, en Estados Unidos, un dispositivo capaz de hacer realidad ese sue\u00f1o futurista. Se trata\u2026","rel":"","context":"En \u00abTransformaci\u00f3n digital\u00bb","block_context":{"text":"Transformaci\u00f3n digital","link":"http:\/\/ccnews.com.ar\/prensa\/category\/transformacion-digital\/"},"img":{"alt_text":"","src":"https:\/\/i0.wp.com\/ccnews.com.ar\/prensa\/wp-content\/uploads\/2019\/02\/tec1-2.jpg?fit=660%2C371&resize=350%2C200","width":350,"height":200,"srcset":"https:\/\/i0.wp.com\/ccnews.com.ar\/prensa\/wp-content\/uploads\/2019\/02\/tec1-2.jpg?fit=660%2C371&resize=350%2C200 1x, https:\/\/i0.wp.com\/ccnews.com.ar\/prensa\/wp-content\/uploads\/2019\/02\/tec1-2.jpg?fit=660%2C371&resize=525%2C300 1,5x"},"classes":[]},{"id":1267,"url":"http:\/\/ccnews.com.ar\/prensa\/cuanto-crecieron-las-energias-renovables-a-nivel-mundial-el-ano-pasado\/","url_meta":{"origin":14686,"position":4},"title":"\u00bfCu\u00e1nto crecieron las energ\u00edas renovables a nivel mundial el a\u00f1o pasado?","author":"CLUSTERciar","date":"25 agosto, 2016","format":false,"excerpt":"Las potencias del G-20 produjeron en 2015 un 8\u00a0por ciento\u00a0de la electricidad desde centrales de energ\u00eda ecol\u00f3gica. Siete de los miembros ya producen m\u00e1s del 10\u00a0por ciento. Alemania llega al 36 por ciento.\u00a0El uso de energ\u00edas renovables se increment\u00f3 un\u00a070 por ciento a nivel mundial El porcentaje de electricidad que\u2026","rel":"","context":"En \u00abEnerg\u00eda y Producci\u00f3n\u00bb","block_context":{"text":"Energ\u00eda y Producci\u00f3n","link":"http:\/\/ccnews.com.ar\/prensa\/category\/energia-y-produccion\/"},"img":{"alt_text":"","src":"https:\/\/i0.wp.com\/www.energiaestrategica.com\/wp-content\/uploads\/2016\/08\/nota-6-9.jpg?resize=350%2C200","width":350,"height":200},"classes":[]},{"id":7097,"url":"http:\/\/ccnews.com.ar\/prensa\/los-10-avances-cientificos-mas-revolucionarios-del-2018\/","url_meta":{"origin":14686,"position":5},"title":"Los 10 avances cient\u00edficos m\u00e1s revolucionarios del 2018","author":"admin","date":"4 marzo, 2018","format":false,"excerpt":"El Instituto de Tecnolog\u00eda de Massachusetts (MIT) ha publicado su listado anual con las tecnolog\u00edas capaces de cambiar dr\u00e1sticamente la vida Imprimir piezas met\u00e1licas como si se trataran de papel u obtener traducciones al instante con solo usar un dispositivo. Estas capacidades para modificar radicalmente la vida han hecho que\u2026","rel":"","context":"En \u00abTransformaci\u00f3n digital\u00bb","block_context":{"text":"Transformaci\u00f3n digital","link":"http:\/\/ccnews.com.ar\/prensa\/category\/transformacion-digital\/"},"img":{"alt_text":"","src":"https:\/\/i0.wp.com\/ccnews.com.ar\/prensa\/wp-content\/uploads\/2018\/03\/5a933ecf79900.jpeg?fit=620%2C356&resize=350%2C200","width":350,"height":200,"srcset":"https:\/\/i0.wp.com\/ccnews.com.ar\/prensa\/wp-content\/uploads\/2018\/03\/5a933ecf79900.jpeg?fit=620%2C356&resize=350%2C200 1x, https:\/\/i0.wp.com\/ccnews.com.ar\/prensa\/wp-content\/uploads\/2018\/03\/5a933ecf79900.jpeg?fit=620%2C356&resize=525%2C300 1,5x"},"classes":[]}],"jetpack_sharing_enabled":true,"_links":{"self":[{"href":"http:\/\/ccnews.com.ar\/prensa\/wp-json\/wp\/v2\/posts\/14686","targetHints":{"allow":["GET"]}}],"collection":[{"href":"http:\/\/ccnews.com.ar\/prensa\/wp-json\/wp\/v2\/posts"}],"about":[{"href":"http:\/\/ccnews.com.ar\/prensa\/wp-json\/wp\/v2\/types\/post"}],"author":[{"embeddable":true,"href":"http:\/\/ccnews.com.ar\/prensa\/wp-json\/wp\/v2\/users\/1"}],"replies":[{"embeddable":true,"href":"http:\/\/ccnews.com.ar\/prensa\/wp-json\/wp\/v2\/comments?post=14686"}],"version-history":[{"count":2,"href":"http:\/\/ccnews.com.ar\/prensa\/wp-json\/wp\/v2\/posts\/14686\/revisions"}],"predecessor-version":[{"id":14692,"href":"http:\/\/ccnews.com.ar\/prensa\/wp-json\/wp\/v2\/posts\/14686\/revisions\/14692"}],"wp:featuredmedia":[{"embeddable":true,"href":"http:\/\/ccnews.com.ar\/prensa\/wp-json\/wp\/v2\/media\/14688"}],"wp:attachment":[{"href":"http:\/\/ccnews.com.ar\/prensa\/wp-json\/wp\/v2\/media?parent=14686"}],"wp:term":[{"taxonomy":"category","embeddable":true,"href":"http:\/\/ccnews.com.ar\/prensa\/wp-json\/wp\/v2\/categories?post=14686"},{"taxonomy":"post_tag","embeddable":true,"href":"http:\/\/ccnews.com.ar\/prensa\/wp-json\/wp\/v2\/tags?post=14686"}],"curies":[{"name":"wp","href":"https:\/\/api.w.org\/{rel}","templated":true}]}}