{"id":14794,"date":"2020-03-05T09:19:41","date_gmt":"2020-03-05T12:19:41","guid":{"rendered":"http:\/\/ccnews.com.ar\/prensa\/?p=14794"},"modified":"2020-04-07T12:35:19","modified_gmt":"2020-04-07T15:35:19","slug":"dia-internacional-de-la-eficiencia-energetica-que-habitos-cambiar-que-tecnologia-elegir","status":"publish","type":"post","link":"http:\/\/ccnews.com.ar\/prensa\/dia-internacional-de-la-eficiencia-energetica-que-habitos-cambiar-que-tecnologia-elegir\/","title":{"rendered":"D\u00eda Internacional de la Eficiencia Energ\u00e9tica: \u00bfQu\u00e9 h\u00e1bitos cambiar? \u00bfQu\u00e9 tecnolog\u00eda elegir?"},"content":{"rendered":"\n<p><strong>Hoy se celebra el D\u00eda Internacional de la\nEficiencia Energ\u00e9tica. En esta fecha que invita a reflexionar sobre la\nnecesidad y los beneficios de usar la energ\u00eda de forma eficiente, <em>CCNews<\/em> convers\u00f3 con la Ing. Andrea Heins,\nex Subsecretaria de Ahorro y Eficiencia Energ\u00e9tica de la\nNaci\u00f3n.<\/strong> <\/p>\n\n\n\n<p>Hace 22 a\u00f1os se realiz\u00f3\nen Austria la primera conferencia internacional que plante\u00f3 el uso eficiente de\nla energ\u00eda como una necesidad para construir sociedades sostenibles. Desde\nentonces, cada 5 de marzo se celebra el D\u00eda Internacional de la Eficiencia\nEnerg\u00e9tica. El objetivo es transformar paradigmas culturales e\nimpulsar cambios en la poblaci\u00f3n, en las empresas y en el Estado para reducir\nel consumo energ\u00e9tico y as\u00ed generar beneficios en diversos sectores.<strong> <\/strong>La Ing. Andrea Heins, ex Subsecretaria de <strong>Ahorro y Eficiencia Energ\u00e9tica de la Naci\u00f3n,<\/strong> dialog\u00f3 con <em>CCNews<\/em> sobre\nestos desaf\u00edos<em>.<\/em><\/p>\n\n\n\n<p><strong>\u00bfQu\u00e9 beneficios ambientales aporta el uso eficiente de la\nenerg\u00eda?<\/strong><\/p>\n\n\n\n<p>El rol de la\neficiencia energ\u00e9tica es fundamental. De acuerdo con las \u00faltimas publicaciones\nde la Agencia Internacional de Energ\u00eda, con eficiencia energ\u00e9tica podr\u00edamos\ncubrir un 40% de la reducci\u00f3n de emisiones que se necesita para el a\u00f1o 2030 y\nm\u00e1s de un tercio de la reducci\u00f3n requerida para el 2050, en l\u00ednea con los\nobjetivos clim\u00e1ticos de limitar en 1.5\u00b0C el incremento de temperatura respecto\nde la era preindustrial.<\/p>\n\n\n\n<p><strong>\u00bfPor qu\u00e9 la reducci\u00f3n del consumo genera beneficios en las\nempresas?<\/strong><\/p>\n\n\n\n<p>La energ\u00eda es un\ncosto operativo que est\u00e1 presente en toda empresa y puede tener m\u00e1s o menos\npeso en funci\u00f3n del rubro y sector. Por ejemplo, en las industrias <em>energo-intensivas<\/em> puede representar m\u00e1s\ndel 30% de los costos operativos, al mismo nivel que los costos de personal. Si\nuna empresa reduce sus costos de energ\u00eda a trav\u00e9s de medidas de eficiencia\nenerg\u00e9tica, puede mejorar su margen o bien reducir los precios de venta de sus productos\no servicios. De esta manera genera un valor diferencial frente a su\ncompetencia.<\/p>\n\n\n\n<p><strong>\u00bfA qu\u00e9 otros factores de desarrollo sostenible favorece?<\/strong><\/p>\n\n\n\n<p>La eficiencia\nenerg\u00e9tica impacta positivamente en aspectos ambientales, econ\u00f3micos y\nsociales, muchas veces entrelazados entre s\u00ed. Por ejemplo: desde el punto de\nvista ambiental, adem\u00e1s de reducir las emisiones de gases de efecto\ninvernadero, contribuye a la calidad del aire por la reducci\u00f3n de otras\nemisiones locales (NOx, SOx, particulados) que son producto del uso de\ncombustibles f\u00f3siles. Esto mejora la salud y el bienestar de las personas, y\nreduce el presupuesto p\u00fablico destinado a tratar enfermedades respiratorias. <\/p>\n\n\n\n<p><strong>\u00bfC\u00f3mo se genera una cultura de la eficiencia energ\u00e9tica?<\/strong><\/p>\n\n\n\n<p>Lo primero que se\ndeber\u00eda hacer es pensar las formas de energ\u00eda \u2013electricidad, gas natural,\ncombustibles l\u00edquidos\u2013 como un recurso escaso y costoso, que debemos cuidar y\nusar de una forma inteligente. Ser\u00eda bueno pensar la Eficiencia Energ\u00e9tica como\nuna fuente m\u00e1s de energ\u00eda y, adem\u00e1s, como la fuente m\u00e1s rentable en t\u00e9rminos\necon\u00f3micos, ambientales y sociales. En este sentido, el aspecto cultural es\nclave: necesitamos migrar hacia un cambio de comportamiento. <\/p>\n\n\n\n<p><strong>\u00bfQu\u00e9 h\u00e1bitos debe cambiar una persona en su vida\ncotidiana? <\/strong><\/p>\n\n\n\n<p>Ac\u00e1\nvale diferenciar entre &#8220;uso responsable&#8221; \u2013que se\nrelaciona con nuestros h\u00e1bitos para utilizar la energ\u00eda\u2013 y &#8220;tecnolog\u00edas\neficientes&#8221; \u2013que tienen que ver con el equipamiento\u2013. Por ejemplo: apagar\nla luz al salir de una habitaci\u00f3n se vincula al uso, independientemente de si\ntenemos luces LED \u2013las m\u00e1s eficientes\u2013 o no. En ambos casos debemos incorporar\nese h\u00e1bito. Ahora bien, al momento de cambiar las luminarias, es mejor elegir\ntecnolog\u00eda LED, que nos llevar\u00e1 a consumir mucho menos, pero que no nos\nhabilita a dejarlas encendidas las 24 horas. El uso responsable y las\ntecnolog\u00edas eficientes son complementarios y van de la mano. <\/p>\n\n\n\n<p><strong>\u00bfC\u00f3mo hay que guiarse para comprar equipos eficientes?<\/strong><\/p>\n\n\n\n<p>Al adquirir\nelectrodom\u00e9sticos o <em>gasodom\u00e9sticos<\/em>,\nes importante consultar la etiqueta de eficiencia energ\u00e9tica y elegir los\nequipos de mayor eficiencia (letra A o superior, A+, A++, A+++). Estos equipos\nno siempre son m\u00e1s caros. Pero, aunque lo sean, el costo extra se recupera la\nmayor\u00eda de las veces con el ahorro en las facturas de un a\u00f1o o menos. As\u00ed\npueden lograrse ahorros en los mayores consumos de energ\u00eda de un hogar: la\ncalefacci\u00f3n en invierno, la refrigeraci\u00f3n en verano, el agua caliente sanitaria\n\u2013termotanque o calef\u00f3n\u2013, la cocci\u00f3n y la refrigeraci\u00f3n de alimentos \u2013cocina y\nheladera\u2013. <\/p>\n\n\n\n<p><strong>\u00bfAlg\u00fan otro consejo para ahorrar energ\u00eda?<\/strong><\/p>\n\n\n\n<p>Resulta muy \u00fatil\nconsultar la Gu\u00eda de Buenas Pr\u00e1cticas de Uso Responsable de la Energ\u00eda en el\nHogar (<a href=\"http:\/\/enerblog.org.ar\/minem-lanzo-la-guia-uso-responsable-energia\/\">http:\/\/enerblog.org.ar\/minem-lanzo-la-guia-uso-responsable-energia\/<\/a>).\nSe trata de un trabajo realizado en 2017 desde la Subsecretar\u00eda de Ahorro y\nEficiencia Energ\u00e9tica en colaboraci\u00f3n con el CACME (Comit\u00e9 Ejecutivo del\nConsejo Mundial de Energ\u00eda), donde pueden encontrarse diferentes consejos\nasociados a usos de la energ\u00eda.<\/p>\n\n\n\n<p><strong>\u00bfC\u00f3mo incide la eficiencia energ\u00e9tica en la econom\u00eda de\nun pa\u00eds?<\/strong><\/p>\n\n\n\n<p>Reduce el costo\ndirecto asociado al consumo de energ\u00eda, genera mayores recursos para otros usos\nen hogares y tambi\u00e9n disminuye la pobreza energ\u00e9tica en los sectores m\u00e1s\nvulnerables. Si miramos el presupuesto p\u00fablico, la eficiencia energ\u00e9tica contribuye\na disminuir los subsidios relacionados con fuentes de energ\u00eda, as\u00ed reduce el\nd\u00e9ficit y permite disponer de esos recursos para otras causas. Adem\u00e1s, mejora\nla balanza comercial, ya sea por disminuci\u00f3n de importaciones o por aumento de\nexportaciones de energ\u00eda en sus distintas formas. <\/p>\n\n\n\n<p><strong>\u00bfC\u00f3mo ve el panorama en la Argentina?<\/strong><\/p>\n\n\n\n<p>En los \u00faltimos\ncuatro a\u00f1os se ha avanzado mucho, pero todav\u00eda queda un largo camino. Pensemos\nque pa\u00edses como Alemania o Jap\u00f3n comenzaron a trabajar estos temas hace m\u00e1s de\n40 a\u00f1os y todav\u00eda siguen impuls\u00e1ndolos porque a\u00fan no han alcanzado todos los\nbeneficios. La eficiencia energ\u00e9tica requiere de pol\u00edticas y programas de largo\nplazo, algo dif\u00edcil para un pa\u00eds que se maneja sobre la base de planes de\ngobierno y no define pol\u00edticas de estado b\u00e1sicas e inamovibles. Pero se ha\ncomenzado y se deber\u00eda seguir avanzando.<\/p>\n\n\n\n<p><strong>\u00bfEn qu\u00e9 aspectos concretos se ha avanzado?<\/strong><\/p>\n\n\n\n<p>En el Congreso de\nla Naci\u00f3n existe un proyecto de Ley de Eficiencia Energ\u00e9tica (<a href=\"http:\/\/www.senado.gov.ar\/parlamentario\/comisiones\/verExp\/3290.19\/S\/PL\">http:\/\/www.senado.gov.ar\/parlamentario\/comisiones\/verExp\/3290.19\/S\/PL<\/a>), que establece diferentes medidas. Esta ley ser\u00eda de mucha ayuda para\npotenciar el tema durante los pr\u00f3ximos a\u00f1os. Adem\u00e1s, deber\u00edan continuarse los\ndiferentes programas que est\u00e1n vigentes en la Secretar\u00eda de Energ\u00eda. Muchos de\nellos no tienen confirmada su continuidad y ser\u00eda de un valor enorme que sigan\ny se potencien.<\/p>\n\n\n\n<p><strong>\u00bfEn qu\u00e9 sectores hay oportunidades de eficiencia\nenerg\u00e9tica?<\/strong><\/p>\n\n\n\n<p>Las oportunidades est\u00e1n presentes en toda la cadena de producci\u00f3n, transporte y distribuci\u00f3n de energ\u00eda, as\u00ed como en todos los sectores de consumo \u2013residencial, industrial, comercial, p\u00fablico y transporte, entre otros\u2013. Esta dispersi\u00f3n hace que sea imprescindible la existencia de pol\u00edticas p\u00fablicas que promuevan medidas de eficiencia energ\u00e9tica, ya sea a trav\u00e9s de requisitos y obligaciones, como es el caso de los est\u00e1ndares m\u00ednimos de eficiencia para importaci\u00f3n, fabricaci\u00f3n y comercializaci\u00f3n de productos, o alg\u00fan otro tipo de instrumento. <\/p>\n\n\n\n<p>Fuente: CCNews<\/p>\n<!-- AddThis Advanced Settings generic via filter on the_content -->","protected":false},"excerpt":{"rendered":"<p>Hoy se celebra el D\u00eda Internacional de la Eficiencia Energ\u00e9tica. En esta fecha que invita a reflexionar sobre la necesidad<!-- AddThis Advanced Settings generic via filter on get_the_excerpt --><\/p>\n","protected":false},"author":1,"featured_media":14796,"comment_status":"closed","ping_status":"closed","sticky":false,"template":"","format":"standard","meta":{"colormag_page_container_layout":"default_layout","colormag_page_sidebar_layout":"default_layout","jetpack_post_was_ever_published":false,"_jetpack_newsletter_access":"","_jetpack_dont_email_post_to_subs":false,"_jetpack_newsletter_tier_id":0,"_jetpack_memberships_contains_paywalled_content":false,"_jetpack_memberships_contains_paid_content":false,"footnotes":"","jetpack_publicize_message":"D\u00eda Internacional de la Eficiencia Energ\u00e9tica: \u00bfQu\u00e9 h\u00e1bitos cambiar? \u00bfQu\u00e9 tecnolog\u00eda elegir? #eficienciaenergetica #ExclusivoCCNews","jetpack_publicize_feature_enabled":true,"jetpack_social_post_already_shared":true,"jetpack_social_options":{"image_generator_settings":{"template":"highway","default_image_id":0,"font":"","enabled":false},"version":2}},"categories":[11],"tags":[13],"class_list":["post-14794","post","type-post","status-publish","format-standard","has-post-thumbnail","hentry","category-energia-y-produccion","tag-ccnews"],"jetpack_publicize_connections":[],"jetpack_featured_media_url":"https:\/\/i0.wp.com\/ccnews.com.ar\/prensa\/wp-content\/uploads\/2020\/03\/nota.jpg?fit=816%2C426","jetpack_shortlink":"https:\/\/wp.me\/p7L1gj-3QC","jetpack-related-posts":[{"id":1577,"url":"http:\/\/ccnews.com.ar\/prensa\/la-eficiencia-energetica-es-la-fuente-de-energia-mas-rentable-que-tenemos\/","url_meta":{"origin":14794,"position":0},"title":"\u201cLa eficiencia energ\u00e9tica es la fuente de energ\u00eda m\u00e1s rentable que tenemos\u201d","author":"CLUSTERciar","date":"13 septiembre, 2016","format":false,"excerpt":"Entrevista con Andrea Heins, subsecretaria de Eficiencia Energ\u00e9tica Con el ojo puesto en la difusi\u00f3n de las industrias, el Gobierno cre\u00f3 una Subsecretar\u00eda de Eficiencia Energ\u00e9tica para garantizar acciones de mitigaci\u00f3n. Realizar\u00e1 un balance de energ\u00eda \u00fatil e impulsar\u00e1 las renovables para abaratar costos de producci\u00f3n. Asentada en un escenario\u2026","rel":"","context":"En \u00abEnerg\u00eda y Producci\u00f3n\u00bb","block_context":{"text":"Energ\u00eda y Producci\u00f3n","link":"http:\/\/ccnews.com.ar\/prensa\/category\/energia-y-produccion\/"},"img":{"alt_text":"heins","src":"https:\/\/i0.wp.com\/revistapetroquimica.com\/wp-content\/uploads\/2016\/08\/heins.jpg?resize=350%2C200","width":350,"height":200},"classes":[]},{"id":2377,"url":"http:\/\/ccnews.com.ar\/prensa\/eficiencia-energetica-y-gestion-en-plantas-industriales\/","url_meta":{"origin":14794,"position":1},"title":"Eficiencia energ\u00e9tica y gesti\u00f3n en plantas industriales","author":"CLUSTERciar","date":"26 noviembre, 2016","format":false,"excerpt":"El Centro Argentino de Ingenieros fue sede de una jornada sobre el tema, con exposiciones de Gonzalo Estivariz, Carlos Blanc, Fernando Rosa y Andrea Afranchi. En tiempos en los que la electricidad es noticia por los costos del servicio o por apagones, el Departamento T\u00e9cnico del Centro Argentino de Ingenieros\u2026","rel":"","context":"En \u00abEnerg\u00eda y Producci\u00f3n\u00bb","block_context":{"text":"Energ\u00eda y Producci\u00f3n","link":"http:\/\/ccnews.com.ar\/prensa\/category\/energia-y-produccion\/"},"img":{"alt_text":"","src":"https:\/\/i0.wp.com\/ccnews.com.ar\/prensa\/wp-content\/uploads\/2016\/11\/20161102_CAI-Energia-1.jpg?fit=800%2C533&resize=350%2C200","width":350,"height":200,"srcset":"https:\/\/i0.wp.com\/ccnews.com.ar\/prensa\/wp-content\/uploads\/2016\/11\/20161102_CAI-Energia-1.jpg?fit=800%2C533&resize=350%2C200 1x, https:\/\/i0.wp.com\/ccnews.com.ar\/prensa\/wp-content\/uploads\/2016\/11\/20161102_CAI-Energia-1.jpg?fit=800%2C533&resize=525%2C300 1,5x, https:\/\/i0.wp.com\/ccnews.com.ar\/prensa\/wp-content\/uploads\/2016\/11\/20161102_CAI-Energia-1.jpg?fit=800%2C533&resize=700%2C400 2x"},"classes":[]},{"id":6157,"url":"http:\/\/ccnews.com.ar\/prensa\/jornada-sobre-energias-renovables-y-eficiencia-energetica\/","url_meta":{"origin":14794,"position":2},"title":"Jornada sobre energ\u00edas renovables y eficiencia energ\u00e9tica","author":"CLUSTERciar","date":"19 noviembre, 2017","format":false,"excerpt":"Con cinco paneles y variados disertantes, la actividad se realiz\u00f3 en un sal\u00f3n Costantini repleto. El CAI present\u00f3 su C\u00e1tedra Abierta de EE. El ciclo de Charlas en el Centro Argentino de Ingenieros tuvo una nueva edici\u00f3n, con la realizaci\u00f3n de la Jornada sobre energ\u00edas renovables y eficiencia energ\u00e9tica, organizada\u2026","rel":"","context":"En \u00abSustentabilidad\u00bb","block_context":{"text":"Sustentabilidad","link":"http:\/\/ccnews.com.ar\/prensa\/category\/sustentabilidad\/"},"img":{"alt_text":"","src":"https:\/\/i0.wp.com\/ccnews.com.ar\/prensa\/wp-content\/uploads\/2017\/11\/201711_Energia-1-1.jpg?fit=600%2C400&resize=350%2C200","width":350,"height":200,"srcset":"https:\/\/i0.wp.com\/ccnews.com.ar\/prensa\/wp-content\/uploads\/2017\/11\/201711_Energia-1-1.jpg?fit=600%2C400&resize=350%2C200 1x, https:\/\/i0.wp.com\/ccnews.com.ar\/prensa\/wp-content\/uploads\/2017\/11\/201711_Energia-1-1.jpg?fit=600%2C400&resize=525%2C300 1,5x"},"classes":[]},{"id":4121,"url":"http:\/\/ccnews.com.ar\/prensa\/america-latina-posee-ventajas-competitivas-para-satisfacer-la-creciente-demanda-energetica-mundial\/","url_meta":{"origin":14794,"position":3},"title":"Am\u00e9rica Latina posee ventajas competitivas para satisfacer la creciente demanda energ\u00e9tica mundial","author":"CLUSTERciar","date":"19 mayo, 2017","format":false,"excerpt":"Con un precio internacional del petr\u00f3leo bordeando los US$ 50 por barril, la industria de petr\u00f3leo y gas de Am\u00e9rica Latina y el Caribe responde a una nueva realidad energ\u00e9tica. Am\u00e9rica Latina posee ventajas competitivas para satisfacer la creciente demanda energ\u00e9tica mundial Tras un periodo de ajuste, ahora el sector\u2026","rel":"","context":"En \u00abEnerg\u00eda y Producci\u00f3n\u00bb","block_context":{"text":"Energ\u00eda y Producci\u00f3n","link":"http:\/\/ccnews.com.ar\/prensa\/category\/energia-y-produccion\/"},"img":{"alt_text":"","src":"https:\/\/i0.wp.com\/ccnews.com.ar\/prensa\/wp-content\/uploads\/2017\/05\/Panel-de-Presidentes-y-CEOs-de-la-Regi%C3%B3n-e1493317798910.jpg?fit=540%2C360&resize=350%2C200","width":350,"height":200,"srcset":"https:\/\/i0.wp.com\/ccnews.com.ar\/prensa\/wp-content\/uploads\/2017\/05\/Panel-de-Presidentes-y-CEOs-de-la-Regi%C3%B3n-e1493317798910.jpg?fit=540%2C360&resize=350%2C200 1x, https:\/\/i0.wp.com\/ccnews.com.ar\/prensa\/wp-content\/uploads\/2017\/05\/Panel-de-Presidentes-y-CEOs-de-la-Regi%C3%B3n-e1493317798910.jpg?fit=540%2C360&resize=525%2C300 1,5x"},"classes":[]},{"id":7179,"url":"http:\/\/ccnews.com.ar\/prensa\/avanza-el-programa-de-eficiencia-energetica-de-neuquen\/","url_meta":{"origin":14794,"position":4},"title":"Avanza el programa de eficiencia energ\u00e9tica de Neuqu\u00e9n","author":"admin","date":"20 marzo, 2018","format":false,"excerpt":"Se realiz\u00f3 una nueva reuni\u00f3n en dependencias de la EPET N\u00ba 10 de Plaza Huincul, a fin de planificar acciones de ahorro y eficiencia energ\u00e9tica en el establecimiento. Se determin\u00f3 de esta forma, la capacitaci\u00f3n del alumnado y el personal mediante el Instituto Argentino del Petr\u00f3leo y del Gas y\u2026","rel":"","context":"En \u00abEnerg\u00eda y Producci\u00f3n\u00bb","block_context":{"text":"Energ\u00eda y Producci\u00f3n","link":"http:\/\/ccnews.com.ar\/prensa\/category\/energia-y-produccion\/"},"img":{"alt_text":"","src":"https:\/\/i0.wp.com\/ccnews.com.ar\/prensa\/wp-content\/uploads\/2018\/03\/20180223224701.jpg?fit=1000%2C493&resize=350%2C200","width":350,"height":200,"srcset":"https:\/\/i0.wp.com\/ccnews.com.ar\/prensa\/wp-content\/uploads\/2018\/03\/20180223224701.jpg?fit=1000%2C493&resize=350%2C200 1x, https:\/\/i0.wp.com\/ccnews.com.ar\/prensa\/wp-content\/uploads\/2018\/03\/20180223224701.jpg?fit=1000%2C493&resize=525%2C300 1,5x, https:\/\/i0.wp.com\/ccnews.com.ar\/prensa\/wp-content\/uploads\/2018\/03\/20180223224701.jpg?fit=1000%2C493&resize=700%2C400 2x"},"classes":[]},{"id":16256,"url":"http:\/\/ccnews.com.ar\/prensa\/sustentabilidad-y-cambio-climatico-la-eficiencia-energetica-es-ineludible-para-el-mundo-corporativo\/","url_meta":{"origin":14794,"position":5},"title":"Sustentabilidad y cambio clim\u00e1tico: la eficiencia energ\u00e9tica es ineludible para el mundo corporativo","author":"Editor","date":"30 octubre, 2020","format":false,"excerpt":"Hoy en d\u00eda la sustentabilidad es un t\u00f3pico obligado para empresas y consumidores. Es innegable que el cambio clim\u00e1tico y la huella de carbono son dos aspectos a considerar en la agenda.","rel":"","context":"En \u00abSustentabilidad\u00bb","block_context":{"text":"Sustentabilidad","link":"http:\/\/ccnews.com.ar\/prensa\/category\/sustentabilidad\/"},"img":{"alt_text":"","src":"https:\/\/i0.wp.com\/ccnews.com.ar\/prensa\/wp-content\/uploads\/2020\/10\/shutterstock_109946381.jpg?fit=1000%2C750&resize=350%2C200","width":350,"height":200,"srcset":"https:\/\/i0.wp.com\/ccnews.com.ar\/prensa\/wp-content\/uploads\/2020\/10\/shutterstock_109946381.jpg?fit=1000%2C750&resize=350%2C200 1x, https:\/\/i0.wp.com\/ccnews.com.ar\/prensa\/wp-content\/uploads\/2020\/10\/shutterstock_109946381.jpg?fit=1000%2C750&resize=525%2C300 1,5x, https:\/\/i0.wp.com\/ccnews.com.ar\/prensa\/wp-content\/uploads\/2020\/10\/shutterstock_109946381.jpg?fit=1000%2C750&resize=700%2C400 2x"},"classes":[]}],"jetpack_sharing_enabled":true,"_links":{"self":[{"href":"http:\/\/ccnews.com.ar\/prensa\/wp-json\/wp\/v2\/posts\/14794","targetHints":{"allow":["GET"]}}],"collection":[{"href":"http:\/\/ccnews.com.ar\/prensa\/wp-json\/wp\/v2\/posts"}],"about":[{"href":"http:\/\/ccnews.com.ar\/prensa\/wp-json\/wp\/v2\/types\/post"}],"author":[{"embeddable":true,"href":"http:\/\/ccnews.com.ar\/prensa\/wp-json\/wp\/v2\/users\/1"}],"replies":[{"embeddable":true,"href":"http:\/\/ccnews.com.ar\/prensa\/wp-json\/wp\/v2\/comments?post=14794"}],"version-history":[{"count":3,"href":"http:\/\/ccnews.com.ar\/prensa\/wp-json\/wp\/v2\/posts\/14794\/revisions"}],"predecessor-version":[{"id":14808,"href":"http:\/\/ccnews.com.ar\/prensa\/wp-json\/wp\/v2\/posts\/14794\/revisions\/14808"}],"wp:featuredmedia":[{"embeddable":true,"href":"http:\/\/ccnews.com.ar\/prensa\/wp-json\/wp\/v2\/media\/14796"}],"wp:attachment":[{"href":"http:\/\/ccnews.com.ar\/prensa\/wp-json\/wp\/v2\/media?parent=14794"}],"wp:term":[{"taxonomy":"category","embeddable":true,"href":"http:\/\/ccnews.com.ar\/prensa\/wp-json\/wp\/v2\/categories?post=14794"},{"taxonomy":"post_tag","embeddable":true,"href":"http:\/\/ccnews.com.ar\/prensa\/wp-json\/wp\/v2\/tags?post=14794"}],"curies":[{"name":"wp","href":"https:\/\/api.w.org\/{rel}","templated":true}]}}