{"id":14816,"date":"2020-03-07T08:00:11","date_gmt":"2020-03-07T11:00:11","guid":{"rendered":"http:\/\/ccnews.com.ar\/prensa\/?p=14816"},"modified":"2020-03-06T16:32:24","modified_gmt":"2020-03-06T19:32:24","slug":"los-sistemas-de-prevencion-una-apuesta-de-los-ods-para-reforzar-la-seguridad-vial","status":"publish","type":"post","link":"http:\/\/ccnews.com.ar\/prensa\/los-sistemas-de-prevencion-una-apuesta-de-los-ods-para-reforzar-la-seguridad-vial\/","title":{"rendered":"Los sistemas de prevenci\u00f3n, una apuesta de los ODS para reforzar la seguridad vial"},"content":{"rendered":"\n<p>La seguridad vial se ha convertido en uno de los focos\nprioritarios para garantizar el bienestar social. A la hora de promover una\nconducci\u00f3n responsable, el consumo de alcohol y las drogas contin\u00faa siendo un\nfactor de riesgo que no hay que pasar por alto. En 2018, m\u00e1s del 40% de los\nconductores fallecidos dio positivo en la ingesta de estas sustancias nocivas,\nseg\u00fan la Memoria del Instituto Nacional de Toxicolog\u00eda y Ciencias Forenses\n(INTCF) sobre V\u00edctimas Mortales en Accidente de Tr\u00e1fico. Estas cifras nos\ninvitan a tomar conciencia de la necesidad de tomar medidas de prevenci\u00f3n y\nseguir haciendo \u00e9nfasis en pol\u00edticas de formaci\u00f3n en comportamientos saludables\nal volante.<\/p>\n\n\n\n<p>En 2015, la ONU aprob\u00f3 la Agenda 2030 para el Desarrollo\nSostenible, un proyecto com\u00fan que llama al compromiso de entidades y ciudadanos\nsobre la importancia de mejorar el bienestar y la calidad de vida de las\npersonas a trav\u00e9s de 17 objetivos de desarrollo sostenible (ODS). La seguridad\nvial aparece integrada en estos objetivos como valor primordial para reducir\nlos siniestros en carretera. As\u00ed, el punto 3.6 de los ODS busca reducir a la\nmitad el n\u00famero muertes y lesiones causadas por accidentes de tr\u00e1fico en el\nmundo en 2020; mientras que el punto 11.2 aboga por proporcionar acceso a\nsistemas de transporte seguros y accesibles y mejorar la seguridad vial desde\neste momento al a\u00f1o 2030.<\/p>\n\n\n\n<p>La misi\u00f3n es clara. Nuestra aspiraci\u00f3n como sociedad debe\nser alcanzar las cero muertes en carretera y reducir cualquier tipo de lesi\u00f3n\npor accidente de tr\u00e1fico. Para alcanzar esta m\u00e1xima, las empresas de desarrollo\ntecnol\u00f3gico ya estamos trabajando en el dise\u00f1o de sistemas de seguridad que\npropicien un entorno seguro para los conductores, ocupantes del veh\u00edculo y el\nresto de viajeros en circulaci\u00f3n.<\/p>\n\n\n\n<p>El primer paso para lograr el ODS en materia de seguridad\nvial es apostar por la prevenci\u00f3n, tanto para potenciar la concienciaci\u00f3n y\neducaci\u00f3n del conjunto de los ciudadanos y las instituciones, como para\nmaterializar otras acciones globales. Por su car\u00e1cter preventivo, tanto los\nalcohol\u00edmetros que utiliza la Polic\u00eda como los etil\u00f3metros que funcionan como\nsistemas de bloqueo, constituyen una tecnolog\u00eda innovadora que contribuye a reforzar\nla seguridad vial y a mejorar los h\u00e1bitos saludables al volante. Los sistemas\nde bloqueo se han equipado de forma fiable para que los conductores no puedan\narrancar su veh\u00edculo si han consumido alcohol, evitando de esta forma\ncomportamientos de riesgo en carretera y ayudando a reducir los siniestros de\ntr\u00e1fico.<\/p>\n\n\n\n<p>Algunos pa\u00edses europeos ya han decidido instalar estos\nsistemas en autobuses escolares para fortalecer la seguridad en el transporte\np\u00fablico y garantizar los traslados con responsabilidad. Los conductores\nprofesionales que transportan mercanc\u00edas peligrosas en Francia o Suecia tambi\u00e9n\nviajan con estos dispositivos en pro de una movilidad m\u00e1s saludable. A estas\nmedidas, deber\u00edan a\u00f1adirse los sistemas de detecci\u00f3n de drogas, que se han\nconvertido en otra pieza fundamental en el objetivo de seguridad vial.<\/p>\n\n\n\n<p>Desde esta perspectiva, la tecnolog\u00eda debe entenderse como\nun mecanismo de prevenci\u00f3n que nos ayude a alcanzar los desaf\u00edos para 2030 en\nmateria de seguridad vial. Y este reto debe entra\u00f1ar un compromiso integral del\nconjunto de la sociedad, las entidades y empresas privadas y las\nAdministraciones P\u00fablicas. Estamos en el camino. En este sentido, plataformas\ncomo la Alianza para la Seguridad Vial, presentada el pasado 7 de febrero, se\nhan conformado para convertirse en veh\u00edculo de comunicaci\u00f3n y acci\u00f3n vivo y con\nel objetivo de propiciar iniciativas que mejoren la formaci\u00f3n de los\nconductores, impulsen la renovaci\u00f3n del parque m\u00f3vil y apoyen las nuevas formas\nde movilidad.<\/p>\n\n\n\n<p>El siguiente avance ha llegado con la celebraci\u00f3n de la\ntercera Conferencia Mundial sobre Seguridad Vial, que tuvo lugar el 19 y 20 de\nfebrero en Estocolmo. La cita congreg\u00f3 a representantes de los gobiernos de m\u00e1s\nde un centenar de pa\u00edses, y anunci\u00f3 la creaci\u00f3n del primer Observatorio de\nSeguridad Vial para la regi\u00f3n Asia-Pac\u00edfico. Ha sido, sin duda, una ocasi\u00f3n\nespecial para poner sobre la mesa aportaciones que puedan facilitar la\nimplantaci\u00f3n de una estrategia global alineada con los objetivos de desarrollo\nsostenible en materia de seguridad vial.<\/p>\n\n\n\n<p>Este 2020 puede convertirse en un a\u00f1o significativo para\nsentar las bases en materia de seguridad vial en las carreteras. Estamos\nconvencidos de que se est\u00e1n activando los protocolos y acciones apropiados para\nconseguir un ecosistema vial que vele por la salud de los ciudadanos. Y uniendo\nla colaboraci\u00f3n, voluntad pol\u00edtica y el esfuerzo com\u00fan, podremos lograr una\nadaptaci\u00f3n de la legislaci\u00f3n a los actuales modelos de movilidad y avanzar para\nalcanzar las cero muertes en carretera.<\/p>\n\n\n\n<p>*Por Dionisio Mart\u00ednez de Velasco. Managing Director de\nDr\u00e4ger Iberia<\/p>\n\n\n\n<p>Fuente: Interempresas<\/p>\n<!-- AddThis Advanced Settings generic via filter on the_content -->","protected":false},"excerpt":{"rendered":"<p>La seguridad vial se ha convertido en uno de los focos prioritarios para garantizar el bienestar social. A la hora<!-- AddThis Advanced Settings generic via filter on get_the_excerpt --><\/p>\n","protected":false},"author":1,"featured_media":14818,"comment_status":"closed","ping_status":"closed","sticky":false,"template":"","format":"standard","meta":{"colormag_page_container_layout":"default_layout","colormag_page_sidebar_layout":"default_layout","jetpack_post_was_ever_published":false,"_jetpack_newsletter_access":"","_jetpack_dont_email_post_to_subs":false,"_jetpack_newsletter_tier_id":0,"_jetpack_memberships_contains_paywalled_content":false,"_jetpack_memberships_contains_paid_content":false,"footnotes":"","jetpack_publicize_message":"#BuenS\u00e1bado #Sociedad Los sistemas de prevenci\u00f3n, una apuesta de los ODS para reforzar la seguridad vial","jetpack_publicize_feature_enabled":true,"jetpack_social_post_already_shared":true,"jetpack_social_options":{"image_generator_settings":{"template":"highway","default_image_id":0,"font":"","enabled":false},"version":2}},"categories":[19],"tags":[17],"class_list":["post-14816","post","type-post","status-publish","format-standard","has-post-thumbnail","hentry","category-educacion-sociedad","tag-otros-medios"],"jetpack_publicize_connections":[],"jetpack_featured_media_url":"https:\/\/i0.wp.com\/ccnews.com.ar\/prensa\/wp-content\/uploads\/2020\/03\/2181549.jpeg?fit=980%2C560","jetpack_shortlink":"https:\/\/wp.me\/p7L1gj-3QY","jetpack-related-posts":[{"id":7091,"url":"http:\/\/ccnews.com.ar\/prensa\/operadoras-exigiran-a-empresas-de-transporte-buenas-practicas\/","url_meta":{"origin":14816,"position":0},"title":"OPERADORAS EXIGIR\u00c1N A EMPRESAS DE TRANSPORTE BUENAS PR\u00c1CTICAS","author":"admin","date":"5 marzo, 2018","format":false,"excerpt":"La intenci\u00f3n es reducir los siniestros viales. Deber\u00e1n cumplir con la norma ISO 39001 que busca mejorar conocimientos de los conductores. Para minimizar los siniestros viales, las operadoras petroleras comenzar\u00e1n a exigir a las empresas el cumplimiento de lanorma ISO 39001 de Gesti\u00f3n en la Seguridad Vial, aprobada en el\u2026","rel":"","context":"En \u00abEnerg\u00eda y Producci\u00f3n\u00bb","block_context":{"text":"Energ\u00eda y Producci\u00f3n","link":"http:\/\/ccnews.com.ar\/prensa\/category\/energia-y-produccion\/"},"img":{"alt_text":"","src":"","width":0,"height":0},"classes":[]},{"id":13934,"url":"http:\/\/ccnews.com.ar\/prensa\/que-nos-deparara-el-ano-2020-en-materia-energetica-y-de-seguridad\/","url_meta":{"origin":14816,"position":1},"title":"\u00bfQu\u00e9 nos deparar\u00e1 el a\u00f1o 2020 en materia energ\u00e9tica y de seguridad?","author":"admin","date":"13 diciembre, 2019","format":false,"excerpt":"El pr\u00f3ximo a\u00f1o 2020 pondr\u00e1 de nuevo el foco en la transici\u00f3n energ\u00e9tica en la que la industria ya lleva un tiempo inmersa. Responder a las preocupaciones de la poblaci\u00f3n sobre el progreso del cambio clim\u00e1tico y el impulso de la industria para adoptar tecnolog\u00edas verdes ser\u00e1n dos de los\u2026","rel":"","context":"En \u00abSustentabilidad\u00bb","block_context":{"text":"Sustentabilidad","link":"http:\/\/ccnews.com.ar\/prensa\/category\/sustentabilidad\/"},"img":{"alt_text":"","src":"https:\/\/i0.wp.com\/ccnews.com.ar\/prensa\/wp-content\/uploads\/2019\/12\/energia-1080x675.jpg?fit=1080%2C675&resize=350%2C200","width":350,"height":200,"srcset":"https:\/\/i0.wp.com\/ccnews.com.ar\/prensa\/wp-content\/uploads\/2019\/12\/energia-1080x675.jpg?fit=1080%2C675&resize=350%2C200 1x, https:\/\/i0.wp.com\/ccnews.com.ar\/prensa\/wp-content\/uploads\/2019\/12\/energia-1080x675.jpg?fit=1080%2C675&resize=525%2C300 1,5x, https:\/\/i0.wp.com\/ccnews.com.ar\/prensa\/wp-content\/uploads\/2019\/12\/energia-1080x675.jpg?fit=1080%2C675&resize=700%2C400 2x, https:\/\/i0.wp.com\/ccnews.com.ar\/prensa\/wp-content\/uploads\/2019\/12\/energia-1080x675.jpg?fit=1080%2C675&resize=1050%2C600 3x"},"classes":[]},{"id":16707,"url":"http:\/\/ccnews.com.ar\/prensa\/impulsan-el-uso-de-la-bicicleta-y-la-caminata-para-mejorar-el-espacio-publico\/","url_meta":{"origin":14816,"position":2},"title":"Impulsan el uso de la bicicleta y la caminata para mejorar el espacio p\u00fablico","author":"admin","date":"6 octubre, 2021","format":false,"excerpt":"En 2020 viajaron en bicicleta 405.000 personas por d\u00eda, contra los 320.000 que lo hicieron en 2019. La incorporaci\u00f3n de ciclistas y peatones al entramado vial es uno de los desaf\u00edos actuales para las diferentes jurisdicciones, estac\u00f3 la Agencia Nacional de Seguridad Vial en la semana de la Movilidad Sustentable.","rel":"","context":"En \u00abSustentabilidad\u00bb","block_context":{"text":"Sustentabilidad","link":"http:\/\/ccnews.com.ar\/prensa\/category\/sustentabilidad\/"},"img":{"alt_text":"","src":"https:\/\/i0.wp.com\/ccnews.com.ar\/prensa\/wp-content\/uploads\/2021\/10\/tobias-cornille-ZPpC98Vus3k-unsplash.jpg?fit=1200%2C797&resize=350%2C200","width":350,"height":200,"srcset":"https:\/\/i0.wp.com\/ccnews.com.ar\/prensa\/wp-content\/uploads\/2021\/10\/tobias-cornille-ZPpC98Vus3k-unsplash.jpg?fit=1200%2C797&resize=350%2C200 1x, https:\/\/i0.wp.com\/ccnews.com.ar\/prensa\/wp-content\/uploads\/2021\/10\/tobias-cornille-ZPpC98Vus3k-unsplash.jpg?fit=1200%2C797&resize=525%2C300 1,5x, https:\/\/i0.wp.com\/ccnews.com.ar\/prensa\/wp-content\/uploads\/2021\/10\/tobias-cornille-ZPpC98Vus3k-unsplash.jpg?fit=1200%2C797&resize=700%2C400 2x, https:\/\/i0.wp.com\/ccnews.com.ar\/prensa\/wp-content\/uploads\/2021\/10\/tobias-cornille-ZPpC98Vus3k-unsplash.jpg?fit=1200%2C797&resize=1050%2C600 3x"},"classes":[]},{"id":14612,"url":"http:\/\/ccnews.com.ar\/prensa\/como-se-actua-ante-las-emergencias-en-vaca-muerta\/","url_meta":{"origin":14816,"position":3},"title":"C\u00f3mo se act\u00faa ante las emergencias en Vaca Muerta","author":"admin","date":"18 febrero, 2020","format":false,"excerpt":"En una industria de riesgo como es la petrolera, las empresas tienen protocolos para afrontar eventos indeseados. El gobierno provincial hace inspecciones y hace cumplir un marco regulatorio. Como la energ\u00eda es considerada una industria de alto riesgo, el paso del tiempo permiti\u00f3 que creciera de forma considerable la preocupaci\u00f3n\u2026","rel":"","context":"En \u00abEnerg\u00eda y Producci\u00f3n\u00bb","block_context":{"text":"Energ\u00eda y Producci\u00f3n","link":"http:\/\/ccnews.com.ar\/prensa\/category\/energia-y-produccion\/"},"img":{"alt_text":"","src":"https:\/\/i0.wp.com\/ccnews.com.ar\/prensa\/wp-content\/uploads\/2020\/02\/0004540045-1.jpg?fit=1200%2C675&resize=350%2C200","width":350,"height":200,"srcset":"https:\/\/i0.wp.com\/ccnews.com.ar\/prensa\/wp-content\/uploads\/2020\/02\/0004540045-1.jpg?fit=1200%2C675&resize=350%2C200 1x, https:\/\/i0.wp.com\/ccnews.com.ar\/prensa\/wp-content\/uploads\/2020\/02\/0004540045-1.jpg?fit=1200%2C675&resize=525%2C300 1,5x, https:\/\/i0.wp.com\/ccnews.com.ar\/prensa\/wp-content\/uploads\/2020\/02\/0004540045-1.jpg?fit=1200%2C675&resize=700%2C400 2x, https:\/\/i0.wp.com\/ccnews.com.ar\/prensa\/wp-content\/uploads\/2020\/02\/0004540045-1.jpg?fit=1200%2C675&resize=1050%2C600 3x"},"classes":[]},{"id":10791,"url":"http:\/\/ccnews.com.ar\/prensa\/menos-decisiones-humanas-y-mas-tecnologia-para-evitar-accidentes-de-trafico\/","url_meta":{"origin":14816,"position":4},"title":"Menos decisiones humanas y m\u00e1s tecnolog\u00eda para evitar accidentes de tr\u00e1fico","author":"admin","date":"14 marzo, 2019","format":false,"excerpt":"\u00bfC\u00f3mo puede la tecnolog\u00eda ayudarnos a mejorar la seguridad en las carreteras? \u00bfPuede ayudar a reducir la siniestralidad incluso si hay factores psicol\u00f3gicos o sociales implicados? La seguridad es una de las necesidades m\u00e1s profundas que tenemos las personas y, a la vez, somos el mayor factor de riesgo en\u2026","rel":"","context":"En \u00abTransformaci\u00f3n digital\u00bb","block_context":{"text":"Transformaci\u00f3n digital","link":"http:\/\/ccnews.com.ar\/prensa\/category\/transformacion-digital\/"},"img":{"alt_text":"","src":"https:\/\/i0.wp.com\/ccnews.com.ar\/prensa\/wp-content\/uploads\/2019\/03\/tec1-1.jpg?fit=670%2C447&resize=350%2C200","width":350,"height":200,"srcset":"https:\/\/i0.wp.com\/ccnews.com.ar\/prensa\/wp-content\/uploads\/2019\/03\/tec1-1.jpg?fit=670%2C447&resize=350%2C200 1x, https:\/\/i0.wp.com\/ccnews.com.ar\/prensa\/wp-content\/uploads\/2019\/03\/tec1-1.jpg?fit=670%2C447&resize=525%2C300 1,5x"},"classes":[]},{"id":973,"url":"http:\/\/ccnews.com.ar\/prensa\/1er-totem-de-ultima-generacion-que-se-instala-en-el-pais\/","url_meta":{"origin":14816,"position":5},"title":"1er Totem de \u00faltima Generaci\u00f3n que se instala en el Pa\u00eds","author":"CLUSTERciar","date":"4 agosto, 2016","format":false,"excerpt":"Las Heras-, Se emplaz\u00f3 el primer Totem en Las Heras, el mismo est\u00e1 instalado en las calles Perito Moreno y Ameghino, en pleno centro, de nuestra localidad, esta tecnolog\u00eda es de \u00faltima generaci\u00f3n, podemos decir que es el primer Totem que se instala con estas caracter\u00edsticas, en todo el territorio\u2026","rel":"","context":"En \u00abTransformaci\u00f3n digital\u00bb","block_context":{"text":"Transformaci\u00f3n digital","link":"http:\/\/ccnews.com.ar\/prensa\/category\/transformacion-digital\/"},"img":{"alt_text":"","src":"","width":0,"height":0},"classes":[]}],"jetpack_sharing_enabled":true,"_links":{"self":[{"href":"http:\/\/ccnews.com.ar\/prensa\/wp-json\/wp\/v2\/posts\/14816","targetHints":{"allow":["GET"]}}],"collection":[{"href":"http:\/\/ccnews.com.ar\/prensa\/wp-json\/wp\/v2\/posts"}],"about":[{"href":"http:\/\/ccnews.com.ar\/prensa\/wp-json\/wp\/v2\/types\/post"}],"author":[{"embeddable":true,"href":"http:\/\/ccnews.com.ar\/prensa\/wp-json\/wp\/v2\/users\/1"}],"replies":[{"embeddable":true,"href":"http:\/\/ccnews.com.ar\/prensa\/wp-json\/wp\/v2\/comments?post=14816"}],"version-history":[{"count":1,"href":"http:\/\/ccnews.com.ar\/prensa\/wp-json\/wp\/v2\/posts\/14816\/revisions"}],"predecessor-version":[{"id":14820,"href":"http:\/\/ccnews.com.ar\/prensa\/wp-json\/wp\/v2\/posts\/14816\/revisions\/14820"}],"wp:featuredmedia":[{"embeddable":true,"href":"http:\/\/ccnews.com.ar\/prensa\/wp-json\/wp\/v2\/media\/14818"}],"wp:attachment":[{"href":"http:\/\/ccnews.com.ar\/prensa\/wp-json\/wp\/v2\/media?parent=14816"}],"wp:term":[{"taxonomy":"category","embeddable":true,"href":"http:\/\/ccnews.com.ar\/prensa\/wp-json\/wp\/v2\/categories?post=14816"},{"taxonomy":"post_tag","embeddable":true,"href":"http:\/\/ccnews.com.ar\/prensa\/wp-json\/wp\/v2\/tags?post=14816"}],"curies":[{"name":"wp","href":"https:\/\/api.w.org\/{rel}","templated":true}]}}