{"id":14868,"date":"2020-03-14T08:00:49","date_gmt":"2020-03-14T11:00:49","guid":{"rendered":"http:\/\/ccnews.com.ar\/prensa\/?p=14868"},"modified":"2020-04-23T12:57:20","modified_gmt":"2020-04-23T15:57:20","slug":"coronavirus-el-precio-del-petroleo-cae-con-fuerza-en-medio-de-la-pandemia","status":"publish","type":"post","link":"http:\/\/ccnews.com.ar\/prensa\/coronavirus-el-precio-del-petroleo-cae-con-fuerza-en-medio-de-la-pandemia\/","title":{"rendered":"Coronavirus: el precio del petr\u00f3leo cae con fuerza en medio de la pandemia"},"content":{"rendered":"\n<p><strong>El barril de petr\u00f3leo\nca\u00eda hoy por segundo d\u00eda consecutivo, en medio de un descenso general en los mercados\nante el anuncio de la Organizaci\u00f3n Mundial de la Salud, que confirm\u00f3 que el\nbrote de coronavirus ya es pandemia, la prohibici\u00f3n de Estados Unidos del\ningreso de vuelos desde Europa y las medidas similares tomadas por otros\ngobiernos ante el avance del Covid-19 en m\u00e1s de 110 pa\u00edses, con m\u00e1s de 120 mil\nenfermos y cerca de 4500 muertos.<\/strong><\/p>\n\n\n\n<p>Asimismo la baja del petr\u00f3leo se ve\u00eda agravada por la\namenaza de una avalancha de suministro luego de que Arabia Saudita prometiera\nelevar la producci\u00f3n a un volumen r\u00e9cord en su enfrentamiento con Rusia.<\/p>\n\n\n\n<p>El Brent ced\u00eda 2,16 d\u00f3lares, o un 6,04%, a 33,63 d\u00f3lares el\nbarril, un poco por encima de m\u00ednimos anteriores. El contrato cay\u00f3 casi un 4% el mi\u00e9rcoles.<\/p>\n\n\n\n<p>El West Texas Intermediate bajaba 1,83 d\u00f3lares, o un 5.55%,\na 31,16 d\u00f3lares el barril despu\u00e9s de caer tambi\u00e9n 4% en la sesi\u00f3n anterior.<\/p>\n\n\n\n<p>Los dos referenciales perdieron aproximadamente un 50% desde\nlos m\u00e1ximos alcanzados en enero y el lunes tuvieron su mayor ca\u00edda de un d\u00eda\ndesde la Guerra del Golfo de 1991, despu\u00e9s de que Arabia Saudita lanzara una\nguerra de precios.<\/p>\n\n\n\n<p>La diferencia de precio entre los precios de Brent a corto y\nlargo plazo tambi\u00e9n se ampli\u00f3 al m\u00e1ximo en cinco a\u00f1os, lo que llev\u00f3 a los\noperadores a llenar los petroleros para almacenarlos para entrega posterior,\ncuando esperan que los precios subir\u00e1n.<\/p>\n\n\n\n<p>Las acciones globales tambi\u00e9n bajaban hoy despu\u00e9s de que el\npresidente de los Estados Unidos, Donald Trump, anunciara la suspensi\u00f3n de\ntodos los viajes desde Europa para contener el coronavirus.<\/p>\n\n\n\n<p>Es probable que el movimiento sorpresa signifique una nueva\nca\u00edda en la demanda por combustible para aviones y otros en un mercado de\npetr\u00f3leo ya maltratado, aunque es dif\u00edcil cuantificar cu\u00e1nto.<\/p>\n\n\n\n<p><strong>Las bolsas en Asia<\/strong><\/p>\n\n\n\n<p>Las bolsas asi\u00e1ticas tambi\u00e9n ca\u00edan hoy. La de Tokio, que ya\nhab\u00eda comenzado la sesi\u00f3n con mal pie por la ca\u00edda de Wall Street la v\u00edspera,\naumentaba las p\u00e9rdidas: en el receso de mitad de la sesi\u00f3n el \u00edndice Nikkei se\ndejaba 5,17%.<\/p>\n\n\n\n<p>Por su parte el yen, valor refugio, se apreci\u00f3 frente al\nd\u00f3lar y al euro despu\u00e9s de los anuncios de Trump, un hecho desfavorable para\nlos grupos de exportaci\u00f3n japoneses. El d\u00f3lar ca\u00eda a 103,39 yenes, frente a los\n104,55 yenes de antes del discurso de Trump y a los 104,42 yenes de la v\u00edspera.<\/p>\n\n\n\n<p>El euro subi\u00f3 a 1,1313 d\u00f3lares, contra 1,1279 d\u00f3lares del\nmi\u00e9rcoles. En Hong Kong, el \u00edndice Hang Seng ca\u00eda casi un 3%. Las bolsas de\nChina continental tambi\u00e9n comenzaban la jornada en rojo (Shangh\u00e1i -1,19%,\nShenzhen -1,6%).<\/p>\n\n\n\n<p>Fuente: Revista Petroqu\u00edmica <\/p>\n<!-- AddThis Advanced Settings generic via filter on the_content -->","protected":false},"excerpt":{"rendered":"<p>El barril de petr\u00f3leo ca\u00eda hoy por segundo d\u00eda consecutivo, en medio de un descenso general en los mercados ante<!-- AddThis Advanced Settings generic via filter on get_the_excerpt --><\/p>\n","protected":false},"author":1,"featured_media":14870,"comment_status":"closed","ping_status":"closed","sticky":false,"template":"","format":"standard","meta":{"colormag_page_container_layout":"default_layout","colormag_page_sidebar_layout":"default_layout","jetpack_post_was_ever_published":false,"_jetpack_newsletter_access":"","_jetpack_dont_email_post_to_subs":false,"_jetpack_newsletter_tier_id":0,"_jetpack_memberships_contains_paywalled_content":false,"_jetpack_memberships_contains_paid_content":false,"footnotes":"","jetpack_publicize_message":"#BuenS\u00e1bado #Inspecci\u00f3n Coronavirus: el precio del petr\u00f3leo cae con fuerza en medio de la pandemia","jetpack_publicize_feature_enabled":true,"jetpack_social_post_already_shared":true,"jetpack_social_options":{"image_generator_settings":{"template":"highway","default_image_id":0,"font":"","enabled":false},"version":2}},"categories":[1,11],"tags":[17],"class_list":["post-14868","post","type-post","status-publish","format-standard","has-post-thumbnail","hentry","category-covid-19","category-energia-y-produccion","tag-otros-medios"],"jetpack_publicize_connections":[],"jetpack_featured_media_url":"https:\/\/i0.wp.com\/ccnews.com.ar\/prensa\/wp-content\/uploads\/2020\/03\/3212027w1033-1033x570.jpg?fit=1033%2C570","jetpack_shortlink":"https:\/\/wp.me\/p7L1gj-3RO","jetpack-related-posts":[{"id":4473,"url":"http:\/\/ccnews.com.ar\/prensa\/para-ypf-la-rentabilidad-de-vaca-muerta-ya-es-mas-alta-que-la-de-campos-maduros\/","url_meta":{"origin":14868,"position":0},"title":"Para YPF, la rentabilidad de Vaca Muerta ya es m\u00e1s alta que la de campos maduros","author":"CLUSTERciar","date":"13 junio, 2017","format":false,"excerpt":"Por la optimizaci\u00f3n de los costos YPF est\u00e1 transformando su negocio de petr\u00f3leo en la Argentina. La petrolera bajo control del Estado est\u00e1 transfiriendo recursos desde sus yacimientos hist\u00f3ricos de crudo ubicados en Santa Cruz y Chubut \u2013e incluso en el norte de Neuqu\u00e9n- para acelerar el desarrollo de recursos\u2026","rel":"","context":"En \u00abEnerg\u00eda y Producci\u00f3n\u00bb","block_context":{"text":"Energ\u00eda y Producci\u00f3n","link":"http:\/\/ccnews.com.ar\/prensa\/category\/energia-y-produccion\/"},"img":{"alt_text":"","src":"https:\/\/i0.wp.com\/ccnews.com.ar\/prensa\/wp-content\/uploads\/2017\/06\/darre050617.jpg?fit=250%2C250&resize=350%2C200","width":350,"height":200},"classes":[]},{"id":14922,"url":"http:\/\/ccnews.com.ar\/prensa\/petroleo-vs-coronavirus-un-plan-b-contrarreloj-para-sostener-la-industria\/","url_meta":{"origin":14868,"position":1},"title":"Petr\u00f3leo vs coronavirus: un plan B contrarreloj para sostener la industria","author":"admin","date":"19 marzo, 2020","format":false,"excerpt":"Las provincias avanzan en pautar el precio para un barril criollo en medio de la crisis por la pandemia.\u00a0Desde las refiner\u00edas y Chubut piden que los cambios sean m\u00e1s profundos. *Por\u00a0Victoria Terzaghi\u00a0 El viernes pasado, en la v\u00edspera de la reuni\u00f3n de la Organizaci\u00f3n de Pa\u00edses Exportadores de Petr\u00f3leo (OPEP),\u00a0el\u2026","rel":"","context":"En \u00abCovid-19\u00bb","block_context":{"text":"Covid-19","link":"http:\/\/ccnews.com.ar\/prensa\/category\/covid-19\/"},"img":{"alt_text":"","src":"https:\/\/i0.wp.com\/ccnews.com.ar\/prensa\/wp-content\/uploads\/2020\/03\/Imagen-ag-nqn-loma-la-lata-bateria-shale-oi-11205177.jpg?fit=920%2C517&resize=350%2C200","width":350,"height":200,"srcset":"https:\/\/i0.wp.com\/ccnews.com.ar\/prensa\/wp-content\/uploads\/2020\/03\/Imagen-ag-nqn-loma-la-lata-bateria-shale-oi-11205177.jpg?fit=920%2C517&resize=350%2C200 1x, https:\/\/i0.wp.com\/ccnews.com.ar\/prensa\/wp-content\/uploads\/2020\/03\/Imagen-ag-nqn-loma-la-lata-bateria-shale-oi-11205177.jpg?fit=920%2C517&resize=525%2C300 1,5x, https:\/\/i0.wp.com\/ccnews.com.ar\/prensa\/wp-content\/uploads\/2020\/03\/Imagen-ag-nqn-loma-la-lata-bateria-shale-oi-11205177.jpg?fit=920%2C517&resize=700%2C400 2x"},"classes":[]},{"id":1145,"url":"http:\/\/ccnews.com.ar\/prensa\/las-claves-del-8-de-agosto-los-precios-suben-animados-por-nuevas-conversaciones-en-la-opep\/","url_meta":{"origin":14868,"position":2},"title":"Las claves del 8 de agosto: los precios suben animados por nuevas conversaciones en la OPEP","author":"CLUSTERciar","date":"8 agosto, 2016","format":false,"excerpt":"Los precios del petr\u00f3leo\u00a0vuelven a subir Los precios del petr\u00f3leo comenzaron la jornada con subidas ante la perspectiva de nuevas conversaciones en el seno de la OPEP para frenar la producci\u00f3n y ayudar a estabilizar el mercado internacional del crudo. A las 10.50 horas (GTM +2), el Brent avanzaba un\u2026","rel":"","context":"En \u00abEnerg\u00eda y Producci\u00f3n\u00bb","block_context":{"text":"Energ\u00eda y Producci\u00f3n","link":"http:\/\/ccnews.com.ar\/prensa\/category\/energia-y-produccion\/"},"img":{"alt_text":"","src":"","width":0,"height":0},"classes":[]},{"id":566,"url":"http:\/\/ccnews.com.ar\/prensa\/la-produccion-de-petroleo-de-la-opep-alcanza-su-maximo-en-27-anos\/","url_meta":{"origin":14868,"position":3},"title":"La producci\u00f3n de petr\u00f3leo de la OPEP alcanza su m\u00e1ximo en 27 a\u00f1os","author":"CLUSTERciar","date":"9 mayo, 2016","format":false,"excerpt":"A pesar de todas las tentativas de contener la producci\u00f3n de crudo, el mundo ha llegado este abril a vol\u00famenes r\u00e9cord de extracci\u00f3n de petr\u00f3leo. Los pa\u00edses miembros de la Organizaci\u00f3n de Pa\u00edses Exportadores de Petr\u00f3leo (OPEP) han incrementado la producci\u00f3n en 484.000 barriles al d\u00eda este abril, lo que\u2026","rel":"","context":"En \u00abEnerg\u00eda y Producci\u00f3n\u00bb","block_context":{"text":"Energ\u00eda y Producci\u00f3n","link":"http:\/\/ccnews.com.ar\/prensa\/category\/energia-y-produccion\/"},"img":{"alt_text":"","src":"","width":0,"height":0},"classes":[]},{"id":15294,"url":"http:\/\/ccnews.com.ar\/prensa\/derrumbe-internacional-del-petroleo-como-impactara-en-vaca-muerta-y-en-el-precio-local-de-los-combustibles\/","url_meta":{"origin":14868,"position":4},"title":"Derrumbe internacional del petr\u00f3leo: c\u00f3mo impactar\u00e1 en Vaca Muerta y en el precio local de los combustibles","author":"Editor","date":"21 abril, 2020","format":false,"excerpt":"La abrupta ca\u00edda de los precios internacionales no tendr\u00e1 un efecto directo en los precios de la nafta y el gasoil en los surtidores locales. Qu\u00e9 pasar\u00e1 con la producci\u00f3n en la Patagonia Los valores internacionales no se reflejar\u00e1n en los precios las estaciones de servicio Los precios internacionales del\u2026","rel":"","context":"En \u00abEnerg\u00eda y Producci\u00f3n\u00bb","block_context":{"text":"Energ\u00eda y Producci\u00f3n","link":"http:\/\/ccnews.com.ar\/prensa\/category\/energia-y-produccion\/"},"img":{"alt_text":"","src":"https:\/\/i0.wp.com\/ccnews.com.ar\/prensa\/wp-content\/uploads\/2020\/04\/petroleo.jpg?fit=960%2C640&resize=350%2C200","width":350,"height":200,"srcset":"https:\/\/i0.wp.com\/ccnews.com.ar\/prensa\/wp-content\/uploads\/2020\/04\/petroleo.jpg?fit=960%2C640&resize=350%2C200 1x, https:\/\/i0.wp.com\/ccnews.com.ar\/prensa\/wp-content\/uploads\/2020\/04\/petroleo.jpg?fit=960%2C640&resize=525%2C300 1,5x, https:\/\/i0.wp.com\/ccnews.com.ar\/prensa\/wp-content\/uploads\/2020\/04\/petroleo.jpg?fit=960%2C640&resize=700%2C400 2x"},"classes":[]},{"id":11055,"url":"http:\/\/ccnews.com.ar\/prensa\/chubut-tuvo-el-mejor-arranque-en-produccion-de-petroleo-de-los-ultimos-tres-anos\/","url_meta":{"origin":14868,"position":5},"title":"Chubut tuvo el mejor arranque en producci\u00f3n de petr\u00f3leo de los \u00faltimos tres a\u00f1os","author":"CLUSTERciar","date":"9 abril, 2019","format":false,"excerpt":"La producci\u00f3n de petr\u00f3leo en Chubut tuvo\u00a0el mejor arranque de los \u00faltimos tres a\u00f1os, al cotejar los datos del primer bimestre de 2019, manteniendo una\u00a0tendencia de recupero de la producci\u00f3n\u00a0que se evidenci\u00f3 a lo largo del a\u00f1o pasado. El incremento en la primera parte del a\u00f1o es de alrededor de\u2026","rel":"","context":"En \u00abEnerg\u00eda y Producci\u00f3n\u00bb","block_context":{"text":"Energ\u00eda y Producci\u00f3n","link":"http:\/\/ccnews.com.ar\/prensa\/category\/energia-y-produccion\/"},"img":{"alt_text":"","src":"https:\/\/i0.wp.com\/ccnews.com.ar\/prensa\/wp-content\/uploads\/2019\/04\/720-750x375.jpeg?fit=750%2C375&resize=350%2C200","width":350,"height":200,"srcset":"https:\/\/i0.wp.com\/ccnews.com.ar\/prensa\/wp-content\/uploads\/2019\/04\/720-750x375.jpeg?fit=750%2C375&resize=350%2C200 1x, https:\/\/i0.wp.com\/ccnews.com.ar\/prensa\/wp-content\/uploads\/2019\/04\/720-750x375.jpeg?fit=750%2C375&resize=525%2C300 1,5x, https:\/\/i0.wp.com\/ccnews.com.ar\/prensa\/wp-content\/uploads\/2019\/04\/720-750x375.jpeg?fit=750%2C375&resize=700%2C400 2x"},"classes":[]}],"jetpack_sharing_enabled":true,"_links":{"self":[{"href":"http:\/\/ccnews.com.ar\/prensa\/wp-json\/wp\/v2\/posts\/14868","targetHints":{"allow":["GET"]}}],"collection":[{"href":"http:\/\/ccnews.com.ar\/prensa\/wp-json\/wp\/v2\/posts"}],"about":[{"href":"http:\/\/ccnews.com.ar\/prensa\/wp-json\/wp\/v2\/types\/post"}],"author":[{"embeddable":true,"href":"http:\/\/ccnews.com.ar\/prensa\/wp-json\/wp\/v2\/users\/1"}],"replies":[{"embeddable":true,"href":"http:\/\/ccnews.com.ar\/prensa\/wp-json\/wp\/v2\/comments?post=14868"}],"version-history":[{"count":1,"href":"http:\/\/ccnews.com.ar\/prensa\/wp-json\/wp\/v2\/posts\/14868\/revisions"}],"predecessor-version":[{"id":14872,"href":"http:\/\/ccnews.com.ar\/prensa\/wp-json\/wp\/v2\/posts\/14868\/revisions\/14872"}],"wp:featuredmedia":[{"embeddable":true,"href":"http:\/\/ccnews.com.ar\/prensa\/wp-json\/wp\/v2\/media\/14870"}],"wp:attachment":[{"href":"http:\/\/ccnews.com.ar\/prensa\/wp-json\/wp\/v2\/media?parent=14868"}],"wp:term":[{"taxonomy":"category","embeddable":true,"href":"http:\/\/ccnews.com.ar\/prensa\/wp-json\/wp\/v2\/categories?post=14868"},{"taxonomy":"post_tag","embeddable":true,"href":"http:\/\/ccnews.com.ar\/prensa\/wp-json\/wp\/v2\/tags?post=14868"}],"curies":[{"name":"wp","href":"https:\/\/api.w.org\/{rel}","templated":true}]}}