{"id":14884,"date":"2020-03-16T09:07:28","date_gmt":"2020-03-16T12:07:28","guid":{"rendered":"http:\/\/ccnews.com.ar\/prensa\/?p=14884"},"modified":"2020-04-23T12:56:30","modified_gmt":"2020-04-23T15:56:30","slug":"covid-19-ingenieros-mexicanos-desarrollaron-una-capsula-para-transportar-a-pacientes","status":"publish","type":"post","link":"http:\/\/ccnews.com.ar\/prensa\/covid-19-ingenieros-mexicanos-desarrollaron-una-capsula-para-transportar-a-pacientes\/","title":{"rendered":"Covid-19: ingenieros   mexicanos desarrollaron una c\u00e1psula para transportar a pacientes"},"content":{"rendered":"\n<table class=\"wp-block-table\"><tbody><tr><td>Inspirado por las c\u00e1maras neonatales que sirven para proteger a los reci\u00e9n nacidos de bacterias y virus externos, M\u00e9dica XE desarroll\u00f3 la c\u00e1mara de aislamiento para evitar que escapen esos pat\u00f3genos mexicanos desarrollan c\u00e1psula para y   transportar a infectados por coronavirus.<br><br>Ante la\u00a0declaratoria\u00a0del\u00a0coronavirus\u00a0como\u00a0pandemia, todos los\u00a0pa\u00edses\u00a0del mundo est\u00e1n\u00a0tomando\u00a0diversas medidas para tratar de\u00a0contener\u00a0su\u00a0expansi\u00f3n.  <br><br>Algunas empresas\u00a0farmac\u00e9uticas\u00a0y\u00a0laboratorios\u00a0de prestigiosas\u00a0universidades\u00a0trabajan\u00a0para   encontrar una\u00a0cura contra el virus. Tambi\u00e9n\u00a0empresas   fabrican aditamentos\u00a0para\u00a0prevenir\u00a0los\u00a0contagios\u00a0como   mascarillas con filtros, guantes, trajes especiales, y otros.   <br><br>En M\u00e9xico,\u00a0la empresa\u00a0XE M\u00e9dica, compa\u00f1\u00eda de\u00a0tecnolog\u00eda   m\u00e9dica,\u00a0desarroll\u00f3\u00a0una forma de\u00a0trasportar\u00a0pacientes   infectados\u00a0con el nuevo\u00a0coronavirus, o de cualquier   otra\u00a0enfermedad infecciosa,\u00a0sin poner en riesgo\u00a0a   los equipos de respuesta y otros\u00a0trabajadores m\u00e9dicos. <br><br>Inspirado\u00a0por   las\u00a0c\u00e1maras neonatales\u00a0que sirven para\u00a0proteger\u00a0a   los\u00a0reci\u00e9n nacidos de bacterias y virus externos,\u00a0Ingenier\u00eda M\u00e9dica XE\u00a0puso la idea en reversa y\u00a0desarroll\u00f3\u00a0la\u00a0c\u00e1mara\u00a0de\u00a0aislamiento\u00a0para\u00a0evitar\u00a0que\u00a0escapen   esos pat\u00f3genos.<br><br>Ingenier\u00eda M\u00e9dica XE desarroll\u00f3 la c\u00e1mara de aislamiento para   evitar que escapen virus y bacterias (Foto: Captura de pantalla)   La c\u00e1mara\u00a0es una   c\u00e1psula pl\u00e1stica sellada\u00a0y\u00a0flexible\u00a0que tiene   un\u00a0sistema de filtro HEPA\u00a0para mantenerla inflada.<br><br>Seg\u00fan la compa\u00f1\u00eda,   el\u00a0dispositivo\u00a0es\u00a0adecuado para su uso en ambulancias,\u00a0salas de emergencia, y salas de\u00a0hospital\u00a0y\u00a0permite\u00a0a los\u00a0trabajadores m\u00e9dicos tratar a los pacientes\u00a0al tiempo que\u00a0reduce\u00a0la\u00a0posibilidad\u00a0de\u00a0propagar infecciones.  <br><br><em>\u201cQueremos proteger a nuestro personal\u00a0y tambi\u00e9n a las\u00a0personas\u00a0que   tienen que\u00a0convivir con personas infectadas&#8221;, <\/em>explic\u00f3 Fernando  Avil\u00e9s, director de Ingenier\u00eda M\u00e9dica de XE.   Hace unos d\u00edas se dio a conocer que\u00a0un equipo de investigadores\u00a0del\u00a0Hospital   Sunnybrook\u00a0perteneciente a la\u00a0Universidad McMaster\u00a0y   de la\u00a0Universidad de Toronto, ambas en la provincia de Ontario, est\u00e1n teniendo un papel en el\u00a0avance cient\u00edfico contra\u00a0el   nuevo\u00a0coronavirus\u00a0al lograr\u00a0aislar y cultivar\u00a0con   \u00e9xito\u00a0copias del virus\u00a0responsable de la enfermedad\u00a0Covid-19.   <br><br>Seg\u00fan precisan los\u00a0investigadores,   este importante\u00a0logro cient\u00edfico\u00a0que culmin\u00f3 con el\u00a0aislamiento   del virus\u00a0permitir\u00e1\u00a0a los equipos canadienses, y a los   del resto del mundo que est\u00e1n luchando contra este nuevo pat\u00f3geno,\u00a0acelerar\u00a0una\u00a0investigaci\u00f3n\u00a0para\u00a0desarrollar\u00a0mejores\u00a0pruebas   de diagn\u00f3stico\u00a0y\u00a0avanzar\u00a0en los\u00a0tratamientos\u00a0y\u00a0vacunas\u00a0contra   el coronavirus.   <br><br>En otro caso,\u00a0despu\u00e9s   de a\u00f1os de investigaci\u00f3n, el\u00a0m\u00e9dico infect\u00f3logo Peter Hotez,   y\u00a0su equipo\u00a0de cient\u00edficos del\u00a0Colegio de Medicina   de Houston, Texas, hab\u00edan\u00a0desarrollado una vacuna\u00a0para\u00a0proteger   contra una cepa mortal de coronavirus. <br><br>Corr\u00eda el a\u00f1o\u00a02016\u00a0y   el mundo estaba lejos de lo que ser\u00eda la epidemia de un nuevo coronavirus de   origen chino.   Pero\u00a0cuando   necesitaron m\u00e1s dinero\u00a0para comenzar a\u00a0probarla en humanos,   el\u00a0financiamiento\u00a0a su\u00a0investigaci\u00f3n termin\u00f3,   por lo que su\u00a0estudio\u00a0final\u00a0qued\u00f3 trunco.   <br><br>Mientras   hay una cura contra el Covid-19,\u00a0la\u00a0mejor forma de   prevenir un\u00a0contagio\u00a0de coronavirus es\u00a0usar\u00a0la\u00a0mascarilla   N95, un tipo de cubrebocas desechable que\u00a0al inhalar\u00a0un   dispositivo\u00a0filtra\u00a0las\u00a0part\u00edculas suspendidas en el   aire, lo que\u00a0incluye bacterias,\u00a0virus\u00a0y   polvo, por lo que se puede decir que es un \u201cpurificador de aire\u201d.   Sirve para\u00a0filtrar\u00a0al menos\u00a095% de part\u00edculas de   alta concentraci\u00f3n, de ah\u00ed su nombre, sin embargo, no tiene capacidad de   filtrar aceites y otros l\u00edquidos.   <br><br>Hay dos tipos: una\u00a0tiene   v\u00e1lvula\u00a0y\u00a0disminuye\u00a0la\u00a0sensaci\u00f3n\u00a0de\u00a0sofocamientos\u00a0al   contar con una apertura que permite la entrada y salida de ox\u00edgeno. Es\u00a0desechable\u00a0y   de\u00a0uso personal. Para\u00a0desecharlos\u00a0hay que\u00a0usar\u00a0una\u00a0bolsa   roja\u00a0con el\u00a0s\u00edmbolo de riesgo biol\u00f3gico, ya que\u00a0despu\u00e9s\u00a0de   su\u00a0uso se convierte\u00a0en\u00a0material contaminado.   Las mascarillas N95\u00a0son   el equipo de protecci\u00f3n m\u00e1s utilizado\u00a0en el\u00a0\u00e1mbito\u00a0de   la\u00a0salud\u00a0para\u00a0evitar\u00a0el\u00a0contagio\u00a0de\u00a0enfermedades   infecciosa.<br><br>Cualquier\u00a0trabajador\u00a0de la\u00a0salud\u00a0en\u00a0contacto   directo con pacientes de Covid-19 debe protegerse\u00a0con\u00a0mascarillas   N95, adem\u00e1s de\u00a0guantes quir\u00fargicos y goggles.   \u00a0   <br><br>Fuente: Infobae<\/td><td>\n  &nbsp;\n  <\/td><\/tr><\/tbody><\/table>\n<!-- AddThis Advanced Settings generic via filter on the_content -->","protected":false},"excerpt":{"rendered":"<p>Inspirado por las c\u00e1maras neonatales que sirven para proteger a los reci\u00e9n nacidos de bacterias y virus externos, M\u00e9dica XE<!-- AddThis Advanced Settings generic via filter on get_the_excerpt --><\/p>\n","protected":false},"author":1,"featured_media":14886,"comment_status":"closed","ping_status":"closed","sticky":false,"template":"","format":"standard","meta":{"colormag_page_container_layout":"default_layout","colormag_page_sidebar_layout":"default_layout","jetpack_post_was_ever_published":false,"_jetpack_newsletter_access":"","_jetpack_dont_email_post_to_subs":false,"_jetpack_newsletter_tier_id":0,"_jetpack_memberships_contains_paywalled_content":false,"_jetpack_memberships_contains_paid_content":false,"footnotes":"","jetpack_publicize_message":"#BuenLunes #Ingenier\u00eda Covid-19: ingenieros mexicanos desarrollaron una c\u00e1psula para transportar a pacientes","jetpack_publicize_feature_enabled":true,"jetpack_social_post_already_shared":true,"jetpack_social_options":{"image_generator_settings":{"template":"highway","default_image_id":0,"font":"","enabled":false},"version":2}},"categories":[1,3],"tags":[17],"class_list":["post-14884","post","type-post","status-publish","format-standard","has-post-thumbnail","hentry","category-covid-19","category-sustentabilidad","tag-otros-medios"],"jetpack_publicize_connections":[],"jetpack_featured_media_url":"https:\/\/i0.wp.com\/ccnews.com.ar\/prensa\/wp-content\/uploads\/2020\/03\/captura_de_pantalla_2020-03-15_a_las_12.50.11.png?fit=651%2C400","jetpack_shortlink":"https:\/\/wp.me\/p7L1gj-3S4","jetpack-related-posts":[{"id":12502,"url":"http:\/\/ccnews.com.ar\/prensa\/japon-prueba-auto-volador-que-entraria-al-mercado-en-2030\/","url_meta":{"origin":14884,"position":0},"title":"Jap\u00f3n prueba auto volador que entrar\u00eda al mercado en 2030","author":"admin","date":"11 agosto, 2019","format":false,"excerpt":"El gobierno japon\u00e9s tiene un plan: poner coches voladores en los cielos en 2030. Y por eso est\u00e1 financiando los proyectos de este tipo que llevan a cabo las empresas del pa\u00eds. Es el caso del coche volador de NEC, que hace unos d\u00edas llev\u00f3 a cabo las primeras pruebas\u2026","rel":"","context":"En \u00abTransformaci\u00f3n digital\u00bb","block_context":{"text":"Transformaci\u00f3n digital","link":"http:\/\/ccnews.com.ar\/prensa\/category\/transformacion-digital\/"},"img":{"alt_text":"","src":"https:\/\/i0.wp.com\/ccnews.com.ar\/prensa\/wp-content\/uploads\/2019\/08\/nec-nos-ensena-coche-volador-video.jpg?fit=1200%2C733&resize=350%2C200","width":350,"height":200,"srcset":"https:\/\/i0.wp.com\/ccnews.com.ar\/prensa\/wp-content\/uploads\/2019\/08\/nec-nos-ensena-coche-volador-video.jpg?fit=1200%2C733&resize=350%2C200 1x, https:\/\/i0.wp.com\/ccnews.com.ar\/prensa\/wp-content\/uploads\/2019\/08\/nec-nos-ensena-coche-volador-video.jpg?fit=1200%2C733&resize=525%2C300 1,5x, https:\/\/i0.wp.com\/ccnews.com.ar\/prensa\/wp-content\/uploads\/2019\/08\/nec-nos-ensena-coche-volador-video.jpg?fit=1200%2C733&resize=700%2C400 2x, https:\/\/i0.wp.com\/ccnews.com.ar\/prensa\/wp-content\/uploads\/2019\/08\/nec-nos-ensena-coche-volador-video.jpg?fit=1200%2C733&resize=1050%2C600 3x"},"classes":[]},{"id":9239,"url":"http:\/\/ccnews.com.ar\/prensa\/el-tunel-de-elon-musk-para-evitar-embotellamientos-en-los-angeles-estara-listo-en-diciembre\/","url_meta":{"origin":14884,"position":1},"title":"El t\u00fanel de Elon Musk para evitar embotellamientos en Los \u00c1ngeles estar\u00e1 listo en diciembre","author":"CLUSTERciar","date":"2 noviembre, 2018","format":false,"excerpt":"El sistema se complementa con un prototipo llamado skates, que pueden transportar hasta 16 personas o un auto, y que tendr\u00edan una velocidad de 250 km\/h El empresario Elon Musk anunci\u00f3 que est\u00e1 disponible el primer tramo de su red de t\u00faneles subterr\u00e1neos para evitar el congestionado tr\u00e1nsito de Los\u2026","rel":"","context":"En \u00abSustentabilidad\u00bb","block_context":{"text":"Sustentabilidad","link":"http:\/\/ccnews.com.ar\/prensa\/category\/sustentabilidad\/"},"img":{"alt_text":"","src":"https:\/\/i0.wp.com\/ccnews.com.ar\/prensa\/wp-content\/uploads\/2018\/10\/468082_landscape.jpg?fit=640%2C360&resize=350%2C200","width":350,"height":200,"srcset":"https:\/\/i0.wp.com\/ccnews.com.ar\/prensa\/wp-content\/uploads\/2018\/10\/468082_landscape.jpg?fit=640%2C360&resize=350%2C200 1x, https:\/\/i0.wp.com\/ccnews.com.ar\/prensa\/wp-content\/uploads\/2018\/10\/468082_landscape.jpg?fit=640%2C360&resize=525%2C300 1,5x"},"classes":[]},{"id":16046,"url":"http:\/\/ccnews.com.ar\/prensa\/we-health-la-transformacion-digital-al-servicio-de-la-salud-ocupacional\/","url_meta":{"origin":14884,"position":2},"title":"We.health: la transformaci\u00f3n digital al servicio de la salud ocupacional","author":"Editor","date":"11 septiembre, 2020","format":false,"excerpt":"La transformaci\u00f3n digital permite dar un salto cualitativo en la gesti\u00f3n de la salud ocupacional de empresas e instituciones. Con la aplicaci\u00f3n We.health, desarrollada por la firma Alit\u00e1Ware, obtienen beneficios tanto el empleador como los colaboradores.","rel":"","context":"En \u00abTransformaci\u00f3n digital\u00bb","block_context":{"text":"Transformaci\u00f3n digital","link":"http:\/\/ccnews.com.ar\/prensa\/category\/transformacion-digital\/"},"img":{"alt_text":"","src":"https:\/\/i0.wp.com\/ccnews.com.ar\/prensa\/wp-content\/uploads\/2020\/09\/nota.jpg?fit=816%2C409&resize=350%2C200","width":350,"height":200,"srcset":"https:\/\/i0.wp.com\/ccnews.com.ar\/prensa\/wp-content\/uploads\/2020\/09\/nota.jpg?fit=816%2C409&resize=350%2C200 1x, https:\/\/i0.wp.com\/ccnews.com.ar\/prensa\/wp-content\/uploads\/2020\/09\/nota.jpg?fit=816%2C409&resize=525%2C300 1,5x, https:\/\/i0.wp.com\/ccnews.com.ar\/prensa\/wp-content\/uploads\/2020\/09\/nota.jpg?fit=816%2C409&resize=700%2C400 2x"},"classes":[]},{"id":8773,"url":"http:\/\/ccnews.com.ar\/prensa\/la-tecnologia-para-diagnosticar-y-tratar-el-cancer-de-mama\/","url_meta":{"origin":14884,"position":3},"title":"La tecnolog\u00eda para diagnosticar y tratar el c\u00e1ncer de mama","author":"CLUSTERciar","date":"5 septiembre, 2018","format":false,"excerpt":"Profesionales de la salud de Neuqu\u00e9n y R\u00edo Negro participaron el viernes de una jornada intensiva en el Centro Onc\u00f3logico Integral. El Centro Onc\u00f3logico Integral (COI) fue sede de las Jornadas de Oncoim\u00e1genes Mamarias que convoc\u00f3 a alrededor de 60 profesionales de la\u00a0salud\u00a0de Neuqu\u00e9n y R\u00edo Negro. La actividad, que\u2026","rel":"","context":"En \u00abEducaci\u00f3n\/Sociedad\u00bb","block_context":{"text":"Educaci\u00f3n\/Sociedad","link":"http:\/\/ccnews.com.ar\/prensa\/category\/educacion-sociedad\/"},"img":{"alt_text":"","src":"https:\/\/i0.wp.com\/ccnews.com.ar\/prensa\/wp-content\/uploads\/2018\/09\/0003244137.jpg?fit=770%2C433&resize=350%2C200","width":350,"height":200,"srcset":"https:\/\/i0.wp.com\/ccnews.com.ar\/prensa\/wp-content\/uploads\/2018\/09\/0003244137.jpg?fit=770%2C433&resize=350%2C200 1x, https:\/\/i0.wp.com\/ccnews.com.ar\/prensa\/wp-content\/uploads\/2018\/09\/0003244137.jpg?fit=770%2C433&resize=525%2C300 1,5x, https:\/\/i0.wp.com\/ccnews.com.ar\/prensa\/wp-content\/uploads\/2018\/09\/0003244137.jpg?fit=770%2C433&resize=700%2C400 2x"},"classes":[]},{"id":6211,"url":"http:\/\/ccnews.com.ar\/prensa\/crean-un-implante-ocular-para-ver-el-mundo-con-realidad-aumentada\/","url_meta":{"origin":14884,"position":4},"title":"Crean un implante ocular para ver el mundo con realidad aumentada","author":"CLUSTERciar","date":"27 noviembre, 2017","format":false,"excerpt":"Se trata de lentes que se colocan quir\u00fargicamente y funcionan como una plataforma donde se pueden a\u00f1adir sensores interactivos o administrar medicaci\u00f3n. Su uso para mejorar la visi\u00f3n y corregir enfermedades degenerativas Ya existen los cascos y anteojos para disfrutar de la realidad virtual o mixta. Tambi\u00e9n hay aplicaciones que,\u2026","rel":"","context":"En \u00abTransformaci\u00f3n digital\u00bb","block_context":{"text":"Transformaci\u00f3n digital","link":"http:\/\/ccnews.com.ar\/prensa\/category\/transformacion-digital\/"},"img":{"alt_text":"","src":"","width":0,"height":0},"classes":[]},{"id":4827,"url":"http:\/\/ccnews.com.ar\/prensa\/neuquen-se-debera-desarrollar-mas-infraestructura-para-transportar-gas\/","url_meta":{"origin":14884,"position":5},"title":"NEUQU\u00c9N: SE DEBER\u00c1 DESARROLLAR M\u00c1S INFRAESTRUCTURA PARA TRANSPORTAR GAS","author":"CLUSTERciar","date":"28 julio, 2017","format":false,"excerpt":"Por ahora, no habr\u00eda problemas para transportarlo hasta el 2020. De concretarse todas las inversiones, ser\u00e1 necesario invertir para evitar un cuello de botella que complique el traslado de metros c\u00fabicos de gas. La extracci\u00f3n de gas en la cuenca neuquina, que creci\u00f3 de manera sostenida en el 2017 y\u2026","rel":"","context":"En \u00abEnerg\u00eda y Producci\u00f3n\u00bb","block_context":{"text":"Energ\u00eda y Producci\u00f3n","link":"http:\/\/ccnews.com.ar\/prensa\/category\/energia-y-produccion\/"},"img":{"alt_text":"","src":"https:\/\/i0.wp.com\/ccnews.com.ar\/prensa\/wp-content\/uploads\/2017\/07\/1500397329_792129_1500397489_noticia_normal_recorte1-3.jpg?fit=1000%2C750&resize=350%2C200","width":350,"height":200,"srcset":"https:\/\/i0.wp.com\/ccnews.com.ar\/prensa\/wp-content\/uploads\/2017\/07\/1500397329_792129_1500397489_noticia_normal_recorte1-3.jpg?fit=1000%2C750&resize=350%2C200 1x, https:\/\/i0.wp.com\/ccnews.com.ar\/prensa\/wp-content\/uploads\/2017\/07\/1500397329_792129_1500397489_noticia_normal_recorte1-3.jpg?fit=1000%2C750&resize=525%2C300 1,5x, https:\/\/i0.wp.com\/ccnews.com.ar\/prensa\/wp-content\/uploads\/2017\/07\/1500397329_792129_1500397489_noticia_normal_recorte1-3.jpg?fit=1000%2C750&resize=700%2C400 2x"},"classes":[]}],"jetpack_sharing_enabled":true,"_links":{"self":[{"href":"http:\/\/ccnews.com.ar\/prensa\/wp-json\/wp\/v2\/posts\/14884","targetHints":{"allow":["GET"]}}],"collection":[{"href":"http:\/\/ccnews.com.ar\/prensa\/wp-json\/wp\/v2\/posts"}],"about":[{"href":"http:\/\/ccnews.com.ar\/prensa\/wp-json\/wp\/v2\/types\/post"}],"author":[{"embeddable":true,"href":"http:\/\/ccnews.com.ar\/prensa\/wp-json\/wp\/v2\/users\/1"}],"replies":[{"embeddable":true,"href":"http:\/\/ccnews.com.ar\/prensa\/wp-json\/wp\/v2\/comments?post=14884"}],"version-history":[{"count":3,"href":"http:\/\/ccnews.com.ar\/prensa\/wp-json\/wp\/v2\/posts\/14884\/revisions"}],"predecessor-version":[{"id":14892,"href":"http:\/\/ccnews.com.ar\/prensa\/wp-json\/wp\/v2\/posts\/14884\/revisions\/14892"}],"wp:featuredmedia":[{"embeddable":true,"href":"http:\/\/ccnews.com.ar\/prensa\/wp-json\/wp\/v2\/media\/14886"}],"wp:attachment":[{"href":"http:\/\/ccnews.com.ar\/prensa\/wp-json\/wp\/v2\/media?parent=14884"}],"wp:term":[{"taxonomy":"category","embeddable":true,"href":"http:\/\/ccnews.com.ar\/prensa\/wp-json\/wp\/v2\/categories?post=14884"},{"taxonomy":"post_tag","embeddable":true,"href":"http:\/\/ccnews.com.ar\/prensa\/wp-json\/wp\/v2\/tags?post=14884"}],"curies":[{"name":"wp","href":"https:\/\/api.w.org\/{rel}","templated":true}]}}