{"id":15074,"date":"2020-04-02T08:33:44","date_gmt":"2020-04-02T11:33:44","guid":{"rendered":"http:\/\/ccnews.com.ar\/prensa\/?p=15074"},"modified":"2020-04-02T08:33:47","modified_gmt":"2020-04-02T11:33:47","slug":"3-estrategias-de-grandes-lideres-que-puedes-aplicar-en-tiempos-de-crisis","status":"publish","type":"post","link":"http:\/\/ccnews.com.ar\/prensa\/3-estrategias-de-grandes-lideres-que-puedes-aplicar-en-tiempos-de-crisis\/","title":{"rendered":"3 estrategias de grandes l\u00edderes que puedes aplicar en tiempos de crisis"},"content":{"rendered":"\n<p><\/p>\n\n\n\n<p><strong>La estrategia y contar con ella se vuelve clave en estos momentos en que enfrentamos una pandemia de coronavirus, que ha obligado a muchos negocios a reconvertirse.<\/strong><\/p>\n\n\n\n<p>*Por &nbsp;<strong>Octavio Noguez<\/strong><\/p>\n\n\n\n<p>Hoy en d\u00eda estamos en una oportunidad \u00fanica de\naprender a dise\u00f1ar estrategias, que nos ayuden a desarrollar como empresas un\nactivismo en contra del coronavirus, tambi\u00e9n son de gran ayuda en la gesti\u00f3n\ndel talento con el que podemos convertirnos en elementos clave en las\nactividades de las empresas donde trabajamos o en la actividades personales.<\/p>\n\n\n\n<p>Es por eso que en esta ocasi\u00f3n te mostramos 3 casos\nen que grandes l\u00edderes idearon una genial estrategia.<\/p>\n\n\n\n<p><strong>Bill Gates se centr\u00f3 en su activismo social<\/strong><\/p>\n\n\n\n<p>Bill Gates renunci\u00f3 a sus cargos directivos en\nMicrosoft, para enfocarse por completo en las actividades de su fundaci\u00f3n que\ncomparte con Melinda Gates.<\/p>\n\n\n\n<p>Esta medida es un buen ejemplo de lo relevante que\nes hoy en d\u00eda el activismo contra el coronavirus, una medida que se ha\nincrementado cada vez m\u00e1s, por el valor que tiene el desempe\u00f1o de acciones\nsociales, ante la nueva realidad del consumidor, impactado por el coronavirus,\npor lo que ha tenido que asumir medidas de confinamiento y distanciamiento\nsocial, haciendo cada vez m\u00e1s valiosas las tareas de las marcas, que se suman a\nestas actividades de contenci\u00f3n.<\/p>\n\n\n\n<p><strong>La estrategia de Steve Jobs: pedir ayuda a Microsoft<\/strong><\/p>\n\n\n\n<p>Por todos es sabido la hist\u00f3rica estrategia que\nSteve Jobs implement\u00f3 para lograr darle futuro a Apple: aceptar inversi\u00f3n de\nMicrosoft. En ese momento la lecci\u00f3n que dio es una de las m\u00e1s grandes\nsentencias en el mercado: \u201clas relaciones destructivas no ayudan a nadie\u201d.<\/p>\n\n\n\n<p>La declaraci\u00f3n de Jobs es una estrategia de\ncolaboraci\u00f3n que hoy en d\u00eda debe dar a las marcas un mayor sentido de uni\u00f3n con\nmarcas de la misma categor\u00eda en la que compite.<\/p>\n\n\n\n<p>Esto nos hace observar el valor de una marca y la\noportunidad que encuentra en unirse y comenzar a formar parejas de trabajo que\ndetonen el activismo empresarial en contra del coronavirus.<\/p>\n\n\n\n<p><strong>Marie Kondo: Organ\u00edzate<\/strong><\/p>\n\n\n\n<p>La estrategia de organizaci\u00f3n que ha promovido\nMarie Kondo, la gur\u00fa en el tema, nos recuerda lo importante que es en estos\nmomentos tener la mayor disciplina en nuestras actividades, principalmente las\nque se realizan desde casa.<\/p>\n\n\n\n<p>La organizaci\u00f3n es fundamental ahora, que se\ntrabaja desde casa y se tienen que cumplir objetivos. Desde un escritorio\nlimpio y ordenado, hasta una lista de pendientes y objetivos a cumplir se\nvuelven necesarios, pues de esta forma la organizaci\u00f3n se refleja en al\nclaridad para pensar en ideas y apuntas los objetivos se vuelve clave.<\/p>\n\n\n\n<p><strong>Organizaci\u00f3n, clave<\/strong><\/p>\n\n\n\n<p>La organizaci\u00f3n es clave para poder, de entrada,\nsaber qu\u00e9 necesitas resolver en este periodo de confinamiento que se vive, para\npoder hacer frente a la pandemia por coronavirus.<\/p>\n\n\n\n<p>El tener la claridad, te da el sentido activista\npor el que debes de apostar en estos momentos. Ser organizado, te permite\ncontar con mayor disciplina en tu trabajo diario, si es que tienes que realizar\nlabores a distancia y la colaboraci\u00f3n se convierte en estos momentos de\npandemia, en una operaci\u00f3n indispensable en el mercado para fortalecerte como\nempresa o profesional, seg\u00fan el perfil con el que cuentes.<\/p>\n\n\n\n<p><strong>Momento de diferenciarte<\/strong><\/p>\n\n\n\n<p>Una estrategia clave en estos momentos es el diferenciarse. Pensar en la gesti\u00f3n de tu talento y en el desarrollo de tu branding personal, se vuelve indispensables para concretar resultados en diversas tareas. Una de ellas es la que tiene que ver con c\u00f3mo estas aprovechando el resguardo al que estamos obligados, para enfrentar el coronavirus. Lo importante en esta actividad es generar la pauta que te ayudar\u00e1 a desempe\u00f1ar de mejor forma tu talento en cada una de las actividades que tengas que desempe\u00f1ar, ya sean sociales, econ\u00f3micas o aquellas que te ayuden en el crecimiento profesional.<\/p>\n\n\n\n<p>Fuente: Merca2.0<\/p>\n<!-- AddThis Advanced Settings generic via filter on the_content -->","protected":false},"excerpt":{"rendered":"<p>La estrategia y contar con ella se vuelve clave en estos momentos en que enfrentamos una pandemia de coronavirus, que<!-- AddThis Advanced Settings generic via filter on get_the_excerpt --><\/p>\n","protected":false},"author":1,"featured_media":15078,"comment_status":"closed","ping_status":"closed","sticky":false,"template":"","format":"standard","meta":{"colormag_page_container_layout":"default_layout","colormag_page_sidebar_layout":"default_layout","jetpack_post_was_ever_published":false,"_jetpack_newsletter_access":"","_jetpack_dont_email_post_to_subs":false,"_jetpack_newsletter_tier_id":0,"_jetpack_memberships_contains_paywalled_content":false,"_jetpack_memberships_contains_paid_content":false,"footnotes":"","jetpack_publicize_message":"#BuenJueves #Management 3 estrategias de grandes l\u00edderes que puedes aplicar en tiempos de crisis","jetpack_publicize_feature_enabled":true,"jetpack_social_post_already_shared":true,"jetpack_social_options":{"image_generator_settings":{"template":"highway","default_image_id":0,"font":"","enabled":false},"version":2}},"categories":[7],"tags":[17],"class_list":["post-15074","post","type-post","status-publish","format-standard","has-post-thumbnail","hentry","category-management","tag-otros-medios"],"jetpack_publicize_connections":[],"jetpack_featured_media_url":"https:\/\/i0.wp.com\/ccnews.com.ar\/prensa\/wp-content\/uploads\/2020\/04\/principal_CRISIS.jpg?fit=1500%2C844","jetpack_shortlink":"https:\/\/wp.me\/p7L1gj-3V8","jetpack-related-posts":[{"id":16350,"url":"http:\/\/ccnews.com.ar\/prensa\/cinco-factores-de-exito-para-la-transformacion-digital-en-2021\/","url_meta":{"origin":15074,"position":0},"title":"Cinco factores de \u00e9xito para la transformaci\u00f3n digital en 2021","author":"Editor","date":"26 noviembre, 2020","format":false,"excerpt":"Con la planificaci\u00f3n, el liderazgo y las habilidades adecuadas, las empresas pueden utilizar la transformaci\u00f3n digital para impulsar mejores ingresos y satisfacci\u00f3n del cliente en el pr\u00f3ximo a\u00f1o.","rel":"","context":"En \u00abCovid-19\u00bb","block_context":{"text":"Covid-19","link":"http:\/\/ccnews.com.ar\/prensa\/category\/covid-19\/"},"img":{"alt_text":"","src":"https:\/\/i0.wp.com\/ccnews.com.ar\/prensa\/wp-content\/uploads\/2020\/11\/transformacion-digital-gestion-riesgos-olz3zfi2maxd2tp07z6fgspis48gpm9dxwkarz5yd4.jpg?fit=696%2C364&resize=350%2C200","width":350,"height":200,"srcset":"https:\/\/i0.wp.com\/ccnews.com.ar\/prensa\/wp-content\/uploads\/2020\/11\/transformacion-digital-gestion-riesgos-olz3zfi2maxd2tp07z6fgspis48gpm9dxwkarz5yd4.jpg?fit=696%2C364&resize=350%2C200 1x, https:\/\/i0.wp.com\/ccnews.com.ar\/prensa\/wp-content\/uploads\/2020\/11\/transformacion-digital-gestion-riesgos-olz3zfi2maxd2tp07z6fgspis48gpm9dxwkarz5yd4.jpg?fit=696%2C364&resize=525%2C300 1,5x"},"classes":[]},{"id":14874,"url":"http:\/\/ccnews.com.ar\/prensa\/6-secretos-de-los-lideres-digitales-para-transformar-las-empresas\/","url_meta":{"origin":15074,"position":1},"title":"6 secretos de los l\u00edderes digitales para transformar las empresas","author":"admin","date":"15 marzo, 2020","format":false,"excerpt":"\u00bfCu\u00e1l es el secreto para aprovechar con \u00e9xito tecnolog\u00edas digitales como la inteligencia artificial, la computaci\u00f3n en la nube, blockchain, Internet de las cosas (IoT) entre otras innovaciones que est\u00e1n cambiando el mundo del trabajo? Los l\u00edderes digitales de las nuevas generaciones tienen un panorama dif\u00edcil para implementar algunas de\u2026","rel":"","context":"En \u00abManagement\u00bb","block_context":{"text":"Management","link":"http:\/\/ccnews.com.ar\/prensa\/category\/management\/"},"img":{"alt_text":"","src":"https:\/\/i0.wp.com\/ccnews.com.ar\/prensa\/wp-content\/uploads\/2020\/03\/489027.jpg?fit=880%2C495&resize=350%2C200","width":350,"height":200,"srcset":"https:\/\/i0.wp.com\/ccnews.com.ar\/prensa\/wp-content\/uploads\/2020\/03\/489027.jpg?fit=880%2C495&resize=350%2C200 1x, https:\/\/i0.wp.com\/ccnews.com.ar\/prensa\/wp-content\/uploads\/2020\/03\/489027.jpg?fit=880%2C495&resize=525%2C300 1,5x, https:\/\/i0.wp.com\/ccnews.com.ar\/prensa\/wp-content\/uploads\/2020\/03\/489027.jpg?fit=880%2C495&resize=700%2C400 2x"},"classes":[]},{"id":15778,"url":"http:\/\/ccnews.com.ar\/prensa\/se-adaptan-sobre-la-marcha-los-planes-de-sustentabilidad\/","url_meta":{"origin":15074,"position":2},"title":"Se adaptan (sobre la marcha) los planes de sustentabilidad","author":"Editor","date":"1 julio, 2020","format":false,"excerpt":"La agencia creativa done!, comprometida con generar un cambio social y ambiental positivo, present\u00f3 su informe \u201cLa sustentabilidad en tiempos de pandemia\u201d que tuvo por objetivo conocer c\u00f3mo el Covid-19 impact\u00f3 en los planes de sustentabilidad de las empresas.","rel":"","context":"En \u00abSustentabilidad\u00bb","block_context":{"text":"Sustentabilidad","link":"http:\/\/ccnews.com.ar\/prensa\/category\/sustentabilidad\/"},"img":{"alt_text":"","src":"https:\/\/i0.wp.com\/ccnews.com.ar\/prensa\/wp-content\/uploads\/2020\/07\/1552336515_archive_0_sustentabilidad1.jpg?fit=800%2C550&resize=350%2C200","width":350,"height":200,"srcset":"https:\/\/i0.wp.com\/ccnews.com.ar\/prensa\/wp-content\/uploads\/2020\/07\/1552336515_archive_0_sustentabilidad1.jpg?fit=800%2C550&resize=350%2C200 1x, https:\/\/i0.wp.com\/ccnews.com.ar\/prensa\/wp-content\/uploads\/2020\/07\/1552336515_archive_0_sustentabilidad1.jpg?fit=800%2C550&resize=525%2C300 1,5x, https:\/\/i0.wp.com\/ccnews.com.ar\/prensa\/wp-content\/uploads\/2020\/07\/1552336515_archive_0_sustentabilidad1.jpg?fit=800%2C550&resize=700%2C400 2x"},"classes":[]},{"id":15276,"url":"http:\/\/ccnews.com.ar\/prensa\/como-adaptar-tu-estrategia-de-medios-en-la-situacion-del-covid-19\/","url_meta":{"origin":15074,"position":3},"title":"C\u00f3mo adaptar tu estrategia de medios en la situaci\u00f3n del COVID-19","author":"Editor","date":"19 abril, 2020","format":false,"excerpt":"Las marcas se encuentran sumergidas en un dilema provocado por el Covid-19, plante\u00e1ndose c\u00f3mo mejorar su estrategia de medios. En esta situaci\u00f3n global de constante cambio, es dif\u00edcil saber cu\u00e1l deber\u00eda ser el pr\u00f3ximo movimiento de tu negocio. Uno de los muchos dilemas a los que se enfrentan las marcas\u2026","rel":"","context":"En \u00abCovid-19\u00bb","block_context":{"text":"Covid-19","link":"http:\/\/ccnews.com.ar\/prensa\/category\/covid-19\/"},"img":{"alt_text":"","src":"https:\/\/i0.wp.com\/ccnews.com.ar\/prensa\/wp-content\/uploads\/2020\/04\/estrategia-de-medios.png?fit=626%2C364&resize=350%2C200","width":350,"height":200,"srcset":"https:\/\/i0.wp.com\/ccnews.com.ar\/prensa\/wp-content\/uploads\/2020\/04\/estrategia-de-medios.png?fit=626%2C364&resize=350%2C200 1x, https:\/\/i0.wp.com\/ccnews.com.ar\/prensa\/wp-content\/uploads\/2020\/04\/estrategia-de-medios.png?fit=626%2C364&resize=525%2C300 1,5x"},"classes":[]},{"id":14836,"url":"http:\/\/ccnews.com.ar\/prensa\/sustentabilidad-un-elemento-clave-para-las-marcas\/","url_meta":{"origin":15074,"position":4},"title":"Sustentabilidad, un elemento clave para las marcas","author":"admin","date":"10 marzo, 2020","format":false,"excerpt":"Las nuevas generaciones ya no solo buscan el beneficio del producto, sino que ahora buscan marcas que se adapten a sus sistemas de creencias y valores. El ciclo natural de la vida implica un cambio, los consumidores, aquellos entidades a las cuales tanto desea el mercado ha sufrido un cambio\u2026","rel":"","context":"En \u00abManagement\u00bb","block_context":{"text":"Management","link":"http:\/\/ccnews.com.ar\/prensa\/category\/management\/"},"img":{"alt_text":"","src":"https:\/\/i0.wp.com\/ccnews.com.ar\/prensa\/wp-content\/uploads\/2020\/03\/sustentable-1.jpg?fit=925%2C1000&resize=350%2C200","width":350,"height":200,"srcset":"https:\/\/i0.wp.com\/ccnews.com.ar\/prensa\/wp-content\/uploads\/2020\/03\/sustentable-1.jpg?fit=925%2C1000&resize=350%2C200 1x, https:\/\/i0.wp.com\/ccnews.com.ar\/prensa\/wp-content\/uploads\/2020\/03\/sustentable-1.jpg?fit=925%2C1000&resize=525%2C300 1,5x, https:\/\/i0.wp.com\/ccnews.com.ar\/prensa\/wp-content\/uploads\/2020\/03\/sustentable-1.jpg?fit=925%2C1000&resize=700%2C400 2x"},"classes":[]},{"id":13502,"url":"http:\/\/ccnews.com.ar\/prensa\/los-desafios-de-encontrar-y-cuidar-al-nuevo-talento-digital\/","url_meta":{"origin":15074,"position":5},"title":"Los desaf\u00edos de encontrar y cuidar al nuevo talento digital","author":"admin","date":"7 noviembre, 2019","format":false,"excerpt":"Es importante tener en cuenta cu\u00e1l es el perfil y habilidades de los l\u00edderes digitales, a fin de tenerlo en claro a la hora de iniciar una b\u00fasqueda En los \u00faltimos a\u00f1os, se ha escuchado en reiteradas oportunidades que las empresas est\u00e1n transitando un proceso de transformaci\u00f3n digital. Adem\u00e1s de\u2026","rel":"","context":"En \u00abManagement\u00bb","block_context":{"text":"Management","link":"http:\/\/ccnews.com.ar\/prensa\/category\/management\/"},"img":{"alt_text":"","src":"https:\/\/i0.wp.com\/ccnews.com.ar\/prensa\/wp-content\/uploads\/2019\/11\/486399.jpg?fit=640%2C360&resize=350%2C200","width":350,"height":200,"srcset":"https:\/\/i0.wp.com\/ccnews.com.ar\/prensa\/wp-content\/uploads\/2019\/11\/486399.jpg?fit=640%2C360&resize=350%2C200 1x, https:\/\/i0.wp.com\/ccnews.com.ar\/prensa\/wp-content\/uploads\/2019\/11\/486399.jpg?fit=640%2C360&resize=525%2C300 1,5x"},"classes":[]}],"jetpack_sharing_enabled":true,"_links":{"self":[{"href":"http:\/\/ccnews.com.ar\/prensa\/wp-json\/wp\/v2\/posts\/15074","targetHints":{"allow":["GET"]}}],"collection":[{"href":"http:\/\/ccnews.com.ar\/prensa\/wp-json\/wp\/v2\/posts"}],"about":[{"href":"http:\/\/ccnews.com.ar\/prensa\/wp-json\/wp\/v2\/types\/post"}],"author":[{"embeddable":true,"href":"http:\/\/ccnews.com.ar\/prensa\/wp-json\/wp\/v2\/users\/1"}],"replies":[{"embeddable":true,"href":"http:\/\/ccnews.com.ar\/prensa\/wp-json\/wp\/v2\/comments?post=15074"}],"version-history":[{"count":2,"href":"http:\/\/ccnews.com.ar\/prensa\/wp-json\/wp\/v2\/posts\/15074\/revisions"}],"predecessor-version":[{"id":15082,"href":"http:\/\/ccnews.com.ar\/prensa\/wp-json\/wp\/v2\/posts\/15074\/revisions\/15082"}],"wp:featuredmedia":[{"embeddable":true,"href":"http:\/\/ccnews.com.ar\/prensa\/wp-json\/wp\/v2\/media\/15078"}],"wp:attachment":[{"href":"http:\/\/ccnews.com.ar\/prensa\/wp-json\/wp\/v2\/media?parent=15074"}],"wp:term":[{"taxonomy":"category","embeddable":true,"href":"http:\/\/ccnews.com.ar\/prensa\/wp-json\/wp\/v2\/categories?post=15074"},{"taxonomy":"post_tag","embeddable":true,"href":"http:\/\/ccnews.com.ar\/prensa\/wp-json\/wp\/v2\/tags?post=15074"}],"curies":[{"name":"wp","href":"https:\/\/api.w.org\/{rel}","templated":true}]}}