{"id":15342,"date":"2020-04-22T08:00:23","date_gmt":"2020-04-22T11:00:23","guid":{"rendered":"http:\/\/ccnews.com.ar\/prensa\/?p=15342"},"modified":"2020-05-29T08:20:01","modified_gmt":"2020-05-29T11:20:01","slug":"las-tecnologias-para-medir-la-movilidad-y-el-contagio-seran-esenciales-para-administrar-la-salida-de-la-cuarentena","status":"publish","type":"post","link":"http:\/\/ccnews.com.ar\/prensa\/las-tecnologias-para-medir-la-movilidad-y-el-contagio-seran-esenciales-para-administrar-la-salida-de-la-cuarentena\/","title":{"rendered":"Las tecnolog\u00edas para medir la movilidad y el contagio ser\u00e1n esenciales para administrar la salida de la cuarentena"},"content":{"rendered":"\n<p><strong>La decisi\u00f3n del presidente Alberto Fern\u00e1ndez de extender el plazo hasta el 26 de abril e ir a una fase de &#8221; cuarentena administrada &#8221; estuvo basada en datos cient\u00edficos y herramientas tecnol\u00f3gicas. Una de ellas es el \u00cdndice de Movilidad Ciudadana, desarrollado por la Universidad Nacional de San Mart\u00edn (Unsam) y la compa\u00f1\u00eda Movistar, que mide diariamente el desplazamiento f\u00edsico de los habitantes y su relaci\u00f3n con la propagaci\u00f3n del Covid-19.<\/strong><\/p>\n\n\n\n<p>Este \u00edndice &#8220;se construye utilizando las se\u00f1ales de conexi\u00f3n de\ncelulares a las antenas de la red de Movistar en todo el pa\u00eds&#8221;, explica el\nf\u00edsico Daniel de Flori\u00e1n, quien dirige este proyecto en la Unsam. &#8220;Son\ndatos an\u00f3nimos, sin ninguna informaci\u00f3n personal ni epidemiol\u00f3gica (es decir,\nno consta si las personas que se desplazan tienen el virus o no), y promediados\nsobre grandes cantidades -aclara- Lo que hacemos es analizar a qu\u00e9 antenas se\nconectan los celulares, para estimar su posici\u00f3n y desplazamiento a lo largo\ndel d\u00eda, sin la exactitud ni individualizaci\u00f3n de un GPS, pero con una\nprecisi\u00f3n suficiente para el an\u00e1lisis que realizamos&#8221;.<\/p>\n\n\n\n<p>De este modo, se elabora un promedio de kil\u00f3metros recorridos por d\u00eda, y se\ncompara con los datos de la semana del 2 al 6 de marzo, previa a la cuarentena.\nAs\u00ed se obtiene un indicador de cu\u00e1nto se redujo el desplazamiento promedio, lo\nque permite evaluar el acatamiento a las medidas de restricci\u00f3n. Herramientas\nsimilares est\u00e1n siendo implementadas en Espa\u00f1a, Brasil y otros pa\u00edses de la\nregi\u00f3n para monitorear el acatamiento a la cuarentena y la evoluci\u00f3n del virus.<\/p>\n\n\n\n<p>En conferencia de prensa, el ministro del Interior Wado de Pedro destac\u00f3\nque durante la primera fase del aislamiento social obligatorio, la circulaci\u00f3n\nde personas en todo el pa\u00eds se redujo al 30% (cay\u00f3 casi un 70% en promedio). Y\nen el comienzo de la &#8220;cuarentena administrada&#8221; aument\u00f3 levement , en\nconsonancia con las nuevas actividades liberadas (como los bancos).<\/p>\n\n\n\n<p>El IMC se combina a su vez con los datos epidemiol\u00f3gicos sobre cantidad de\nnuevos contagios, provistos por el ministerio de Salud. Y de esta forma se\npuede establecer una correlaci\u00f3n entre movilidad de las personas y expansi\u00f3n\ndel virus.<\/p>\n\n\n\n<p>&#8220;A medida que el gobierno tome medidas de flexibilizaci\u00f3n del\naislamiento, se podr\u00e1 medir c\u00f3mo evoluciona la movilidad y monitorear c\u00f3mo\nrepercute en la tasa de contagio para que no se torne exponencial&#8221;,\nexplica Horacio Mansilla, director de Big Data e Inteligencia de Negocios de\nMovistar Argentina.<\/p>\n\n\n\n<p>Esta herramienta de Big Data que est\u00e1 a disposici\u00f3n del gobierno nacional\n&#8220;no permite la individualizaci\u00f3n ni el seguimiento de personas y cumple\ncon la Ley Nacional de Protecci\u00f3n de datos&#8221;, aclara. El ejecutivo se\u00f1ala\nque se est\u00e1 evaluando su uso por parte de gobiernos locales para administrar\nuna flexibilizaci\u00f3n de la cuarentena en algunas localidades que presentan una\ntasa baja o nula de contagio.<\/p>\n\n\n\n<p><strong>Biovigilancia<\/strong><\/p>\n\n\n\n<p>El uso de aplicaciones para el celular que permiten un seguimiento\npersonalizado y cruzan datos de movilidad con epidemiol\u00f3gicos ha sido\ncontrovertido. China y Corea del Sur utilizaron estas herramientas de\nbiovigilancia para seguir a portadores del virus durante la cuarentena y se\ncree que en esto se bas\u00f3 parte del \u00e9xito en el control de la infecci\u00f3n.<\/p>\n\n\n\n<p>Pero las leyes y la cultura occidentales son diferentes, y la aparici\u00f3n de\neste tipo de soluciones tecnol\u00f3gicas despierta de este lado del mundo m\u00e1s\nsuspicacias que entusiasmo.<\/p>\n\n\n\n<p>FluPhone es una aplicaci\u00f3n desarrollada en la Universidad de Cambridge para\nque sus usuarios reporten la presencia de s\u00edntomas de gripe, y avisa a quienes\nestuvieron en contacto con ellos en las \u00faltimas dos semanas. Los investigadores\nla adaptaron a los s\u00edntomas del Coronavirus y la pusieron a disposici\u00f3n del\ngobierno y los ciudadanos, pero solo el 1% de la poblaci\u00f3n de Cambridge se la\ndescarg\u00f3 en su tel\u00e9fono, una problem\u00e1tica que enfrentan otras aplicaciones\ndonde el \u00e9xito depende de la instalaci\u00f3n voluntaria.<\/p>\n\n\n\n<p>Con el mismo esp\u00edritu colaborativo y an\u00f3nimo, desarrolladores argentinos crearon\nCoTrack, una aplicaci\u00f3n que cruza los datos de movimiento de los usuarios con\nlos casos reportados de personas contagiadas por el Covid-19. As\u00ed arma un mapa\ncon zonas &#8220;calientes&#8221; que es preferible evitar. &#8220;Los datos son\nan\u00f3nimos y voluntarios; el mapa muestra por d\u00f3nde estuvimos y qu\u00e9 tan cerca\npasamos de calles donde hay reportes (de otros voluntarios o de datos\noficiales) de personas contagiadas&#8221;, comentaron los emprendedores a LA\nNACION.<\/p>\n\n\n\n<p>La pandemia del Covid-19 fue la primera en la historia en ser detectada y\nmonitoreada por Inteligencia Artificial. Y las herramientas tecnol\u00f3gicas de\nbiovigilancia jugar\u00e1n un papel central durante y en la post cuarentena. El\ndilema ineludible es, una vez m\u00e1s, entre el control y la privacidad.<\/p>\n\n\n\n<p>*Por: Mar\u00eda Gabriela Ensinck<\/p>\n\n\n\n<p>Fuente: La Naci\u00f3n<\/p>\n<!-- AddThis Advanced Settings generic via filter on the_content -->","protected":false},"excerpt":{"rendered":"<p> decisi\u00f3n del presidente Alberto Fern\u00e1ndez de extender el plazo hasta el 26 de abril e ir a una fase de &#8221; cuarentena administrada &#8221; estuvo basada en datos cient\u00edficos y herramientas tecnol\u00f3gicas. <!-- AddThis Advanced Settings generic via filter on get_the_excerpt --><\/p>\n","protected":false},"author":5,"featured_media":15344,"comment_status":"closed","ping_status":"closed","sticky":false,"template":"","format":"standard","meta":{"colormag_page_container_layout":"default_layout","colormag_page_sidebar_layout":"default_layout","jetpack_post_was_ever_published":false,"_jetpack_newsletter_access":"","_jetpack_dont_email_post_to_subs":false,"_jetpack_newsletter_tier_id":0,"_jetpack_memberships_contains_paywalled_content":false,"_jetpack_memberships_contains_paid_content":false,"footnotes":"","jetpack_publicize_message":"#BuenMi\u00e9rcoles #Tecnolog\u00eda #COVID19 Las tecnolog\u00edas para medir la movilidad y el contagio ser\u00e1n esenciales para administrar la salida de la cuarentena","jetpack_publicize_feature_enabled":true,"jetpack_social_post_already_shared":true,"jetpack_social_options":{"image_generator_settings":{"template":"highway","default_image_id":0,"font":"","enabled":false},"version":2}},"categories":[1,5],"tags":[17],"class_list":["post-15342","post","type-post","status-publish","format-standard","has-post-thumbnail","hentry","category-covid-19","category-transformacion-digital","tag-otros-medios"],"jetpack_publicize_connections":[],"jetpack_featured_media_url":"https:\/\/i0.wp.com\/ccnews.com.ar\/prensa\/wp-content\/uploads\/2020\/04\/3240263w1033.jpg?fit=1033%2C688","jetpack_shortlink":"https:\/\/wp.me\/p7L1gj-3Zs","jetpack-related-posts":[{"id":14694,"url":"http:\/\/ccnews.com.ar\/prensa\/la-movilidad-colaborativa-y-sustentable-un-desafio-urbano-para-todos\/","url_meta":{"origin":15342,"position":0},"title":"La movilidad colaborativa y sustentable, un desaf\u00edo urbano para todos","author":"admin","date":"27 febrero, 2020","format":false,"excerpt":"Las alternativas al autom\u00f3vil particular son bienvenidas en las ciudades del presente y tambi\u00e9n lo ser\u00e1n en las del futuro. Latinoam\u00e9rica tiene cuatro de las 10 ciudades con peor tr\u00e1fico del mundo. A su vez, en la Ciudad Aut\u00f3noma de Buenos Aires, el 50% de la infraestructura de la ciudad\u2026","rel":"","context":"En \u00abEducaci\u00f3n\/Sociedad\u00bb","block_context":{"text":"Educaci\u00f3n\/Sociedad","link":"http:\/\/ccnews.com.ar\/prensa\/category\/educacion-sociedad\/"},"img":{"alt_text":"","src":"https:\/\/i0.wp.com\/ccnews.com.ar\/prensa\/wp-content\/uploads\/2020\/02\/DATA_.jpeg?fit=1024%2C683&resize=350%2C200","width":350,"height":200,"srcset":"https:\/\/i0.wp.com\/ccnews.com.ar\/prensa\/wp-content\/uploads\/2020\/02\/DATA_.jpeg?fit=1024%2C683&resize=350%2C200 1x, https:\/\/i0.wp.com\/ccnews.com.ar\/prensa\/wp-content\/uploads\/2020\/02\/DATA_.jpeg?fit=1024%2C683&resize=525%2C300 1,5x, https:\/\/i0.wp.com\/ccnews.com.ar\/prensa\/wp-content\/uploads\/2020\/02\/DATA_.jpeg?fit=1024%2C683&resize=700%2C400 2x"},"classes":[]},{"id":4127,"url":"http:\/\/ccnews.com.ar\/prensa\/propuestas-de-la-onu-para-latinoamerica-movilidad-electrica-y-generacion-distribuida\/","url_meta":{"origin":15342,"position":1},"title":"Propuestas de la ONU para Latinoam\u00e9rica: movilidad el\u00e9ctrica y generaci\u00f3n distribuida","author":"CLUSTERciar","date":"24 mayo, 2017","format":false,"excerpt":"El Programa de las Naciones Unidas para el Medio Ambiente est\u00e1 avanzando en una serie de recomendaciones para los pa\u00edses de Am\u00e9rica Latina en pos de un futuro sustentable. Proponen, como ejes del paradigma energ\u00e9tico del futuro, el uso de veh\u00edculos el\u00e9ctricos y la generaci\u00f3n distribuida mediante energ\u00edas renovables. Adem\u00e1s,\u2026","rel":"","context":"En \u00abEnerg\u00eda y Producci\u00f3n\u00bb","block_context":{"text":"Energ\u00eda y Producci\u00f3n","link":"http:\/\/ccnews.com.ar\/prensa\/category\/energia-y-produccion\/"},"img":{"alt_text":"","src":"https:\/\/i0.wp.com\/ccnews.com.ar\/prensa\/wp-content\/uploads\/2017\/05\/nota-3.jpg?fit=800%2C400&resize=350%2C200","width":350,"height":200,"srcset":"https:\/\/i0.wp.com\/ccnews.com.ar\/prensa\/wp-content\/uploads\/2017\/05\/nota-3.jpg?fit=800%2C400&resize=350%2C200 1x, https:\/\/i0.wp.com\/ccnews.com.ar\/prensa\/wp-content\/uploads\/2017\/05\/nota-3.jpg?fit=800%2C400&resize=525%2C300 1,5x, https:\/\/i0.wp.com\/ccnews.com.ar\/prensa\/wp-content\/uploads\/2017\/05\/nota-3.jpg?fit=800%2C400&resize=700%2C400 2x"},"classes":[]},{"id":15210,"url":"http:\/\/ccnews.com.ar\/prensa\/cuarentena-y-tecnologia-cuales-son-las-herramientas-y-plataformas-mas-utilizadas-en-el-aislamiento\/","url_meta":{"origin":15342,"position":2},"title":"Cuarentena y tecnolog\u00eda: cu\u00e1les son las herramientas y plataformas m\u00e1s utilizadas en el aislamiento","author":"admin","date":"12 abril, 2020","format":false,"excerpt":"Los datos fueron relevados por Telecom. Whatsapp mantiene sus niveles de uso alto y las llamadas de voz por red m\u00f3vil contin\u00faan acumulando un crecimiento sostenido. En tiempos de cuarentena, la tecnolog\u00eda se convirti\u00f3 en una aliada clave no s\u00f3lo para trabajar sino tambi\u00e9n para entretenerse y generar encuentros con\u2026","rel":"","context":"En \u00abCovid-19\u00bb","block_context":{"text":"Covid-19","link":"http:\/\/ccnews.com.ar\/prensa\/category\/covid-19\/"},"img":{"alt_text":"","src":"https:\/\/i0.wp.com\/ccnews.com.ar\/prensa\/wp-content\/uploads\/2020\/04\/Celulares.jpg?fit=850%2C560&resize=350%2C200","width":350,"height":200,"srcset":"https:\/\/i0.wp.com\/ccnews.com.ar\/prensa\/wp-content\/uploads\/2020\/04\/Celulares.jpg?fit=850%2C560&resize=350%2C200 1x, https:\/\/i0.wp.com\/ccnews.com.ar\/prensa\/wp-content\/uploads\/2020\/04\/Celulares.jpg?fit=850%2C560&resize=525%2C300 1,5x, https:\/\/i0.wp.com\/ccnews.com.ar\/prensa\/wp-content\/uploads\/2020\/04\/Celulares.jpg?fit=850%2C560&resize=700%2C400 2x"},"classes":[]},{"id":16707,"url":"http:\/\/ccnews.com.ar\/prensa\/impulsan-el-uso-de-la-bicicleta-y-la-caminata-para-mejorar-el-espacio-publico\/","url_meta":{"origin":15342,"position":3},"title":"Impulsan el uso de la bicicleta y la caminata para mejorar el espacio p\u00fablico","author":"admin","date":"6 octubre, 2021","format":false,"excerpt":"En 2020 viajaron en bicicleta 405.000 personas por d\u00eda, contra los 320.000 que lo hicieron en 2019. La incorporaci\u00f3n de ciclistas y peatones al entramado vial es uno de los desaf\u00edos actuales para las diferentes jurisdicciones, estac\u00f3 la Agencia Nacional de Seguridad Vial en la semana de la Movilidad Sustentable.","rel":"","context":"En \u00abSustentabilidad\u00bb","block_context":{"text":"Sustentabilidad","link":"http:\/\/ccnews.com.ar\/prensa\/category\/sustentabilidad\/"},"img":{"alt_text":"","src":"https:\/\/i0.wp.com\/ccnews.com.ar\/prensa\/wp-content\/uploads\/2021\/10\/tobias-cornille-ZPpC98Vus3k-unsplash.jpg?fit=1200%2C797&resize=350%2C200","width":350,"height":200,"srcset":"https:\/\/i0.wp.com\/ccnews.com.ar\/prensa\/wp-content\/uploads\/2021\/10\/tobias-cornille-ZPpC98Vus3k-unsplash.jpg?fit=1200%2C797&resize=350%2C200 1x, https:\/\/i0.wp.com\/ccnews.com.ar\/prensa\/wp-content\/uploads\/2021\/10\/tobias-cornille-ZPpC98Vus3k-unsplash.jpg?fit=1200%2C797&resize=525%2C300 1,5x, https:\/\/i0.wp.com\/ccnews.com.ar\/prensa\/wp-content\/uploads\/2021\/10\/tobias-cornille-ZPpC98Vus3k-unsplash.jpg?fit=1200%2C797&resize=700%2C400 2x, https:\/\/i0.wp.com\/ccnews.com.ar\/prensa\/wp-content\/uploads\/2021\/10\/tobias-cornille-ZPpC98Vus3k-unsplash.jpg?fit=1200%2C797&resize=1050%2C600 3x"},"classes":[]},{"id":11697,"url":"http:\/\/ccnews.com.ar\/prensa\/tecnologia-empresarial-ciudades-inteligentes\/","url_meta":{"origin":15342,"position":4},"title":"Tecnolog\u00eda empresarial: ciudades inteligentes","author":"admin","date":"7 junio, 2019","format":false,"excerpt":"Oracle estima que el mercado global para las ciudades inteligentes alcanzar\u00e1 los 1.944 millones de d\u00f3lares americanos para el a\u00f1o 2023. La ciudad inteligente es un concepto que surge de un \u00e1rea urbana que utiliza diferentes tipos de\u00a0sensores electr\u00f3nicos del internet de las cosas (IoT) para recopilar datos y luego\u2026","rel":"","context":"En \u00abTransformaci\u00f3n digital\u00bb","block_context":{"text":"Transformaci\u00f3n digital","link":"http:\/\/ccnews.com.ar\/prensa\/category\/transformacion-digital\/"},"img":{"alt_text":"","src":"https:\/\/i0.wp.com\/ccnews.com.ar\/prensa\/wp-content\/uploads\/2019\/06\/15598258315cf90da76578e924586584.jpg?fit=1200%2C561&resize=350%2C200","width":350,"height":200,"srcset":"https:\/\/i0.wp.com\/ccnews.com.ar\/prensa\/wp-content\/uploads\/2019\/06\/15598258315cf90da76578e924586584.jpg?fit=1200%2C561&resize=350%2C200 1x, https:\/\/i0.wp.com\/ccnews.com.ar\/prensa\/wp-content\/uploads\/2019\/06\/15598258315cf90da76578e924586584.jpg?fit=1200%2C561&resize=525%2C300 1,5x, https:\/\/i0.wp.com\/ccnews.com.ar\/prensa\/wp-content\/uploads\/2019\/06\/15598258315cf90da76578e924586584.jpg?fit=1200%2C561&resize=700%2C400 2x, https:\/\/i0.wp.com\/ccnews.com.ar\/prensa\/wp-content\/uploads\/2019\/06\/15598258315cf90da76578e924586584.jpg?fit=1200%2C561&resize=1050%2C600 3x"},"classes":[]},{"id":13266,"url":"http:\/\/ccnews.com.ar\/prensa\/la-hora-de-la-verdad-para-el-nuevo-cfo\/","url_meta":{"origin":15342,"position":5},"title":"La hora de la verdad para el nuevo CFO","author":"CLUSTERciar","date":"17 octubre, 2019","format":false,"excerpt":"El cambio de paradigma exige un nuevo responsable financiero que no solo se adapte a los cambios, sino que los afronte y ante todo los lidere con actitud positiva y mentalidad abierta. La era Digital aporta grandes ventajas y grandes retos a las organizaciones. Una de las ventajas m\u00e1s importantes\u2026","rel":"","context":"En \u00abManagement\u00bb","block_context":{"text":"Management","link":"http:\/\/ccnews.com.ar\/prensa\/category\/management\/"},"img":{"alt_text":"","src":"https:\/\/i0.wp.com\/ccnews.com.ar\/prensa\/wp-content\/uploads\/2019\/10\/EAEUht5VAAUyAfQ-1.jpg?fit=1200%2C795&resize=350%2C200","width":350,"height":200,"srcset":"https:\/\/i0.wp.com\/ccnews.com.ar\/prensa\/wp-content\/uploads\/2019\/10\/EAEUht5VAAUyAfQ-1.jpg?fit=1200%2C795&resize=350%2C200 1x, https:\/\/i0.wp.com\/ccnews.com.ar\/prensa\/wp-content\/uploads\/2019\/10\/EAEUht5VAAUyAfQ-1.jpg?fit=1200%2C795&resize=525%2C300 1,5x, https:\/\/i0.wp.com\/ccnews.com.ar\/prensa\/wp-content\/uploads\/2019\/10\/EAEUht5VAAUyAfQ-1.jpg?fit=1200%2C795&resize=700%2C400 2x, https:\/\/i0.wp.com\/ccnews.com.ar\/prensa\/wp-content\/uploads\/2019\/10\/EAEUht5VAAUyAfQ-1.jpg?fit=1200%2C795&resize=1050%2C600 3x"},"classes":[]}],"jetpack_sharing_enabled":true,"_links":{"self":[{"href":"http:\/\/ccnews.com.ar\/prensa\/wp-json\/wp\/v2\/posts\/15342","targetHints":{"allow":["GET"]}}],"collection":[{"href":"http:\/\/ccnews.com.ar\/prensa\/wp-json\/wp\/v2\/posts"}],"about":[{"href":"http:\/\/ccnews.com.ar\/prensa\/wp-json\/wp\/v2\/types\/post"}],"author":[{"embeddable":true,"href":"http:\/\/ccnews.com.ar\/prensa\/wp-json\/wp\/v2\/users\/5"}],"replies":[{"embeddable":true,"href":"http:\/\/ccnews.com.ar\/prensa\/wp-json\/wp\/v2\/comments?post=15342"}],"version-history":[{"count":2,"href":"http:\/\/ccnews.com.ar\/prensa\/wp-json\/wp\/v2\/posts\/15342\/revisions"}],"predecessor-version":[{"id":15456,"href":"http:\/\/ccnews.com.ar\/prensa\/wp-json\/wp\/v2\/posts\/15342\/revisions\/15456"}],"wp:featuredmedia":[{"embeddable":true,"href":"http:\/\/ccnews.com.ar\/prensa\/wp-json\/wp\/v2\/media\/15344"}],"wp:attachment":[{"href":"http:\/\/ccnews.com.ar\/prensa\/wp-json\/wp\/v2\/media?parent=15342"}],"wp:term":[{"taxonomy":"category","embeddable":true,"href":"http:\/\/ccnews.com.ar\/prensa\/wp-json\/wp\/v2\/categories?post=15342"},{"taxonomy":"post_tag","embeddable":true,"href":"http:\/\/ccnews.com.ar\/prensa\/wp-json\/wp\/v2\/tags?post=15342"}],"curies":[{"name":"wp","href":"https:\/\/api.w.org\/{rel}","templated":true}]}}