{"id":15356,"date":"2020-04-23T09:05:33","date_gmt":"2020-04-23T12:05:33","guid":{"rendered":"http:\/\/ccnews.com.ar\/prensa\/?p=15356"},"modified":"2020-05-29T08:20:00","modified_gmt":"2020-05-29T11:20:00","slug":"dia-de-la-responsabilidad-social-como-seguir-adelante-en-tiempos-de-pandemia","status":"publish","type":"post","link":"http:\/\/ccnews.com.ar\/prensa\/dia-de-la-responsabilidad-social-como-seguir-adelante-en-tiempos-de-pandemia\/","title":{"rendered":"D\u00eda de la Responsabilidad Social: c\u00f3mo seguir adelante en tiempos de pandemia"},"content":{"rendered":"\n<p><strong>En medio de la crisis por el COVID-19, hoy se\ncelebra en la Argentina el D\u00eda de la Responsabilidad Social, y <em>CCNews<\/em> dialog\u00f3 con Andrea Segovia,\nPresidente y Directora Ejecutiva de Fundaci\u00f3n Potenciar, una instituci\u00f3n que\ncanaliza la responsabilidad social de empresas.<\/strong><\/p>\n\n\n\n<p><strong>Desde el a\u00f1o 2009, <\/strong>cada\n23 de abril se celebra en la Argentina el D\u00eda de la Responsabilidad Social, en\nconmemoraci\u00f3n a la fecha en que el pa\u00eds se adhiri\u00f3 a los principios universales\ndel Pacto Global de Naciones Unidas. Este a\u00f1o, la jornada est\u00e1 atravesada por la\ncrisis sanitaria, econ\u00f3mica y social que impacta al mundo, y pone a prueba la\ncapacidad de adaptaci\u00f3n de las organizaciones para seguir implementando\nacciones sociales. En este contexto, <em>CCNews<\/em>\nconvers\u00f3 con Andrea Segovia, Presidente y Directora Ejecutiva de Fundaci\u00f3n\nPotenciar, una instituci\u00f3n que canaliza la responsabilidad social de empresas\ncomprometidas con la educaci\u00f3n y con el desarrollo de las personas.<\/p>\n\n\n\n<p>&#8220;Desde hace 14 a\u00f1os cumplimos\nnuestro rol a trav\u00e9s de programas de formaci\u00f3n en valores para ni\u00f1os y\nadolescentes, becas para alumnos de nuestro instituto terciario \u2013Potenciar\nEducaci\u00f3n Superior\u2013 y capacitaciones para empleados de empresas&#8221;, se\u00f1al\u00f3\nSegovia. &#8220;Adem\u00e1s, junto al Club Cipolletti fundamos un colegio \u2013el\nInstituto Potenciar Albinegro\u2013 que cuenta con el apoyo de compa\u00f1\u00edas privadas&#8221;,\nremarc\u00f3. Durante el per\u00edodo de aislamiento social, algunas de estas actividades\nno pueden ser implementadas y otras han requerido un esfuerzo extra que garantice\nsu continuidad.<\/p>\n\n\n\n<p>&#8220;La formaci\u00f3n en valores solo puede realizarse de forma presencial, ya que se realiza en clubes deportivos, pero la actividad educativa s\u00ed la estamos desarrollando de modo <em>online<\/em>,&#8221; afirm\u00f3 Segovia. Para ello, la fundaci\u00f3n desarroll\u00f3 en tiempo r\u00e9cord una plataforma que permite a las docentes del Instituto Potenciar Albinegro subir clases, videos y tareas, tanto en ense\u00f1anza inicial como primaria, mientras un chat de consulta brinda la posibilidad de resolver dudas tanto a los alumnos como a sus padres. &#8220;En el instituto terciario, las clases tambi\u00e9n las impartimos <em>online,<\/em> pero en vivo, de forma sincr\u00f3nica, ya que esta modalidad tiene una mejor recepci\u00f3n en alumnos adultos&#8221;, indic\u00f3.<\/p>\n\n\n\n<figure class=\"wp-block-image\"><img loading=\"lazy\" decoding=\"async\" width=\"2000\" height=\"1333\" data-attachment-id=\"15370\" data-permalink=\"http:\/\/ccnews.com.ar\/prensa\/dia-de-la-responsabilidad-social-como-seguir-adelante-en-tiempos-de-pandemia\/business-woman-working-on-laptop\/\" data-orig-file=\"https:\/\/i0.wp.com\/ccnews.com.ar\/prensa\/wp-content\/uploads\/2020\/04\/FP.jpg?fit=2000%2C1333\" data-orig-size=\"2000,1333\" data-comments-opened=\"0\" data-image-meta=\"{&quot;aperture&quot;:&quot;4&quot;,&quot;credit&quot;:&quot;SARAWUT SUKSAO&quot;,&quot;camera&quot;:&quot;Canon EOS 7D&quot;,&quot;caption&quot;:&quot;Business woman typing on keyboard laptop working on business report. The blank screen with copy space for your text or advertising content. Selective focus.&quot;,&quot;created_timestamp&quot;:&quot;1474191138&quot;,&quot;copyright&quot;:&quot;&quot;,&quot;focal_length&quot;:&quot;65&quot;,&quot;iso&quot;:&quot;400&quot;,&quot;shutter_speed&quot;:&quot;0,05&quot;,&quot;title&quot;:&quot;Business woman working on laptop.&quot;,&quot;orientation&quot;:&quot;1&quot;}\" data-image-title=\"Business woman working on laptop.\" data-image-description=\"\" data-image-caption=\"&lt;p&gt;Business woman typing on keyboard laptop working on business report. The blank screen with copy space for your text or advertising content. Selective focus.&lt;\/p&gt;\n\" data-large-file=\"https:\/\/i0.wp.com\/ccnews.com.ar\/prensa\/wp-content\/uploads\/2020\/04\/FP.jpg?fit=800%2C533\" src=\"https:\/\/i1.wp.com\/ccnews.com.ar\/prensa\/wp-content\/uploads\/2020\/04\/FP.jpg?fit=800%2C533\" alt=\"\" class=\"wp-image-15370\" srcset=\"https:\/\/i0.wp.com\/ccnews.com.ar\/prensa\/wp-content\/uploads\/2020\/04\/FP.jpg?w=2000 2000w, https:\/\/i0.wp.com\/ccnews.com.ar\/prensa\/wp-content\/uploads\/2020\/04\/FP.jpg?resize=300%2C200 300w, https:\/\/i0.wp.com\/ccnews.com.ar\/prensa\/wp-content\/uploads\/2020\/04\/FP.jpg?resize=768%2C512 768w, https:\/\/i0.wp.com\/ccnews.com.ar\/prensa\/wp-content\/uploads\/2020\/04\/FP.jpg?resize=1024%2C682 1024w, https:\/\/i0.wp.com\/ccnews.com.ar\/prensa\/wp-content\/uploads\/2020\/04\/FP.jpg?w=1600 1600w\" sizes=\"auto, (max-width: 800px) 100vw, 800px\" \/><\/figure>\n\n\n\n<p>La experiencia viene resultando\nexitosa. &#8220;Fue excelente la respuesta de docentes, alumnos y padres. Al\nprincipio estaban a la expectativa ante lo desconocido. Pero, despu\u00e9s, a todos\nle gust\u00f3. Realmente era necesario que pasara algo as\u00ed para darse cuenta de lo\nnecesario que es el avance tecnol\u00f3gico&#8221;, detall\u00f3 la Directora Ejecutiva, y\nexplic\u00f3: &#8220;A todos nos demostr\u00f3 que hay otra manera de hacer las cosas y\nque los resultados se pueden conseguir igual. Ahora depender\u00e1 de que cada uno\nquiera tomar esta nueva forma de ense\u00f1anza y aprovecharla como una oportunidad\npara el progreso&#8221;. <\/p>\n\n\n\n<p>La educaci\u00f3n <em>online<\/em> enfrenta un mayor desaf\u00edo en las comunidades m\u00e1s vulnerables.\nEn este entorno, seg\u00fan Segovia, el concepto de vulnerabilidad no se da\nexclusivamente por el factor econ\u00f3mico. &#8220;Hoy todos los chicos, vivan donde\nvivan, tienen un celular con WhatsApp. Y si tienen conexi\u00f3n para chatear, tambi\u00e9n\nla tienen para estudiar. El tema es que quieran hacerlo \u2013coment\u00f3 y agreg\u00f3\u2013: Entonces,\nesos chicos son vulnerables porque no fueron educados ni formados con esa\nconciencia, y de esto hago responsable al Estado. Lo econ\u00f3mico viene despu\u00e9s,\nporque si los educamos, tendr\u00e1n herramientas para salir adelante. En cambio, si\nno les damos educaci\u00f3n, su situaci\u00f3n econ\u00f3mica nunca va a cambiar&#8221;. <\/p>\n\n\n\n<p>Otra actividad que la fundaci\u00f3n realiz\u00f3\ndurante la cuarentena fue una capacitaci\u00f3n <em>online,<\/em>\ngratuita y abierta al p\u00fablico, sobre prevenci\u00f3n del COVID-19. El evento, organizado\npor FEDEFA (Federaci\u00f3n de Fundaciones Argentinas), estuvo a cargo de la Dra.\nLorena Maero, M\u00e9dica en Medicina Laboral de CLUSTERciar, un grupo de empresas\nque canaliza su responsabilidad social a trav\u00e9s de Fundaci\u00f3n Potenciar. &#8220;A\npartir del voluntariado corporativo, la Dra. Maero don\u00f3 sus conocimientos, su\ntiempo y su trabajo para brindar esta charla&#8221;, subray\u00f3 la Directora\nEjecutiva de la fundaci\u00f3n. <\/p>\n\n\n\n<p>Por \u00faltimo, el escenario que surgir\u00e1 despu\u00e9s de la pandemia plantear\u00e1 nuevos desaf\u00edos para la responsabilidad social. Seg\u00fan Segovia, esta deber\u00eda orientarse a despertar una mayor conciencia social y una mayor convicci\u00f3n de que hace falta dar m\u00e1s por el pr\u00f3jimo. &#8220;En estos desaf\u00edos, ser\u00eda bueno que las instituciones estatales nos acompa\u00f1en a los privados, ya que hoy se visualiza que las fundaciones est\u00e1n cubriendo carencias que le corresponde cubrir al Estado. Entonces, es necesario que el Estado se haga eco de estas necesidades y apoye el trabajo de las fundaciones, y no para conseguir votos, sino porque entienda las problem\u00e1ticas sociales que hay que cubrir&#8221;, concluy\u00f3.<\/p>\n\n\n\n<p>Fuente: CCNews<\/p>\n<!-- AddThis Advanced Settings generic via filter on the_content -->","protected":false},"excerpt":{"rendered":"<p>En medio de la crisis por el COVID-19, hoy se celebra en la Argentina el D\u00eda de la Responsabilidad Social, y CCNews dialog\u00f3 con Andrea Segovia, Presidente y Directora Ejecutiva de Fundaci\u00f3n Potenciar, una instituci\u00f3n que canaliza la responsabilidad social de empresas.<!-- AddThis Advanced Settings generic via filter on get_the_excerpt --><\/p>\n","protected":false},"author":5,"featured_media":15406,"comment_status":"closed","ping_status":"closed","sticky":false,"template":"","format":"standard","meta":{"colormag_page_container_layout":"default_layout","colormag_page_sidebar_layout":"default_layout","jetpack_post_was_ever_published":false,"_jetpack_newsletter_access":"","_jetpack_dont_email_post_to_subs":false,"_jetpack_newsletter_tier_id":0,"_jetpack_memberships_contains_paywalled_content":false,"_jetpack_memberships_contains_paid_content":false,"footnotes":"","jetpack_publicize_message":"#BuenJueves #RSE #Sociedad #COVID19 D\u00eda de la Responsabilidad Social: c\u00f3mo seguir adelante en tiempos de pandemia","jetpack_publicize_feature_enabled":true,"jetpack_social_post_already_shared":true,"jetpack_social_options":{"image_generator_settings":{"template":"highway","default_image_id":0,"font":"","enabled":false},"version":2}},"categories":[1,19],"tags":[13],"class_list":["post-15356","post","type-post","status-publish","format-standard","has-post-thumbnail","hentry","category-covid-19","category-educacion-sociedad","tag-ccnews"],"jetpack_publicize_connections":[],"jetpack_featured_media_url":"https:\/\/i0.wp.com\/ccnews.com.ar\/prensa\/wp-content\/uploads\/2020\/04\/nota-4.jpg?fit=816%2C426","jetpack_shortlink":"https:\/\/wp.me\/p7L1gj-3ZG","jetpack-related-posts":[{"id":10077,"url":"http:\/\/ccnews.com.ar\/prensa\/una-escuela-de-educacion-integral-se-abre-en-el-club-cipolletti\/","url_meta":{"origin":15356,"position":0},"title":"Una escuela de educaci\u00f3n integral se abre en el Club Cipolletti","author":"CLUSTERciar","date":"24 enero, 2019","format":false,"excerpt":"Se trata del Instituto Potenciar Albinegro, una instituci\u00f3n educativa creada por Fundaci\u00f3n Potenciar y el Club Cipolletti, donde los alumnos se formar\u00e1n a trav\u00e9s de valores humanos, deportes, tecnolog\u00eda, innovaci\u00f3n e idioma. Las clases comienzan en marzo, y ya est\u00e1n abiertas las inscripciones. El Alto Valle del R\u00edo Negro celebra\u2026","rel":"","context":"En \u00abEducaci\u00f3n\/Sociedad\u00bb","block_context":{"text":"Educaci\u00f3n\/Sociedad","link":"http:\/\/ccnews.com.ar\/prensa\/category\/educacion-sociedad\/"},"img":{"alt_text":"","src":"https:\/\/i0.wp.com\/ccnews.com.ar\/prensa\/wp-content\/uploads\/2019\/01\/nota.jpg?fit=803%2C404&resize=350%2C200","width":350,"height":200,"srcset":"https:\/\/i0.wp.com\/ccnews.com.ar\/prensa\/wp-content\/uploads\/2019\/01\/nota.jpg?fit=803%2C404&resize=350%2C200 1x, https:\/\/i0.wp.com\/ccnews.com.ar\/prensa\/wp-content\/uploads\/2019\/01\/nota.jpg?fit=803%2C404&resize=525%2C300 1,5x, https:\/\/i0.wp.com\/ccnews.com.ar\/prensa\/wp-content\/uploads\/2019\/01\/nota.jpg?fit=803%2C404&resize=700%2C400 2x"},"classes":[]},{"id":2827,"url":"http:\/\/ccnews.com.ar\/prensa\/integridad-de-ductos-y-tanques-6-responsabilidad-juridica-y-social\/","url_meta":{"origin":15356,"position":1},"title":"Integridad de Ductos y Tanques &#8211; #6 Responsabilidad jur\u00eddica y social","author":"CLUSTERciar","date":"24 enero, 2017","format":false,"excerpt":"\u00bfQu\u00e9 es MIE? MIE, es la sigla de:\u00a0 Mantenimiento e Integridad de Instalaciones y Equipos Y en t\u00e9rminos generales la Integridad de equipos e instalaciones aporta ayudando a pensar, de la mejor manera posible, para que se tomen las decisiones correctas, prolongando la vida \u00fatil de los equipos. Atendiendo cada\u2026","rel":"","context":"En \u00abEnerg\u00eda y Producci\u00f3n\u00bb","block_context":{"text":"Energ\u00eda y Producci\u00f3n","link":"http:\/\/ccnews.com.ar\/prensa\/category\/energia-y-produccion\/"},"img":{"alt_text":"","src":"","width":0,"height":0},"classes":[]},{"id":2511,"url":"http:\/\/ccnews.com.ar\/prensa\/la-clave-de-la-rse-para-ganarse-la-confianza-de-empleados-o-clientes\/","url_meta":{"origin":15356,"position":2},"title":"La clave de la RSE para ganarse la confianza de empleados o clientes","author":"CLUSTERciar","date":"14 diciembre, 2016","format":false,"excerpt":"Presidente de CaixaBank y profesor del IESE, defendi\u00f3 las reglas \u00e9ticas y la RSC en la gesti\u00f3n de empresas durante sesi\u00f3n de IESE. \"No basta con cumplir con la legalidad, las decisiones que tomamos en las compa\u00f1\u00edas tienen grandes repercusiones en los empleados, clientes y toda la sociedad. Para tomar\u2026","rel":"","context":"En \u00abManagement\u00bb","block_context":{"text":"Management","link":"http:\/\/ccnews.com.ar\/prensa\/category\/management\/"},"img":{"alt_text":"","src":"https:\/\/i0.wp.com\/ccnews.com.ar\/prensa\/wp-content\/uploads\/2016\/11\/pexels-photo-29675.jpg?fit=753%2C377&resize=350%2C200","width":350,"height":200,"srcset":"https:\/\/i0.wp.com\/ccnews.com.ar\/prensa\/wp-content\/uploads\/2016\/11\/pexels-photo-29675.jpg?fit=753%2C377&resize=350%2C200 1x, https:\/\/i0.wp.com\/ccnews.com.ar\/prensa\/wp-content\/uploads\/2016\/11\/pexels-photo-29675.jpg?fit=753%2C377&resize=525%2C300 1,5x, https:\/\/i0.wp.com\/ccnews.com.ar\/prensa\/wp-content\/uploads\/2016\/11\/pexels-photo-29675.jpg?fit=753%2C377&resize=700%2C400 2x"},"classes":[]},{"id":4753,"url":"http:\/\/ccnews.com.ar\/prensa\/clusterciar-cumple-25-anos-de-compromiso-con-las-empresas-y-conexion-con-la-sociedad\/","url_meta":{"origin":15356,"position":3},"title":"CLUSTERciar cumple 25 a\u00f1os de compromiso con las empresas  y conexi\u00f3n con la sociedad","author":"CLUSTERciar","date":"19 julio, 2017","format":false,"excerpt":"CLUSTERciar es un equipo de cuatro organizaciones que trabajan en forma estrat\u00e9gica, con visi\u00f3n empresaria y con sensibilidad social. Ofrece soluciones de ingenier\u00eda, tecnolog\u00eda de la informaci\u00f3n, inspecci\u00f3n y management, y realiza actividades educativas y socio-formativas para el desarrollo de la comunidad. En julio celebra sus 25 a\u00f1os de vida,\u2026","rel":"","context":"En \u00abManagement\u00bb","block_context":{"text":"Management","link":"http:\/\/ccnews.com.ar\/prensa\/category\/management\/"},"img":{"alt_text":"12","src":"https:\/\/i0.wp.com\/clusterciarnews.com.ar\/prensa\/wp-content\/uploads\/2017\/07\/12-1024x512.jpg?resize=350%2C200","width":350,"height":200,"srcset":"https:\/\/i0.wp.com\/clusterciarnews.com.ar\/prensa\/wp-content\/uploads\/2017\/07\/12-1024x512.jpg?resize=350%2C200 1x, https:\/\/i0.wp.com\/clusterciarnews.com.ar\/prensa\/wp-content\/uploads\/2017\/07\/12-1024x512.jpg?resize=525%2C300 1,5x, https:\/\/i0.wp.com\/clusterciarnews.com.ar\/prensa\/wp-content\/uploads\/2017\/07\/12-1024x512.jpg?resize=700%2C400 2x"},"classes":[]},{"id":13245,"url":"http:\/\/ccnews.com.ar\/prensa\/como-la-responsabilidad-social-empresarial-puede-impulsar-tu-empresa\/","url_meta":{"origin":15356,"position":4},"title":"C\u00f3mo la Responsabilidad Social Empresarial puede impulsar tu empresa","author":"admin","date":"14 octubre, 2019","format":false,"excerpt":"Las pol\u00edticas de RSC y RSE estar\u00e1n marcadas por la sostenibilidad y la transparencia durante 2019. La responsabilidad social empresarial (RSE), tambi\u00e9n llamada responsabilidad social corporativa (RSC) o inversi\u00f3n socialmente corporativa, se define como la contribuci\u00f3n activa y voluntaria al mejoramiento social, econ\u00f3mico y ambiental por parte de las empresas,\u2026","rel":"","context":"En \u00abEducaci\u00f3n\/Sociedad\u00bb","block_context":{"text":"Educaci\u00f3n\/Sociedad","link":"http:\/\/ccnews.com.ar\/prensa\/category\/educacion-sociedad\/"},"img":{"alt_text":"","src":"https:\/\/i0.wp.com\/ccnews.com.ar\/prensa\/wp-content\/uploads\/2019\/10\/investimento-social.png?fit=900%2C600&resize=350%2C200","width":350,"height":200,"srcset":"https:\/\/i0.wp.com\/ccnews.com.ar\/prensa\/wp-content\/uploads\/2019\/10\/investimento-social.png?fit=900%2C600&resize=350%2C200 1x, https:\/\/i0.wp.com\/ccnews.com.ar\/prensa\/wp-content\/uploads\/2019\/10\/investimento-social.png?fit=900%2C600&resize=525%2C300 1,5x, https:\/\/i0.wp.com\/ccnews.com.ar\/prensa\/wp-content\/uploads\/2019\/10\/investimento-social.png?fit=900%2C600&resize=700%2C400 2x"},"classes":[]},{"id":390,"url":"http:\/\/ccnews.com.ar\/prensa\/el-80-del-valor-de-las-companias-son-intangibles-como-la-reputacion\/","url_meta":{"origin":15356,"position":5},"title":"El 80% del valor de las compa\u00f1\u00edas son intangibles como la reputaci\u00f3n","author":"CLUSTERciar","date":"4 abril, 2016","format":false,"excerpt":"El presidente de Seres afirma que el compromiso social corporativo y el buen gobierno de las empresas resulta rentable Francisco Rom\u00e1n, presidente de Vodafone, afronta su primer mandato como presidente de Seres, la fundaci\u00f3n sin \u00e1nimo de lucro cuya funci\u00f3n es promover y ampliar el compromiso social corporativo y el\u2026","rel":"","context":"En \u00abManagement\u00bb","block_context":{"text":"Management","link":"http:\/\/ccnews.com.ar\/prensa\/category\/management\/"},"img":{"alt_text":"Formar Valores, una necesidad social Argentina","src":"http:\/\/clusterciar.com.ar\/wp\/wp-content\/uploads\/2016\/01\/Nueva-imagen-de-mapa-de-bits.bmp","width":350,"height":200},"classes":[]}],"jetpack_sharing_enabled":true,"_links":{"self":[{"href":"http:\/\/ccnews.com.ar\/prensa\/wp-json\/wp\/v2\/posts\/15356","targetHints":{"allow":["GET"]}}],"collection":[{"href":"http:\/\/ccnews.com.ar\/prensa\/wp-json\/wp\/v2\/posts"}],"about":[{"href":"http:\/\/ccnews.com.ar\/prensa\/wp-json\/wp\/v2\/types\/post"}],"author":[{"embeddable":true,"href":"http:\/\/ccnews.com.ar\/prensa\/wp-json\/wp\/v2\/users\/5"}],"replies":[{"embeddable":true,"href":"http:\/\/ccnews.com.ar\/prensa\/wp-json\/wp\/v2\/comments?post=15356"}],"version-history":[{"count":3,"href":"http:\/\/ccnews.com.ar\/prensa\/wp-json\/wp\/v2\/posts\/15356\/revisions"}],"predecessor-version":[{"id":15448,"href":"http:\/\/ccnews.com.ar\/prensa\/wp-json\/wp\/v2\/posts\/15356\/revisions\/15448"}],"wp:featuredmedia":[{"embeddable":true,"href":"http:\/\/ccnews.com.ar\/prensa\/wp-json\/wp\/v2\/media\/15406"}],"wp:attachment":[{"href":"http:\/\/ccnews.com.ar\/prensa\/wp-json\/wp\/v2\/media?parent=15356"}],"wp:term":[{"taxonomy":"category","embeddable":true,"href":"http:\/\/ccnews.com.ar\/prensa\/wp-json\/wp\/v2\/categories?post=15356"},{"taxonomy":"post_tag","embeddable":true,"href":"http:\/\/ccnews.com.ar\/prensa\/wp-json\/wp\/v2\/tags?post=15356"}],"curies":[{"name":"wp","href":"https:\/\/api.w.org\/{rel}","templated":true}]}}