{"id":15778,"date":"2020-07-01T09:26:00","date_gmt":"2020-07-01T12:26:00","guid":{"rendered":"http:\/\/ccnews.com.ar\/prensa\/?p=15778"},"modified":"2020-07-01T09:38:48","modified_gmt":"2020-07-01T12:38:48","slug":"se-adaptan-sobre-la-marcha-los-planes-de-sustentabilidad","status":"publish","type":"post","link":"http:\/\/ccnews.com.ar\/prensa\/se-adaptan-sobre-la-marcha-los-planes-de-sustentabilidad\/","title":{"rendered":"Se adaptan (sobre la marcha) los planes de sustentabilidad"},"content":{"rendered":"\n<p><strong>La agencia creativa done!, comprometida con generar un cambio social y ambiental positivo, present\u00f3 su informe \u201cLa sustentabilidad en tiempos de pandemia\u201d que tuvo por objetivo conocer c\u00f3mo el Covid-19 impact\u00f3 en los planes de sustentabilidad de las empresas. <\/strong><\/p>\n\n\n\n<p>La consulta se realiz\u00f3 en mayo, y participaron 20 empresas l\u00edderes de Argentina, entre las cu\u00e1les se encuentran Mercado Libre, Danone, Unilever, Andreani, Arcos Dorados, Grupo San Crist\u00f3bal, Total Austral, Ra\u00edzen y Godrej, entre otras.<\/p>\n\n\n\n<p>\n\n\n\nUno de los resultados m\u00e1s destacados de la consulta fue que menos del 30% de\nlos encuestados afirm\u00f3 que la pandemia tuvo consecuencias puramente negativas\npara su organizaci\u00f3n y hasta 33% reconoci\u00f3 que fue una oportunidad. El\nporcentaje restante consider\u00f3 que, si bien hubo consecuencias negativas, hubo\naspectos que se vieron muy favorecidos. En relaci\u00f3n al efecto generado en la\ngesti\u00f3n de sustentabilidad, las tres cuartas partes de los encuestados (72%)\nafirmaron que debieron modificar la estrategia y el plan anual.<\/p>\n\n\n\n<p>Entre los cambios que se\ntuvieron que implementar se mencionan como los m\u00e1s importantes: el\nredireccionamiento del presupuesto a inversi\u00f3n social y a ayudar a la\ncomunidad. Sin embargo, menos de la quinta parte de los encuestados (17%)\nincrement\u00f3 el presupuesto del \u00e1rea, e inclusive, en el mismo porcentaje,\ntuvieron reducciones. Por otra parte, casi el 70% de estas empresas desarroll\u00f3\nuna estrategia especial de Covid-19 desde el \u00e1rea de sustentabilidad,\nprincipalmente enfocadas en la comunidad (96%) y los empleados (76%). Otros\ngrupos de inter\u00e9s objetivo de estas estrategias fueron los clientes (47%) y\nproveedores (35%).<\/p>\n\n\n\n<p>\u201cCon este informe quisimos\nentender la importancia de contar con una visi\u00f3n y una estrategia de\nsustentabilidad en este escenario tan particular. El 95% las empresas\nconsultadas consider\u00f3 que haber contado con una visi\u00f3n de sostenibilidad\nincorporada en el proceso de toma de decisiones y una estrategia s\u00f3lida en\nmateria social, les permiti\u00f3 responder con agilidad y dar una respuesta en el\ncontexto de la pandemia\u201d, coment\u00f3 Marian Ventura, fundadora y CEO dedone!<\/p>\n\n\n\n<p>Las empresas consultadas,\na trav\u00e9s de sus responsables y l\u00edderes de las \u00e1reas en cuesti\u00f3n, enumeraron\ncaracter\u00edsticas que consideraron importantes y que los ayudaron a hacer frente\na situaciones de crisis, como fue, y aun es, la pandemia.<\/p>\n\n\n\n<ul class=\"wp-block-list\"><li>Contar con planes de continuidad de negocio<\/li><li>Metodolog\u00edas \u00e1giles y flexibilidad que facilitan el trabajo\nremoto<\/li><li>Visi\u00f3n integrada y sist\u00e9mica de los procesos de la organizaci\u00f3n<\/li><li>V\u00ednculos, di\u00e1logo y relacionamiento previo con los actores de la\ncomunidad<\/li><li>Capacidad y experiencia en el trabajo articulado y de alianzas.<\/li><\/ul>\n\n\n\n<p>\u201cTener aceitado procesos y\npol\u00edticas; haber desarrollado previamente metodolog\u00edas de trabajo remoto;\ncontar con herramientas tecnol\u00f3gicas necesarias para trabajar de manera\nefectiva; tener una cultura basada en la autonom\u00eda, agilidad, flexibilidad e\ninnovaci\u00f3n; contar con l\u00edderes empoderados con claridad del rumbo del negocio y\nque desaf\u00eden a sus equipos; escuchar\/conocer a la gente y a los\nconsumidores\/clientes; comunicar, comunicar y comunicar\u201d, dijo, en forma\nan\u00f3nima, uno de los participantes del sondeo.<\/p>\n\n\n\n<p>\n\n\n\nComo corolario de la consulta de done!, el 72% de las empresas consideran que\nmantendr\u00e1n los cambios implementados en su estrategia de sustentabilidad a\npartir del Covid-19 y todas concuerdan en que as\u00ed deber\u00eda ser, en mayor o menor\nmedida. Como resumi\u00f3 Gast\u00f3n Arostegui de Hilander\u00eda Warmi, \u201cadapt\u00e1ndonos al\nentorno y escuchando, con detenimiento, las nuevas necesidades de nuestras comunidades\u201d.\nQuiz\u00e1s, finalmente, la pandemia, aunque dolorosa, termine siendo una\noportunidad.<\/p>\n\n\n\n<p>Fuente: El economista<\/p>\n<!-- AddThis Advanced Settings generic via filter on the_content -->","protected":false},"excerpt":{"rendered":"<p>La agencia creativa done!, comprometida con generar un cambio social y ambiental positivo, present\u00f3 su informe \u201cLa sustentabilidad en tiempos de pandemia\u201d que tuvo por objetivo conocer c\u00f3mo el Covid-19 impact\u00f3 en los planes de sustentabilidad de las empresas. <!-- AddThis Advanced Settings generic via filter on get_the_excerpt --><\/p>\n","protected":false},"author":5,"featured_media":15786,"comment_status":"closed","ping_status":"closed","sticky":false,"template":"","format":"standard","meta":{"colormag_page_container_layout":"default_layout","colormag_page_sidebar_layout":"default_layout","jetpack_post_was_ever_published":false,"_jetpack_newsletter_access":"","_jetpack_dont_email_post_to_subs":false,"_jetpack_newsletter_tier_id":0,"_jetpack_memberships_contains_paywalled_content":false,"_jetpack_memberships_contains_paid_content":false,"footnotes":"","jetpack_publicize_message":"#Sustentabilidad Se adaptan (sobre la marcha) los planes de sustentabilidad","jetpack_publicize_feature_enabled":true,"jetpack_social_post_already_shared":true,"jetpack_social_options":{"image_generator_settings":{"template":"highway","default_image_id":0,"font":"","enabled":false},"version":2}},"categories":[3],"tags":[17],"class_list":["post-15778","post","type-post","status-publish","format-standard","has-post-thumbnail","hentry","category-sustentabilidad","tag-otros-medios"],"jetpack_publicize_connections":[],"jetpack_featured_media_url":"https:\/\/i0.wp.com\/ccnews.com.ar\/prensa\/wp-content\/uploads\/2020\/07\/1552336515_archive_0_sustentabilidad1.jpg?fit=800%2C550","jetpack_shortlink":"https:\/\/wp.me\/p7L1gj-46u","jetpack-related-posts":[{"id":16200,"url":"http:\/\/ccnews.com.ar\/prensa\/2020-el-ano-en-que-la-sustentabilidad-se-puso-a-prueba\/","url_meta":{"origin":15778,"position":0},"title":"2020: el a\u00f1o en que la sustentabilidad se puso a prueba","author":"Editor","date":"15 octubre, 2020","format":false,"excerpt":"Las gerencias readaptaron sus procesos para hace frente a las necesidades internas y externas por la pandemia. Cu\u00e1les fueron las cuatro etapas que transitan las empresas.","rel":"","context":"En \u00abSustentabilidad\u00bb","block_context":{"text":"Sustentabilidad","link":"http:\/\/ccnews.com.ar\/prensa\/category\/sustentabilidad\/"},"img":{"alt_text":"","src":"https:\/\/i0.wp.com\/ccnews.com.ar\/prensa\/wp-content\/uploads\/2020\/10\/0037770395.jpg?fit=689%2C459&resize=350%2C200","width":350,"height":200,"srcset":"https:\/\/i0.wp.com\/ccnews.com.ar\/prensa\/wp-content\/uploads\/2020\/10\/0037770395.jpg?fit=689%2C459&resize=350%2C200 1x, https:\/\/i0.wp.com\/ccnews.com.ar\/prensa\/wp-content\/uploads\/2020\/10\/0037770395.jpg?fit=689%2C459&resize=525%2C300 1,5x"},"classes":[]},{"id":16392,"url":"http:\/\/ccnews.com.ar\/prensa\/la-sustentabilidad-como-eje-para-el-cambio-y-el-crecimiento-a-futuro\/","url_meta":{"origin":15778,"position":1},"title":"La sustentabilidad como eje para el cambio y el crecimiento a futuro","author":"Editor","date":"26 noviembre, 2020","format":false,"excerpt":"Jaquelina Pels, directora de Espacio de Negocios Inclusivos de la Universidad Torcuato Di Tella, hablo del \"gran reseteo\" que est\u00e1n viviendo la sociedad y las empresas en el nuevo cambio de era.","rel":"","context":"En \u00abSustentabilidad\u00bb","block_context":{"text":"Sustentabilidad","link":"http:\/\/ccnews.com.ar\/prensa\/category\/sustentabilidad\/"},"img":{"alt_text":"","src":"","width":0,"height":0},"classes":[]},{"id":16582,"url":"http:\/\/ccnews.com.ar\/prensa\/sustentabilidad-e-innovacion-el-rol-de-las-empresas-en-la-postpandemia\/","url_meta":{"origin":15778,"position":2},"title":"Sustentabilidad e innovacion, el rol de las empresas en la postpandemia","author":"Editor","date":"11 marzo, 2021","format":false,"excerpt":"Por: VIRGINIA GILLIGAN Si bien los indicadores de la econom\u00eda mundial elaborados por los expertos contemplan una\u00a0paulatina recuperaci\u00f3n de la actividad, todav\u00eda hay numerosas incertidumbres que el planeta debe enfrentar, en lo que podr\u00eda calificarse como una\u00a0etapa post pandemia. Durante el a\u00f1o 2020 hubo una ca\u00edda global del PBI del\u2026","rel":"","context":"En \u00abSustentabilidad\u00bb","block_context":{"text":"Sustentabilidad","link":"http:\/\/ccnews.com.ar\/prensa\/category\/sustentabilidad\/"},"img":{"alt_text":"","src":"","width":0,"height":0},"classes":[]},{"id":16715,"url":"http:\/\/ccnews.com.ar\/prensa\/la-tendencia-a-vivir-de-manera-mas-sustentable\/","url_meta":{"origin":15778,"position":3},"title":"La tendencia a vivir de manera m\u00e1s sustentable","author":"admin","date":"11 noviembre, 2021","format":false,"excerpt":"La sustentabilidad 2021 a nivel global seg\u00fan el estudio de Kantar realizado en 35 pa\u00edses, \u00bfcu\u00e1les son los temas ambientales y sociales que los preocupan? \u00bfQu\u00e9 rol tienen que jugar las marcas?","rel":"","context":"En \u00abSustentabilidad\u00bb","block_context":{"text":"Sustentabilidad","link":"http:\/\/ccnews.com.ar\/prensa\/category\/sustentabilidad\/"},"img":{"alt_text":"","src":"https:\/\/i0.wp.com\/ccnews.com.ar\/prensa\/wp-content\/uploads\/2021\/11\/sustentabilidad.jpg?fit=640%2C480&resize=350%2C200","width":350,"height":200,"srcset":"https:\/\/i0.wp.com\/ccnews.com.ar\/prensa\/wp-content\/uploads\/2021\/11\/sustentabilidad.jpg?fit=640%2C480&resize=350%2C200 1x, https:\/\/i0.wp.com\/ccnews.com.ar\/prensa\/wp-content\/uploads\/2021\/11\/sustentabilidad.jpg?fit=640%2C480&resize=525%2C300 1,5x"},"classes":[]},{"id":15738,"url":"http:\/\/ccnews.com.ar\/prensa\/mide-lo-que-importa-que-dicen-las-empresas-neuquinas-que-iniciaron-su-camino-hacia-la-sustentabilidad\/","url_meta":{"origin":15778,"position":4},"title":"\u201cMide lo que importa\u201d: Qu\u00e9 dicen las empresas neuquinas que iniciaron su camino hacia la sustentabilidad","author":"Editor","date":"23 junio, 2020","format":false,"excerpt":"Esta capacitaci\u00f3n es organizada por el \u201cPrograma Pymes\u201d de Pan American Energy y el Centro PyME-Adeneu, con apoyatura en contenidos de la organizaci\u00f3n civil Sistema B.","rel":"","context":"En \u00abSustentabilidad\u00bb","block_context":{"text":"Sustentabilidad","link":"http:\/\/ccnews.com.ar\/prensa\/category\/sustentabilidad\/"},"img":{"alt_text":"","src":"https:\/\/i0.wp.com\/ccnews.com.ar\/prensa\/wp-content\/uploads\/2020\/06\/20200622045426fc0aa206416034d833c0b6f3cdb9962c.jpg?fit=800%2C453&resize=350%2C200","width":350,"height":200,"srcset":"https:\/\/i0.wp.com\/ccnews.com.ar\/prensa\/wp-content\/uploads\/2020\/06\/20200622045426fc0aa206416034d833c0b6f3cdb9962c.jpg?fit=800%2C453&resize=350%2C200 1x, https:\/\/i0.wp.com\/ccnews.com.ar\/prensa\/wp-content\/uploads\/2020\/06\/20200622045426fc0aa206416034d833c0b6f3cdb9962c.jpg?fit=800%2C453&resize=525%2C300 1,5x, https:\/\/i0.wp.com\/ccnews.com.ar\/prensa\/wp-content\/uploads\/2020\/06\/20200622045426fc0aa206416034d833c0b6f3cdb9962c.jpg?fit=800%2C453&resize=700%2C400 2x"},"classes":[]},{"id":15676,"url":"http:\/\/ccnews.com.ar\/prensa\/la-crisis-del-covid-19-potencia-la-relevancia-del-area-de-sustentabilidad-corporativa\/","url_meta":{"origin":15778,"position":5},"title":"La crisis del Covid-19 potencia la relevancia del \u00e1rea de sustentabilidad corporativa","author":"Editor","date":"19 junio, 2020","format":false,"excerpt":"GlobeScan y BSR encuestaron a 102 ejecutivos s\u00e9nior de sostenibilidad de algunas de las compa\u00f1\u00edas m\u00e1s grandes del planeta. En su reciente informe, intentan comprender la respuesta a corto plazo y la visi\u00f3n a largo plazo.","rel":"","context":"En \u00abCovid-19\u00bb","block_context":{"text":"Covid-19","link":"http:\/\/ccnews.com.ar\/prensa\/category\/covid-19\/"},"img":{"alt_text":"","src":"https:\/\/i0.wp.com\/ccnews.com.ar\/prensa\/wp-content\/uploads\/2020\/06\/sust.png?fit=512%2C341&resize=350%2C200","width":350,"height":200},"classes":[]}],"jetpack_sharing_enabled":true,"_links":{"self":[{"href":"http:\/\/ccnews.com.ar\/prensa\/wp-json\/wp\/v2\/posts\/15778","targetHints":{"allow":["GET"]}}],"collection":[{"href":"http:\/\/ccnews.com.ar\/prensa\/wp-json\/wp\/v2\/posts"}],"about":[{"href":"http:\/\/ccnews.com.ar\/prensa\/wp-json\/wp\/v2\/types\/post"}],"author":[{"embeddable":true,"href":"http:\/\/ccnews.com.ar\/prensa\/wp-json\/wp\/v2\/users\/5"}],"replies":[{"embeddable":true,"href":"http:\/\/ccnews.com.ar\/prensa\/wp-json\/wp\/v2\/comments?post=15778"}],"version-history":[{"count":1,"href":"http:\/\/ccnews.com.ar\/prensa\/wp-json\/wp\/v2\/posts\/15778\/revisions"}],"predecessor-version":[{"id":15782,"href":"http:\/\/ccnews.com.ar\/prensa\/wp-json\/wp\/v2\/posts\/15778\/revisions\/15782"}],"wp:featuredmedia":[{"embeddable":true,"href":"http:\/\/ccnews.com.ar\/prensa\/wp-json\/wp\/v2\/media\/15786"}],"wp:attachment":[{"href":"http:\/\/ccnews.com.ar\/prensa\/wp-json\/wp\/v2\/media?parent=15778"}],"wp:term":[{"taxonomy":"category","embeddable":true,"href":"http:\/\/ccnews.com.ar\/prensa\/wp-json\/wp\/v2\/categories?post=15778"},{"taxonomy":"post_tag","embeddable":true,"href":"http:\/\/ccnews.com.ar\/prensa\/wp-json\/wp\/v2\/tags?post=15778"}],"curies":[{"name":"wp","href":"https:\/\/api.w.org\/{rel}","templated":true}]}}