{"id":15960,"date":"2020-08-20T08:19:00","date_gmt":"2020-08-20T11:19:00","guid":{"rendered":"http:\/\/ccnews.com.ar\/prensa\/?p=15960"},"modified":"2020-08-20T08:19:06","modified_gmt":"2020-08-20T11:19:06","slug":"comenzaron-los-premios-latinoamerica-verde","status":"publish","type":"post","link":"http:\/\/ccnews.com.ar\/prensa\/comenzaron-los-premios-latinoamerica-verde\/","title":{"rendered":"Comenzaron los Premios Latinoam\u00e9rica Verde"},"content":{"rendered":"\n<p><strong>Se trata de uno de los festivales de sostenibilidad m\u00e1s relevantes del mundo, que cada a\u00f1o premia y da visibilidad a los 500 mejores proyectos sociales y ambientales de Latinoam\u00e9rica, convirti\u00e9ndose as\u00ed en la vitrina que dinamiza la econom\u00eda verde, al exhibir las iniciativas regionales en 10 categor\u00edas alineadas con los Objetivos del Desarrollo Sostenible (ODS). <\/strong><\/p>\n\n\n\n<p>El presidente de Premios Latinoam\u00e9rica Verde, Gustavo Manrique, asegur\u00f3 que se pedir\u00e1 la inclusi\u00f3n de la declaratoria universal de los derechos de la naturaleza en la agenda de la septuag\u00e9sima quinta Asamblea General de las Naciones Unidas.<\/p>\n\n\n\n<p>Durante la inaguraci\u00f3n de la s\u00e9ptima edici\u00f3n del evento socioambiental, esta ma\u00f1ana, Manrique mencion\u00f3 que esta iniciativa tiene el apoyo de diversas organizaciones del mundo.<\/p>\n\n\n\n<p>\u201cAhora que estamos viviendo esta crisis mundial, \u00bfno les parece oportuno que las Naciones Unidas, en el pleno de su asamblea, declaren los derechos a la naturaleza de manera universal? En ediciones anteriores hemos propuesto ordenanzas a la prohibici\u00f3n de pl\u00e1sticos de un solo uso, ordenanzas al incentivo de uso de veh\u00edculos el\u00e9ctricos, entre otras\u2026 todas se han implementado en nuestra ciudad\u2026. Esperemos que esta propuesta sea escuchada e implementada a escala global\u201d coment\u00f3 Manrique durante el evento digital.<\/p>\n\n\n\n<p>Debido a la pandemia, el encuentro ambiental se desarrollan desde ayer en diversas aulas virtuales con m\u00e1s de 150 panelistas de diversas partes del mundo, quienes compartir\u00e1n ejes tem\u00e1ticos sobre econom\u00eda circular, periodismo ambiental, moda, gastronom\u00eda y comunicaci\u00f3n en la sostenibilidad.<\/p>\n\n\n\n<p>En esta edici\u00f3n se registraron 2540 proyectos de 562 ciudades de 25 pa\u00edses. Cada uno de las propuestas fueron analizadas por un equipo especializado para finalmente obtener a los 30 finalistas de diez categor\u00edas. Adem\u00e1s, se estableci\u00f3 un ranking con los 500 mejores proyectos medioambientales.<\/p>\n\n\n\n<p>Quienes que deseen formar parte de los di\u00e1logos y conversatorios que se presentar\u00e1n en la semana de la sostenibilidad podr\u00e1n ingresar al sitio web&nbsp;<a href=\"http:\/\/www.premioslatinoamericaverde.com\/\" target=\"_blank\" rel=\"noreferrer noopener\">www.premioslatinoamericaverde.com<\/a>. En ese portal tambi\u00e9n se exponen los proyectos finalistas.<\/p>\n\n\n\n<p>La cita finalizar\u00e1 el s\u00e1bado 22 de agosto con una gala de premiaci\u00f3n que ser\u00e1 transmitida por diversos medios de comunicaci\u00f3n.\u00a0<\/p>\n\n\n\n<p>Fuente: El universo<\/p>\n\n\n\n<p><\/p>\n<!-- AddThis Advanced Settings generic via filter on the_content -->","protected":false},"excerpt":{"rendered":"<p> Se trata de uno de los festivales de sostenibilidad m\u00e1s relevantes del mundo, que cada a\u00f1o premia y da visibilidad a los 500 mejores proyectos sociales y ambientales de Latinoam\u00e9rica.<!-- AddThis Advanced Settings generic via filter on get_the_excerpt --><\/p>\n","protected":false},"author":5,"featured_media":15970,"comment_status":"closed","ping_status":"closed","sticky":false,"template":"","format":"standard","meta":{"colormag_page_container_layout":"default_layout","colormag_page_sidebar_layout":"default_layout","jetpack_post_was_ever_published":false,"_jetpack_newsletter_access":"","_jetpack_dont_email_post_to_subs":false,"_jetpack_newsletter_tier_id":0,"_jetpack_memberships_contains_paywalled_content":false,"_jetpack_memberships_contains_paid_content":false,"footnotes":"","jetpack_publicize_message":"#BuenJueves #Sustentabilidad  Comenzaron los Premios Latinoam\u00e9rica Verde","jetpack_publicize_feature_enabled":true,"jetpack_social_post_already_shared":true,"jetpack_social_options":{"image_generator_settings":{"template":"highway","default_image_id":0,"font":"","enabled":false},"version":2}},"categories":[3],"tags":[],"class_list":["post-15960","post","type-post","status-publish","format-standard","has-post-thumbnail","hentry","category-sustentabilidad"],"jetpack_publicize_connections":[],"jetpack_featured_media_url":"https:\/\/i0.wp.com\/ccnews.com.ar\/prensa\/wp-content\/uploads\/2020\/08\/Premios-Latinoamerica.jpg?fit=880%2C495","jetpack_shortlink":"https:\/\/wp.me\/p7L1gj-49q","jetpack-related-posts":[{"id":4127,"url":"http:\/\/ccnews.com.ar\/prensa\/propuestas-de-la-onu-para-latinoamerica-movilidad-electrica-y-generacion-distribuida\/","url_meta":{"origin":15960,"position":0},"title":"Propuestas de la ONU para Latinoam\u00e9rica: movilidad el\u00e9ctrica y generaci\u00f3n distribuida","author":"CLUSTERciar","date":"24 mayo, 2017","format":false,"excerpt":"El Programa de las Naciones Unidas para el Medio Ambiente est\u00e1 avanzando en una serie de recomendaciones para los pa\u00edses de Am\u00e9rica Latina en pos de un futuro sustentable. Proponen, como ejes del paradigma energ\u00e9tico del futuro, el uso de veh\u00edculos el\u00e9ctricos y la generaci\u00f3n distribuida mediante energ\u00edas renovables. Adem\u00e1s,\u2026","rel":"","context":"En \u00abEnerg\u00eda y Producci\u00f3n\u00bb","block_context":{"text":"Energ\u00eda y Producci\u00f3n","link":"http:\/\/ccnews.com.ar\/prensa\/category\/energia-y-produccion\/"},"img":{"alt_text":"","src":"https:\/\/i0.wp.com\/ccnews.com.ar\/prensa\/wp-content\/uploads\/2017\/05\/nota-3.jpg?fit=800%2C400&resize=350%2C200","width":350,"height":200,"srcset":"https:\/\/i0.wp.com\/ccnews.com.ar\/prensa\/wp-content\/uploads\/2017\/05\/nota-3.jpg?fit=800%2C400&resize=350%2C200 1x, https:\/\/i0.wp.com\/ccnews.com.ar\/prensa\/wp-content\/uploads\/2017\/05\/nota-3.jpg?fit=800%2C400&resize=525%2C300 1,5x, https:\/\/i0.wp.com\/ccnews.com.ar\/prensa\/wp-content\/uploads\/2017\/05\/nota-3.jpg?fit=800%2C400&resize=700%2C400 2x"},"classes":[]},{"id":8169,"url":"http:\/\/ccnews.com.ar\/prensa\/rio-negro-firmo-con-ypf-el-contrato-para-la-exploracion-del-area-cerro-manrique\/","url_meta":{"origin":15960,"position":1},"title":"R\u00cdO NEGRO FIRM\u00d3 CON YPF EL CONTRATO PARA LA EXPLORACI\u00d3N DEL \u00c1REA CERRO MANRIQUE","author":"CLUSTERciar","date":"28 junio, 2018","format":false,"excerpt":"All\u00ed se establecieron las condiciones de la adjudicaci\u00f3n del permiso exploratorio lanzado por el Gobierno Provincial a trav\u00e9s de una licitaci\u00f3n p\u00fablica nacional e internacional que tuvo como oferentes a Capex y a YPF. El bloque Cerro Manrique tiene 293 km2 y se ubica sobre la barda inmediatamente al norte\u2026","rel":"","context":"En \u00abSustentabilidad\u00bb","block_context":{"text":"Sustentabilidad","link":"http:\/\/ccnews.com.ar\/prensa\/category\/sustentabilidad\/"},"img":{"alt_text":"","src":"https:\/\/i0.wp.com\/ccnews.com.ar\/prensa\/wp-content\/uploads\/2018\/06\/20180618000101.jpg?fit=924%2C616&resize=350%2C200","width":350,"height":200,"srcset":"https:\/\/i0.wp.com\/ccnews.com.ar\/prensa\/wp-content\/uploads\/2018\/06\/20180618000101.jpg?fit=924%2C616&resize=350%2C200 1x, https:\/\/i0.wp.com\/ccnews.com.ar\/prensa\/wp-content\/uploads\/2018\/06\/20180618000101.jpg?fit=924%2C616&resize=525%2C300 1,5x, https:\/\/i0.wp.com\/ccnews.com.ar\/prensa\/wp-content\/uploads\/2018\/06\/20180618000101.jpg?fit=924%2C616&resize=700%2C400 2x"},"classes":[]},{"id":16210,"url":"http:\/\/ccnews.com.ar\/prensa\/la-transformacion-digital-sera-clave-tras-la-pandemia-por-covid-19-en-latinoamerica\/","url_meta":{"origin":15960,"position":2},"title":"La transformaci\u00f3n digital ser\u00e1 clave tras la pandemia por COVID-19 en Latinoam\u00e9rica","author":"Editor","date":"15 octubre, 2020","format":false,"excerpt":"a transformaci\u00f3n digital de los sistemas de salud ser\u00e1 fundamental en el mundo tras el paso de la pandemia de la COVID-19 con el reto, adem\u00e1s, de hacer que este cambio se mantenga a trav\u00e9s del tiempo, consideraron este mi\u00e9rcoles varios especialistas.","rel":"","context":"En \u00abTransformaci\u00f3n digital\u00bb","block_context":{"text":"Transformaci\u00f3n digital","link":"http:\/\/ccnews.com.ar\/prensa\/category\/transformacion-digital\/"},"img":{"alt_text":"","src":"https:\/\/i0.wp.com\/ccnews.com.ar\/prensa\/wp-content\/uploads\/2020\/10\/MT3PW4CABFAIBAZLZXDGNPATWQ.jpg?fit=768%2C341&resize=350%2C200","width":350,"height":200,"srcset":"https:\/\/i0.wp.com\/ccnews.com.ar\/prensa\/wp-content\/uploads\/2020\/10\/MT3PW4CABFAIBAZLZXDGNPATWQ.jpg?fit=768%2C341&resize=350%2C200 1x, https:\/\/i0.wp.com\/ccnews.com.ar\/prensa\/wp-content\/uploads\/2020\/10\/MT3PW4CABFAIBAZLZXDGNPATWQ.jpg?fit=768%2C341&resize=525%2C300 1,5x, https:\/\/i0.wp.com\/ccnews.com.ar\/prensa\/wp-content\/uploads\/2020\/10\/MT3PW4CABFAIBAZLZXDGNPATWQ.jpg?fit=768%2C341&resize=700%2C400 2x"},"classes":[]},{"id":7743,"url":"http:\/\/ccnews.com.ar\/prensa\/ypf-se-quedo-con-la-estrategica-area-cerro-manrique\/","url_meta":{"origin":15960,"position":3},"title":"YPF se qued\u00f3 con la estrat\u00e9gica \u00e1rea Cerro Manrique","author":"admin","date":"9 mayo, 2018","format":false,"excerpt":"La petrolera de bandera nacional se alz\u00f3 con la licitaci\u00f3n del bloque de R\u00edo Negro lindero a Estaci\u00f3n Fern\u00e1ndez Oro. Invertir\u00e1 22 millones de d\u00f3lares en dos pozos exploratorios. La otra interesada fue Capex. Tras varias semanas de espera, finalmente el gobierno de R\u00edo Negro anunci\u00f3 que preadjudic\u00f3 el bloque\u2026","rel":"","context":"En \u00abEnerg\u00eda y Producci\u00f3n\u00bb","block_context":{"text":"Energ\u00eda y Producci\u00f3n","link":"http:\/\/ccnews.com.ar\/prensa\/category\/energia-y-produccion\/"},"img":{"alt_text":"","src":"https:\/\/i0.wp.com\/ccnews.com.ar\/prensa\/wp-content\/uploads\/2018\/05\/image_content_9598632_20180425220121.jpg?fit=660%2C370&resize=350%2C200","width":350,"height":200,"srcset":"https:\/\/i0.wp.com\/ccnews.com.ar\/prensa\/wp-content\/uploads\/2018\/05\/image_content_9598632_20180425220121.jpg?fit=660%2C370&resize=350%2C200 1x, https:\/\/i0.wp.com\/ccnews.com.ar\/prensa\/wp-content\/uploads\/2018\/05\/image_content_9598632_20180425220121.jpg?fit=660%2C370&resize=525%2C300 1,5x"},"classes":[]},{"id":2947,"url":"http:\/\/ccnews.com.ar\/prensa\/el-downstream-ofrece-grandes-oportunidades-para-los-productos-petroquimicos-en-latinoamerica\/","url_meta":{"origin":15960,"position":4},"title":"\u201cEl downstream ofrece grandes oportunidades para los productos petroqu\u00edmicos en Latinoam\u00e9rica\u201d","author":"CLUSTERciar","date":"5 enero, 2017","format":false,"excerpt":"El d\u00e9ficit sostenido en el suministro de ciertos productos espec\u00edficos y la pr\u00f3xima disponibilidad de materias primas baratas se combinan para elevar el atractivo de Latinoam\u00e9rica como sede de nuevos proyectos en el sector. A decir de Roger Lee, Managing Director de Tecnon OrbiChem, si algo est\u00e1 claro en el\u2026","rel":"","context":"En \u00abSustentabilidad\u00bb","block_context":{"text":"Sustentabilidad","link":"http:\/\/ccnews.com.ar\/prensa\/category\/sustentabilidad\/"},"img":{"alt_text":"","src":"https:\/\/i0.wp.com\/ccnews.com.ar\/prensa\/wp-content\/uploads\/2017\/01\/lee-dest.jpg?fit=540%2C400&resize=350%2C200","width":350,"height":200,"srcset":"https:\/\/i0.wp.com\/ccnews.com.ar\/prensa\/wp-content\/uploads\/2017\/01\/lee-dest.jpg?fit=540%2C400&resize=350%2C200 1x, https:\/\/i0.wp.com\/ccnews.com.ar\/prensa\/wp-content\/uploads\/2017\/01\/lee-dest.jpg?fit=540%2C400&resize=525%2C300 1,5x"},"classes":[]},{"id":12508,"url":"http:\/\/ccnews.com.ar\/prensa\/educacion-online-3-plataformas-gratuitas-y-que-paises-de-america-latina-estan-impulsando-su-uso\/","url_meta":{"origin":15960,"position":5},"title":"Educaci\u00f3n online: 3 plataformas gratuitas y qu\u00e9 pa\u00edses de Am\u00e9rica Latina est\u00e1n impulsando su uso","author":"admin","date":"10 agosto, 2019","format":false,"excerpt":"Estudiar nunca ha sido m\u00e1s f\u00e1cil ni ha estado tan disponible para aquellos que quieren aprender, desarrollar nuevas habilidades o incluso hacer los deberes de la escuela de una forma m\u00e1s din\u00e1mica. La penetraci\u00f3n de internet, la llegada de los smartphones y la popularizaci\u00f3n del streaming han provocado una explosi\u00f3n\u2026","rel":"","context":"En \u00abEducaci\u00f3n\/Sociedad\u00bb","block_context":{"text":"Educaci\u00f3n\/Sociedad","link":"http:\/\/ccnews.com.ar\/prensa\/category\/educacion-sociedad\/"},"img":{"alt_text":"","src":"https:\/\/i0.wp.com\/ccnews.com.ar\/prensa\/wp-content\/uploads\/2019\/08\/108118552_gettyimages-1035393946.jpg_554688468.jpg?fit=1200%2C675&resize=350%2C200","width":350,"height":200,"srcset":"https:\/\/i0.wp.com\/ccnews.com.ar\/prensa\/wp-content\/uploads\/2019\/08\/108118552_gettyimages-1035393946.jpg_554688468.jpg?fit=1200%2C675&resize=350%2C200 1x, https:\/\/i0.wp.com\/ccnews.com.ar\/prensa\/wp-content\/uploads\/2019\/08\/108118552_gettyimages-1035393946.jpg_554688468.jpg?fit=1200%2C675&resize=525%2C300 1,5x, https:\/\/i0.wp.com\/ccnews.com.ar\/prensa\/wp-content\/uploads\/2019\/08\/108118552_gettyimages-1035393946.jpg_554688468.jpg?fit=1200%2C675&resize=700%2C400 2x, https:\/\/i0.wp.com\/ccnews.com.ar\/prensa\/wp-content\/uploads\/2019\/08\/108118552_gettyimages-1035393946.jpg_554688468.jpg?fit=1200%2C675&resize=1050%2C600 3x"},"classes":[]}],"jetpack_sharing_enabled":true,"_links":{"self":[{"href":"http:\/\/ccnews.com.ar\/prensa\/wp-json\/wp\/v2\/posts\/15960","targetHints":{"allow":["GET"]}}],"collection":[{"href":"http:\/\/ccnews.com.ar\/prensa\/wp-json\/wp\/v2\/posts"}],"about":[{"href":"http:\/\/ccnews.com.ar\/prensa\/wp-json\/wp\/v2\/types\/post"}],"author":[{"embeddable":true,"href":"http:\/\/ccnews.com.ar\/prensa\/wp-json\/wp\/v2\/users\/5"}],"replies":[{"embeddable":true,"href":"http:\/\/ccnews.com.ar\/prensa\/wp-json\/wp\/v2\/comments?post=15960"}],"version-history":[{"count":4,"href":"http:\/\/ccnews.com.ar\/prensa\/wp-json\/wp\/v2\/posts\/15960\/revisions"}],"predecessor-version":[{"id":15974,"href":"http:\/\/ccnews.com.ar\/prensa\/wp-json\/wp\/v2\/posts\/15960\/revisions\/15974"}],"wp:featuredmedia":[{"embeddable":true,"href":"http:\/\/ccnews.com.ar\/prensa\/wp-json\/wp\/v2\/media\/15970"}],"wp:attachment":[{"href":"http:\/\/ccnews.com.ar\/prensa\/wp-json\/wp\/v2\/media?parent=15960"}],"wp:term":[{"taxonomy":"category","embeddable":true,"href":"http:\/\/ccnews.com.ar\/prensa\/wp-json\/wp\/v2\/categories?post=15960"},{"taxonomy":"post_tag","embeddable":true,"href":"http:\/\/ccnews.com.ar\/prensa\/wp-json\/wp\/v2\/tags?post=15960"}],"curies":[{"name":"wp","href":"https:\/\/api.w.org\/{rel}","templated":true}]}}