{"id":15990,"date":"2020-08-20T08:35:06","date_gmt":"2020-08-20T11:35:06","guid":{"rendered":"http:\/\/ccnews.com.ar\/prensa\/?p=15990"},"modified":"2020-08-20T08:35:19","modified_gmt":"2020-08-20T11:35:19","slug":"el-57-de-las-empresas-descontentas-con-la-ley-de-teletrabajo-pero-solo-7-no-utilizara-esa-modalidad-tras-la-pandemia","status":"publish","type":"post","link":"http:\/\/ccnews.com.ar\/prensa\/el-57-de-las-empresas-descontentas-con-la-ley-de-teletrabajo-pero-solo-7-no-utilizara-esa-modalidad-tras-la-pandemia\/","title":{"rendered":"El 57% de las empresas descontentas con la Ley de Teletrabajo, pero solo 7% no utilizar\u00e1 esa modalidad tras la pandemia"},"content":{"rendered":"\n<p><strong>Una encuesta pone en duda la premisa de que el teletrabajo &#8220;lleg\u00f3 para quedarse&#8221; y cuestiona qui\u00e9n pagar\u00e1 la cuenta del &#8220;home-office&#8221;<\/strong>.<\/p>\n\n\n\n<p>M\u00e1s de la mitad de las grandes empresas en la Argentina\ntiene un bajo nivel de satisfacci\u00f3n respecto de los cambios que traer\u00e1\naparejados la nueva Ley de Teletrabajo que el Congreso Nacional sancion\u00f3 el\npasado 30 de julio.<\/p>\n\n\n\n<p>Fue una medida que se ven\u00eda discutiendo hace tiempo, a\npartir de los varios proyectos presentados en ambas c\u00e1maras para regular el\ntrabajo remoto, algo que las compa\u00f1\u00edas hasta ese momento ofrec\u00edan solo en\nocasiones, a algunos empleados y de manera parcial o por alg\u00fan per\u00edodo de\ntiempo determinado.<\/p>\n\n\n\n<p>Eso que&nbsp;era un &#8220;plus&#8221;&nbsp;que ten\u00edan algunos\ncolaboradores cuyas tareas pueden desempe\u00f1arse a distancia fue el paso obligado\nque de urgencia y sin plan debieron dar muchas de las organizaciones para\nseguir funcionando durante la etapa de aislamiento social, preventivo y\nobligatorio (ASPO) que este jueves cumplir\u00e1 oficialmente&nbsp;cinco meses&nbsp;(si\nbien algunas firmas iniciaron voluntariamente pol\u00edticas de prevenci\u00f3n antes del\n20 de marzo).<\/p>\n\n\n\n<p>As\u00ed las cosas,&nbsp;las empresas argentinas se lanzaron a\nesta aventura del teletrabajo permanente para muchos de sus colaboradores sin\nley ni orientaci\u00f3n al respecto.&nbsp;Muchas tampoco sin un plan de continuidad\npara esta contingencia.<\/p>\n\n\n\n<p>Seg\u00fan datos del ESET Security Report 2020, en Latinoam\u00e9rica\nen promedio&nbsp;solo el 33%&nbsp;de las organizaciones encuestadas cuenta con\nun&nbsp;plan de continuidad del negocio. En algunos pa\u00edses, apenas el 16% lo\ntiene, y eso a pesar de que el 60% sufri\u00f3 en el \u00faltimo a\u00f1o alg\u00fan tipo de\nincidente inform\u00e1tico, ataque a su seguridad o &#8220;infecci\u00f3n&#8221; de un\nc\u00f3digo malicioso (malware).<\/p>\n\n\n\n<p>La emergencia sanitaria aceler\u00f3 la discusi\u00f3n en el Congreso\ny se aprob\u00f3 finalmente una ley a la cual las empresas desde distintos flancos\nle hicieron&nbsp;numerosas cr\u00edticas: porque incluye la obligaci\u00f3n de\nreversibilidad para que el empleado pueda ocupar un puesto presencial con 15\nd\u00edas de aviso al empleador, porque deben proporcionar el equipamiento, las\nherramientas de trabajo y el soporte necesario para el desempe\u00f1o de las tareas,\ny asumir los costos de instalaci\u00f3n, mantenimiento y reparaci\u00f3n de las mismas,\netc.<\/p>\n\n\n\n<p>Desde PwC detallaron que los aspectos que&nbsp;m\u00e1s\npreocupaci\u00f3n&nbsp;generan entre las empresas son &#8220;los mayores costos por\nla reversibilidad unilateral por parte del trabajador, el rol de los sindicatos\nen la regulaci\u00f3n del teletrabajo, los obst\u00e1culos en la contrataci\u00f3n de personas\nque teletrabajen desde otros pa\u00edses para Argentina, el impacto negativo que\npueden tener en la flexibilidad los lineamientos sobre jornada laboral y\nderecho de desconexi\u00f3n y la compensaci\u00f3n de mayores gastos&#8221;.<\/p>\n\n\n\n<p>Otras que ya inclu\u00edan alg\u00fan tipo de posibilidad de trabajo\nremoto e implementaban las mejores pr\u00e1cticas para que esa modalidad funcione en\ntodo su potencial, la recibieron con brazos abiertos.<\/p>\n\n\n\n<p>La Ley de Teletrabajo entrar\u00e1 en vigencia reci\u00e9n 90 d\u00edas\ndespu\u00e9s de terminado el ASPO que por ahora sigue parad\u00f3jicamente &#8220;con\nbuena salud&#8221;. Pero entre las empresas el debate sobre c\u00f3mo deber\u00e1\nadaptarse la forma de operar y hacer negocios ya comenz\u00f3.<\/p>\n\n\n\n<h2 class=\"wp-block-heading\">Ley de Teletrabajo y satisfacci\u00f3n<\/h2>\n\n\n\n<p>Ni lenta ni perezosa la consultora PwC inici\u00f3 el d\u00eda despu\u00e9s\nde la sanci\u00f3n de la Ley de Teletrabajo en diputados una encuesta entre 195\ngrandes empresas en la Argentina para conocer sus primeras impresiones al\nrespecto.<\/p>\n\n\n\n<p>La mayor\u00eda de las firmas que participaron son del sector de\nservicios, un cuarto de ellas eran del \u00e1rea industrial y otro 20% del de\nconsumo.<\/p>\n\n\n\n<p>El&nbsp;57%&nbsp;de las compa\u00f1\u00edas relevadas dijo tener un&nbsp;bajo\nnivel de satisfacci\u00f3n&nbsp;respecto del nuevo marco legal aprobado para el\ntrabajo remoto. Solo un&nbsp;7%&nbsp;mostr\u00f3 un&nbsp;apoyo\n&#8220;alto&#8221;&nbsp;a la ley y el resto est\u00e1 en un nivel intermedio.<\/p>\n\n\n\n<p>El punto que gener\u00f3 el mayor desacuerdo es el de&nbsp;<a href=\"https:\/\/www.iprofesional.com\/management\/320984-se-cae-un-mito-el-teletrabajo-afecto-la-productividad\" target=\"_blank\" rel=\"noreferrer noopener\">reversibilidad<\/a>. El 44% de los participantes de la encuesta\nde PwC dijeron estar muy insatisfechos con esto. Se trata del art\u00edculo que\nluego de declarar que el teletrabajo debe ser una modalidad implementada de\ncom\u00fan acuerdo con un consentimiento por escrito, indica que el empleado puede\nsolicitar volver a trabajar de manera presencial con 15 d\u00edas de preaviso en\ncualquier momento de la relaci\u00f3n laboral. Solo un 5% de las empresas consultadas\ndijo estar muy satisfecha con este cambio.<\/p>\n\n\n\n<p>Por otra parte, la modificaci\u00f3n que m\u00e1s apoyo recibi\u00f3 de\nparte de las empresas fue la del respeto del horario de&nbsp;jornada\nlaboral&nbsp;y el&nbsp;Derecho de Desconexi\u00f3n Digital. No es otra cosa que la\nposibilidad de los trabajadores no ser conectados fuera de horario y de\ndesconectarse de los dispositivos digitales fuera de su jornada laboral y\ndurante los per\u00edodos de licencias sin ser sancionados.<\/p>\n\n\n\n<p>El 19% de las empresas se mostr\u00f3 muy satisfecha con esa\ndeterminaci\u00f3n de la Ley y otro 29% dijo estar algo satisfecho con el tema. Un\n8% permaneci\u00f3 indiferente al respecto y el resto expres\u00f3 alg\u00fan tipo de\ndesacuerdo.<\/p>\n\n\n\n<p>Las medidas de higiene y seguridad (riegos del trabajo)\nfueron otra \u00e1rea con gran acuerdo, solo un 11% estuvo muy insatisfecho y un 25%\nalgo disconforme.<\/p>\n\n\n\n<p>Las empresas se encontraron m\u00e1s dividas en torno a la nueva\nexigencia de&nbsp;<a href=\"https:\/\/www.iprofesional.com\/legales\/320604-se-aprobo-la-ley-de-teletrabajo-los-puntos-principales\" target=\"_blank\" rel=\"noreferrer noopener\">compatibilizar las tareas de cuidado<\/a>&nbsp;de terceros\n(ni\u00f1os en edad escolar y mayores) con las obligaciones laborales. Solo un 5%\nest\u00e1 muy de acuerdo con implementar este cambio para los teletrabajadores y\notro 32% se mostr\u00f3 con algo satisfecho por ello. Un 21% es indiferente a esta\nsituaci\u00f3n, un 20% dijo estar algo disconforme y otro 23% en desacuerdo.&nbsp;<\/p>\n\n\n\n<h2 class=\"wp-block-heading\">Teletrabajo: \u00bfqui\u00e9n paga la cuenta?<\/h2>\n\n\n\n<p>En estos cinco meses en los que muchos empleados laboraron\ndesde sus hogares para cuidar su salud y la de sus seres queridos, tambi\u00e9n se\nencontraron con menos espacio para trabajar, con condiciones inadecuadas para\npasar largas jornadas frente a la pantalla, con una intimidad invadida con\nvideollamadas, y claro, uso de su propio equipamiento, su conexi\u00f3n a Internet y\nmayores gastos de tel\u00e9fono y electricidad.<\/p>\n\n\n\n<p>Ya en junio un relevamiento de Adecco Argentina mostraba que&nbsp;solamente\nal 4%&nbsp;de quienes estaban teletrabajando lo hac\u00edan para una empresa que\ndecidi\u00f3&nbsp;hacerse cargo de algunos de sus gastos: Internet o l\u00ednea de\ncelular, comidas durante la jornada laboral y equipamiento de&nbsp;<a href=\"https:\/\/www.iprofesional.com\/management\/321631-vuelta-a-la-oficina-nada-sera-igual-dicen-zonajobs-y-bumeran\" target=\"_blank\" rel=\"noreferrer noopener\">oficina<\/a>, como la computadora y la silla ergon\u00f3mica.<\/p>\n\n\n\n<p>En otras palabras, cerca de un&nbsp;96%&nbsp;de quienes\nhacen&nbsp;<a href=\"https:\/\/www.iprofesional.com\/management\/320482-calendario-2020-cuales-son-los-feriados-de-agosto\" target=\"_blank\" rel=\"noreferrer noopener\">home office<\/a>, no ten\u00eda previo a la sanci\u00f3n del nuevo marco\nlegal ning\u00fan tipo de&nbsp;<a href=\"https:\/\/www.iprofesional.com\/management\/318650-teletrabajo-cuantos-trabajadores-reciben-pagos-por-gastos\" target=\"_blank\" rel=\"noreferrer noopener\">compensaci\u00f3n por estos gastos extra<\/a>.&nbsp;<\/p>\n\n\n\n<p>Todo esto fue contemplado por la Ley de Teletrabajo, que 90\nd\u00edas despu\u00e9s de que finalice el ASPO, pedir\u00e1 a los empleadores que proporcionen\nel equipamiento, las herramientas de trabajo y el soporte necesario para el\ndesempe\u00f1o de las tareas, y asuman los costos de instalaci\u00f3n, mantenimiento y\nreparaci\u00f3n de las mismas, o compensen por la utilizaci\u00f3n de herramientas\npropias de la persona que realiza teletrabajo.<\/p>\n\n\n\n<p>Las personas que realizan teletrabajo tienen derecho tambi\u00e9n\na&nbsp;compensaci\u00f3n por mayores gastos&nbsp;en conectividad y\/o consumo de\nservicios que deba afrontar, y a tener la misma representaci\u00f3n sindical que\ntienen sus compa\u00f1eros que se desempe\u00f1an de manera presencial. Como consecuencia\nde esta nueva modalidad, los convenios colectivos de trabajo de cada actividad,\ndeben incorporarla.<\/p>\n\n\n\n<p>Solo un 11% de las firmas consultadas a principios de agosto\npor PwC se mostraron muy satisfechas de poder ofrecer esto a los empleados que\ntrabajen bajo modalidad a distancia, a las cuales se suman otro 33% que est\u00e1n\nalgo satisfechas con ello.<\/p>\n\n\n\n<p>Un 14% de las empresas relevadas considera que este tema le\nes indiferente, y el resto se mostr\u00f3 en desacuerdo (25%) o muy insatisfecho\n(17%) por tener que incurrir en gastos extra por teletrabajo.<\/p>\n\n\n\n<p>En un acto de sinceramiento, las firmas consultadas por PwC\ntambi\u00e9n comentaron que antes de la sanci\u00f3n de esta nueva ley, solo un 2% de\nellas pagaba los gastos extra de electricidad, y un 14% se hac\u00eda cargo de que\nel teletrabajador percibiera el mismo beneficio de almuerzo que quienes transcurr\u00edan\nese lapso en planta.<\/p>\n\n\n\n<p>Un&nbsp;25%&nbsp;ya abonaba la&nbsp;conexi\u00f3n a Internet&nbsp;de\nlos trabajadores remotos y un 20% pag\u00f3 otro tipo de gastos, como la silla\nergon\u00f3mica y mobiliario, matafuego, env\u00edo de refrigerios y suma fija en\nconcepto por teletrabajo.<\/p>\n\n\n\n<p>Un&nbsp;39%&nbsp;sin embargo,&nbsp;no abonaba ning\u00fan tipo de\ncosto&nbsp;en el que incurren los empleados que se desempe\u00f1an desde sus\nhogares.<\/p>\n\n\n\n<h1 class=\"wp-block-heading\">El teletrabajo, \u00bflleg\u00f3 para quedarse con la nueva ley?<\/h1>\n\n\n\n<p>En la medida en que el l\u00edmite para enviar las respuestas fue\nel d\u00eda 4 de agosto, cuando la mayor\u00eda de los centros urbanos del pa\u00eds segu\u00edan\nbajo fases m\u00e1s estrictas del ASPO, es natural que el&nbsp;97%&nbsp;de las\ncompa\u00f1\u00edas dijo estar implementando el&nbsp;teletrabajo&nbsp;en cada uno de los\npuestos en los que desempe\u00f1arse a distancia era posible.<\/p>\n\n\n\n<p>Se escribi\u00f3 y se habl\u00f3 mucho en estos meses de c\u00f3mo el\nteletrabajo es la modalidad que&nbsp;&#8220;lleg\u00f3 para quedarse&#8221;&nbsp;en\nlas empresas que han probado las mieles que este formato trae al&nbsp;<a href=\"https:\/\/www.iprofesional.com\/management\/320482-calendario-2020-cuales-son-los-feriados-de-agosto\" target=\"_blank\" rel=\"noreferrer noopener\">bienestar<\/a>&nbsp;de los empleados pero tambi\u00e9n a su\nproductividad. Sin embargo, los datos que arroja la encuesta de la mencionada\nconsultora ponen en duda esta seguridad sobre la permanencia del\n&#8220;home-office&#8221; al finalizar la pandemia.<\/p>\n\n\n\n<p>Pero PwC consult\u00f3 no por el momento actual sino por las\ndecisiones que ya se prev\u00e9n en el marco de la nueva Ley para la etapa\npost-pandemia, cuando la normativa comience a regir y las empresas hayan\nprobado (un poco a la fuerza) los&nbsp;<a href=\"https:\/\/www.iprofesional.com\/management\/319986-teletrabajo-afecto-la-productividad-en-las-empresas\" target=\"_blank\" rel=\"noreferrer noopener\">beneficios inesperados y tambi\u00e9n las complicaciones<\/a>&nbsp;de\nimplementar el teletrabajo.&nbsp;<\/p>\n\n\n\n<p>Un&nbsp;7%&nbsp;de estas casi 200 organizaciones ya decidi\u00f3\nque en este nuevo entorno legal no seguir\u00e1 implementando el teletrabajo luego\nde la finalizaci\u00f3n del ASPO.<\/p>\n\n\n\n<p>Otro 34% se inclin\u00f3 por continuar con el modelo mixto entre\npresencial y remoto, y un 22% seguir\u00e1 favoreciendo el &#8220;home-office&#8221;\nsiempre que sea posible en las posiciones que lo permitan.<\/p>\n\n\n\n<p>El restante 37% a\u00fan tiene estas medidas bajo an\u00e1lisis y no\nha tomado una decisi\u00f3n definitiva.<\/p>\n\n\n\n<p>En conclusi\u00f3n, si bien el&nbsp;57%&nbsp;de las empresas\nmostraron un&nbsp;bajo apoyo&nbsp;al nuevo marco legal para el teletrabajo en\nla Argentina,&nbsp;solo un 7%&nbsp;de las grandes firmas decidieron que&nbsp;no\nutilizar\u00e1n esta modalidad&nbsp;una vez finalizada la emergencia por la pandemia.<\/p>\n\n\n\n<p>De cara al futuro, desde PwC los investigadores concluyen\nque a\u00fan hay espacio para mejora en los lineamientos que empleados y empleadores\ndeber\u00e1n seguir una vez que comience a regir la nueva normativa: &#8220;La ley de\nteletrabajo aprobada a\u00fan no cuenta con la correspondiente&nbsp;reglamentaci\u00f3n.\nEs deseable pensar que esta \u00faltima minimice, en la medida de lo posible, las\nfalencias y aspectos negativos incorporados por la ley e imprima a esta\nmodalidad laboral de la flexibilidad, eficiencia y dinamismo que su aplicaci\u00f3n\nrepresenta y cuyos efectos han sido comprobados&#8221;.<\/p>\n\n\n\n<p>&#8220;Analizar el teletrabajo con una visi\u00f3n innovadora,\ncreativa, gestionada y a medida de la compa\u00f1\u00eda que permita que las empresas y\nsus trabajadores no pierdan este beneficio y al mismo tiempo se piensen\nalternativas y esquemas para convivir con la normativa espec\u00edfica y los\nprincipios del derecho laboral (colaboraci\u00f3n, buena fe, etc.)&#8221;,\nsentenciaron desde la consultora.<\/p>\n\n\n\n<p>Fuente: iProfesional<\/p>\n<!-- AddThis Advanced Settings generic via filter on the_content -->","protected":false},"excerpt":{"rendered":"<p>Una encuesta pone en duda la premisa de que el teletrabajo &#8220;lleg\u00f3 para quedarse&#8221; y cuestiona qui\u00e9n pagar\u00e1 la cuenta del &#8220;home-office&#8221;.<!-- AddThis Advanced Settings generic via filter on get_the_excerpt --><\/p>\n","protected":false},"author":5,"featured_media":15994,"comment_status":"closed","ping_status":"closed","sticky":false,"template":"","format":"standard","meta":{"colormag_page_container_layout":"default_layout","colormag_page_sidebar_layout":"default_layout","jetpack_post_was_ever_published":false,"_jetpack_newsletter_access":"","_jetpack_dont_email_post_to_subs":false,"_jetpack_newsletter_tier_id":0,"_jetpack_memberships_contains_paywalled_content":false,"_jetpack_memberships_contains_paid_content":false,"footnotes":"","jetpack_publicize_message":"#Management El 57% de las empresas descontentas con la Ley de Teletrabajo, pero solo 7% no utilizar\u00e1 esa modalidad tras la pandemia","jetpack_publicize_feature_enabled":true,"jetpack_social_post_already_shared":true,"jetpack_social_options":{"image_generator_settings":{"template":"highway","default_image_id":0,"font":"","enabled":false},"version":2}},"categories":[7],"tags":[],"class_list":["post-15990","post","type-post","status-publish","format-standard","has-post-thumbnail","hentry","category-management"],"jetpack_publicize_connections":[],"jetpack_featured_media_url":"https:\/\/i0.wp.com\/ccnews.com.ar\/prensa\/wp-content\/uploads\/2020\/08\/500754.jpg?fit=880%2C495","jetpack_shortlink":"https:\/\/wp.me\/p7L1gj-49U","jetpack-related-posts":[{"id":15668,"url":"http:\/\/ccnews.com.ar\/prensa\/seguira-el-teletrabajo-luego-de-la-pandemia-esto-es-lo-que-haran-empresas-en-argentina\/","url_meta":{"origin":15990,"position":0},"title":"\u00bfSeguir\u00e1 el teletrabajo luego de la pandemia?: esto es lo que har\u00e1n empresas en Argentina","author":"Editor","date":"19 junio, 2020","format":false,"excerpt":"Detalles de un estudio privado realizado entre compa\u00f1\u00edas de Argentina, Chile y Colombia. Qu\u00e9 aspectos de la modalidad remota valoran las empresas.","rel":"","context":"En \u00abManagement\u00bb","block_context":{"text":"Management","link":"http:\/\/ccnews.com.ar\/prensa\/category\/management\/"},"img":{"alt_text":"","src":"https:\/\/i0.wp.com\/ccnews.com.ar\/prensa\/wp-content\/uploads\/2020\/06\/493168.jpg?fit=880%2C495&resize=350%2C200","width":350,"height":200,"srcset":"https:\/\/i0.wp.com\/ccnews.com.ar\/prensa\/wp-content\/uploads\/2020\/06\/493168.jpg?fit=880%2C495&resize=350%2C200 1x, https:\/\/i0.wp.com\/ccnews.com.ar\/prensa\/wp-content\/uploads\/2020\/06\/493168.jpg?fit=880%2C495&resize=525%2C300 1,5x, https:\/\/i0.wp.com\/ccnews.com.ar\/prensa\/wp-content\/uploads\/2020\/06\/493168.jpg?fit=880%2C495&resize=700%2C400 2x"},"classes":[]},{"id":4875,"url":"http:\/\/ccnews.com.ar\/prensa\/el-teletrabajo-tiene-buena-imagen\/","url_meta":{"origin":15990,"position":1},"title":"El teletrabajo tiene buena imagen","author":"CLUSTERciar","date":"13 agosto, 2017","format":false,"excerpt":"La Fundaci\u00f3n UADE y Voices! realizaron un estudio de opini\u00f3n p\u00fablica a nivel nacional con el objetivo de explorar cu\u00e1les sobre las visiones de la poblaci\u00f3n en relaci\u00f3n al trabajo a distancia (Telecommuting) como fen\u00f3meno emergente en sociedades modernas e hiperconectadas. En este estudio, se adopt\u00f3 la definici\u00f3n de teletrabajo\u2026","rel":"","context":"En \u00abManagement\u00bb","block_context":{"text":"Management","link":"http:\/\/ccnews.com.ar\/prensa\/category\/management\/"},"img":{"alt_text":"","src":"https:\/\/i0.wp.com\/ccnews.com.ar\/prensa\/wp-content\/uploads\/2017\/08\/Teletrabajo-%C2%A9-Monkey-Business-Fotolia.com_.jpg?fit=1200%2C800&resize=350%2C200","width":350,"height":200,"srcset":"https:\/\/i0.wp.com\/ccnews.com.ar\/prensa\/wp-content\/uploads\/2017\/08\/Teletrabajo-%C2%A9-Monkey-Business-Fotolia.com_.jpg?fit=1200%2C800&resize=350%2C200 1x, https:\/\/i0.wp.com\/ccnews.com.ar\/prensa\/wp-content\/uploads\/2017\/08\/Teletrabajo-%C2%A9-Monkey-Business-Fotolia.com_.jpg?fit=1200%2C800&resize=525%2C300 1,5x, https:\/\/i0.wp.com\/ccnews.com.ar\/prensa\/wp-content\/uploads\/2017\/08\/Teletrabajo-%C2%A9-Monkey-Business-Fotolia.com_.jpg?fit=1200%2C800&resize=700%2C400 2x, https:\/\/i0.wp.com\/ccnews.com.ar\/prensa\/wp-content\/uploads\/2017\/08\/Teletrabajo-%C2%A9-Monkey-Business-Fotolia.com_.jpg?fit=1200%2C800&resize=1050%2C600 3x"},"classes":[]},{"id":3769,"url":"http:\/\/ccnews.com.ar\/prensa\/el-top-5-de-los-beneficios-extras-que-mas-brindan-las-empresas\/","url_meta":{"origin":15990,"position":2},"title":"El TOP 5 de los beneficios extras que m\u00e1s brindan las empresas","author":"CLUSTERciar","date":"15 abril, 2017","format":false,"excerpt":"Un reciente estudio elaborado por la firma consultora Hays, recoge cu\u00e1les son esos factores que hacen que la gente se sienta feliz y se quede en su trabajo. Duarte Ramos, gerente general de esta firma cuenta que \u201calgunos de los hallazgos que nos sorprendieron fueron, por ejemplo, la inversi\u00f3n de\u2026","rel":"","context":"En \u00abManagement\u00bb","block_context":{"text":"Management","link":"http:\/\/ccnews.com.ar\/prensa\/category\/management\/"},"img":{"alt_text":"","src":"https:\/\/i0.wp.com\/ccnews.com.ar\/prensa\/wp-content\/uploads\/2017\/04\/90852cad42fca7d9222bf8a9e6c63947_XL.jpg?fit=918%2C574&resize=350%2C200","width":350,"height":200,"srcset":"https:\/\/i0.wp.com\/ccnews.com.ar\/prensa\/wp-content\/uploads\/2017\/04\/90852cad42fca7d9222bf8a9e6c63947_XL.jpg?fit=918%2C574&resize=350%2C200 1x, https:\/\/i0.wp.com\/ccnews.com.ar\/prensa\/wp-content\/uploads\/2017\/04\/90852cad42fca7d9222bf8a9e6c63947_XL.jpg?fit=918%2C574&resize=525%2C300 1,5x, https:\/\/i0.wp.com\/ccnews.com.ar\/prensa\/wp-content\/uploads\/2017\/04\/90852cad42fca7d9222bf8a9e6c63947_XL.jpg?fit=918%2C574&resize=700%2C400 2x"},"classes":[]},{"id":2197,"url":"http:\/\/ccnews.com.ar\/prensa\/tres-claves-para-levantarse-todos-los-dias-con-ganas-de-trabajar\/","url_meta":{"origin":15990,"position":3},"title":"Tres claves para levantarse todos los d\u00edas con ganas de trabajar","author":"CLUSTERciar","date":"9 noviembre, 2016","format":false,"excerpt":"\"Si el trabajo fuera agradable, no te pagar\u00edan para hacerlo\", dice en una de sus tiras Dilbert, el personaje de la historieta de Scott Adams. El trabajo tiene mala prensa y peor reputaci\u00f3n, en especial en los pueblos de cultura mediterr\u00e1nea. Entonces, \u00bfc\u00f3mo conseguir motivaci\u00f3n para ir a dormir temprano\u2026","rel":"","context":"En \u00abManagement\u00bb","block_context":{"text":"Management","link":"http:\/\/ccnews.com.ar\/prensa\/category\/management\/"},"img":{"alt_text":"","src":"https:\/\/i0.wp.com\/ccnews.com.ar\/prensa\/wp-content\/uploads\/2016\/11\/2297535h765.jpg?fit=1200%2C675&resize=350%2C200","width":350,"height":200,"srcset":"https:\/\/i0.wp.com\/ccnews.com.ar\/prensa\/wp-content\/uploads\/2016\/11\/2297535h765.jpg?fit=1200%2C675&resize=350%2C200 1x, https:\/\/i0.wp.com\/ccnews.com.ar\/prensa\/wp-content\/uploads\/2016\/11\/2297535h765.jpg?fit=1200%2C675&resize=525%2C300 1,5x, https:\/\/i0.wp.com\/ccnews.com.ar\/prensa\/wp-content\/uploads\/2016\/11\/2297535h765.jpg?fit=1200%2C675&resize=700%2C400 2x, https:\/\/i0.wp.com\/ccnews.com.ar\/prensa\/wp-content\/uploads\/2016\/11\/2297535h765.jpg?fit=1200%2C675&resize=1050%2C600 3x"},"classes":[]},{"id":16426,"url":"http:\/\/ccnews.com.ar\/prensa\/el-teletrabajo-impulso-la-terciarizacion-de-servicios-de-recursos-humanos\/","url_meta":{"origin":15990,"position":4},"title":"El teletrabajo impuls\u00f3 la terciarizaci\u00f3n de servicios de Recursos Humanos","author":"Editor","date":"17 diciembre, 2020","format":false,"excerpt":"En pandemia se derribaron varios mitos y creci\u00f3 el rol del HRBP pero, \u00bfse puede delegar en una firma externa el 100% de la gesti\u00f3n del capital humano?","rel":"","context":"En \u00abManagement\u00bb","block_context":{"text":"Management","link":"http:\/\/ccnews.com.ar\/prensa\/category\/management\/"},"img":{"alt_text":"","src":"","width":0,"height":0},"classes":[]},{"id":16544,"url":"http:\/\/ccnews.com.ar\/prensa\/transformacion-organizacional-las-ventajas-de-descentralizar-espacios-de-trabajo\/","url_meta":{"origin":15990,"position":5},"title":"Transformaci\u00f3n organizacional:  las ventajas de descentralizar espacios de trabajo","author":"admin","date":"17 febrero, 2021","format":false,"excerpt":"A partir de un entorno de pandemia que aceler\u00f3 la transformaci\u00f3n de los \u00e1mbitos de trabajo, crece la tendencia de reducir las instalaciones propias, buscar espacios innovadores para desarrollar actividades laborales y hasta alquilar oficinas colaborativas.","rel":"","context":"En \u00abManagement\u00bb","block_context":{"text":"Management","link":"http:\/\/ccnews.com.ar\/prensa\/category\/management\/"},"img":{"alt_text":"","src":"","width":0,"height":0},"classes":[]}],"jetpack_sharing_enabled":true,"_links":{"self":[{"href":"http:\/\/ccnews.com.ar\/prensa\/wp-json\/wp\/v2\/posts\/15990","targetHints":{"allow":["GET"]}}],"collection":[{"href":"http:\/\/ccnews.com.ar\/prensa\/wp-json\/wp\/v2\/posts"}],"about":[{"href":"http:\/\/ccnews.com.ar\/prensa\/wp-json\/wp\/v2\/types\/post"}],"author":[{"embeddable":true,"href":"http:\/\/ccnews.com.ar\/prensa\/wp-json\/wp\/v2\/users\/5"}],"replies":[{"embeddable":true,"href":"http:\/\/ccnews.com.ar\/prensa\/wp-json\/wp\/v2\/comments?post=15990"}],"version-history":[{"count":2,"href":"http:\/\/ccnews.com.ar\/prensa\/wp-json\/wp\/v2\/posts\/15990\/revisions"}],"predecessor-version":[{"id":16002,"href":"http:\/\/ccnews.com.ar\/prensa\/wp-json\/wp\/v2\/posts\/15990\/revisions\/16002"}],"wp:featuredmedia":[{"embeddable":true,"href":"http:\/\/ccnews.com.ar\/prensa\/wp-json\/wp\/v2\/media\/15994"}],"wp:attachment":[{"href":"http:\/\/ccnews.com.ar\/prensa\/wp-json\/wp\/v2\/media?parent=15990"}],"wp:term":[{"taxonomy":"category","embeddable":true,"href":"http:\/\/ccnews.com.ar\/prensa\/wp-json\/wp\/v2\/categories?post=15990"},{"taxonomy":"post_tag","embeddable":true,"href":"http:\/\/ccnews.com.ar\/prensa\/wp-json\/wp\/v2\/tags?post=15990"}],"curies":[{"name":"wp","href":"https:\/\/api.w.org\/{rel}","templated":true}]}}