{"id":16256,"date":"2020-10-30T08:33:01","date_gmt":"2020-10-30T11:33:01","guid":{"rendered":"http:\/\/ccnews.com.ar\/prensa\/?p=16256"},"modified":"2020-10-30T08:33:04","modified_gmt":"2020-10-30T11:33:04","slug":"sustentabilidad-y-cambio-climatico-la-eficiencia-energetica-es-ineludible-para-el-mundo-corporativo","status":"publish","type":"post","link":"http:\/\/ccnews.com.ar\/prensa\/sustentabilidad-y-cambio-climatico-la-eficiencia-energetica-es-ineludible-para-el-mundo-corporativo\/","title":{"rendered":"Sustentabilidad y cambio clim\u00e1tico: la eficiencia energ\u00e9tica es ineludible para el mundo corporativo"},"content":{"rendered":"\n<p>Hoy en d\u00eda la sustentabilidad es un t\u00f3pico obligado para empresas y consumidores. Es innegable que el&nbsp;cambio clim\u00e1tico&nbsp;y la&nbsp;huella de carbono&nbsp;son dos aspectos a considerar en la agenda. Despu\u00e9s de todo, se trata nada m\u00e1s y nada menos de hacer de nuestro planeta un lugar m\u00e1s amable y de asegurar un entorno mejor para nuestros hijos y para las pr\u00f3ximas generaciones.<\/p>\n\n\n\n<p>\u201cLos centros de datos son espacios donde se encuentran servidores con capacidad de almacenar y procesar informaci\u00f3n, y los responsables de que muchas actividades diarias contin\u00faen en funcionamiento sin interrupciones. Dan soporte a tareas de transporte, salud, informaci\u00f3n, entretenimiento y m\u00e1s, y son vitales para asegurar la conectividad de cada hogar y las personas\u201d, asegura&nbsp;<strong>Mariela Misiano<\/strong>, Vertiv Services Sales Manager for the Southern Cone Region.<\/p>\n\n\n\n<p>En algunos de los centros de datos m\u00e1s grandes del mundo, podemos encontrar&nbsp;decenas de miles de dispositivos de TI, que resultan en necesidades de energ\u00eda de m\u00e1s de 100 megavatios (MW), suficiente para abastecer a unos 80.000 hogares. Seg\u00fan los expertos, como resultado del crecimiento del mercado&nbsp;hay una sugerencia de que el uso de energ\u00eda del centro de datos se duplicar\u00e1 para 2030. Si la electricidad sigue siendo una fuente importante de energ\u00eda del centro de datos y se genera a partir de fuentes no renovables, las emisiones del centro de datos podr\u00edan exceder la industria de la aviaci\u00f3n, que actualmente es responsable del 2% del CO2 anual generado por el hombre.<\/p>\n\n\n\n<p>La eficiencia energ\u00e9tica es una de las principales misiones de&nbsp;Vertiv. D\u00eda a d\u00eda nuestros expertos e ingenieros buscan soluciones para alcanzar los mejores resultados en esta \u00e1rea: desde pasillos refrigerados hasta completas soluciones de refrigeraci\u00f3n para data centers de cualquier escala.<\/p>\n\n\n\n<p>Dentro del compromiso de Vertiv se destaca el liderazgo en la industria de UPS en el dise\u00f1o de sistemas de bater\u00edas de iones de litio para centros de datos. Estas bater\u00edas han demostrado ser m\u00e1s respetuosas con el medio ambiente que las tecnolog\u00edas de bater\u00edas tradicionales y tienen una duraci\u00f3n tres veces mayor, lo cual ha reducido los residuos. Adem\u00e1s, ofrecemos sistemas de UPS con certificaci\u00f3n ENERGY STAR\u00ae en 8 l\u00edneas de productos que abarcan 78 modelos.<\/p>\n\n\n\n<p>Vertiv ha lanzado rectificadores que reducen la p\u00e9rdida de energ\u00eda y permiten reducir las emisiones de carbono. Estos dispositivos son 98% eficientes y reducen las emisiones de CO2.<\/p>\n\n\n\n<p>\u201cEs importante trabajar junto con nuestros clientes de centros de datos para identificar \u00e1reas donde la eficiencia energ\u00e9tica no est\u00e1 optimizada y tomar medidas. Algunas acciones posibles incluyen desde el desmantelamiento de servidores antiguos a trav\u00e9s de una auditor\u00eda de eficiencia energ\u00e9tica hasta la adopci\u00f3n de sistemas de aire acondicionado adiab\u00e1ticos o sistemas de energ\u00eda h\u00edbridos que utilizan tecnolog\u00eda solar\u201d, comenta Misiano.<\/p>\n\n\n\n<p>En Vertiv, nuestros especialistas est\u00e1n listos para trazar una hoja de ruta sostenible que ofrezca un menor impacto en los costos.\u00a0\u201cEs muy importante fomentar el compromiso de todos en relaci\u00f3n con el consumo de energ\u00eda que hacemos y las pr\u00e1cticas que adoptamos, ya sea en la vida profesional como en lo personal. Un peque\u00f1o cambio en nuestros comportamientos puede generar grandes cosas, es algo exponencial que nos ayudar\u00e1 a vivir mejor. Las decisiones que involucren la sustentabilidad no deben vistas como una moda o una pose para las redes sociales. Es importante que todos nos involucremos al m\u00e1ximo cuanto antes para crear un impacto positivo en el medio ambiente\u201d, finaliza la ejecutiva de Vertiv.<\/p>\n\n\n\n<p>Fuente: Misiones Online<\/p>\n<!-- AddThis Advanced Settings generic via filter on the_content -->","protected":false},"excerpt":{"rendered":"<p>Hoy en d\u00eda la sustentabilidad es un t\u00f3pico obligado para empresas y consumidores. Es innegable que el cambio clim\u00e1tico y la huella de carbono son dos aspectos a considerar en la agenda. <!-- AddThis Advanced Settings generic via filter on get_the_excerpt --><\/p>\n","protected":false},"author":5,"featured_media":16258,"comment_status":"closed","ping_status":"closed","sticky":false,"template":"","format":"standard","meta":{"colormag_page_container_layout":"default_layout","colormag_page_sidebar_layout":"default_layout","jetpack_post_was_ever_published":false,"_jetpack_newsletter_access":"","_jetpack_dont_email_post_to_subs":false,"_jetpack_newsletter_tier_id":0,"_jetpack_memberships_contains_paywalled_content":false,"_jetpack_memberships_contains_paid_content":false,"footnotes":"","jetpack_publicize_message":"#Sustentabilidad y cambio clim\u00e1tico: la eficiencia energ\u00e9tica es ineludible para el mundo corporativo","jetpack_publicize_feature_enabled":true,"jetpack_social_post_already_shared":true,"jetpack_social_options":{"image_generator_settings":{"template":"highway","default_image_id":0,"font":"","enabled":false},"version":2}},"categories":[3],"tags":[17],"class_list":["post-16256","post","type-post","status-publish","format-standard","has-post-thumbnail","hentry","category-sustentabilidad","tag-otros-medios"],"jetpack_publicize_connections":[],"jetpack_featured_media_url":"https:\/\/i0.wp.com\/ccnews.com.ar\/prensa\/wp-content\/uploads\/2020\/10\/shutterstock_109946381.jpg?fit=1000%2C750","jetpack_shortlink":"https:\/\/wp.me\/p7L1gj-4ec","jetpack-related-posts":[{"id":16392,"url":"http:\/\/ccnews.com.ar\/prensa\/la-sustentabilidad-como-eje-para-el-cambio-y-el-crecimiento-a-futuro\/","url_meta":{"origin":16256,"position":0},"title":"La sustentabilidad como eje para el cambio y el crecimiento a futuro","author":"Editor","date":"26 noviembre, 2020","format":false,"excerpt":"Jaquelina Pels, directora de Espacio de Negocios Inclusivos de la Universidad Torcuato Di Tella, hablo del \"gran reseteo\" que est\u00e1n viviendo la sociedad y las empresas en el nuevo cambio de era.","rel":"","context":"En \u00abSustentabilidad\u00bb","block_context":{"text":"Sustentabilidad","link":"http:\/\/ccnews.com.ar\/prensa\/category\/sustentabilidad\/"},"img":{"alt_text":"","src":"","width":0,"height":0},"classes":[]},{"id":14836,"url":"http:\/\/ccnews.com.ar\/prensa\/sustentabilidad-un-elemento-clave-para-las-marcas\/","url_meta":{"origin":16256,"position":1},"title":"Sustentabilidad, un elemento clave para las marcas","author":"admin","date":"10 marzo, 2020","format":false,"excerpt":"Las nuevas generaciones ya no solo buscan el beneficio del producto, sino que ahora buscan marcas que se adapten a sus sistemas de creencias y valores. El ciclo natural de la vida implica un cambio, los consumidores, aquellos entidades a las cuales tanto desea el mercado ha sufrido un cambio\u2026","rel":"","context":"En \u00abManagement\u00bb","block_context":{"text":"Management","link":"http:\/\/ccnews.com.ar\/prensa\/category\/management\/"},"img":{"alt_text":"","src":"https:\/\/i0.wp.com\/ccnews.com.ar\/prensa\/wp-content\/uploads\/2020\/03\/sustentable-1.jpg?fit=925%2C1000&resize=350%2C200","width":350,"height":200,"srcset":"https:\/\/i0.wp.com\/ccnews.com.ar\/prensa\/wp-content\/uploads\/2020\/03\/sustentable-1.jpg?fit=925%2C1000&resize=350%2C200 1x, https:\/\/i0.wp.com\/ccnews.com.ar\/prensa\/wp-content\/uploads\/2020\/03\/sustentable-1.jpg?fit=925%2C1000&resize=525%2C300 1,5x, https:\/\/i0.wp.com\/ccnews.com.ar\/prensa\/wp-content\/uploads\/2020\/03\/sustentable-1.jpg?fit=925%2C1000&resize=700%2C400 2x"},"classes":[]},{"id":16715,"url":"http:\/\/ccnews.com.ar\/prensa\/la-tendencia-a-vivir-de-manera-mas-sustentable\/","url_meta":{"origin":16256,"position":2},"title":"La tendencia a vivir de manera m\u00e1s sustentable","author":"admin","date":"11 noviembre, 2021","format":false,"excerpt":"La sustentabilidad 2021 a nivel global seg\u00fan el estudio de Kantar realizado en 35 pa\u00edses, \u00bfcu\u00e1les son los temas ambientales y sociales que los preocupan? \u00bfQu\u00e9 rol tienen que jugar las marcas?","rel":"","context":"En \u00abSustentabilidad\u00bb","block_context":{"text":"Sustentabilidad","link":"http:\/\/ccnews.com.ar\/prensa\/category\/sustentabilidad\/"},"img":{"alt_text":"","src":"https:\/\/i0.wp.com\/ccnews.com.ar\/prensa\/wp-content\/uploads\/2021\/11\/sustentabilidad.jpg?fit=640%2C480&resize=350%2C200","width":350,"height":200,"srcset":"https:\/\/i0.wp.com\/ccnews.com.ar\/prensa\/wp-content\/uploads\/2021\/11\/sustentabilidad.jpg?fit=640%2C480&resize=350%2C200 1x, https:\/\/i0.wp.com\/ccnews.com.ar\/prensa\/wp-content\/uploads\/2021\/11\/sustentabilidad.jpg?fit=640%2C480&resize=525%2C300 1,5x"},"classes":[]},{"id":16068,"url":"http:\/\/ccnews.com.ar\/prensa\/avanza-en-senado-una-ley-para-capacitar-a-todos-los-empleados-estatales-en-cuidado-de-medio-ambiente\/","url_meta":{"origin":16256,"position":3},"title":"Avanza en Senado una ley para capacitar a todos los empleados estatales en cuidado de medio ambiente","author":"Editor","date":"16 septiembre, 2020","format":false,"excerpt":"Un proyecto de ley que establece la capacitaci\u00f3n obligatoria sobre cambio clim\u00e1tico y cuidado del medio ambiente para los empleados de los tres poderes del Estado obtuvo hoy dictamen favorable de las comisiones de Ambiente y Desarrollo Sustentable y Presupuesto y Hacienda del Senado.","rel":"","context":"En \u00abSustentabilidad\u00bb","block_context":{"text":"Sustentabilidad","link":"http:\/\/ccnews.com.ar\/prensa\/category\/sustentabilidad\/"},"img":{"alt_text":"","src":"https:\/\/i0.wp.com\/ccnews.com.ar\/prensa\/wp-content\/uploads\/2020\/09\/0038053869.jpg?fit=540%2C405&resize=350%2C200","width":350,"height":200,"srcset":"https:\/\/i0.wp.com\/ccnews.com.ar\/prensa\/wp-content\/uploads\/2020\/09\/0038053869.jpg?fit=540%2C405&resize=350%2C200 1x, https:\/\/i0.wp.com\/ccnews.com.ar\/prensa\/wp-content\/uploads\/2020\/09\/0038053869.jpg?fit=540%2C405&resize=525%2C300 1,5x"},"classes":[]},{"id":16582,"url":"http:\/\/ccnews.com.ar\/prensa\/sustentabilidad-e-innovacion-el-rol-de-las-empresas-en-la-postpandemia\/","url_meta":{"origin":16256,"position":4},"title":"Sustentabilidad e innovacion, el rol de las empresas en la postpandemia","author":"Editor","date":"11 marzo, 2021","format":false,"excerpt":"Por: VIRGINIA GILLIGAN Si bien los indicadores de la econom\u00eda mundial elaborados por los expertos contemplan una\u00a0paulatina recuperaci\u00f3n de la actividad, todav\u00eda hay numerosas incertidumbres que el planeta debe enfrentar, en lo que podr\u00eda calificarse como una\u00a0etapa post pandemia. Durante el a\u00f1o 2020 hubo una ca\u00edda global del PBI del\u2026","rel":"","context":"En \u00abSustentabilidad\u00bb","block_context":{"text":"Sustentabilidad","link":"http:\/\/ccnews.com.ar\/prensa\/category\/sustentabilidad\/"},"img":{"alt_text":"","src":"","width":0,"height":0},"classes":[]},{"id":14626,"url":"http:\/\/ccnews.com.ar\/prensa\/los-nuevos-desafios-de-la-ingenieria-civil\/","url_meta":{"origin":16256,"position":5},"title":"Los nuevos desaf\u00edos de la ingenier\u00eda civil","author":"admin","date":"20 febrero, 2020","format":false,"excerpt":"El mundo de la ingenier\u00eda est\u00e1 inmerso en una evoluci\u00f3n permanente, en la que los cambios se suceden, cada vez m\u00e1s, a un ritmo vertiginoso. Todos relacionados con la transformaci\u00f3n digital y condicionado por la incidencia del cambio clim\u00e1tico. Para lograr una correcta adaptaci\u00f3n en tantos campos multidisciplinares, la ingenier\u00eda\u2026","rel":"","context":"En \u00abSustentabilidad\u00bb","block_context":{"text":"Sustentabilidad","link":"http:\/\/ccnews.com.ar\/prensa\/category\/sustentabilidad\/"},"img":{"alt_text":"","src":"https:\/\/i0.wp.com\/ccnews.com.ar\/prensa\/wp-content\/uploads\/2020\/02\/15-FEB2020.jpg?fit=1200%2C800&resize=350%2C200","width":350,"height":200,"srcset":"https:\/\/i0.wp.com\/ccnews.com.ar\/prensa\/wp-content\/uploads\/2020\/02\/15-FEB2020.jpg?fit=1200%2C800&resize=350%2C200 1x, https:\/\/i0.wp.com\/ccnews.com.ar\/prensa\/wp-content\/uploads\/2020\/02\/15-FEB2020.jpg?fit=1200%2C800&resize=525%2C300 1,5x, https:\/\/i0.wp.com\/ccnews.com.ar\/prensa\/wp-content\/uploads\/2020\/02\/15-FEB2020.jpg?fit=1200%2C800&resize=700%2C400 2x, https:\/\/i0.wp.com\/ccnews.com.ar\/prensa\/wp-content\/uploads\/2020\/02\/15-FEB2020.jpg?fit=1200%2C800&resize=1050%2C600 3x"},"classes":[]}],"jetpack_sharing_enabled":true,"_links":{"self":[{"href":"http:\/\/ccnews.com.ar\/prensa\/wp-json\/wp\/v2\/posts\/16256","targetHints":{"allow":["GET"]}}],"collection":[{"href":"http:\/\/ccnews.com.ar\/prensa\/wp-json\/wp\/v2\/posts"}],"about":[{"href":"http:\/\/ccnews.com.ar\/prensa\/wp-json\/wp\/v2\/types\/post"}],"author":[{"embeddable":true,"href":"http:\/\/ccnews.com.ar\/prensa\/wp-json\/wp\/v2\/users\/5"}],"replies":[{"embeddable":true,"href":"http:\/\/ccnews.com.ar\/prensa\/wp-json\/wp\/v2\/comments?post=16256"}],"version-history":[{"count":1,"href":"http:\/\/ccnews.com.ar\/prensa\/wp-json\/wp\/v2\/posts\/16256\/revisions"}],"predecessor-version":[{"id":16260,"href":"http:\/\/ccnews.com.ar\/prensa\/wp-json\/wp\/v2\/posts\/16256\/revisions\/16260"}],"wp:featuredmedia":[{"embeddable":true,"href":"http:\/\/ccnews.com.ar\/prensa\/wp-json\/wp\/v2\/media\/16258"}],"wp:attachment":[{"href":"http:\/\/ccnews.com.ar\/prensa\/wp-json\/wp\/v2\/media?parent=16256"}],"wp:term":[{"taxonomy":"category","embeddable":true,"href":"http:\/\/ccnews.com.ar\/prensa\/wp-json\/wp\/v2\/categories?post=16256"},{"taxonomy":"post_tag","embeddable":true,"href":"http:\/\/ccnews.com.ar\/prensa\/wp-json\/wp\/v2\/tags?post=16256"}],"curies":[{"name":"wp","href":"https:\/\/api.w.org\/{rel}","templated":true}]}}