{"id":16418,"date":"2020-12-17T08:47:24","date_gmt":"2020-12-17T11:47:24","guid":{"rendered":"http:\/\/ccnews.com.ar\/prensa\/?p=16418"},"modified":"2020-12-17T08:47:30","modified_gmt":"2020-12-17T11:47:30","slug":"digitalizar-la-produccion-es-lo-que-viene-tras-la-pandemia","status":"publish","type":"post","link":"http:\/\/ccnews.com.ar\/prensa\/digitalizar-la-produccion-es-lo-que-viene-tras-la-pandemia\/","title":{"rendered":"Digitalizar la producci\u00f3n es lo que viene tras la pandemia"},"content":{"rendered":"\n<p> Una migraci\u00f3n creciente a canales electr\u00f3nicos para la compra de insumos no obedeci\u00f3 s\u00f3lo a la pandemia, sino que implica tambi\u00e9n encarar el crecimiento de la digitalizaci\u00f3n <\/p>\n\n\n\n<p>Desde hace ya muchos a\u00f1os hemos estado planteando que una de las razones clave del estancamiento de la productividad de las econom\u00edas latinoamericanas es la baja digitalizaci\u00f3n de la producci\u00f3n<a href=\"https:\/\/mercado.com.ar\/empresas-negocios\/digitalizar-la-produccion-es-lo-que-viene-tras-la-pandemia-2\/#_edn1\">[i]<\/a>.<\/p>\n\n\n\n<p>Como hemos documentado, la contribuci\u00f3n de la productividad total de los factores de capital, trabajo y materias primas, denominada productividad multifactorial, al crecimiento econ\u00f3mico de la regi\u00f3n para los \u00faltimos catorce a\u00f1os ha sido negativa (-0,48%).<\/p>\n\n\n\n<p>En este contexto, la digitalizaci\u00f3n de la producci\u00f3n tiene un impacto significativo en la productividad: de acuerdo con modelos econom\u00e9tricos que desarrollamos para la Uni\u00f3n Internacional de Telecomunicaciones, un aumento del \u00edndice de digitalizaci\u00f3n de un pa\u00eds de 1% resulta en un incremento de 0,26% en el PIB, y de 0,23% en la productividad multifactorial.<\/p>\n\n\n\n<p>Es por ello que, el aceleramiento en el desarrollo de la digitalizaci\u00f3n, tanto en t\u00e9rminos de infraestructura digital como en el crecimiento de industrias digitales y la correspondiente digitalizaci\u00f3n de la producci\u00f3n, representa la palanca fundamental para el aumento de la productividad multifactorial y el correspondiente cerramiento de la brecha que separa a Am\u00e9rica latina de las econom\u00edas avanzadas.<\/p>\n\n\n\n<p>Es en este contexto que la regi\u00f3n se encuentra afectada por la irrupci\u00f3n del COVID-19.<\/p>\n\n\n\n<p>En su \u00faltima actualizaci\u00f3n, la CEPAL proyecta una contracci\u00f3n de -9.1% del PIB latinoamericano, con una tasa de p\u00e9rdida de puestos de trabajo a\u00fan mayor. Es por ello que la digitalizaci\u00f3n de la producci\u00f3n contin\u00faa siendo un factor preeminente para permitir a la regi\u00f3n aumentar su resiliencia econ\u00f3mica y reencauzar su crecimiento.<\/p>\n\n\n\n<p><strong>Sobrellevar la crisis<\/strong><\/p>\n\n\n\n<p>Las primeras observaciones anecd\u00f3ticas indican que las empresas latinoamericanas han encarado la digitalizaci\u00f3n de procesos como \u00fanica manera de sobrellevar la crisis.<\/p>\n\n\n\n<p>Partiendo de una desventaja importante en t\u00e9rminos de digitalizaci\u00f3n de las cadenas de suministro (tan solo 44% de las empresas latinoamericanas adquiere insumos en l\u00ednea), el impacto en la resiliencia econ\u00f3mica de incrementar el aprovisionamiento mediante canales B2B es significativo.<\/p>\n\n\n\n<p>Una migraci\u00f3n creciente a canales electr\u00f3nicos para la compra de insumos representa no solo una manera de sobrellevar los efectos de la pandemia, sino tambi\u00e9n de encarar el crecimiento de la digitalizaci\u00f3n de la producci\u00f3n cuando el impacto del COVID-19 comience a disminuir.<\/p>\n\n\n\n<p>El desaf\u00edo no es uniforme para todos los sectores econ\u00f3micos. Como es de esperar, aquellas empresas que han \u201cnacido\u201d digitales tienen menos dificultad para encarar la digitalizaci\u00f3n de procesos.<\/p>\n\n\n\n<p>Asimismo, ciertos sectores como lo son la salud y la log\u00edstica, han tenido que encarar su transformaci\u00f3n digital como \u00fanica manera de sobrevivir.<\/p>\n\n\n\n<p>Los grandes desaf\u00edos residen, por ejemplo, en el sector manufacturero y la construcci\u00f3n, entre otros, donde una tasa de digitalizaci\u00f3n de procesos lenta est\u00e1 directamente asociada con la probabilidad de supervivencia.<\/p>\n\n\n\n<p>Es as\u00ed como la digitalizaci\u00f3n de procesos productivos no es solo una manera de mitigar la disrupci\u00f3n de COVID-19, sino de construir un futuro de crecimiento econ\u00f3mico.<\/p>\n\n\n\n<p><em>(*)\u00a0Director de Estudios de Estrategia Empresaria en el Columbia Institute for Tele-Information de la Universidad de Columbia (EE.UU.)<\/em><\/p>\n\n\n\n<p><\/p>\n\n\n\n<p>Fuente: https:\/\/mercado.com.ar\/<\/p>\n\n\n\n<p><\/p>\n<!-- AddThis Advanced Settings generic via filter on the_content -->","protected":false},"excerpt":{"rendered":"<p>Una migraci\u00f3n creciente a canales electr\u00f3nicos para la compra de insumos no obedeci\u00f3 s\u00f3lo a la pandemia, sino que implica tambi\u00e9n encarar el crecimiento de la digitalizaci\u00f3n<!-- AddThis Advanced Settings generic via filter on get_the_excerpt --><\/p>\n","protected":false},"author":5,"featured_media":0,"comment_status":"closed","ping_status":"closed","sticky":false,"template":"","format":"standard","meta":{"colormag_page_container_layout":"default_layout","colormag_page_sidebar_layout":"default_layout","jetpack_post_was_ever_published":false,"_jetpack_newsletter_access":"","_jetpack_dont_email_post_to_subs":false,"_jetpack_newsletter_tier_id":0,"_jetpack_memberships_contains_paywalled_content":false,"_jetpack_memberships_contains_paid_content":false,"footnotes":"","jetpack_publicize_message":"","jetpack_publicize_feature_enabled":true,"jetpack_social_post_already_shared":true,"jetpack_social_options":{"image_generator_settings":{"template":"highway","default_image_id":0,"font":"","enabled":false},"version":2}},"categories":[5],"tags":[],"class_list":["post-16418","post","type-post","status-publish","format-standard","hentry","category-transformacion-digital"],"jetpack_publicize_connections":[],"jetpack_featured_media_url":"","jetpack_shortlink":"https:\/\/wp.me\/p7L1gj-4gO","jetpack-related-posts":[{"id":11107,"url":"http:\/\/ccnews.com.ar\/prensa\/que-nos-depara-el-futuro-digital\/","url_meta":{"origin":16418,"position":0},"title":"\u00bfQu\u00e9 nos depara el futuro digital?","author":"admin","date":"13 abril, 2019","format":false,"excerpt":"Los espacios virtuales podr\u00edan cambiar el mundo tan profundamente como hace 200 a\u00f1os, cuando la m\u00e1quina de vapor y la producci\u00f3n de energ\u00eda f\u00f3sil dieron paso a una nueva sociedad La humanidad se est\u00e1 viendo asediada por problemas de escala mundial: la crisis clim\u00e1tica, el aumento de la desigualdad, los\u2026","rel":"","context":"En \u00abTransformaci\u00f3n digital\u00bb","block_context":{"text":"Transformaci\u00f3n digital","link":"http:\/\/ccnews.com.ar\/prensa\/category\/transformacion-digital\/"},"img":{"alt_text":"","src":"https:\/\/i0.wp.com\/ccnews.com.ar\/prensa\/wp-content\/uploads\/2019\/04\/tec1-1.jpg?fit=1200%2C772&resize=350%2C200","width":350,"height":200,"srcset":"https:\/\/i0.wp.com\/ccnews.com.ar\/prensa\/wp-content\/uploads\/2019\/04\/tec1-1.jpg?fit=1200%2C772&resize=350%2C200 1x, https:\/\/i0.wp.com\/ccnews.com.ar\/prensa\/wp-content\/uploads\/2019\/04\/tec1-1.jpg?fit=1200%2C772&resize=525%2C300 1,5x, https:\/\/i0.wp.com\/ccnews.com.ar\/prensa\/wp-content\/uploads\/2019\/04\/tec1-1.jpg?fit=1200%2C772&resize=700%2C400 2x, https:\/\/i0.wp.com\/ccnews.com.ar\/prensa\/wp-content\/uploads\/2019\/04\/tec1-1.jpg?fit=1200%2C772&resize=1050%2C600 3x"},"classes":[]},{"id":3919,"url":"http:\/\/ccnews.com.ar\/prensa\/digitalizar-ya-no-sera-opcional-para-las-empresas\/","url_meta":{"origin":16418,"position":1},"title":"DIGITALIZAR YA NO SER\u00c1 OPCIONAL PARA LAS EMPRESAS","author":"CLUSTERciar","date":"1 mayo, 2017","format":false,"excerpt":"LA TRANSFORMACI\u00d3N DIGITAL HA SIDO UN TEMA DOMINANTE EN LA AGENDA DEL CAP\u00cdTULO LATINOAMERICANO DEL \u00daLTIMO FORO ECONOMICO MUNDIAL (WEF, POR LAS SIGLAS EN INGL\u00c9S), REALIZADO EN LA CIUDAD DE BUENOS AIRES. La digitalizaci\u00f3n representa la fusi\u00f3n de nuevas tecnolog\u00edas e innovaciones y la experiencia de utilizarlas. Pero la digitalizaci\u00f3n\u2026","rel":"","context":"En \u00abTransformaci\u00f3n digital\u00bb","block_context":{"text":"Transformaci\u00f3n digital","link":"http:\/\/ccnews.com.ar\/prensa\/category\/transformacion-digital\/"},"img":{"alt_text":"","src":"https:\/\/i0.wp.com\/ccnews.com.ar\/prensa\/wp-content\/uploads\/2017\/04\/digitalizacion-documentos.jpg?fit=625%2C469&resize=350%2C200","width":350,"height":200,"srcset":"https:\/\/i0.wp.com\/ccnews.com.ar\/prensa\/wp-content\/uploads\/2017\/04\/digitalizacion-documentos.jpg?fit=625%2C469&resize=350%2C200 1x, https:\/\/i0.wp.com\/ccnews.com.ar\/prensa\/wp-content\/uploads\/2017\/04\/digitalizacion-documentos.jpg?fit=625%2C469&resize=525%2C300 1,5x"},"classes":[]},{"id":6673,"url":"http:\/\/ccnews.com.ar\/prensa\/la-mitad-del-gas-que-se-extrae-en-neuquen-es-no-convencional\/","url_meta":{"origin":16418,"position":2},"title":"La mitad del gas que se extrae en Neuqu\u00e9n es no convencional","author":"CLUSTERciar","date":"3 febrero, 2018","format":false,"excerpt":"La provincia es la principal productora de fluido del pa\u00eds. Entrega el 50% de lo que se inyecta a los ca\u00f1os locales. Los planes de incentivo, la baja de costos y la productividad de las formaciones fueron la clave. El gas no convencional es \u201cuna realidad\u201d. La frase suele repetirse\u2026","rel":"","context":"En \u00abEnerg\u00eda y Producci\u00f3n\u00bb","block_context":{"text":"Energ\u00eda y Producci\u00f3n","link":"http:\/\/ccnews.com.ar\/prensa\/category\/energia-y-produccion\/"},"img":{"alt_text":"","src":"https:\/\/i0.wp.com\/ccnews.com.ar\/prensa\/wp-content\/uploads\/2018\/01\/image_content_9276293_20180117222402.jpg?fit=660%2C370&resize=350%2C200","width":350,"height":200,"srcset":"https:\/\/i0.wp.com\/ccnews.com.ar\/prensa\/wp-content\/uploads\/2018\/01\/image_content_9276293_20180117222402.jpg?fit=660%2C370&resize=350%2C200 1x, https:\/\/i0.wp.com\/ccnews.com.ar\/prensa\/wp-content\/uploads\/2018\/01\/image_content_9276293_20180117222402.jpg?fit=660%2C370&resize=525%2C300 1,5x"},"classes":[]},{"id":16078,"url":"http:\/\/ccnews.com.ar\/prensa\/transformacion-digital-automatizar-en-tiempos-de-pandemia\/","url_meta":{"origin":16418,"position":3},"title":"Transformaci\u00f3n digital: automatizar en tiempos de pandemia","author":"Editor","date":"22 septiembre, 2020","format":false,"excerpt":"Ya no es novedad decir que la actual crisis sanitaria precipit\u00f3 los tiempos de la digitalizaci\u00f3n y automatizaci\u00f3n en las empresas. Las herramientas de RPA se han vuelto esenciales para sobrellevar los cambios en el escenario de negocios que trajo el COVID-19.","rel":"","context":"En \u00abTransformaci\u00f3n digital\u00bb","block_context":{"text":"Transformaci\u00f3n digital","link":"http:\/\/ccnews.com.ar\/prensa\/category\/transformacion-digital\/"},"img":{"alt_text":"","src":"https:\/\/i0.wp.com\/ccnews.com.ar\/prensa\/wp-content\/uploads\/2020\/09\/dt.common.streams.StreamServer.jpg?fit=1024%2C610&resize=350%2C200","width":350,"height":200,"srcset":"https:\/\/i0.wp.com\/ccnews.com.ar\/prensa\/wp-content\/uploads\/2020\/09\/dt.common.streams.StreamServer.jpg?fit=1024%2C610&resize=350%2C200 1x, https:\/\/i0.wp.com\/ccnews.com.ar\/prensa\/wp-content\/uploads\/2020\/09\/dt.common.streams.StreamServer.jpg?fit=1024%2C610&resize=525%2C300 1,5x, https:\/\/i0.wp.com\/ccnews.com.ar\/prensa\/wp-content\/uploads\/2020\/09\/dt.common.streams.StreamServer.jpg?fit=1024%2C610&resize=700%2C400 2x"},"classes":[]},{"id":6021,"url":"http:\/\/ccnews.com.ar\/prensa\/las-tecnologias-digitales-pueden-reducir-gastos-de-la-industria-de-oilgas-hasta-en-un-30\/","url_meta":{"origin":16418,"position":4},"title":"\u201cLas tecnolog\u00edas digitales pueden reducir gastos de la industria de Oil&#038;Gas hasta en un 30%\u201d","author":"CLUSTERciar","date":"1 noviembre, 2017","format":false,"excerpt":"EconoJournal entrevist\u00f3 al experto en soluciones digitales para el sector Oil & Gas de la compa\u00f1\u00eda ABB, Espen Storkaas, vicepresidente del grupo y digital lead para industrias de cabecera (Upstream). Storkaas se gradu\u00f3 en la Universidad Noruega de Ciencia y Tecnolog\u00eda (NTNU) de la ciudad de Trondheim, donde obtuvo un\u2026","rel":"","context":"En \u00abManagement\u00bb","block_context":{"text":"Management","link":"http:\/\/ccnews.com.ar\/prensa\/category\/management\/"},"img":{"alt_text":"","src":"https:\/\/i0.wp.com\/ccnews.com.ar\/prensa\/wp-content\/uploads\/2017\/11\/lastecnologias301017.jpg?fit=250%2C250&resize=350%2C200","width":350,"height":200},"classes":[]},{"id":16464,"url":"http:\/\/ccnews.com.ar\/prensa\/digitalizacion-laboral-las-claves-para-entenderla-e-implementarla\/","url_meta":{"origin":16418,"position":5},"title":"Digitalizaci\u00f3n laboral: las claves para entenderla e implementarla","author":"CLUSTERciar","date":"30 diciembre, 2020","format":false,"excerpt":"La revoluci\u00f3n digital est\u00e1 transformando para siempre la manera de trabajar en las organizaciones. Es momento de conocer los cambios que genera, los desaf\u00edos que produce y algunas claves para implementarla con \u00e9xito.","rel":"","context":"En \u00abTransformaci\u00f3n digital\u00bb","block_context":{"text":"Transformaci\u00f3n digital","link":"http:\/\/ccnews.com.ar\/prensa\/category\/transformacion-digital\/"},"img":{"alt_text":"","src":"","width":0,"height":0},"classes":[]}],"jetpack_sharing_enabled":true,"_links":{"self":[{"href":"http:\/\/ccnews.com.ar\/prensa\/wp-json\/wp\/v2\/posts\/16418","targetHints":{"allow":["GET"]}}],"collection":[{"href":"http:\/\/ccnews.com.ar\/prensa\/wp-json\/wp\/v2\/posts"}],"about":[{"href":"http:\/\/ccnews.com.ar\/prensa\/wp-json\/wp\/v2\/types\/post"}],"author":[{"embeddable":true,"href":"http:\/\/ccnews.com.ar\/prensa\/wp-json\/wp\/v2\/users\/5"}],"replies":[{"embeddable":true,"href":"http:\/\/ccnews.com.ar\/prensa\/wp-json\/wp\/v2\/comments?post=16418"}],"version-history":[{"count":0,"href":"http:\/\/ccnews.com.ar\/prensa\/wp-json\/wp\/v2\/posts\/16418\/revisions"}],"wp:attachment":[{"href":"http:\/\/ccnews.com.ar\/prensa\/wp-json\/wp\/v2\/media?parent=16418"}],"wp:term":[{"taxonomy":"category","embeddable":true,"href":"http:\/\/ccnews.com.ar\/prensa\/wp-json\/wp\/v2\/categories?post=16418"},{"taxonomy":"post_tag","embeddable":true,"href":"http:\/\/ccnews.com.ar\/prensa\/wp-json\/wp\/v2\/tags?post=16418"}],"curies":[{"name":"wp","href":"https:\/\/api.w.org\/{rel}","templated":true}]}}