{"id":16442,"date":"2020-12-17T09:21:54","date_gmt":"2020-12-17T12:21:54","guid":{"rendered":"http:\/\/ccnews.com.ar\/prensa\/?p=16442"},"modified":"2020-12-17T09:39:20","modified_gmt":"2020-12-17T12:39:20","slug":"hoy-se-inaugura-feriame-point-un-espacio-de-reencuentro-en-el-alto-valle","status":"publish","type":"post","link":"http:\/\/ccnews.com.ar\/prensa\/hoy-se-inaugura-feriame-point-un-espacio-de-reencuentro-en-el-alto-valle\/","title":{"rendered":"Hoy se inaugura Feriame Point: un espacio de reencuentro en el Alto Valle"},"content":{"rendered":"\n<p><strong>Se trata de un predio multiprop\u00f3sito que ofrece propuestas gastron\u00f3micas, culturales y sustentables, en un espacio para reencontrarse con amigos al aire libre, de forma segura y con protocolos de prevenci\u00f3n ante el COVID-19. La inauguraci\u00f3n es hoy a las 19:00 con entrada libre y capacidad limitada.<\/strong><\/p>\n\n\n\n<p>El contexto actual\ny la \u00e9poca veraniega fomentan la necesidad de reencontrarse con amigos y compartir\nbuenos momentos al aire libre. Para ello naci\u00f3 Feriame Point, un espacio\nmultiprop\u00f3sito que integra, dentro de un amplio predio en Cipolletti, una propuesta\n\u00fanica en el Alto Valle. Desde un <strong>patio\ncervecero<\/strong> hasta <strong>exquisitos<\/strong> <strong>vinos, tragos y aperitivos<\/strong>. Desde una\nvariada <strong>propuesta gastron\u00f3mica<\/strong> hasta\nla venta de <strong>productos regionales<\/strong>. Desde\n<strong>eventos art\u00edsticos y culturales<\/strong> hasta\nun <strong>punto verde<\/strong> que recibir\u00e1 residuos\nreciclables y concientizar\u00e1 sobre el cuidado del medioambiente.<\/p>\n\n\n\n<p>Tres j\u00f3venes emprendedores\nse encargan de la organizaci\u00f3n del proyecto: Sebasti\u00e1n Rimmele, Pedro Mandalari\ny Santiago Debiaggi. En di\u00e1logo con <em>CCNews,\n<\/em>Rimmele coment\u00f3: &#8220;En ciudades como Buenos Aires y C\u00f3rdoba, tenemos <strong>espacios incre\u00edbles donde encontrarnos\ncuando queremos salir a compartir algo con amigos<\/strong>. Feriame Point surgi\u00f3 a\npartir de la idea de crear un lugar con ese esp\u00edritu en el Alto Valle, un espacio\nque acerque una oferta cultural y que adem\u00e1s <strong>recree lo que era una chacra local de los viejos tiempos<\/strong>&#8220;. <\/p>\n\n\n\n<p>Por su parte,\nSebasti\u00e1n Navarro, coordinador del proyecto, indic\u00f3 que los objetivos\nprincipales de Feriame Point son &#8220;generar <strong>una propuesta gastron\u00f3mica y de encuentro a cielo abierto para los\nj\u00f3venes<\/strong>, y tambi\u00e9n una <strong>oferta\nmultiprop\u00f3sito sociocultural y amigable con el medioambiente<\/strong>, que fomente\nla compra local y la sustentabilidad&#8221;. Tambi\u00e9n explic\u00f3 que el predio\ncuenta con <strong>protocolos sanitarios frente\nal COVID-19<\/strong> y medidas de seguridad tanto para los visitantes como para los\nveh\u00edculos dentro del estacionamiento privado.<\/p>\n\n\n\n<p>Las diversidad de actividades\nque se van a realizar convierten al lugar en un <strong>espacio multiprop\u00f3sito<\/strong>. &#8220;Proyectamos desarrollar una oferta enriquecedora\nque incluir\u00e1 la realizaci\u00f3n de eventos de distintas tem\u00e1ticas&#8221;, se\u00f1al\u00f3 Rimmele,\ny Navarro agreg\u00f3: &#8220;La idea es que los j\u00f3venes elijan este lugar para\ncompartir y disfrutar un \u00e1rea para la difusi\u00f3n de <strong>artistas regionales, grupos folcl\u00f3ricos, shows con m\u00fasicos en vivo y otros\neventos nocturnos al aire libre<\/strong>, adem\u00e1s de las propuestas gastron\u00f3micas&#8221;.\n<\/p>\n\n\n\n<p>Feriame Point\ntambi\u00e9n se convertir\u00e1 en un <strong>Punto Verde\nde la Municipalidad de Cipolletti<\/strong>. Al respecto, Navarro remarc\u00f3 que la idea\nes &#8220;promover el cuidado del medioambiente incorporando contenedores para que\nlos visitantes puedan llevar y separar sus residuos s\u00f3lidos&#8221;. Por su\nparte, Rimmele afirm\u00f3: &#8220;<strong>Para\nnuestra generaci\u00f3n es muy importante generar una conciencia ambiental<\/strong>. Por\neso, vamos a recibir residuos electr\u00f3nicos, cartones, papeles, aluminio, lata y\nmuchos otros materiales para su posterior reciclado a trav\u00e9s de la Secretar\u00eda\nde Medio Ambiente&#8221;.<\/p>\n\n\n\n<p>La sustentabilidad\ntambi\u00e9n se fomentar\u00e1 desde los peque\u00f1os detalles: &#8220;<strong>En&nbsp; Feriame Point no vamos a\nentregar vasos pl\u00e1sticos desechables<\/strong>. Para consumir bebidas, le vamos a proponer\na la gente que traiga su propio vaso, copa o pinta. De esta manera, tambi\u00e9n\npromoveremos el cuidado de la salud ante el COVID-19&#8243;, subray\u00f3 Rimmele. En\neste sentido, el predio tambi\u00e9n implementar\u00e1 otros protocolos como un <strong>control de los visitantes en el ingreso al\npredio<\/strong>, una <strong>limpieza constante de ba\u00f1os\ne instalaciones<\/strong>, as\u00ed como un <strong>m\u00e1ximo\nde cuatro personas sentadas por cada mesa<\/strong>.<\/p>\n\n\n\n<p>El evento de inauguraci\u00f3n, que tendr\u00e1 lugar esta tarde a\npartir de las 19:00, contar\u00e1 con la participaci\u00f3n de <strong>cuatro artistas musicales invitados y otros detalles sorpresa<\/strong>. La entrada\nes gratuita, pero la capacidad del predio se limita a 200 personas en simult\u00e1neo.\n&#8220;Recomendamos seguir nuestra p\u00e1gina en Instagram, donde <strong>actualizamos en tiempo real la informaci\u00f3n sobre\nla capacidad disponible <\/strong>y los lugares que se van liberando&#8221;, se\u00f1al\u00f3\nfinalmente Rimmele.<\/p>\n\n\n\n<p><strong><em>Feriame Point se encuentra en el Predio Los Itos, Ruta 151, Cipolletti. Horario: mi\u00e9rcoles, jueves y s\u00e1bados de 19:00 a 01:00. IG: <a href=\"https:\/\/www.instagram.com\/feriamepoint\/?hl=es\">@feriamepoint<\/a><\/em><\/strong><\/p>\n\n\n\n<p>Fuente: CCNews<\/p>\n<!-- AddThis Advanced Settings generic via filter on the_content -->","protected":false},"excerpt":{"rendered":"<p>Se trata de un predio multiprop\u00f3sito que ofrece propuestas gastron\u00f3micas, culturales y sustentables, en un espacio para reencontrarse con amigos al aire libre, de forma segura y con protocolos de prevenci\u00f3n ante el COVID-19. La inauguraci\u00f3n es hoy a las 19:00 con entrada libre y capacidad limitada.<!-- AddThis Advanced Settings generic via filter on get_the_excerpt --><\/p>\n","protected":false},"author":5,"featured_media":0,"comment_status":"closed","ping_status":"closed","sticky":false,"template":"","format":"standard","meta":{"colormag_page_container_layout":"default_layout","colormag_page_sidebar_layout":"default_layout","jetpack_post_was_ever_published":false,"_jetpack_newsletter_access":"","_jetpack_dont_email_post_to_subs":false,"_jetpack_newsletter_tier_id":0,"_jetpack_memberships_contains_paywalled_content":false,"_jetpack_memberships_contains_paid_content":false,"footnotes":"","jetpack_publicize_message":"","jetpack_publicize_feature_enabled":true,"jetpack_social_post_already_shared":true,"jetpack_social_options":{"image_generator_settings":{"template":"highway","default_image_id":0,"font":"","enabled":false},"version":2}},"categories":[3],"tags":[],"class_list":["post-16442","post","type-post","status-publish","format-standard","hentry","category-sustentabilidad"],"jetpack_publicize_connections":[],"jetpack_featured_media_url":"","jetpack_shortlink":"https:\/\/wp.me\/p7L1gj-4hc","jetpack-related-posts":[{"id":11049,"url":"http:\/\/ccnews.com.ar\/prensa\/mision-ciencia-lista-para-recibir-a-miles-de-visitantes\/","url_meta":{"origin":16442,"position":0},"title":"Misi\u00f3n Ciencia, lista para recibir a miles de visitantes","author":"admin","date":"8 abril, 2019","format":false,"excerpt":"El evento contar\u00e1 con diversas actividades para disfrutar en familia: un parque de dinosaurios animatr\u00f3nicos, realidad aumentada y un recorrido por la evoluci\u00f3n humana. Neuqu\u00e9n. El ministro de Trabajo, Desarrollo Social y Seguridad, Mariano Gaido, renov\u00f3 ayer la convocatoria para toda la poblaci\u00f3n \u201cno solo de Neuqu\u00e9n sino de todo\u2026","rel":"","context":"En \u00abTransformaci\u00f3n digital\u00bb","block_context":{"text":"Transformaci\u00f3n digital","link":"http:\/\/ccnews.com.ar\/prensa\/category\/transformacion-digital\/"},"img":{"alt_text":"","src":"https:\/\/i0.wp.com\/ccnews.com.ar\/prensa\/wp-content\/uploads\/2019\/04\/MisionCiencia2019.jpg?fit=1024%2C505&resize=350%2C200","width":350,"height":200,"srcset":"https:\/\/i0.wp.com\/ccnews.com.ar\/prensa\/wp-content\/uploads\/2019\/04\/MisionCiencia2019.jpg?fit=1024%2C505&resize=350%2C200 1x, https:\/\/i0.wp.com\/ccnews.com.ar\/prensa\/wp-content\/uploads\/2019\/04\/MisionCiencia2019.jpg?fit=1024%2C505&resize=525%2C300 1,5x, https:\/\/i0.wp.com\/ccnews.com.ar\/prensa\/wp-content\/uploads\/2019\/04\/MisionCiencia2019.jpg?fit=1024%2C505&resize=700%2C400 2x"},"classes":[]},{"id":7767,"url":"http:\/\/ccnews.com.ar\/prensa\/cordoba-tiene-la-primera-biblioteca-universitaria-abierta-las-24-horas\/","url_meta":{"origin":16442,"position":1},"title":"C\u00f3rdoba tiene la primera biblioteca universitaria abierta las 24 horas","author":"admin","date":"12 mayo, 2018","format":false,"excerpt":"CORDOBA. Esta ciudad tiene la primera y \u00fanica biblioteca universitaria abierta las 24 horas. La inaugura hoy la\u00a0Facultad de Ciencias Econ\u00f3micas de la Universidad Nacional de C\u00f3rdoba\u00a0(UNC) con el objetivo de ampliar las oportunidades de los alumnos incorporando nuevas herramientas y recursos para la lectura y el estudio acad\u00e9mico y,\u2026","rel":"","context":"En \u00abEducaci\u00f3n\/Sociedad\u00bb","block_context":{"text":"Educaci\u00f3n\/Sociedad","link":"http:\/\/ccnews.com.ar\/prensa\/category\/educacion-sociedad\/"},"img":{"alt_text":"","src":"https:\/\/i0.wp.com\/ccnews.com.ar\/prensa\/wp-content\/uploads\/2018\/05\/2681989w1033.jpg?fit=1033%2C688&resize=350%2C200","width":350,"height":200,"srcset":"https:\/\/i0.wp.com\/ccnews.com.ar\/prensa\/wp-content\/uploads\/2018\/05\/2681989w1033.jpg?fit=1033%2C688&resize=350%2C200 1x, https:\/\/i0.wp.com\/ccnews.com.ar\/prensa\/wp-content\/uploads\/2018\/05\/2681989w1033.jpg?fit=1033%2C688&resize=525%2C300 1,5x, https:\/\/i0.wp.com\/ccnews.com.ar\/prensa\/wp-content\/uploads\/2018\/05\/2681989w1033.jpg?fit=1033%2C688&resize=700%2C400 2x"},"classes":[]},{"id":6167,"url":"http:\/\/ccnews.com.ar\/prensa\/vaca-muerta-tendra-red-de-agua-propia-para-el-fracking\/","url_meta":{"origin":16442,"position":2},"title":"Vaca Muerta tendr\u00e1 red de agua propia para el fracking","author":"CLUSTERciar","date":"25 noviembre, 2017","format":false,"excerpt":"Neuqu\u00e9n incorpor\u00f3 en el Plan Patagonia la propuesta denominada Red de Agua Distribuida, un sistema para canalizar el insumo central de las fracturas. La Provincia, a trav\u00e9s de una compa\u00f1\u00eda regional, reflot\u00f3 el proyecto para crear una red de acueductos para abastecer al fracking. Cada uno de los m\u00e1s de\u2026","rel":"","context":"En \u00abEnerg\u00eda y Producci\u00f3n\u00bb","block_context":{"text":"Energ\u00eda y Producci\u00f3n","link":"http:\/\/ccnews.com.ar\/prensa\/category\/energia-y-produccion\/"},"img":{"alt_text":"","src":"https:\/\/i0.wp.com\/ccnews.com.ar\/prensa\/wp-content\/uploads\/2017\/11\/image_content_9067728_20171115225045.jpg?fit=660%2C370&resize=350%2C200","width":350,"height":200,"srcset":"https:\/\/i0.wp.com\/ccnews.com.ar\/prensa\/wp-content\/uploads\/2017\/11\/image_content_9067728_20171115225045.jpg?fit=660%2C370&resize=350%2C200 1x, https:\/\/i0.wp.com\/ccnews.com.ar\/prensa\/wp-content\/uploads\/2017\/11\/image_content_9067728_20171115225045.jpg?fit=660%2C370&resize=525%2C300 1,5x"},"classes":[]},{"id":10745,"url":"http:\/\/ccnews.com.ar\/prensa\/world-wide-web-a-30-anos-de-la-creacion-de-la-web\/","url_meta":{"origin":16442,"position":3},"title":"World Wide Web, a 30 a\u00f1os de la creaci\u00f3n de la web","author":"CLUSTERciar","date":"12 marzo, 2019","format":false,"excerpt":"En el 30\u00b0 aniversario de la creaci\u00f3n de la World Wide Web (WWW), lo que conocemos como Web o como la \"triple W\",\u00a0Google lo celebra con un\u00a0doodle animado:\u00a0una vieja computadora muestra la imagen pixeleada de la Tierra, que gira lentamente, como en aquellos primeros d\u00edas donde comenz\u00f3 la innovaci\u00f3n. Com\u00fanmente\u2026","rel":"","context":"En \u00abTransformaci\u00f3n digital\u00bb","block_context":{"text":"Transformaci\u00f3n digital","link":"http:\/\/ccnews.com.ar\/prensa\/category\/transformacion-digital\/"},"img":{"alt_text":"","src":"https:\/\/i0.wp.com\/ccnews.com.ar\/prensa\/wp-content\/uploads\/2019\/03\/2891309w1033.jpg?fit=1033%2C688&resize=350%2C200","width":350,"height":200,"srcset":"https:\/\/i0.wp.com\/ccnews.com.ar\/prensa\/wp-content\/uploads\/2019\/03\/2891309w1033.jpg?fit=1033%2C688&resize=350%2C200 1x, https:\/\/i0.wp.com\/ccnews.com.ar\/prensa\/wp-content\/uploads\/2019\/03\/2891309w1033.jpg?fit=1033%2C688&resize=525%2C300 1,5x, https:\/\/i0.wp.com\/ccnews.com.ar\/prensa\/wp-content\/uploads\/2019\/03\/2891309w1033.jpg?fit=1033%2C688&resize=700%2C400 2x"},"classes":[]},{"id":12747,"url":"http:\/\/ccnews.com.ar\/prensa\/por-que-hoy-4-de-septiembre-se-celebra-el-dia-del-inmigrante\/","url_meta":{"origin":16442,"position":4},"title":"\u00bfPor qu\u00e9 hoy, 4 de septiembre, se celebra el D\u00eda del Inmigrante?","author":"admin","date":"4 septiembre, 2019","format":false,"excerpt":"El 4 de septiembre se conmemora el D\u00eda del Inmigrante en honor a todas esas personas que llegaron al pa\u00eds desde el exterior y se asentaron en el territorio argentino. Adem\u00e1s del D\u00eda de la Secretaria y de la Historieta, el D\u00eda del Inmigrante en la Argentina se celebra el\u2026","rel":"","context":"En \u00abEducaci\u00f3n\/Sociedad\u00bb","block_context":{"text":"Educaci\u00f3n\/Sociedad","link":"http:\/\/ccnews.com.ar\/prensa\/category\/educacion-sociedad\/"},"img":{"alt_text":"","src":"https:\/\/i0.wp.com\/ccnews.com.ar\/prensa\/wp-content\/uploads\/2019\/09\/Argentina_-_Misiones_-_Ober%C3%A1_-_Fiesta_del_Inmigrante_2014_-_Cuadro_Apertura.jpg?fit=1024%2C683&resize=350%2C200","width":350,"height":200,"srcset":"https:\/\/i0.wp.com\/ccnews.com.ar\/prensa\/wp-content\/uploads\/2019\/09\/Argentina_-_Misiones_-_Ober%C3%A1_-_Fiesta_del_Inmigrante_2014_-_Cuadro_Apertura.jpg?fit=1024%2C683&resize=350%2C200 1x, https:\/\/i0.wp.com\/ccnews.com.ar\/prensa\/wp-content\/uploads\/2019\/09\/Argentina_-_Misiones_-_Ober%C3%A1_-_Fiesta_del_Inmigrante_2014_-_Cuadro_Apertura.jpg?fit=1024%2C683&resize=525%2C300 1,5x, https:\/\/i0.wp.com\/ccnews.com.ar\/prensa\/wp-content\/uploads\/2019\/09\/Argentina_-_Misiones_-_Ober%C3%A1_-_Fiesta_del_Inmigrante_2014_-_Cuadro_Apertura.jpg?fit=1024%2C683&resize=700%2C400 2x"},"classes":[]},{"id":3377,"url":"http:\/\/ccnews.com.ar\/prensa\/trabajo-colaborativo-y-remoto-como-es-la-nueva-tendencia-del-mercado-laboral\/","url_meta":{"origin":16442,"position":5},"title":"TRABAJO COLABORATIVO Y REMOTO, \u00bfC\u00d3MO ES LA NUEVA TENDENCIA DEL MERCADO LABORAL?","author":"CLUSTERciar","date":"5 marzo, 2017","format":false,"excerpt":"LOS DIFERENTES GADGETS Y SOFTWARE HACEN CADA VEZ M\u00c1S SENCILLO, Y CONVENIENTE, EL TRABAJO REMOTO. QU\u00c9 TECNOLOG\u00cdAS VAN A LIDERAR ESTA CRECIENTE TENDENCIA EN EL MERCADO LABORAL. LA VOZ DE LOS EXPERTOS. D\u00eda tras d\u00eda se nota c\u00f3mo va disminuyendo la cantidad de asistentes en el Mobile World Congress 2017.\u2026","rel":"","context":"En \u00abManagement\u00bb","block_context":{"text":"Management","link":"http:\/\/ccnews.com.ar\/prensa\/category\/management\/"},"img":{"alt_text":"","src":"https:\/\/i0.wp.com\/ccnews.com.ar\/prensa\/wp-content\/uploads\/2017\/03\/the-freelancers-life-in-13-pictures4__880.jpg_1484051676.jpg?fit=875%2C471&resize=350%2C200","width":350,"height":200,"srcset":"https:\/\/i0.wp.com\/ccnews.com.ar\/prensa\/wp-content\/uploads\/2017\/03\/the-freelancers-life-in-13-pictures4__880.jpg_1484051676.jpg?fit=875%2C471&resize=350%2C200 1x, https:\/\/i0.wp.com\/ccnews.com.ar\/prensa\/wp-content\/uploads\/2017\/03\/the-freelancers-life-in-13-pictures4__880.jpg_1484051676.jpg?fit=875%2C471&resize=525%2C300 1,5x, https:\/\/i0.wp.com\/ccnews.com.ar\/prensa\/wp-content\/uploads\/2017\/03\/the-freelancers-life-in-13-pictures4__880.jpg_1484051676.jpg?fit=875%2C471&resize=700%2C400 2x"},"classes":[]}],"jetpack_sharing_enabled":true,"_links":{"self":[{"href":"http:\/\/ccnews.com.ar\/prensa\/wp-json\/wp\/v2\/posts\/16442","targetHints":{"allow":["GET"]}}],"collection":[{"href":"http:\/\/ccnews.com.ar\/prensa\/wp-json\/wp\/v2\/posts"}],"about":[{"href":"http:\/\/ccnews.com.ar\/prensa\/wp-json\/wp\/v2\/types\/post"}],"author":[{"embeddable":true,"href":"http:\/\/ccnews.com.ar\/prensa\/wp-json\/wp\/v2\/users\/5"}],"replies":[{"embeddable":true,"href":"http:\/\/ccnews.com.ar\/prensa\/wp-json\/wp\/v2\/comments?post=16442"}],"version-history":[{"count":1,"href":"http:\/\/ccnews.com.ar\/prensa\/wp-json\/wp\/v2\/posts\/16442\/revisions"}],"predecessor-version":[{"id":16458,"href":"http:\/\/ccnews.com.ar\/prensa\/wp-json\/wp\/v2\/posts\/16442\/revisions\/16458"}],"wp:attachment":[{"href":"http:\/\/ccnews.com.ar\/prensa\/wp-json\/wp\/v2\/media?parent=16442"}],"wp:term":[{"taxonomy":"category","embeddable":true,"href":"http:\/\/ccnews.com.ar\/prensa\/wp-json\/wp\/v2\/categories?post=16442"},{"taxonomy":"post_tag","embeddable":true,"href":"http:\/\/ccnews.com.ar\/prensa\/wp-json\/wp\/v2\/tags?post=16442"}],"curies":[{"name":"wp","href":"https:\/\/api.w.org\/{rel}","templated":true}]}}