{"id":16464,"date":"2020-12-30T09:09:06","date_gmt":"2020-12-30T12:09:06","guid":{"rendered":"http:\/\/ccnews.com.ar\/prensa\/?p=16464"},"modified":"2020-12-30T09:09:11","modified_gmt":"2020-12-30T12:09:11","slug":"digitalizacion-laboral-las-claves-para-entenderla-e-implementarla","status":"publish","type":"post","link":"http:\/\/ccnews.com.ar\/prensa\/digitalizacion-laboral-las-claves-para-entenderla-e-implementarla\/","title":{"rendered":"Digitalizaci\u00f3n laboral: las claves para entenderla e implementarla"},"content":{"rendered":"\n<p><strong>La revoluci\u00f3n digital est\u00e1 transformando para siempre la manera de trabajar en las organizaciones. Es momento de conocer los cambios que genera, los desaf\u00edos que produce y algunas claves para implementarla con \u00e9xito. <\/strong><\/p>\n\n\n\n<p>Desde hace algunos\na\u00f1os, la revoluci\u00f3n digital est\u00e1 llevando a las empresas a cambiar su manera de\ntrabajar, redefinir procesos y convertir tareas manuales en digitales. En 2020,\nla situaci\u00f3n de pandemia convirti\u00f3 esta tendencia en una necesidad y, en muchos\ncasos, oblig\u00f3 a las organizaciones a implementar modalidades que ven\u00edan siendo\npostergadas. As\u00ed, el <strong>teletrabajo<\/strong> y el\n<strong>almacenamiento de la informaci\u00f3n en la\nnube<\/strong>, entre otros avances digitales, se transformaron en la <strong>\u00fanica alternativa de continuidad<\/strong> en un\nescenario que obliga al confinamiento. <\/p>\n\n\n\n<p>Este proceso de digitalizaci\u00f3n\nlaboral aporta beneficios y tambi\u00e9n provoca algunos obst\u00e1culos. Seg\u00fan Marcelo\nArtigas, Gerente de Tecnolog\u00eda e Innovaci\u00f3n de CLUSTERciar, &#8220;una de las\nmayores ventajas que genera la digitalizaci\u00f3n es el aprovechamiento de las\nnuevas tecnolog\u00edas para <strong>aumentar la\neficiencia laboral<\/strong>, mientras que la principal desventaja es el <strong>riesgo de no socializar<\/strong> y, por lo tanto,\ndejar de lado las relaciones interpersonales que enriquecen el resultado del\ntrabajo&#8221;.<\/p>\n\n\n\n<p>Algunos de los\ncambios generados por la digitalizaci\u00f3n a\u00fan necesitan asentarse. En este\nsentido, la experiencia del <em>home office<\/em>\nha puesto de relieve el <strong>equilibrio necesario\nentre la vida profesional y la familiar<\/strong>, la p\u00e9rdida del<strong> contacto diario con el equipo de trabajo<\/strong>, la configuraci\u00f3n de nuevos<strong> espacios de colaboraci\u00f3n<\/strong>, las nuevas\nformas de <strong>gestionar equipos<\/strong> y <strong>el paso de trabajar por horas a hacerlo por\nobjetivos<\/strong>, entre otros factores. &#8220;La adaptaci\u00f3n a estos cambios va a\nser clave para afrontar el futuro&#8221;, coment\u00f3 Artigas.<\/p>\n\n\n\n<p>Los procesos de <strong>selecci\u00f3n de personal<\/strong> tambi\u00e9n se han\ntransformado a partir de la digitalizaci\u00f3n. Ricardo Ramallo, Gerente de\nDesarrollo de las Personas de CLUSTERciar, se\u00f1al\u00f3 a <em>CCNews<\/em>: &#8220;Nos vimos obligados a realizar las entrevistas de\nforma 100% remota, tanto las internas como las externas con clientes. Si bien\nel acercamiento es distinto, <strong>no se not\u00f3\nuna baja de calidad en los procesos<\/strong> y no encontramos dificultades para\nidentificar rasgos de personalidad y capacidades t\u00e9cnicasde los perfiles. Tambi\u00e9n, implementamos de manera digital la firma\nde documentaci\u00f3n y las inducciones corporativas&#8221;. <\/p>\n\n\n\n<p>Otro de los desaf\u00edos\nque presenta la digitalizaci\u00f3n es el de <strong>transmitir\ny mantener la cultura de una organizaci\u00f3n<\/strong>. &#8220;Para nosotros, este es un\npunto todav\u00eda dif\u00edcil, porque estamos acostumbrados a trabajar de una forma\n100% f\u00edsica. Por el momento, hemos reforzado la comunicaci\u00f3n digital para\nmantener el <strong>sentido de pertenencia y la cohesi\u00f3n\nde los equipos<\/strong>. Apuntamos a ser una empresa h\u00edbrida que integre el <em>home office<\/em> con el trabajo presencial, lo\nque forjar\u00e1 una nueva cultura y una forma m\u00e1s efectiva de mantenerla&#8221;, detall\u00f3\nArtigas. <\/p>\n\n\n\n<p>El trabajo remoto tambi\u00e9n\nha cambiado la <strong>forma de transmitir conocimientos\nentre un colaborador y otro<\/strong>. Al respecto, Artigas explic\u00f3: &#8220;Utilizamos\nde la manera m\u00e1s asertiva los medios de comunicaci\u00f3n disponibles. Mientras m\u00e1s\nconcretos sean, como <strong>la videollamada o\nla conversaci\u00f3n telef\u00f3nica<\/strong>, m\u00e1s cerca estaremos de lograr el objetivo. Adem\u00e1s,\nempleamos otras soluciones \u00fatiles para dar apoyo, como las herramientas o\ndocumentos colaborativos y las pizarras compartidas, entre otras&#8221;.<\/p>\n\n\n\n<p>Sin duda, la revoluci\u00f3n digital modificar\u00e1 puestos de trabajo actuales e invitar\u00e1 a transformar posiciones y roles. &#8220;Toda compa\u00f1\u00eda deber\u00e1 <strong>apuntar a la reconversi\u00f3n de sus recursos y al aprovechamiento de sus mejores talentos<\/strong>&#8220;, remarc\u00f3 Artigas y concluy\u00f3: &#8220;Es clave mirar hacia adelante con atenci\u00f3n, identificar tendencias, desarrollar nuevas competencias y dise\u00f1ar de manera temprana la empresa del futuro. <strong>La digitalizaci\u00f3n forma parte de nuestra vida y reformula el trabajo<\/strong>. Debemos plantearnos estrategias para capitalizarla con \u00e9xito&#8221;.<\/p>\n\n\n\n<p><\/p>\n\n\n\n<p>\n\nFuente: CCNews\n\n<\/p>\n<!-- AddThis Advanced Settings generic via filter on the_content -->","protected":false},"excerpt":{"rendered":"<p>La revoluci\u00f3n digital est\u00e1 transformando para siempre la manera de trabajar en las organizaciones. Es momento de conocer los cambios que genera, los desaf\u00edos que produce y algunas claves para implementarla con \u00e9xito. <!-- AddThis Advanced Settings generic via filter on get_the_excerpt --><\/p>\n","protected":false},"author":2,"featured_media":0,"comment_status":"closed","ping_status":"closed","sticky":false,"template":"","format":"standard","meta":{"colormag_page_container_layout":"default_layout","colormag_page_sidebar_layout":"default_layout","jetpack_post_was_ever_published":false,"_jetpack_newsletter_access":"","_jetpack_dont_email_post_to_subs":false,"_jetpack_newsletter_tier_id":0,"_jetpack_memberships_contains_paywalled_content":false,"_jetpack_memberships_contains_paid_content":false,"footnotes":"","jetpack_publicize_message":"#ExclusivoCCNews\n\nDigitalizaci\u00f3n laboral: las claves para entenderla e implementarla","jetpack_publicize_feature_enabled":true,"jetpack_social_post_already_shared":true,"jetpack_social_options":{"image_generator_settings":{"template":"highway","default_image_id":0,"font":"","enabled":false},"version":2}},"categories":[5],"tags":[],"class_list":["post-16464","post","type-post","status-publish","format-standard","hentry","category-transformacion-digital"],"jetpack_publicize_connections":[],"jetpack_featured_media_url":"","jetpack_shortlink":"https:\/\/wp.me\/p7L1gj-4hy","jetpack-related-posts":[{"id":11107,"url":"http:\/\/ccnews.com.ar\/prensa\/que-nos-depara-el-futuro-digital\/","url_meta":{"origin":16464,"position":0},"title":"\u00bfQu\u00e9 nos depara el futuro digital?","author":"admin","date":"13 abril, 2019","format":false,"excerpt":"Los espacios virtuales podr\u00edan cambiar el mundo tan profundamente como hace 200 a\u00f1os, cuando la m\u00e1quina de vapor y la producci\u00f3n de energ\u00eda f\u00f3sil dieron paso a una nueva sociedad La humanidad se est\u00e1 viendo asediada por problemas de escala mundial: la crisis clim\u00e1tica, el aumento de la desigualdad, los\u2026","rel":"","context":"En \u00abTransformaci\u00f3n digital\u00bb","block_context":{"text":"Transformaci\u00f3n digital","link":"http:\/\/ccnews.com.ar\/prensa\/category\/transformacion-digital\/"},"img":{"alt_text":"","src":"https:\/\/i0.wp.com\/ccnews.com.ar\/prensa\/wp-content\/uploads\/2019\/04\/tec1-1.jpg?fit=1200%2C772&resize=350%2C200","width":350,"height":200,"srcset":"https:\/\/i0.wp.com\/ccnews.com.ar\/prensa\/wp-content\/uploads\/2019\/04\/tec1-1.jpg?fit=1200%2C772&resize=350%2C200 1x, https:\/\/i0.wp.com\/ccnews.com.ar\/prensa\/wp-content\/uploads\/2019\/04\/tec1-1.jpg?fit=1200%2C772&resize=525%2C300 1,5x, https:\/\/i0.wp.com\/ccnews.com.ar\/prensa\/wp-content\/uploads\/2019\/04\/tec1-1.jpg?fit=1200%2C772&resize=700%2C400 2x, https:\/\/i0.wp.com\/ccnews.com.ar\/prensa\/wp-content\/uploads\/2019\/04\/tec1-1.jpg?fit=1200%2C772&resize=1050%2C600 3x"},"classes":[]},{"id":10803,"url":"http:\/\/ccnews.com.ar\/prensa\/la-gestion-inteligente-de-la-informacion-el-reto-de-la-transformacion-digital\/","url_meta":{"origin":16464,"position":1},"title":"La gesti\u00f3n inteligente de la informaci\u00f3n: el reto de la transformaci\u00f3n digital","author":"admin","date":"16 marzo, 2019","format":false,"excerpt":"La gesti\u00f3n inteligente de la informaci\u00f3n se convierte en una ventaja competitiva diferenciadora de las compa\u00f1\u00edas para generar valor al cliente e impulsar su crecimiento. En un ecosistema empresarial en el que la digitalizaci\u00f3n no es una opci\u00f3n, las compa\u00f1\u00edas aspiran a rentabilizar y mejorar sus procesos buscando el equilibrio\u2026","rel":"","context":"En \u00abManagement\u00bb","block_context":{"text":"Management","link":"http:\/\/ccnews.com.ar\/prensa\/category\/management\/"},"img":{"alt_text":"","src":"https:\/\/i0.wp.com\/ccnews.com.ar\/prensa\/wp-content\/uploads\/2019\/03\/management1.jpg?fit=640%2C428&resize=350%2C200","width":350,"height":200,"srcset":"https:\/\/i0.wp.com\/ccnews.com.ar\/prensa\/wp-content\/uploads\/2019\/03\/management1.jpg?fit=640%2C428&resize=350%2C200 1x, https:\/\/i0.wp.com\/ccnews.com.ar\/prensa\/wp-content\/uploads\/2019\/03\/management1.jpg?fit=640%2C428&resize=525%2C300 1,5x"},"classes":[]},{"id":16418,"url":"http:\/\/ccnews.com.ar\/prensa\/digitalizar-la-produccion-es-lo-que-viene-tras-la-pandemia\/","url_meta":{"origin":16464,"position":2},"title":"Digitalizar la producci\u00f3n es lo que viene tras la pandemia","author":"Editor","date":"17 diciembre, 2020","format":false,"excerpt":"Una migraci\u00f3n creciente a canales electr\u00f3nicos para la compra de insumos no obedeci\u00f3 s\u00f3lo a la pandemia, sino que implica tambi\u00e9n encarar el crecimiento de la digitalizaci\u00f3n","rel":"","context":"En \u00abTransformaci\u00f3n digital\u00bb","block_context":{"text":"Transformaci\u00f3n digital","link":"http:\/\/ccnews.com.ar\/prensa\/category\/transformacion-digital\/"},"img":{"alt_text":"","src":"","width":0,"height":0},"classes":[]},{"id":3919,"url":"http:\/\/ccnews.com.ar\/prensa\/digitalizar-ya-no-sera-opcional-para-las-empresas\/","url_meta":{"origin":16464,"position":3},"title":"DIGITALIZAR YA NO SER\u00c1 OPCIONAL PARA LAS EMPRESAS","author":"CLUSTERciar","date":"1 mayo, 2017","format":false,"excerpt":"LA TRANSFORMACI\u00d3N DIGITAL HA SIDO UN TEMA DOMINANTE EN LA AGENDA DEL CAP\u00cdTULO LATINOAMERICANO DEL \u00daLTIMO FORO ECONOMICO MUNDIAL (WEF, POR LAS SIGLAS EN INGL\u00c9S), REALIZADO EN LA CIUDAD DE BUENOS AIRES. La digitalizaci\u00f3n representa la fusi\u00f3n de nuevas tecnolog\u00edas e innovaciones y la experiencia de utilizarlas. Pero la digitalizaci\u00f3n\u2026","rel":"","context":"En \u00abTransformaci\u00f3n digital\u00bb","block_context":{"text":"Transformaci\u00f3n digital","link":"http:\/\/ccnews.com.ar\/prensa\/category\/transformacion-digital\/"},"img":{"alt_text":"","src":"https:\/\/i0.wp.com\/ccnews.com.ar\/prensa\/wp-content\/uploads\/2017\/04\/digitalizacion-documentos.jpg?fit=625%2C469&resize=350%2C200","width":350,"height":200,"srcset":"https:\/\/i0.wp.com\/ccnews.com.ar\/prensa\/wp-content\/uploads\/2017\/04\/digitalizacion-documentos.jpg?fit=625%2C469&resize=350%2C200 1x, https:\/\/i0.wp.com\/ccnews.com.ar\/prensa\/wp-content\/uploads\/2017\/04\/digitalizacion-documentos.jpg?fit=625%2C469&resize=525%2C300 1,5x"},"classes":[]},{"id":16350,"url":"http:\/\/ccnews.com.ar\/prensa\/cinco-factores-de-exito-para-la-transformacion-digital-en-2021\/","url_meta":{"origin":16464,"position":4},"title":"Cinco factores de \u00e9xito para la transformaci\u00f3n digital en 2021","author":"Editor","date":"26 noviembre, 2020","format":false,"excerpt":"Con la planificaci\u00f3n, el liderazgo y las habilidades adecuadas, las empresas pueden utilizar la transformaci\u00f3n digital para impulsar mejores ingresos y satisfacci\u00f3n del cliente en el pr\u00f3ximo a\u00f1o.","rel":"","context":"En \u00abCovid-19\u00bb","block_context":{"text":"Covid-19","link":"http:\/\/ccnews.com.ar\/prensa\/category\/covid-19\/"},"img":{"alt_text":"","src":"https:\/\/i0.wp.com\/ccnews.com.ar\/prensa\/wp-content\/uploads\/2020\/11\/transformacion-digital-gestion-riesgos-olz3zfi2maxd2tp07z6fgspis48gpm9dxwkarz5yd4.jpg?fit=696%2C364&resize=350%2C200","width":350,"height":200,"srcset":"https:\/\/i0.wp.com\/ccnews.com.ar\/prensa\/wp-content\/uploads\/2020\/11\/transformacion-digital-gestion-riesgos-olz3zfi2maxd2tp07z6fgspis48gpm9dxwkarz5yd4.jpg?fit=696%2C364&resize=350%2C200 1x, https:\/\/i0.wp.com\/ccnews.com.ar\/prensa\/wp-content\/uploads\/2020\/11\/transformacion-digital-gestion-riesgos-olz3zfi2maxd2tp07z6fgspis48gpm9dxwkarz5yd4.jpg?fit=696%2C364&resize=525%2C300 1,5x"},"classes":[]},{"id":13253,"url":"http:\/\/ccnews.com.ar\/prensa\/camino-a-la-digitalizacion-por-que-incorporar-tecnologia-en-tu-empresa\/","url_meta":{"origin":16464,"position":5},"title":"Camino a la digitalizaci\u00f3n: \u00bfPor qu\u00e9 incorporar tecnolog\u00eda en tu empresa?","author":"CLUSTERciar","date":"15 octubre, 2019","format":false,"excerpt":"Digitalizar tu Pyme puede ser determinante en el \u00e9xito o fracaso de un negocio. Ad portas de una nueva celebraci\u00f3n de la semana de la Pyme en Chile, expertos explican por qu\u00e9 es tan importante que todos empiecen a subirse al tren de la tecnolog\u00eda. Seg\u00fan cifras de la OCDE,\u2026","rel":"","context":"En \u00abTransformaci\u00f3n digital\u00bb","block_context":{"text":"Transformaci\u00f3n digital","link":"http:\/\/ccnews.com.ar\/prensa\/category\/transformacion-digital\/"},"img":{"alt_text":"","src":"https:\/\/i0.wp.com\/ccnews.com.ar\/prensa\/wp-content\/uploads\/2019\/10\/700x420_digital-defini.jpg?fit=700%2C420&resize=350%2C200","width":350,"height":200,"srcset":"https:\/\/i0.wp.com\/ccnews.com.ar\/prensa\/wp-content\/uploads\/2019\/10\/700x420_digital-defini.jpg?fit=700%2C420&resize=350%2C200 1x, https:\/\/i0.wp.com\/ccnews.com.ar\/prensa\/wp-content\/uploads\/2019\/10\/700x420_digital-defini.jpg?fit=700%2C420&resize=525%2C300 1,5x, https:\/\/i0.wp.com\/ccnews.com.ar\/prensa\/wp-content\/uploads\/2019\/10\/700x420_digital-defini.jpg?fit=700%2C420&resize=700%2C400 2x"},"classes":[]}],"jetpack_sharing_enabled":true,"_links":{"self":[{"href":"http:\/\/ccnews.com.ar\/prensa\/wp-json\/wp\/v2\/posts\/16464","targetHints":{"allow":["GET"]}}],"collection":[{"href":"http:\/\/ccnews.com.ar\/prensa\/wp-json\/wp\/v2\/posts"}],"about":[{"href":"http:\/\/ccnews.com.ar\/prensa\/wp-json\/wp\/v2\/types\/post"}],"author":[{"embeddable":true,"href":"http:\/\/ccnews.com.ar\/prensa\/wp-json\/wp\/v2\/users\/2"}],"replies":[{"embeddable":true,"href":"http:\/\/ccnews.com.ar\/prensa\/wp-json\/wp\/v2\/comments?post=16464"}],"version-history":[{"count":0,"href":"http:\/\/ccnews.com.ar\/prensa\/wp-json\/wp\/v2\/posts\/16464\/revisions"}],"wp:attachment":[{"href":"http:\/\/ccnews.com.ar\/prensa\/wp-json\/wp\/v2\/media?parent=16464"}],"wp:term":[{"taxonomy":"category","embeddable":true,"href":"http:\/\/ccnews.com.ar\/prensa\/wp-json\/wp\/v2\/categories?post=16464"},{"taxonomy":"post_tag","embeddable":true,"href":"http:\/\/ccnews.com.ar\/prensa\/wp-json\/wp\/v2\/tags?post=16464"}],"curies":[{"name":"wp","href":"https:\/\/api.w.org\/{rel}","templated":true}]}}