{"id":16480,"date":"2020-12-30T08:33:00","date_gmt":"2020-12-30T11:33:00","guid":{"rendered":"http:\/\/ccnews.com.ar\/prensa\/?p=16480"},"modified":"2020-12-30T08:33:04","modified_gmt":"2020-12-30T11:33:04","slug":"un-estudio-revelo-como-es-el-jefe-ideal-segun-los-argentinos","status":"publish","type":"post","link":"http:\/\/ccnews.com.ar\/prensa\/un-estudio-revelo-como-es-el-jefe-ideal-segun-los-argentinos\/","title":{"rendered":"Un estudio revel\u00f3 c\u00f3mo es &#8220;el jefe ideal&#8221; seg\u00fan los argentinos"},"content":{"rendered":"\n<p><strong>La investigaci\u00f3n demostr\u00f3 que las nuevas generaciones se relacionan totalmente diferente en lo laboral a lo que era hace muchos a\u00f1os atr\u00e1s<\/strong>.<\/p>\n\n\n\n<p>Una \u00faltima encuesta online realizada por Ranstad revel\u00f3 resultados de c\u00f3mo ser\u00eda &#8220;el jefe ideal&#8221; seg\u00fan los argentinos. La investigaci\u00f3n se hizo en m\u00e1s de\u00a0<strong>8.000 personas<\/strong>\u00a0y demostr\u00f3 que las nuevas generaciones\u00a0se relacionan totalmente diferente en lo laboral a lo que era hace muchos a\u00f1os atr\u00e1s.<\/p>\n\n\n\n<p>Espec\u00edficamente se indic\u00f3 que el 76% de los trabajadores est\u00e1n conectados con sus compa\u00f1eros de trabajo a trav\u00e9s de sus redes sociales personales, mientras que solo el 29% comparte con sus jefes.<\/p>\n\n\n\n<p> Existe una clara diferencia que demuestra que la mayor\u00eda prefiere a\u00fan mantener las distancias en lo laboral. Sin embargo,\u00a0los millennials y centennials de alguna manera desdibujaron ese alejamiento que siempre hubo entre el trabajador y su \u00e1mbito de vida personal. <\/p>\n\n\n\n<p>Andrea \u00c1vila es la CEO de Randstad tanto para Argentina como Uruguay y frente a estos resultados sostiene que: &#8220;Hoy el \u00e1mbito laboral es tambi\u00e9n un&nbsp;<strong>espacio donde se generan v\u00ednculos<\/strong>&nbsp;sociales que, de acuerdo con los tiempos que corren y al estilo de comunicaci\u00f3n digital que impera en nuestra sociedad, traspasan el mundo real y se instalan con naturalidad en el universo de las redes sociales. As\u00ed, mientras&nbsp;<strong>casi 8 de cada 10 acepta a sus colegas en sus redes<\/strong>, con los jefes se elige mantener una mayor distancia&#8221;.<\/p>\n\n\n\n<h4 class=\"wp-block-heading\">Perfil ideal de &#8220;un jefe&#8221; seg\u00fan los argentinos<\/h4>\n\n\n\n<p>Los estudios de Randstad contin\u00faan y son cada vez m\u00e1s espec\u00edficos en torno a c\u00f3mo ser\u00eda el &#8220;jefe ideal&#8221;. Considerando las variables de g\u00e9nero y edad se les pregunt\u00f3 a los participantes cu\u00e1l creen que ser\u00eda la edad ideal de un jefe.<\/p>\n\n\n\n<p>Las diferentes respuestas obtenidas arrojaron que -puntualmente el 84% de los consultados-\u00a0 piensan que\u00a0no es relevante la edad mientras ese &#8220;jefe&#8221; les resulte inspirador. Por otra parte, el 15% respondi\u00f3 que si pudieran elegir preferir\u00edan tener un jefe de su misma edad o mayor y apenas solo el 1% dijo expl\u00edcitamente que podr\u00edan tener un jefe menor. <\/p>\n\n\n\n<h4 class=\"wp-block-heading\">Rangos y g\u00e9nero<\/h4>\n\n\n\n<p>La realidad, independientemente de los resultados arrojados por la encuesta, es que en el mercado laboral argentino&nbsp;<strong>el 50% tiene un jefe casi de su misma edad<\/strong>,&nbsp;el 42% tiene uno mucho mayor y solo el 8% tiene un jefe menor.<\/p>\n\n\n\n<p>En cuanto a la precisi\u00f3n del g\u00e9nero, se les pregunt\u00f3 a los encuestados qu\u00e9 preferir\u00edan, si tener un jefe hombre o mujer, y la respuesta es que\u00a0el 91% de los argentinos les es indistinto, mientras que el 6% preferir\u00eda que fuese un hombre y el 3% sostuvo que le gustar\u00eda que sea una mujer.<\/p>\n\n\n\n<p>Andrea \u00c1vila agreg\u00f3 que: &#8220;Estos datos muestran que, si bien hemos dado importantes pasos para&nbsp;<strong>achicar la brecha de g\u00e9nero en el \u00e1mbito laboral<\/strong>, tenemos a\u00fan indicadores que nos dicen que se necesitan mayores esfuerzos y, principalmente, acelerar sustancialmente el ritmo de cambio para llegar a la equidad. Quiz\u00e1 esta situaci\u00f3n de barajar y dar de nuevo que gener\u00f3 la pandemia sea la oportunidad de dar el salto exponencial que necesitamos para que realmente hombres y mujeres est\u00e9n en pie de igualdad&#8221;.<\/p>\n\n\n\n<p>Este estudio dej\u00f3 la impresi\u00f3n que, la marca que representan los jefes en la vida profesional de las nuevas generaciones es efectiva, siempre y cuando impacten positivamente en sus vidas personales.<\/p>\n\n\n\n<p>Fuente:  <strong>iProfesional<\/strong> <\/p>\n<!-- AddThis Advanced Settings generic via filter on the_content -->","protected":false},"excerpt":{"rendered":"<p>La investigaci\u00f3n demostr\u00f3 que las nuevas generaciones se relacionan totalmente diferente en lo laboral a lo que era hace muchos a\u00f1os atr\u00e1s<!-- AddThis Advanced Settings generic via filter on get_the_excerpt --><\/p>\n","protected":false},"author":5,"featured_media":0,"comment_status":"closed","ping_status":"closed","sticky":false,"template":"","format":"standard","meta":{"colormag_page_container_layout":"default_layout","colormag_page_sidebar_layout":"default_layout","jetpack_post_was_ever_published":false,"_jetpack_newsletter_access":"","_jetpack_dont_email_post_to_subs":false,"_jetpack_newsletter_tier_id":0,"_jetpack_memberships_contains_paywalled_content":false,"_jetpack_memberships_contains_paid_content":false,"footnotes":"","jetpack_publicize_message":"","jetpack_publicize_feature_enabled":true,"jetpack_social_post_already_shared":true,"jetpack_social_options":{"image_generator_settings":{"template":"highway","default_image_id":0,"font":"","enabled":false},"version":2}},"categories":[7],"tags":[],"class_list":["post-16480","post","type-post","status-publish","format-standard","hentry","category-management"],"jetpack_publicize_connections":[],"jetpack_featured_media_url":"","jetpack_shortlink":"https:\/\/wp.me\/p7L1gj-4hO","jetpack-related-posts":[{"id":14726,"url":"http:\/\/ccnews.com.ar\/prensa\/longevidad-en-el-trabajo-mitos-y-verdades\/","url_meta":{"origin":16480,"position":0},"title":"Longevidad en el trabajo: mitos y verdades","author":"admin","date":"29 febrero, 2020","format":false,"excerpt":"Claves para entender el rol de los empleados con m\u00e1s edad en las organizaciones El aumento en la expectativa de vida obliga a los empleados a prolongar su trayectoria laboral y reta la creatividad de los empleadores. En 1960, la expectativa de vida era de solo 53 a\u00f1os, mientras que\u2026","rel":"","context":"En \u00abManagement\u00bb","block_context":{"text":"Management","link":"http:\/\/ccnews.com.ar\/prensa\/category\/management\/"},"img":{"alt_text":"","src":"https:\/\/i0.wp.com\/ccnews.com.ar\/prensa\/wp-content\/uploads\/2020\/02\/iStock_912142114_resize.jpg?fit=1200%2C800&resize=350%2C200","width":350,"height":200,"srcset":"https:\/\/i0.wp.com\/ccnews.com.ar\/prensa\/wp-content\/uploads\/2020\/02\/iStock_912142114_resize.jpg?fit=1200%2C800&resize=350%2C200 1x, https:\/\/i0.wp.com\/ccnews.com.ar\/prensa\/wp-content\/uploads\/2020\/02\/iStock_912142114_resize.jpg?fit=1200%2C800&resize=525%2C300 1,5x, https:\/\/i0.wp.com\/ccnews.com.ar\/prensa\/wp-content\/uploads\/2020\/02\/iStock_912142114_resize.jpg?fit=1200%2C800&resize=700%2C400 2x, https:\/\/i0.wp.com\/ccnews.com.ar\/prensa\/wp-content\/uploads\/2020\/02\/iStock_912142114_resize.jpg?fit=1200%2C800&resize=1050%2C600 3x"},"classes":[]},{"id":14652,"url":"http:\/\/ccnews.com.ar\/prensa\/el-factor-impensado-que-hace-mas-productivas-a-las-personas-en-el-trabajo\/","url_meta":{"origin":16480,"position":1},"title":"El factor impensado que hace m\u00e1s productivas a las personas en el trabajo","author":"admin","date":"24 febrero, 2020","format":false,"excerpt":"Un empleado destina en promedio 40 horas semanales a su trabajo. Cu\u00e1l es el componente que promueve el bienestar laboral. En promedio, una persona destina m\u00e1s de 40 horas semanales a su trabajo, quiz\u00e1s m\u00e1s. Y a pesar de que muchos pueden dejar atr\u00e1s su empleo cuando termina el horario\u2026","rel":"","context":"En \u00abManagement\u00bb","block_context":{"text":"Management","link":"http:\/\/ccnews.com.ar\/prensa\/category\/management\/"},"img":{"alt_text":"","src":"https:\/\/i0.wp.com\/ccnews.com.ar\/prensa\/wp-content\/uploads\/2020\/02\/ciber-software-company-denver-tech-center.jpg?fit=1152%2C769&resize=350%2C200","width":350,"height":200,"srcset":"https:\/\/i0.wp.com\/ccnews.com.ar\/prensa\/wp-content\/uploads\/2020\/02\/ciber-software-company-denver-tech-center.jpg?fit=1152%2C769&resize=350%2C200 1x, https:\/\/i0.wp.com\/ccnews.com.ar\/prensa\/wp-content\/uploads\/2020\/02\/ciber-software-company-denver-tech-center.jpg?fit=1152%2C769&resize=525%2C300 1,5x, https:\/\/i0.wp.com\/ccnews.com.ar\/prensa\/wp-content\/uploads\/2020\/02\/ciber-software-company-denver-tech-center.jpg?fit=1152%2C769&resize=700%2C400 2x, https:\/\/i0.wp.com\/ccnews.com.ar\/prensa\/wp-content\/uploads\/2020\/02\/ciber-software-company-denver-tech-center.jpg?fit=1152%2C769&resize=1050%2C600 3x"},"classes":[]},{"id":9017,"url":"http:\/\/ccnews.com.ar\/prensa\/hoy-buscan-mas-carreras-terciarias\/","url_meta":{"origin":16480,"position":2},"title":"Hoy buscan m\u00e1s carreras terciarias","author":"CLUSTERciar","date":"14 octubre, 2018","format":false,"excerpt":"Si bien las carreras universitarias siguen teniendo mayor prestigio, recomiendan empezar y terminar un estudio. En este sentido, los terciarios pueden acomodarse a las necesidades particulares de cada argentino. \u00a0A pesar de que hablar de marzo 2019 parece muy lejano, a la hora de pensar en las inscripciones para el\u2026","rel":"","context":"En \u00abEducaci\u00f3n\/Sociedad\u00bb","block_context":{"text":"Educaci\u00f3n\/Sociedad","link":"http:\/\/ccnews.com.ar\/prensa\/category\/educacion-sociedad\/"},"img":{"alt_text":"","src":"https:\/\/i0.wp.com\/ccnews.com.ar\/prensa\/wp-content\/uploads\/2018\/10\/ccn-9.jpg?fit=660%2C370&resize=350%2C200","width":350,"height":200,"srcset":"https:\/\/i0.wp.com\/ccnews.com.ar\/prensa\/wp-content\/uploads\/2018\/10\/ccn-9.jpg?fit=660%2C370&resize=350%2C200 1x, https:\/\/i0.wp.com\/ccnews.com.ar\/prensa\/wp-content\/uploads\/2018\/10\/ccn-9.jpg?fit=660%2C370&resize=525%2C300 1,5x"},"classes":[]},{"id":12727,"url":"http:\/\/ccnews.com.ar\/prensa\/cuales-son-las-competencias-que-seran-necesarias-para-los-trabajos-del-futuro\/","url_meta":{"origin":16480,"position":3},"title":"Cu\u00e1les son las competencias que ser\u00e1n necesarias para los trabajos del futuro","author":"admin","date":"2 septiembre, 2019","format":false,"excerpt":"Un estudio, elaborado por el Observatorio de Tendencias Sociales y Empresariales de la Universidad siglo 21, revel\u00f3 las caracter\u00edsticas y aptitudes del mercado laboral argentino, as\u00ed como la demanda de capacidades diferenciales que destacan del resto al candidato ideal. La tecnolog\u00eda ha modificado todo aspecto de la vida de las\u2026","rel":"","context":"En \u00abManagement\u00bb","block_context":{"text":"Management","link":"http:\/\/ccnews.com.ar\/prensa\/category\/management\/"},"img":{"alt_text":"","src":"https:\/\/i0.wp.com\/ccnews.com.ar\/prensa\/wp-content\/uploads\/2019\/09\/startup-2.png?fit=1000%2C667&resize=350%2C200","width":350,"height":200,"srcset":"https:\/\/i0.wp.com\/ccnews.com.ar\/prensa\/wp-content\/uploads\/2019\/09\/startup-2.png?fit=1000%2C667&resize=350%2C200 1x, https:\/\/i0.wp.com\/ccnews.com.ar\/prensa\/wp-content\/uploads\/2019\/09\/startup-2.png?fit=1000%2C667&resize=525%2C300 1,5x, https:\/\/i0.wp.com\/ccnews.com.ar\/prensa\/wp-content\/uploads\/2019\/09\/startup-2.png?fit=1000%2C667&resize=700%2C400 2x"},"classes":[]},{"id":14358,"url":"http:\/\/ccnews.com.ar\/prensa\/cuales-son-los-riesgos-de-no-tomarse-vacaciones\/","url_meta":{"origin":16480,"position":4},"title":"\u00bfCu\u00e1les son los riesgos de no tomarse vacaciones?","author":"admin","date":"20 enero, 2020","format":false,"excerpt":"Adecco Argentina, filial de la empresa l\u00edder en el mundo en consultor\u00eda integral en Recursos Humanos, explica por qu\u00e9 es importante tomarse vacaciones, tanto para los empleados como para las empresas donde ellos desarrollan sus tareas. Si bien el primer beneficiado con la llegada de las vacaciones es directamente el\u2026","rel":"","context":"En \u00abManagement\u00bb","block_context":{"text":"Management","link":"http:\/\/ccnews.com.ar\/prensa\/category\/management\/"},"img":{"alt_text":"","src":"https:\/\/i0.wp.com\/ccnews.com.ar\/prensa\/wp-content\/uploads\/2020\/01\/puentes-oficiales-2016.png?fit=1024%2C518&resize=350%2C200","width":350,"height":200,"srcset":"https:\/\/i0.wp.com\/ccnews.com.ar\/prensa\/wp-content\/uploads\/2020\/01\/puentes-oficiales-2016.png?fit=1024%2C518&resize=350%2C200 1x, https:\/\/i0.wp.com\/ccnews.com.ar\/prensa\/wp-content\/uploads\/2020\/01\/puentes-oficiales-2016.png?fit=1024%2C518&resize=525%2C300 1,5x, https:\/\/i0.wp.com\/ccnews.com.ar\/prensa\/wp-content\/uploads\/2020\/01\/puentes-oficiales-2016.png?fit=1024%2C518&resize=700%2C400 2x"},"classes":[]},{"id":13432,"url":"http:\/\/ccnews.com.ar\/prensa\/como-es-tener-un-jefe-millennial\/","url_meta":{"origin":16480,"position":5},"title":"\u00bfC\u00f3mo es tener un jefe millennial?","author":"admin","date":"1 noviembre, 2019","format":false,"excerpt":"Trae consigo una gran transformaci\u00f3n, la cual forma parte de la evoluci\u00f3n digital y tecnol\u00f3gica en la que vivimos. Porque es un hecho que las nuevas generaciones comienzan a ocupar cada vez m\u00e1s puestos en las empresas, tienen m\u00e1s responsabilidades e incluso hay quienes dirigen grandes equipos de personas. Son\u2026","rel":"","context":"En \u00abManagement\u00bb","block_context":{"text":"Management","link":"http:\/\/ccnews.com.ar\/prensa\/category\/management\/"},"img":{"alt_text":"","src":"https:\/\/i0.wp.com\/ccnews.com.ar\/prensa\/wp-content\/uploads\/2019\/11\/EElLxpUWsAErcb6-1.jpg?fit=1200%2C795&resize=350%2C200","width":350,"height":200,"srcset":"https:\/\/i0.wp.com\/ccnews.com.ar\/prensa\/wp-content\/uploads\/2019\/11\/EElLxpUWsAErcb6-1.jpg?fit=1200%2C795&resize=350%2C200 1x, https:\/\/i0.wp.com\/ccnews.com.ar\/prensa\/wp-content\/uploads\/2019\/11\/EElLxpUWsAErcb6-1.jpg?fit=1200%2C795&resize=525%2C300 1,5x, https:\/\/i0.wp.com\/ccnews.com.ar\/prensa\/wp-content\/uploads\/2019\/11\/EElLxpUWsAErcb6-1.jpg?fit=1200%2C795&resize=700%2C400 2x, https:\/\/i0.wp.com\/ccnews.com.ar\/prensa\/wp-content\/uploads\/2019\/11\/EElLxpUWsAErcb6-1.jpg?fit=1200%2C795&resize=1050%2C600 3x"},"classes":[]}],"jetpack_sharing_enabled":true,"_links":{"self":[{"href":"http:\/\/ccnews.com.ar\/prensa\/wp-json\/wp\/v2\/posts\/16480","targetHints":{"allow":["GET"]}}],"collection":[{"href":"http:\/\/ccnews.com.ar\/prensa\/wp-json\/wp\/v2\/posts"}],"about":[{"href":"http:\/\/ccnews.com.ar\/prensa\/wp-json\/wp\/v2\/types\/post"}],"author":[{"embeddable":true,"href":"http:\/\/ccnews.com.ar\/prensa\/wp-json\/wp\/v2\/users\/5"}],"replies":[{"embeddable":true,"href":"http:\/\/ccnews.com.ar\/prensa\/wp-json\/wp\/v2\/comments?post=16480"}],"version-history":[{"count":0,"href":"http:\/\/ccnews.com.ar\/prensa\/wp-json\/wp\/v2\/posts\/16480\/revisions"}],"wp:attachment":[{"href":"http:\/\/ccnews.com.ar\/prensa\/wp-json\/wp\/v2\/media?parent=16480"}],"wp:term":[{"taxonomy":"category","embeddable":true,"href":"http:\/\/ccnews.com.ar\/prensa\/wp-json\/wp\/v2\/categories?post=16480"},{"taxonomy":"post_tag","embeddable":true,"href":"http:\/\/ccnews.com.ar\/prensa\/wp-json\/wp\/v2\/tags?post=16480"}],"curies":[{"name":"wp","href":"https:\/\/api.w.org\/{rel}","templated":true}]}}