{"id":16504,"date":"2021-02-12T08:27:36","date_gmt":"2021-02-12T11:27:36","guid":{"rendered":"http:\/\/ccnews.com.ar\/prensa\/?p=16504"},"modified":"2021-02-12T08:27:40","modified_gmt":"2021-02-12T11:27:40","slug":"energia-en-argentina-y-el-mundo-que-paso-en-el-2020-y-como-sera-el-2021","status":"publish","type":"post","link":"http:\/\/ccnews.com.ar\/prensa\/energia-en-argentina-y-el-mundo-que-paso-en-el-2020-y-como-sera-el-2021\/","title":{"rendered":"Energ\u00eda en Argentina y el mundo: \u00bfQu\u00e9 pas\u00f3 en el 2020 y c\u00f3mo ser\u00e1 el 2021?"},"content":{"rendered":"\n<p><strong>Durante el 2020 la crisis generada por la pandemia desplom\u00f3 el consumo, los precios y la generaci\u00f3n, con la excepci\u00f3n de las energ\u00edas renovables.<\/strong>\u00a0Qu\u00e9 se espera en cada caso en este 2021 tanto a nivel nacional como en el concierto global. <\/p>\n\n\n\n<p> <strong>Por Daniel Dreizzen <\/strong><\/p>\n\n\n\n<p> Los argentinos estamos acostumbrados a que los a\u00f1os no sean lo que esperamos. Esta vez el mundo tambi\u00e9n se tuvo que habituar a lo impensado. A fin del 2019 a nadie le llam\u00f3 la atenci\u00f3n la aparici\u00f3n de un nuevo virus en China. En Argentina, gran parte de la poblaci\u00f3n se esperanzaba con la posibilidad de que un nuevo gobierno con diferentes pol\u00edticas hiciera crecer la econom\u00eda. La energ\u00eda local estaba en pausa, esperando a la pol\u00edtica econ\u00f3mica: por el tipo de cambio, por los precios, por la tasa de inter\u00e9s y por las tarifas.<br>Aunque sabemos que los pron\u00f3sticos no est\u00e1n hechos para cumplirse, creemos en el ejercicio.\u00a0<strong>A continuaci\u00f3n los principales hechos del a\u00f1o pasado y predicciones del venidero sobre los temas energ\u00e9ticos<\/strong>. <\/p>\n\n\n\n<p><\/p>\n\n\n\n<h2 class=\"wp-block-heading\"><strong>1) Derrumbe y recuperaci\u00f3n de la demanda energ\u00e9tica mundial y local<\/strong><\/h2>\n\n\n\n<p><br>Seg\u00fan la IEA (International Energy Agency),&nbsp;<strong>en 2020 la demanda de energ\u00eda mundial se desplom\u00f3 un 5,3%<\/strong>: con un impacto del 8.5% en combustibles l\u00edquidos utilizados mayormente para el transporte y solo un 3,3% para el gas utilizado mayormente para generar energ\u00eda el\u00e9ctrica. La excepci\u00f3n fueron las renovables con un crecimiento del 0,9%.<\/p>\n\n\n\n<p>Con la fuerte recuperaci\u00f3n de Asia de la Covid-19 y la aparici\u00f3n de las vacunas,&nbsp;<strong>esperamos que el consumo mundial se reponga firmemente en 2021<\/strong>.&nbsp;<strong>No creemos que vuelva a niveles del 2019<\/strong>, por las restricciones al transporte general en Occidente y un adelantamiento de cambio cultural que nos lleva a trabajar m\u00e1s desde nuestras casas. Como dato interesante, a pesar de la crisis, la econom\u00eda y la energ\u00eda de China crecieron de todas formas en 2020, en el 3er trimestre su PBI ya creci\u00f3 un 4,9% frente al 2019.<\/p>\n\n\n\n<p><strong>En Argentina,<\/strong>\u00a0con datos hasta octubre o noviembre, en el 2020 frente al 2019 acumulado,\u00a0<strong>el consumo de combustibles l\u00edquidos se desmoron\u00f3 un 19%, de gas un 4% y de energ\u00eda el\u00e9ctrica solamente un 1%<\/strong>. En un a\u00f1o electoral en el que ya se adelant\u00f3 que los aumentos tarifarios ser\u00e1n m\u00ednimos,\u00a0<strong>esperamos una recuperaci\u00f3n en gas y energ\u00eda el\u00e9ctrica pero no en l\u00edquidos donde tambi\u00e9n vemos una tardanza en recuperar la movilidad\u00a0<\/strong>(con aperturas y cierres hasta que la vacunaci\u00f3n sea masiva) y menor transporte a los trabajos.<\/p>\n\n\n\n<h2 class=\"wp-block-heading\"><strong>2) Desplome y ascenso de los precios internacionales del petr\u00f3leo<\/strong><\/h2>\n\n\n\n<p>El 2020 va a ser recordado como el a\u00f1o en el que el WTI, marcador del precio de crudo de Estados Unidos por excelencia, tuvo una cotizaci\u00f3n negativa por la falta de lugar para almacenar el crudo que nadie demandaba.<strong>&nbsp;Los crudos internacionales bajaron de 60 d\u00f3lares por barril a comienzo del a\u00f1o a 20 en abril<\/strong>, terminando el a\u00f1o en alrededor de 50 d\u00f3lares en diciembre, una gran recuperaci\u00f3n.<\/p>\n\n\n\n<p><strong>Para el a\u00f1o 2021 creemos que el precio del crudo seguir\u00e1 subiendo. Adem\u00e1s de la recuperaci\u00f3n de la demanda, la suspensi\u00f3n de inversiones enormes en upstream convencional y no convencional har\u00e1n que la oferta sea menor\u00a0<\/strong>sumado a la cada vez m\u00e1s fuerte pol\u00edtica de descarbonizaci\u00f3n que hace que bancos y fondos dejen de invertir en proyectos de hidrocarburos.<\/p>\n\n\n\n<p><strong>En Argentina, en mayo volvi\u00f3 el Barril Criollo<\/strong>&nbsp;que fijaba el precio local en 45 d\u00f3lares por barril como piso, sin embargo&nbsp;<strong>dur\u00f3 poco porque el precio internacional se recuper\u00f3 a los pocos meses. Tambi\u00e9n se quitaron las retenciones para precios menores a 60 d\u00f3lares por barril.<\/strong>&nbsp;Ya estamos acostumbrados que cuando baja fuerte el crudo en el mundo, se establece en nuestro pa\u00eds un precio sost\u00e9n para mantener la actividad. Cuando sube abruptamente en el mundo, agregamos retenciones a la exportaci\u00f3n para que no suba localmente. De esta manera, nuestro pa\u00eds act\u00faa como un hedge natural frente a las fluctuaciones del precio de crudo, protegiendo a los consumidores o a las empresas seg\u00fan el caso.<\/p>\n\n\n\n<p><strong>Para el a\u00f1o 2021, con una suba del precio de crudo, no imaginamos grandes variaciones en este sentido en las regulaciones de precios del upstream.&nbsp;<\/strong>Distinto ser\u00e1 el caso del downstream donde habr\u00e1 mayores tensiones para subir los precios de las naftas y hacer m\u00e1s rentable la actividad de YPF frente a la se\u00f1al inflacionaria en un a\u00f1o electoral.<\/p>\n\n\n\n<h2 class=\"wp-block-heading\">3) Un nuevo plan argentino que contractualiza el gas a 4 a\u00f1os subsidiado por el Estado<\/h2>\n\n\n\n<p>Con la producci\u00f3n de gas cayendo un 8% anualmente, nula inversi\u00f3n en perforaci\u00f3n de este fluido en el 2020 y el precio bajando en los \u00faltimos 3 a\u00f1os (llegando en noviembre del 2020 a un valor un poco menor a los 2 USD\/MMBTU), luego de anunciarlo desde marzo,&nbsp;<strong>en diciembre se efectu\u00f3 la licitaci\u00f3n para contractualizar el gas que consumimos los usuarios domiciliarios, comerciales y las usinas el\u00e9ctricas por los pr\u00f3ximos 4 a\u00f1os<\/strong>. La licitaci\u00f3n permiti\u00f3 asegurar un piso de 100 MMm3\/d de gas (70 para los residenciales\/usinas el\u00e9ctricas y 30 para el resto del mercado). Este es el volumen aproximado necesario para satisfacer el consumo de verano en nuestro pa\u00eds (en invierno el consumo residencial se multiplica por 5). El precio promedio de la licitaci\u00f3n fue de 3.5 USD\/MMBTU, un 50% superior al precio de gas total del \u00faltimo a\u00f1o. La diferencia entre ese precio en d\u00f3lares y las tarifas, se subsidiar\u00e1 con emisi\u00f3n monetaria.<\/p>\n\n\n\n<p>Gracias a la gran participaci\u00f3n en la licitaci\u00f3n del Plan Gas (mucha alternativa no le quedaba a las empresas porque se licitaba el 80% del mercado),\u00a0<strong>creemos que se lograr\u00e1 con un volumen muy importante de inversiones que detendr\u00e1 la ca\u00edda de producci\u00f3n evitando importar gas masivamente<\/strong>. Sin embargo, y como ocurri\u00f3 en el invierno del 2020 que se import\u00f3 en julio el equivalente a 19 MMm3\/d en l\u00edquidos,\u00a0<strong>se deber\u00e1n importar l\u00edquidos o hasta se est\u00e1 hablando del retorno de otro barco regasificador en Bah\u00eda Blanca para evitar cortes de gas a la industria<\/strong>. Triste historia de un pa\u00eds al que le sobra el gas en el subsuelo pero no logra la ejecuci\u00f3n de un plan y pol\u00edticas para poder exportarlo masivamente.<\/p>\n\n\n\n<h2 class=\"wp-block-heading\">4) La producci\u00f3n hidrocarbur\u00edfera local no logra recuperarse<\/h2>\n\n\n\n<p><strong>La producci\u00f3n de petr\u00f3leo est\u00e1 estancada hace 6 meses en un 9% debajo de los valores prepandemia<\/strong>. Este valor es menor que la baja en consumo (del 18%), la diferencia fue compensada por las exportaciones que aumentaron en el a\u00f1o un 21% (la cuenca neuquina volvi\u00f3 a exportar crudo) y un aumento del stock. La falta de reactivaci\u00f3n del consumo de l\u00edquidos y en consecuencia de inversi\u00f3n caus\u00f3 este amesetamiento de la producci\u00f3n.&nbsp;<strong>Si el precio del crudo sigue recuper\u00e1ndose deber\u00eda volver la inversi\u00f3n siempre y cuando la macroeconom\u00eda lo permita<\/strong>. En particular muchas empresas se volcaron al gas con el Plan Gas y podr\u00edan no contar con suficientes fondos para reinvertir en crudo (est\u00e1 restringida la compra y remisi\u00f3n de divisas al exterior).<\/p>\n\n\n\n<p><strong>La producci\u00f3n de gas nacional cay\u00f3 8%, estimamos que no caer\u00e1 m\u00e1s debido al precio atractivo del Plan Gas<\/strong>&nbsp;y sus altas penalidades por no cumplir los vol\u00famenes establecidos.<\/p>\n\n\n\n<h2 class=\"wp-block-heading\">5) L\u00f3gico desplome de la inversi\u00f3n mundial y local con recuperaci\u00f3n gradual<\/h2>\n\n\n\n<p>La inversi\u00f3n en energ\u00eda en el mundo se desplom\u00f3 un 18,3% en 2020 seg\u00fan la IEA, un valor casi 4 veces m\u00e1s grande que la demanda energ\u00e9tica.&nbsp;<strong>En Argentina, en hidrocarburos upstream, las empresas hab\u00edan estimado a principio del a\u00f1o una inversi\u00f3n de 5000 MMUSD,&nbsp;<\/strong>casi 30% menor a la del 2019. Con el avance de la pandemia,&nbsp;<strong>creemos que la inversi\u00f3n con toda la suerte pudo haber alcanzado la mitad, 2500 MMUSD.<\/strong>&nbsp;La perforaci\u00f3n y fracturas llegaron a cero en abril con una recuperaci\u00f3n lenta para la perforaci\u00f3n y muy buena para las fracturas que en diciembre llegaron a niveles del 2019 (reactivaci\u00f3n en \u00e1reas de gas).<br><strong>Para este 2021, va a tener que haber inversi\u00f3n bastante fuerte en gas para lograr el compromiso del Plan Gas de al menos mantener durante todo el a\u00f1o la producci\u00f3n por empresa y cuenca del invierno del a\u00f1o 2020. En el crudo, depender\u00e1 de lo que pase con el precio y el costo de financiamiento<\/strong>. Los pozos de Vaca Muerta est\u00e1n teniendo cada d\u00eda mejores resultados. En 2020, en los primeros diez meses de producci\u00f3n, los pozos de petr\u00f3leo tuvieron un rendimiento un 25% superior que en el 2019 y un 100% que en el 2018, con ramas horizontales cada vez m\u00e1s largas y mayor cantidad de fracturas por pozo.<\/p>\n\n\n\n<h2 class=\"wp-block-heading\">6) Energ\u00edas Renovables son la excepci\u00f3n en el mundo y Argentina<\/h2>\n\n\n\n<p>A pesar de las fuertes ca\u00eddas de producciones de energ\u00eda, las renovables siguen ganando espacio, sumando eficiencias y bajando sus costos.<strong>\u00a0En 2020 la producci\u00f3n de energ\u00edas renovables creci\u00f3 0,9% en el mundo y un impresionante 65,% en la Argentina<\/strong>, llegando a representar en nuestro pa\u00eds un 12% de la energ\u00eda generada en noviembre del 2020. El boom de inversiones en renovables de los \u00faltimos a\u00f1os est\u00e1 dando sus frutos a pesar de que muchos proyectos est\u00e1n parados por falta de financiamiento.<br>En el 2021,\u00a0<strong>no creemos que est\u00e9n las condiciones para aumentar fuertemente la capacidad en Argentina como sucedi\u00f3 en los a\u00f1os anteriores.\u00a0<\/strong>Tampoco lo vemos como una prioridad en este momento para el Estado con toda la problem\u00e1tica m\u00e1s compleja que tiene por delante.<\/p>\n\n\n\n<h2 class=\"wp-block-heading\">7) Estamos finalmente en una nueva transici\u00f3n energ\u00e9tica<\/h2>\n\n\n\n<p>Adem\u00e1s de disminuir las emisiones de di\u00f3xido de carbono en casi un 7% por la par\u00e1lisis, la pandemia del coronavirus parece habernos hecho conscientes que habitamos el mismo planeta y que todos podemos sufrir las consecuencias de tragedias globales. De esta forma,&nbsp;<strong>adem\u00e1s de los pa\u00edses (en particular China para el 2050), gran cantidad de empresas petroleras (en particular las europeas) se han convertido en energ\u00e9ticas y fijado objetivos de emisiones netas cero para las pr\u00f3ximas d\u00e9cadas.<\/strong>&nbsp;Estas transformaciones tan fuertes de empresas originalmente muy hidrocarbur\u00edferas a energ\u00e9ticas con gran foco en renovables, en muchos casos pueden estar incentivadas por fines pol\u00edticos y de imagen p\u00fablica, la fama del petr\u00f3leo est\u00e1 en franco deterioro. M\u00e1s luego del triunfo de Biden con una agenda mucho m\u00e1s verde que Trump. En un mundo con todav\u00eda un 85% de matriz energ\u00e9tica vinculada al carb\u00f3n (petr\u00f3leo gas y carb\u00f3n), ya no se habla de ir al gas m\u00e1s limpio que el carb\u00f3n para generar energ\u00eda el\u00e9ctrica o movimiento de veh\u00edculos sino directamente a los veh\u00edculos el\u00e9ctricos o a la pila de hidr\u00f3geno. En el transporte terrestre, mar\u00edtimo o a\u00e9reo es donde el petr\u00f3leo parec\u00eda m\u00e1s dif\u00edcil de reemplazar. El boom de Tesla con su incre\u00edble cotizaci\u00f3n de mercado parece estar marcando el camino.<br><strong>En Argentina con una matriz energ\u00e9tica primaria todav\u00eda del 90% de hidrocarburos, va a ser dif\u00edcil seguir ampliando las energ\u00edas renovables que requieren bajos costos de financiamiento y libertad en las importaciones<\/strong>&nbsp;de paneles o molinos competitivos producidos mayormente en China que requieren divisas.<\/p>\n\n\n\n<h2 class=\"wp-block-heading\">8) La energ\u00eda seguir\u00e1 supeditada a la macroeconom\u00eda del pa\u00eds<\/h2>\n\n\n\n<p>Con la sensaci\u00f3n de que est\u00e1 comenzando la segunda ola de la pandemia y menor paciencia por lo terrible de la econom\u00eda del a\u00f1o, parece no haber lugar para una macroeconom\u00eda m\u00e1s amigable con las inversiones sino con pisar las tarifas, cuidar que no salgan los d\u00f3lares y que no estalle la inflaci\u00f3n y devaluaci\u00f3n. Tampoco en un a\u00f1o electoral parece haber espacio para un acuerdo con el FMI que requerir\u00eda un ajuste del d\u00e9ficit fiscal.<br>De esta forma,&nbsp;<strong>no vislumbramos la llegada de importantes inversiones en el sector sino la reinversi\u00f3n de las utilidades de las empresas.<\/strong>&nbsp;Tambi\u00e9n podr\u00eda haber algunas compras de activos por temas pol\u00edticos o por los valores tan bajos de cotizaciones de las acciones argentinas<\/p>\n\n\n\n<p>Esperemos que el 2021 sea el a\u00f1o de la vacuna y la recuperaci\u00f3n. Ojal\u00e1 logremos capitalizar y adoptar las mejores pr\u00e1cticas que el 2020 tan violentamente nos impuso para as\u00ed construir un futuro mejor.<\/p>\n\n\n\n<p><strong>Fuente: Diario R\u00edo Negro<\/strong><\/p>\n<!-- AddThis Advanced Settings generic via filter on the_content -->","protected":false},"excerpt":{"rendered":"<p>Durante el 2020 la crisis generada por la pandemia desplom\u00f3 el consumo, los precios y la generaci\u00f3n, con la excepci\u00f3n de las energ\u00edas renovables. Qu\u00e9 se espera en cada caso en este 2021 tanto a nivel nacional como en el concierto global.<!-- AddThis Advanced Settings generic via filter on get_the_excerpt --><\/p>\n","protected":false},"author":5,"featured_media":0,"comment_status":"closed","ping_status":"closed","sticky":false,"template":"","format":"standard","meta":{"colormag_page_container_layout":"default_layout","colormag_page_sidebar_layout":"default_layout","jetpack_post_was_ever_published":false,"_jetpack_newsletter_access":"","_jetpack_dont_email_post_to_subs":false,"_jetpack_newsletter_tier_id":0,"_jetpack_memberships_contains_paywalled_content":false,"_jetpack_memberships_contains_paid_content":false,"footnotes":"","jetpack_publicize_message":"#Energ\u00eda\nEnerg\u00eda en Argentina y el mundo: \u00bfQu\u00e9 pas\u00f3 en el 2020 y c\u00f3mo ser\u00e1 el 2021?","jetpack_publicize_feature_enabled":true,"jetpack_social_post_already_shared":true,"jetpack_social_options":{"image_generator_settings":{"template":"highway","default_image_id":0,"font":"","enabled":false},"version":2}},"categories":[11],"tags":[128],"class_list":["post-16504","post","type-post","status-publish","format-standard","hentry","category-energia-y-produccion","tag-energia"],"jetpack_publicize_connections":[],"jetpack_featured_media_url":"","jetpack_shortlink":"https:\/\/wp.me\/p7L1gj-4ic","jetpack-related-posts":[{"id":16474,"url":"http:\/\/ccnews.com.ar\/prensa\/el-laberinto-de-los-precios-y-los-costos-de-la-energia-argentina\/","url_meta":{"origin":16504,"position":0},"title":"El laberinto de los precios y los costos de la energ\u00eda argentina","author":"Editor","date":"30 diciembre, 2020","format":false,"excerpt":"No se puede salir de la problem\u00e1tica energ\u00e9ticas sin un programa de consensos b\u00e1sicos que apuntale una estrategia de largo plazo. Est\u00e1 en juego la energ\u00eda abundante y de precios competitivos para las familias y la producci\u00f3n","rel":"","context":"En \u00abEnerg\u00eda y Producci\u00f3n\u00bb","block_context":{"text":"Energ\u00eda y Producci\u00f3n","link":"http:\/\/ccnews.com.ar\/prensa\/category\/energia-y-produccion\/"},"img":{"alt_text":"","src":"","width":0,"height":0},"classes":[]},{"id":524,"url":"http:\/\/ccnews.com.ar\/prensa\/millonaria-garantia-del-banco-mundial-para-energias-renovables\/","url_meta":{"origin":16504,"position":1},"title":"Millonaria garant\u00eda del Banco Mundial para energ\u00edas renovables","author":"CLUSTERciar","date":"2 mayo, 2016","format":false,"excerpt":"Una apuesta para reactivar la econom\u00eda La garant\u00eda es para que los proyectos tengan baja tasa y la energ\u00eda sea muy barata. El Gobierno est\u00e1 trabajando con el Banco Mundial en una garant\u00eda de mil millones de d\u00f3lares Triple A para conseguir uno de los niveles de precio m\u00e1s bajos\u2026","rel":"","context":"En \u00abEnerg\u00eda y Producci\u00f3n\u00bb","block_context":{"text":"Energ\u00eda y Producci\u00f3n","link":"http:\/\/ccnews.com.ar\/prensa\/category\/energia-y-produccion\/"},"img":{"alt_text":"","src":"","width":0,"height":0},"classes":[]},{"id":2629,"url":"http:\/\/ccnews.com.ar\/prensa\/energias-renovables-afirman-que-habra-inversiones-por-us-6000-millones\/","url_meta":{"origin":16504,"position":2},"title":"Energ\u00edas renovables: afirman que habr\u00e1 inversiones por u$s 6000 millones","author":"CLUSTERciar","date":"16 diciembre, 2016","format":false,"excerpt":"As\u00ed lo estim\u00f3 el\u00a0exsecretario de Energ\u00eda Daniel Montamat, sobre los pr\u00f3ximos dos a\u00f1os. La licitaci\u00f3n que el gobierno\u00a0nacional realiz\u00f3 de proyectos de generaci\u00f3n de energ\u00edas renovables producir\u00e1 en los pr\u00f3ximos dos a\u00f1os inversiones por u$s 6.000 millones, asegur\u00f3 el exsecretario de Energ\u00eda Daniel Montamat. \"Sali\u00f3 muy bien la licitaci\u00f3n de\u2026","rel":"","context":"En \u00abEnerg\u00eda y Producci\u00f3n\u00bb","block_context":{"text":"Energ\u00eda y Producci\u00f3n","link":"http:\/\/ccnews.com.ar\/prensa\/category\/energia-y-produccion\/"},"img":{"alt_text":"","src":"","width":0,"height":0},"classes":[]},{"id":6015,"url":"http:\/\/ccnews.com.ar\/prensa\/firman-convenio-de-productividad-para-impulsar-empresas-de-energia-renovable\/","url_meta":{"origin":16504,"position":3},"title":"Firman convenio de productividad para impulsar empresas de energ\u00eda renovable","author":"CLUSTERciar","date":"1 noviembre, 2017","format":false,"excerpt":"Buscar\u00e1n un nuevo marco laboral con UOM, UOCRA y Luz y Fuerza. La industria de energ\u00eda renovable est\u00e1 despegando en el pa\u00eds. Y la construcci\u00f3n de partes para el sector todav\u00eda est\u00e1 en pa\u00f1ales. El Gobierno, las c\u00e1maras empresarias y los sindicatos firmaron un convenio de productividad, para que los\u2026","rel":"","context":"En \u00abEnerg\u00eda y Producci\u00f3n\u00bb","block_context":{"text":"Energ\u00eda y Producci\u00f3n","link":"http:\/\/ccnews.com.ar\/prensa\/category\/energia-y-produccion\/"},"img":{"alt_text":"","src":"https:\/\/i0.wp.com\/ccnews.com.ar\/prensa\/wp-content\/uploads\/2017\/11\/renovables311017.jpg?fit=250%2C250&resize=350%2C200","width":350,"height":200},"classes":[]},{"id":1145,"url":"http:\/\/ccnews.com.ar\/prensa\/las-claves-del-8-de-agosto-los-precios-suben-animados-por-nuevas-conversaciones-en-la-opep\/","url_meta":{"origin":16504,"position":4},"title":"Las claves del 8 de agosto: los precios suben animados por nuevas conversaciones en la OPEP","author":"CLUSTERciar","date":"8 agosto, 2016","format":false,"excerpt":"Los precios del petr\u00f3leo\u00a0vuelven a subir Los precios del petr\u00f3leo comenzaron la jornada con subidas ante la perspectiva de nuevas conversaciones en el seno de la OPEP para frenar la producci\u00f3n y ayudar a estabilizar el mercado internacional del crudo. A las 10.50 horas (GTM +2), el Brent avanzaba un\u2026","rel":"","context":"En \u00abEnerg\u00eda y Producci\u00f3n\u00bb","block_context":{"text":"Energ\u00eda y Producci\u00f3n","link":"http:\/\/ccnews.com.ar\/prensa\/category\/energia-y-produccion\/"},"img":{"alt_text":"","src":"","width":0,"height":0},"classes":[]},{"id":8079,"url":"http:\/\/ccnews.com.ar\/prensa\/aranguren-en-2020-seremos-exportadores-de-petroleo-y-en-2022-de-gas\/","url_meta":{"origin":16504,"position":5},"title":"Aranguren: \u201cEn 2020 seremos exportadores de petr\u00f3leo y en 2022 de gas\u201d","author":"CLUSTERciar","date":"14 junio, 2018","format":false,"excerpt":"El ministro de Energ\u00eda se mostr\u00f3 confiado en los pron\u00f3sticos. Adelant\u00f3 que buscar\u00e1n extender el \u201cbarril gradual\u201d. El Foro Latinoamericano de Energ\u00eda que se desarrolla desde ayer en Bariloche, en el contexto de la reuni\u00f3n de ministros de Energ\u00eda por el G-20, fue el escenario escogido por el ministro de\u2026","rel":"","context":"En \u00abEnerg\u00eda y Producci\u00f3n\u00bb","block_context":{"text":"Energ\u00eda y Producci\u00f3n","link":"http:\/\/ccnews.com.ar\/prensa\/category\/energia-y-produccion\/"},"img":{"alt_text":"","src":"https:\/\/i0.wp.com\/ccnews.com.ar\/prensa\/wp-content\/uploads\/2018\/06\/image_content_9782295_20180614020649.jpg?fit=660%2C370&resize=350%2C200","width":350,"height":200,"srcset":"https:\/\/i0.wp.com\/ccnews.com.ar\/prensa\/wp-content\/uploads\/2018\/06\/image_content_9782295_20180614020649.jpg?fit=660%2C370&resize=350%2C200 1x, https:\/\/i0.wp.com\/ccnews.com.ar\/prensa\/wp-content\/uploads\/2018\/06\/image_content_9782295_20180614020649.jpg?fit=660%2C370&resize=525%2C300 1,5x"},"classes":[]}],"jetpack_sharing_enabled":true,"_links":{"self":[{"href":"http:\/\/ccnews.com.ar\/prensa\/wp-json\/wp\/v2\/posts\/16504","targetHints":{"allow":["GET"]}}],"collection":[{"href":"http:\/\/ccnews.com.ar\/prensa\/wp-json\/wp\/v2\/posts"}],"about":[{"href":"http:\/\/ccnews.com.ar\/prensa\/wp-json\/wp\/v2\/types\/post"}],"author":[{"embeddable":true,"href":"http:\/\/ccnews.com.ar\/prensa\/wp-json\/wp\/v2\/users\/5"}],"replies":[{"embeddable":true,"href":"http:\/\/ccnews.com.ar\/prensa\/wp-json\/wp\/v2\/comments?post=16504"}],"version-history":[{"count":0,"href":"http:\/\/ccnews.com.ar\/prensa\/wp-json\/wp\/v2\/posts\/16504\/revisions"}],"wp:attachment":[{"href":"http:\/\/ccnews.com.ar\/prensa\/wp-json\/wp\/v2\/media?parent=16504"}],"wp:term":[{"taxonomy":"category","embeddable":true,"href":"http:\/\/ccnews.com.ar\/prensa\/wp-json\/wp\/v2\/categories?post=16504"},{"taxonomy":"post_tag","embeddable":true,"href":"http:\/\/ccnews.com.ar\/prensa\/wp-json\/wp\/v2\/tags?post=16504"}],"curies":[{"name":"wp","href":"https:\/\/api.w.org\/{rel}","templated":true}]}}