{"id":16516,"date":"2021-02-17T08:40:59","date_gmt":"2021-02-17T11:40:59","guid":{"rendered":"http:\/\/ccnews.com.ar\/prensa\/?p=16516"},"modified":"2021-02-17T08:41:07","modified_gmt":"2021-02-17T11:41:07","slug":"claves-de-una-educacion-digital-involucrarse-informarse-y-dialogar","status":"publish","type":"post","link":"http:\/\/ccnews.com.ar\/prensa\/claves-de-una-educacion-digital-involucrarse-informarse-y-dialogar\/","title":{"rendered":"Claves de una educaci\u00f3n digital: involucrarse, informarse y dialogar"},"content":{"rendered":"\n<p> &#8220;Gu\u00eda para la crianza en un mundo digital&#8221;, de Sebasti\u00e1n Bortnik, es una invitaci\u00f3n a la planificaci\u00f3n de la relaci\u00f3n de las infancias y adolescencias con las tecnolog\u00edas. <\/p>\n\n\n\n<p>La gran invitaci\u00f3n de &#8220;Gu\u00eda para la crianza en un mundo digital&#8221;, de Sebasti\u00e1n Bortnik, es la de &#8220;planificar&#8221; la relaci\u00f3n de las infancias y adolescencias con las tecnolog\u00edas, a partir de una perspectiva que se corre del lugar de &#8220;control&#8221; frente a la imposibilidad de sostenerlo a lo largo del tiempo y que, en cambio, apuesta por tres l\u00edneas: &#8220;involucrarse, informarse y dialogar&#8221;, explica el autor.<\/p>\n\n\n\n<p>&#8220;Queremos que nuestros hijos, hijas, crezcan y tengan una adolescencia en la que su relaci\u00f3n con la tecnolog\u00eda pase por un lugar seguro y saludable, que al fin y al cabo es lo que queremos todos: que vayan a la escuela, al club, que salgan a bailar, que aprendan a manejar, pero que lo hagan con salud y seguridad&#8221;, contextualiza.<\/p>\n\n\n\n<p>Lejos del lugar de &#8220;control parental&#8221; que, a medida que crecen se vuelve imposible sostener y conlleva dilemas \u00e9ticos como los vinculados a privacidad, el ABC de lo que significa educar para un uso sano y seguro de la tecnolog\u00eda supone de antemano pensar una forma de relacionarnos que &#8220;no nos genere problemas de salud ni de seguridad&#8221;, dice, por lo cual hay que &#8220;planificar, ser proactivos y no reactivos&#8221;.<\/p>\n\n\n\n<p>Y se empieza por casa: antes de avanzar como adultos hay que pensar la relaci\u00f3n con la tecnolog\u00eda y las redes sociales. &#8220;Cambiar h\u00e1bitos, dar el ejemplo&#8221;, dice Bortnik sobre este paso clave que supone mirarse cr\u00edticamente y evaluar si lo que hacemos con las tecnolog\u00edas forma parte de una decisi\u00f3n o de una inercia que lleva de pronto a estar hablando de los ni\u00f1os en Twitter o compartiendo im\u00e1genes en Instagram sin mucha reflexi\u00f3n y &#8220;porque todos lo hacen&#8221;.<\/p>\n\n\n\n<p>Desde esta perspectiva, el libro de Bortnik aporta un punto de vista que supone ante todo la reflexi\u00f3n porque, como sostiene el autor, &#8220;el problema no es el uso del celular sino que no haya un plan planificado&#8221;. Y as\u00ed se pens\u00f3 este trabajo &#8220;no como un manual&#8221; sino como una &#8220;gu\u00eda&#8221; que busca acompa\u00f1ar con respuestas abiertas sobre determinados temas a partir de la premisa del di\u00e1logo y la decisi\u00f3n y en funci\u00f3n de las distintas edades, partiendo de interrogantes como \u00bfa qu\u00e9 edad darle el celular a los hijos? \u00bfc\u00f3mo hacer para que no est\u00e9n todo el d\u00eda conectados? \u00bfhay que saber las contrase\u00f1as?.<\/p>\n\n\n\n<p>&#8220;Siempre hablo de tres l\u00edneas claves -explica el especialista-. La primera es involucrarse: el primer paso como adultos es asumir que la crianza en el mundo digital es tambi\u00e9n una tarea como educadores. El segundo paso es informarnos, saber cu\u00e1les son los riesgos seg\u00fan la edad, c\u00f3mo cambian esos riesgos de acuerdo a la edad, cu\u00e1l es el mejor momento para hablar cada uno de los temas. Y el tercer paso es dialogar. Porque los di\u00e1logos no son iguales si los hacemos antes que despu\u00e9s&#8221;.<\/p>\n\n\n\n<p> Y agrega otro elemento: la progresividad. Es decir, &#8220;dejar de pensar si tiene o no celular o mira o no YouTube todo el d\u00eda indiscriminadamente. Pensar que si nosotros queremos que aprendan a relacionarse de forma saludable desde muy chiquitos les tenemos que ense\u00f1ar sobre fakenews o que las personas no son lo que muestran las redes sociales, as\u00ed como construir su autoestima de adentro para afuera y no esperar a ver cu\u00e1ntos likes tienen. Esto se hace con di\u00e1logos, a tiempo, proactivos y progresivos&#8221;, resume. <\/p>\n\n\n\n<p><strong>Fuente: Diario R\u00edo Negro<\/strong><\/p>\n<!-- AddThis Advanced Settings generic via filter on the_content -->","protected":false},"excerpt":{"rendered":"<p>&#8220;Gu\u00eda para la crianza en un mundo digital&#8221;, de Sebasti\u00e1n Bortnik, es una invitaci\u00f3n a la planificaci\u00f3n de la relaci\u00f3n de las infancias y adolescencias con las tecnolog\u00edas.<!-- AddThis Advanced Settings generic via filter on get_the_excerpt --><\/p>\n","protected":false},"author":5,"featured_media":0,"comment_status":"closed","ping_status":"closed","sticky":false,"template":"","format":"standard","meta":{"colormag_page_container_layout":"default_layout","colormag_page_sidebar_layout":"default_layout","jetpack_post_was_ever_published":false,"_jetpack_newsletter_access":"","_jetpack_dont_email_post_to_subs":false,"_jetpack_newsletter_tier_id":0,"_jetpack_memberships_contains_paywalled_content":false,"_jetpack_memberships_contains_paid_content":false,"footnotes":"","jetpack_publicize_message":"#Educaci\u00f3n Claves de una educaci\u00f3n digital: involucrarse, informarse y dialogar","jetpack_publicize_feature_enabled":true,"jetpack_social_post_already_shared":true,"jetpack_social_options":{"image_generator_settings":{"template":"highway","default_image_id":0,"font":"","enabled":false},"version":2}},"categories":[19],"tags":[130],"class_list":["post-16516","post","type-post","status-publish","format-standard","hentry","category-educacion-sociedad","tag-educacion"],"jetpack_publicize_connections":[],"jetpack_featured_media_url":"","jetpack_shortlink":"https:\/\/wp.me\/p7L1gj-4io","jetpack-related-posts":[{"id":3111,"url":"http:\/\/ccnews.com.ar\/prensa\/potenciar-educacion-superior-nueva-sede-en-cipolletti\/","url_meta":{"origin":16516,"position":0},"title":"Potenciar Educaci\u00f3n Superior &#8211; Nueva sede en Cipolletti","author":"CLUSTERciar","date":"1 febrero, 2017","format":false,"excerpt":"FUNDACI\u00d3N\u00a0POTENCIAR DESEMBARCA EN CIPOLLETTI con su logro Socio-Educativo Porque queremos crecer y superarnos, porque nos gustan los desaf\u00edos, porque estamos convencidos que con educaci\u00f3n construimos una sociedad mejor, hemos decidido embarcarnos en un nuevo proyecto: Potenciar Educaci\u00f3n Superior, tendr\u00e1 sede en Cipolletti, en una ubicaci\u00f3n estrat\u00e9gica, como es la esquina\u2026","rel":"","context":"En \u00abEducaci\u00f3n\/Sociedad\u00bb","block_context":{"text":"Educaci\u00f3n\/Sociedad","link":"http:\/\/ccnews.com.ar\/prensa\/category\/educacion-sociedad\/"},"img":{"alt_text":"3","src":"https:\/\/i0.wp.com\/clusterciarnews.com.ar\/prensa\/wp-content\/uploads\/2017\/01\/3.jpg?resize=350%2C200","width":350,"height":200,"srcset":"https:\/\/i0.wp.com\/clusterciarnews.com.ar\/prensa\/wp-content\/uploads\/2017\/01\/3.jpg?resize=350%2C200 1x, https:\/\/i0.wp.com\/clusterciarnews.com.ar\/prensa\/wp-content\/uploads\/2017\/01\/3.jpg?resize=525%2C300 1,5x"},"classes":[]},{"id":1759,"url":"http:\/\/ccnews.com.ar\/prensa\/de-que-manera-la-realidad-aumentada-revoluciona-el-paradigma-de-la-educacion\/","url_meta":{"origin":16516,"position":1},"title":"De qu\u00e9 manera la realidad aumentada revoluciona el paradigma de la educaci\u00f3n","author":"CLUSTERciar","date":"5 octubre, 2016","format":false,"excerpt":"A trav\u00e9s de este recursos tanto docentes como alumnos asumen nuevos roles protag\u00f3nicos y aprenden a trav\u00e9s de la experiencia intractiva Gracias al Pokemon Go muchos descubrieron la realidad aumentada, una tecnolog\u00eda no tan nueva, pero que no hab\u00eda logrado el alcance masivo que el juego provoc\u00f3. La novedad de\u2026","rel":"","context":"En \u00abEducaci\u00f3n\/Sociedad\u00bb","block_context":{"text":"Educaci\u00f3n\/Sociedad","link":"http:\/\/ccnews.com.ar\/prensa\/category\/educacion-sociedad\/"},"img":{"alt_text":"","src":"","width":0,"height":0},"classes":[]},{"id":13564,"url":"http:\/\/ccnews.com.ar\/prensa\/como-las-tic-pueden-ayudar-a-la-educacion-la-formacion-laboral-y-la-inclusion-social\/","url_meta":{"origin":16516,"position":2},"title":"C\u00f3mo las TIC pueden ayudar a la educaci\u00f3n, la formaci\u00f3n laboral y la inclusi\u00f3n social","author":"admin","date":"13 noviembre, 2019","format":false,"excerpt":"El acceso a los tel\u00e9fonos en la infancia sucede a edades cada vez m\u00e1s tempranas. Teniendo en cuenta este contexto, Telecom cre\u00f3 los proyectos \u201cNuestro Lugar\u201d y \u201cdigit@lers\u201d con el objetivo de ense\u00f1arles a chicos y adolescentes a hacer un buen uso de la tecnolog\u00eda adem\u00e1s de fomentar el aprendizaje\u2026","rel":"","context":"En \u00abEducaci\u00f3n\/Sociedad\u00bb","block_context":{"text":"Educaci\u00f3n\/Sociedad","link":"http:\/\/ccnews.com.ar\/prensa\/category\/educacion-sociedad\/"},"img":{"alt_text":"","src":"https:\/\/i0.wp.com\/ccnews.com.ar\/prensa\/wp-content\/uploads\/2019\/11\/telecom-800x445.jpg?fit=800%2C445&resize=350%2C200","width":350,"height":200,"srcset":"https:\/\/i0.wp.com\/ccnews.com.ar\/prensa\/wp-content\/uploads\/2019\/11\/telecom-800x445.jpg?fit=800%2C445&resize=350%2C200 1x, https:\/\/i0.wp.com\/ccnews.com.ar\/prensa\/wp-content\/uploads\/2019\/11\/telecom-800x445.jpg?fit=800%2C445&resize=525%2C300 1,5x, https:\/\/i0.wp.com\/ccnews.com.ar\/prensa\/wp-content\/uploads\/2019\/11\/telecom-800x445.jpg?fit=800%2C445&resize=700%2C400 2x"},"classes":[]},{"id":2429,"url":"http:\/\/ccnews.com.ar\/prensa\/en-educacion-una-alianza-de-los-adultos\/","url_meta":{"origin":16516,"position":3},"title":"En educaci\u00f3n, una alianza de los adultos","author":"CLUSTERciar","date":"6 diciembre, 2016","format":false,"excerpt":"Celina, una joven pedagoga, acaba de presentar una nueva norma que ha producido, en un seminario organizado por el Ministerio de Educaci\u00f3n, y obliga a la escuela a dar informaci\u00f3n a la escuela de las notas de los chicos y de prevenirlos en caso de que puedan aparecer dificultades. Lo\u2026","rel":"","context":"En \u00abEducaci\u00f3n\/Sociedad\u00bb","block_context":{"text":"Educaci\u00f3n\/Sociedad","link":"http:\/\/ccnews.com.ar\/prensa\/category\/educacion-sociedad\/"},"img":{"alt_text":"","src":"","width":0,"height":0},"classes":[]},{"id":2765,"url":"http:\/\/ccnews.com.ar\/prensa\/asi-es-el-sistema-operativo-pensado-para-los-mas-necesitados\/","url_meta":{"origin":16516,"position":4},"title":"As\u00ed es el sistema operativo pensado para los m\u00e1s necesitados","author":"CLUSTERciar","date":"29 diciembre, 2016","format":false,"excerpt":"ENDLESS OS BUSCA LLEVAR LAS BONDADES DEL MUNDO DE LA TECNOLOG\u00cdA A QUIENES NO TIENE ACCESO A ELLA. PONIENDO EL FOCO EN LA FACILIDAD Y LA DISPONIBILIDAD, EL SISTEMA OPERATIVO OFRECE LO QUE LOS USUARIOS DE ZONAS POCO PRIVILEGIADAS NECESITAN. Hay un plan, a nivel mundial, para llevar una computadora\u2026","rel":"","context":"En \u00abTransformaci\u00f3n digital\u00bb","block_context":{"text":"Transformaci\u00f3n digital","link":"http:\/\/ccnews.com.ar\/prensa\/category\/transformacion-digital\/"},"img":{"alt_text":"","src":"https:\/\/i0.wp.com\/ccnews.com.ar\/prensa\/wp-content\/uploads\/2016\/12\/img_3630_crop1481818707889.jpg_1484051676.jpg?fit=875%2C471&resize=350%2C200","width":350,"height":200,"srcset":"https:\/\/i0.wp.com\/ccnews.com.ar\/prensa\/wp-content\/uploads\/2016\/12\/img_3630_crop1481818707889.jpg_1484051676.jpg?fit=875%2C471&resize=350%2C200 1x, https:\/\/i0.wp.com\/ccnews.com.ar\/prensa\/wp-content\/uploads\/2016\/12\/img_3630_crop1481818707889.jpg_1484051676.jpg?fit=875%2C471&resize=525%2C300 1,5x, https:\/\/i0.wp.com\/ccnews.com.ar\/prensa\/wp-content\/uploads\/2016\/12\/img_3630_crop1481818707889.jpg_1484051676.jpg?fit=875%2C471&resize=700%2C400 2x"},"classes":[]},{"id":2407,"url":"http:\/\/ccnews.com.ar\/prensa\/la-evaluacion-no-es-castigo\/","url_meta":{"origin":16516,"position":5},"title":"\u201cLa evaluaci\u00f3n no es castigo\u201d","author":"CLUSTERciar","date":"2 diciembre, 2016","format":false,"excerpt":"As\u00ed lo expres\u00f3 el especialista en educaci\u00f3n Gustavo Iaies quien formar\u00e1 parte del equipo de asesores en pol\u00edticas educativas de la Direcci\u00f3n General de Escuelas. Desde hace varios d\u00edas el Licenciado Iaies esta realizando reuniones con el director General de Escuelas, Jaime Correas, y todo su equipo de trabajo, a\u2026","rel":"","context":"En \u00abEducaci\u00f3n\/Sociedad\u00bb","block_context":{"text":"Educaci\u00f3n\/Sociedad","link":"http:\/\/ccnews.com.ar\/prensa\/category\/educacion-sociedad\/"},"img":{"alt_text":"","src":"https:\/\/i0.wp.com\/ccnews.com.ar\/prensa\/wp-content\/uploads\/2016\/12\/DSC9510.jpg?fit=1200%2C797&resize=350%2C200","width":350,"height":200,"srcset":"https:\/\/i0.wp.com\/ccnews.com.ar\/prensa\/wp-content\/uploads\/2016\/12\/DSC9510.jpg?fit=1200%2C797&resize=350%2C200 1x, https:\/\/i0.wp.com\/ccnews.com.ar\/prensa\/wp-content\/uploads\/2016\/12\/DSC9510.jpg?fit=1200%2C797&resize=525%2C300 1,5x, https:\/\/i0.wp.com\/ccnews.com.ar\/prensa\/wp-content\/uploads\/2016\/12\/DSC9510.jpg?fit=1200%2C797&resize=700%2C400 2x, https:\/\/i0.wp.com\/ccnews.com.ar\/prensa\/wp-content\/uploads\/2016\/12\/DSC9510.jpg?fit=1200%2C797&resize=1050%2C600 3x"},"classes":[]}],"jetpack_sharing_enabled":true,"_links":{"self":[{"href":"http:\/\/ccnews.com.ar\/prensa\/wp-json\/wp\/v2\/posts\/16516","targetHints":{"allow":["GET"]}}],"collection":[{"href":"http:\/\/ccnews.com.ar\/prensa\/wp-json\/wp\/v2\/posts"}],"about":[{"href":"http:\/\/ccnews.com.ar\/prensa\/wp-json\/wp\/v2\/types\/post"}],"author":[{"embeddable":true,"href":"http:\/\/ccnews.com.ar\/prensa\/wp-json\/wp\/v2\/users\/5"}],"replies":[{"embeddable":true,"href":"http:\/\/ccnews.com.ar\/prensa\/wp-json\/wp\/v2\/comments?post=16516"}],"version-history":[{"count":0,"href":"http:\/\/ccnews.com.ar\/prensa\/wp-json\/wp\/v2\/posts\/16516\/revisions"}],"wp:attachment":[{"href":"http:\/\/ccnews.com.ar\/prensa\/wp-json\/wp\/v2\/media?parent=16516"}],"wp:term":[{"taxonomy":"category","embeddable":true,"href":"http:\/\/ccnews.com.ar\/prensa\/wp-json\/wp\/v2\/categories?post=16516"},{"taxonomy":"post_tag","embeddable":true,"href":"http:\/\/ccnews.com.ar\/prensa\/wp-json\/wp\/v2\/tags?post=16516"}],"curies":[{"name":"wp","href":"https:\/\/api.w.org\/{rel}","templated":true}]}}