{"id":16522,"date":"2021-02-17T08:44:31","date_gmt":"2021-02-17T11:44:31","guid":{"rendered":"http:\/\/ccnews.com.ar\/prensa\/?p=16522"},"modified":"2021-02-17T08:44:38","modified_gmt":"2021-02-17T11:44:38","slug":"vacaciones-tips-para-ser-un-viajero-sustentable-en-cualquier-destino","status":"publish","type":"post","link":"http:\/\/ccnews.com.ar\/prensa\/vacaciones-tips-para-ser-un-viajero-sustentable-en-cualquier-destino\/","title":{"rendered":"Vacaciones: tips para ser un viajero sustentable en cualquier destino"},"content":{"rendered":"\n<p>\n\nNo importa si es una gran ciudad o un pueblo perdido, la forma de interactuar con el entorno es la clave\n\n<\/p>\n\n\n\n<p>No importa cu\u00e1l sea el destino, o si es un verano de pandemia o no.&nbsp;<strong>Cada vez que un turista o viajero interact\u00faa con un entorno nuevo, causa un impacto en \u00e9l<\/strong>. Por eso es importante conocer algunos detalles antes de aventurarse a alg\u00fan viaje, as\u00ed sea una escapada cerca de casa o bien un viaje a un destino m\u00e1s lejano, cuarentena mediante.<\/p>\n\n\n\n<p>Como seres conscientes y comprometidos,<strong>&nbsp;la idea es que los viajes y escapadas sean lo m\u00e1s sustentables posible y con el m\u00ednimo impacto negativo en el lugar que se elija para visitar.<\/strong><\/p>\n\n\n\n<p>\u201c<strong>El turismo sustentable busca ser una herramienta que traccione el desarrollo del visitante a trav\u00e9s de la conservaci\u00f3n y del cuidado de la biodiversidad.<\/strong>&nbsp;Se trata de encontrar un equilibrio entre lo social, lo econ\u00f3mico y lo ecol\u00f3gico\u201d, explica a Carbono News<strong>&nbsp;Romina Priore,&nbsp;<\/strong>exgerente de Turismo Sustentable de la Ciudad de Buenos Aires y directora de sustentabilidad de 2cool. \u201cQue haya un desarrollo programado de lo social, con crecimiento econ\u00f3mico y potenciando siempre la ecolog\u00eda o la biodiversidad\u201d, ampl\u00eda.<\/p>\n\n\n\n<p>Con este objetivo<strong>, cada vez m\u00e1s localidades, e incluso ciudades enteras, emprendieron el proceso para convertirse en destinos sustentables,&nbsp;<\/strong>pero independientemente de eso, hay varias herramientas para que los viajeros minimicen su impacto en los lugares que visitan, y que se vuelvan ellos mismos \u201cviajeros sustentables\u201d, tanto en una gran ciudad como un pueblito de campo.<\/p>\n\n\n\n<p><strong>C\u00f3mo ser un viajero sustentable<\/strong><\/p>\n\n\n\n<p>Para empezar, siempre hay que tener en cuenta la triada ya citada: sociedad, ecolog\u00eda y econom\u00eda. Si se aplican estos tres ejes a la l\u00f3gica de las decisiones, la visita ser\u00e1 positiva.<\/p>\n\n\n\n<p>\u201cSiempre que se reduzca el impacto ambiental en las acciones que realicemos y con respecto al tipo de consumidor que seamos, estaremos generando un cambio positivo en el destino que visitamos\u201d, dice Priore.<\/p>\n\n\n\n<p><strong>Elegir el hospedaje<\/strong><\/p>\n\n\n\n<p>Actualmente la mayor\u00eda de los alojamientos brindan informaci\u00f3n sobre sus acciones de sustentabilidad, por lo que muy probablemente tendr\u00e1n a la vista alguna certificaci\u00f3n \u201cverde\u201d si la poseen. Si no, es importante considerar que hagan un uso responsable de algunos ejes que son fundamentales: el agua y la energ\u00eda, la forma en que gestionan sus residuos, y c\u00f3mo y cu\u00e1nto esto afectan al entorno al que pertenecen.<\/p>\n\n\n\n<p><strong>La movilidad<\/strong><\/p>\n\n\n\n<p>Para moverse por el lugar y sus alrededores, siempre que sea posible, es mucho mejor elegir un medio de transporte sustentable, como la bicicleta. Es la mejor opci\u00f3n en cuanto al ejercicio f\u00edsico, el precio, y su impacto en el ambiente.<\/p>\n\n\n\n<p>El transporte p\u00fablico o compartido es una buena opci\u00f3n para evitar los veh\u00edculos particulares, e incluso en el caso de alquilar un auto o camioneta, hacerlo por horas en lugar de por d\u00edas es una buena forma de minimizar su uso.<\/p>\n\n\n\n<p><strong>Compromiso con lo local<\/strong><\/p>\n\n\n\n<p>Este punto puede considerarse en distintos momentos del viaje, siempre con la premisa de priorizar el consumo de productos y servicios locales. Desde los trabajadores del hospedaje, los espacios que se elijan para comer o para conocer, y las compras que se hagan durante la visita, siempre que el aporte sume a la econom\u00eda del lugar, mucho mejor. Y si est\u00e1 inmerso en un sistema circular, mejor a\u00fan.<\/p>\n\n\n\n<p>\u201cCon respecto a la gastronom\u00eda, que sea con materia prima local, productos regionales y estacionales\u201d, aconseja Priore.<\/p>\n\n\n\n<p><strong>Cuidar el entorno<\/strong><\/p>\n\n\n\n<p>Durante toda la estad\u00eda, y en cada actividad que se realice, es fundamental proteger al m\u00e1ximo la conservaci\u00f3n de la bi\u00f3sfera del lugar y no alterar de ninguna manera el ecosistema o la biodiversidad local.<\/p>\n\n\n\n<p>F<strong>uente: Infobae<\/strong><\/p>\n<!-- AddThis Advanced Settings generic via filter on the_content -->","protected":false},"excerpt":{"rendered":"<p>No importa si es una gran ciudad o un pueblo perdido, la forma de interactuar con el entorno es la clave<!-- AddThis Advanced Settings generic via filter on get_the_excerpt --><\/p>\n","protected":false},"author":5,"featured_media":0,"comment_status":"closed","ping_status":"closed","sticky":false,"template":"","format":"standard","meta":{"colormag_page_container_layout":"default_layout","colormag_page_sidebar_layout":"default_layout","jetpack_post_was_ever_published":false,"_jetpack_newsletter_access":"","_jetpack_dont_email_post_to_subs":false,"_jetpack_newsletter_tier_id":0,"_jetpack_memberships_contains_paywalled_content":false,"_jetpack_memberships_contains_paid_content":false,"footnotes":"","jetpack_publicize_message":"#Sustentabilidad \nVacaciones: tips para ser un viajero sustentable en cualquier destino","jetpack_publicize_feature_enabled":true,"jetpack_social_post_already_shared":true,"jetpack_social_options":{"image_generator_settings":{"template":"highway","default_image_id":0,"font":"","enabled":false},"version":2}},"categories":[3],"tags":[132],"class_list":["post-16522","post","type-post","status-publish","format-standard","hentry","category-sustentabilidad","tag-sustentabilidad"],"jetpack_publicize_connections":[],"jetpack_featured_media_url":"","jetpack_shortlink":"https:\/\/wp.me\/p7L1gj-4iu","jetpack-related-posts":[{"id":16692,"url":"http:\/\/ccnews.com.ar\/prensa\/conoce-estos-tips-para-viajar-de-manera-sustentable\/","url_meta":{"origin":16522,"position":0},"title":"Conoce estos tips para viajar de manera sustentable","author":"admin","date":"12 agosto, 2021","format":false,"excerpt":"Los viajeros declararon querer viajar de manera sustentable, pero tienen dificultades para encontrar hospedajes con este sello o pr\u00e1cticas.","rel":"","context":"En \u00abSustentabilidad\u00bb","block_context":{"text":"Sustentabilidad","link":"http:\/\/ccnews.com.ar\/prensa\/category\/sustentabilidad\/"},"img":{"alt_text":"","src":"https:\/\/i0.wp.com\/ccnews.com.ar\/prensa\/wp-content\/uploads\/2021\/08\/viagem-sustent%C3%A1vel.jpg?fit=750%2C500&resize=350%2C200","width":350,"height":200,"srcset":"https:\/\/i0.wp.com\/ccnews.com.ar\/prensa\/wp-content\/uploads\/2021\/08\/viagem-sustent%C3%A1vel.jpg?fit=750%2C500&resize=350%2C200 1x, https:\/\/i0.wp.com\/ccnews.com.ar\/prensa\/wp-content\/uploads\/2021\/08\/viagem-sustent%C3%A1vel.jpg?fit=750%2C500&resize=525%2C300 1,5x, https:\/\/i0.wp.com\/ccnews.com.ar\/prensa\/wp-content\/uploads\/2021\/08\/viagem-sustent%C3%A1vel.jpg?fit=750%2C500&resize=700%2C400 2x"},"classes":[]},{"id":15216,"url":"http:\/\/ccnews.com.ar\/prensa\/ser-sustentable-en-2020-clave-para-evitar-el-fracaso-de-las-empresas\/","url_meta":{"origin":16522,"position":1},"title":"Ser sustentable en 2020: clave para evitar el fracaso de las empresas","author":"admin","date":"11 abril, 2020","format":false,"excerpt":"Cada vez m\u00e1s en el mundo, sobre todo en estos momentos de alta tensi\u00f3n, la sociedad valora que las empresas sean sustentables. Un estilo de gestionar que puede evitar fracasar en este 2020 que luce tan incierto como desafiante. Se considera que una empresa es sustentable cuando busca su excelencia\u2026","rel":"","context":"En \u00abEducaci\u00f3n\/Sociedad\u00bb","block_context":{"text":"Educaci\u00f3n\/Sociedad","link":"http:\/\/ccnews.com.ar\/prensa\/category\/educacion-sociedad\/"},"img":{"alt_text":"","src":"https:\/\/i0.wp.com\/ccnews.com.ar\/prensa\/wp-content\/uploads\/2020\/04\/494690.jpg?fit=880%2C587&resize=350%2C200","width":350,"height":200,"srcset":"https:\/\/i0.wp.com\/ccnews.com.ar\/prensa\/wp-content\/uploads\/2020\/04\/494690.jpg?fit=880%2C587&resize=350%2C200 1x, https:\/\/i0.wp.com\/ccnews.com.ar\/prensa\/wp-content\/uploads\/2020\/04\/494690.jpg?fit=880%2C587&resize=525%2C300 1,5x, https:\/\/i0.wp.com\/ccnews.com.ar\/prensa\/wp-content\/uploads\/2020\/04\/494690.jpg?fit=880%2C587&resize=700%2C400 2x"},"classes":[]},{"id":14596,"url":"http:\/\/ccnews.com.ar\/prensa\/sustentabilidad-un-estilo-de-vida\/","url_meta":{"origin":16522,"position":2},"title":"Sustentabilidad, un estilo de vida","author":"admin","date":"16 febrero, 2020","format":false,"excerpt":"En Mendoza la movida va ganando fuerza. Hay Pymes que van creciendo de la mano de la econom\u00eda circular- Los diez pa\u00edses m\u00e1s sustentables son europeos. Esto no quiere decir que debamos mudarnos a Suiza, Luxemburgo, Austria, Singapur, Alemania, Espa\u00f1a, Rep\u00fablica Checa, Austria, Suecia o Noruega para poder llevar una\u2026","rel":"","context":"En \u00abEducaci\u00f3n\/Sociedad\u00bb","block_context":{"text":"Educaci\u00f3n\/Sociedad","link":"http:\/\/ccnews.com.ar\/prensa\/category\/educacion-sociedad\/"},"img":{"alt_text":"","src":"https:\/\/i0.wp.com\/ccnews.com.ar\/prensa\/wp-content\/uploads\/2020\/02\/economia-circular-1024x679.png?fit=1024%2C679&resize=350%2C200","width":350,"height":200,"srcset":"https:\/\/i0.wp.com\/ccnews.com.ar\/prensa\/wp-content\/uploads\/2020\/02\/economia-circular-1024x679.png?fit=1024%2C679&resize=350%2C200 1x, https:\/\/i0.wp.com\/ccnews.com.ar\/prensa\/wp-content\/uploads\/2020\/02\/economia-circular-1024x679.png?fit=1024%2C679&resize=525%2C300 1,5x, https:\/\/i0.wp.com\/ccnews.com.ar\/prensa\/wp-content\/uploads\/2020\/02\/economia-circular-1024x679.png?fit=1024%2C679&resize=700%2C400 2x"},"classes":[]},{"id":15738,"url":"http:\/\/ccnews.com.ar\/prensa\/mide-lo-que-importa-que-dicen-las-empresas-neuquinas-que-iniciaron-su-camino-hacia-la-sustentabilidad\/","url_meta":{"origin":16522,"position":3},"title":"\u201cMide lo que importa\u201d: Qu\u00e9 dicen las empresas neuquinas que iniciaron su camino hacia la sustentabilidad","author":"Editor","date":"23 junio, 2020","format":false,"excerpt":"Esta capacitaci\u00f3n es organizada por el \u201cPrograma Pymes\u201d de Pan American Energy y el Centro PyME-Adeneu, con apoyatura en contenidos de la organizaci\u00f3n civil Sistema B.","rel":"","context":"En \u00abSustentabilidad\u00bb","block_context":{"text":"Sustentabilidad","link":"http:\/\/ccnews.com.ar\/prensa\/category\/sustentabilidad\/"},"img":{"alt_text":"","src":"https:\/\/i0.wp.com\/ccnews.com.ar\/prensa\/wp-content\/uploads\/2020\/06\/20200622045426fc0aa206416034d833c0b6f3cdb9962c.jpg?fit=800%2C453&resize=350%2C200","width":350,"height":200,"srcset":"https:\/\/i0.wp.com\/ccnews.com.ar\/prensa\/wp-content\/uploads\/2020\/06\/20200622045426fc0aa206416034d833c0b6f3cdb9962c.jpg?fit=800%2C453&resize=350%2C200 1x, https:\/\/i0.wp.com\/ccnews.com.ar\/prensa\/wp-content\/uploads\/2020\/06\/20200622045426fc0aa206416034d833c0b6f3cdb9962c.jpg?fit=800%2C453&resize=525%2C300 1,5x, https:\/\/i0.wp.com\/ccnews.com.ar\/prensa\/wp-content\/uploads\/2020\/06\/20200622045426fc0aa206416034d833c0b6f3cdb9962c.jpg?fit=800%2C453&resize=700%2C400 2x"},"classes":[]},{"id":16715,"url":"http:\/\/ccnews.com.ar\/prensa\/la-tendencia-a-vivir-de-manera-mas-sustentable\/","url_meta":{"origin":16522,"position":4},"title":"La tendencia a vivir de manera m\u00e1s sustentable","author":"admin","date":"11 noviembre, 2021","format":false,"excerpt":"La sustentabilidad 2021 a nivel global seg\u00fan el estudio de Kantar realizado en 35 pa\u00edses, \u00bfcu\u00e1les son los temas ambientales y sociales que los preocupan? \u00bfQu\u00e9 rol tienen que jugar las marcas?","rel":"","context":"En \u00abSustentabilidad\u00bb","block_context":{"text":"Sustentabilidad","link":"http:\/\/ccnews.com.ar\/prensa\/category\/sustentabilidad\/"},"img":{"alt_text":"","src":"https:\/\/i0.wp.com\/ccnews.com.ar\/prensa\/wp-content\/uploads\/2021\/11\/sustentabilidad.jpg?fit=640%2C480&resize=350%2C200","width":350,"height":200,"srcset":"https:\/\/i0.wp.com\/ccnews.com.ar\/prensa\/wp-content\/uploads\/2021\/11\/sustentabilidad.jpg?fit=640%2C480&resize=350%2C200 1x, https:\/\/i0.wp.com\/ccnews.com.ar\/prensa\/wp-content\/uploads\/2021\/11\/sustentabilidad.jpg?fit=640%2C480&resize=525%2C300 1,5x"},"classes":[]},{"id":5223,"url":"http:\/\/ccnews.com.ar\/prensa\/sustentabilidad-ambiental-una-busqueda-necesaria\/","url_meta":{"origin":16522,"position":5},"title":"Sustentabilidad ambiental: una b\u00fasqueda necesaria","author":"CLUSTERciar","date":"5 septiembre, 2017","format":false,"excerpt":"C\u00f3mo la ingenier\u00eda contribuy\u00f3 a llegar al punto en el que estamos. Desigualdad y pobreza, barreras para el desarrollo sostenible. Marco normativo y herramientas de gesti\u00f3n en Argentina. Existen animales que trastocan su entorno adem\u00e1s de lo humanos. Un ejemplo cl\u00e1sico es el castor, que tala \u00e1rboles para usarlos como\u2026","rel":"","context":"En \u00abSustentabilidad\u00bb","block_context":{"text":"Sustentabilidad","link":"http:\/\/ccnews.com.ar\/prensa\/category\/sustentabilidad\/"},"img":{"alt_text":"","src":"https:\/\/i0.wp.com\/ccnews.com.ar\/prensa\/wp-content\/uploads\/2017\/08\/ccn-9.jpg?fit=829%2C466&resize=350%2C200","width":350,"height":200,"srcset":"https:\/\/i0.wp.com\/ccnews.com.ar\/prensa\/wp-content\/uploads\/2017\/08\/ccn-9.jpg?fit=829%2C466&resize=350%2C200 1x, https:\/\/i0.wp.com\/ccnews.com.ar\/prensa\/wp-content\/uploads\/2017\/08\/ccn-9.jpg?fit=829%2C466&resize=525%2C300 1,5x, https:\/\/i0.wp.com\/ccnews.com.ar\/prensa\/wp-content\/uploads\/2017\/08\/ccn-9.jpg?fit=829%2C466&resize=700%2C400 2x"},"classes":[]}],"jetpack_sharing_enabled":true,"_links":{"self":[{"href":"http:\/\/ccnews.com.ar\/prensa\/wp-json\/wp\/v2\/posts\/16522","targetHints":{"allow":["GET"]}}],"collection":[{"href":"http:\/\/ccnews.com.ar\/prensa\/wp-json\/wp\/v2\/posts"}],"about":[{"href":"http:\/\/ccnews.com.ar\/prensa\/wp-json\/wp\/v2\/types\/post"}],"author":[{"embeddable":true,"href":"http:\/\/ccnews.com.ar\/prensa\/wp-json\/wp\/v2\/users\/5"}],"replies":[{"embeddable":true,"href":"http:\/\/ccnews.com.ar\/prensa\/wp-json\/wp\/v2\/comments?post=16522"}],"version-history":[{"count":0,"href":"http:\/\/ccnews.com.ar\/prensa\/wp-json\/wp\/v2\/posts\/16522\/revisions"}],"wp:attachment":[{"href":"http:\/\/ccnews.com.ar\/prensa\/wp-json\/wp\/v2\/media?parent=16522"}],"wp:term":[{"taxonomy":"category","embeddable":true,"href":"http:\/\/ccnews.com.ar\/prensa\/wp-json\/wp\/v2\/categories?post=16522"},{"taxonomy":"post_tag","embeddable":true,"href":"http:\/\/ccnews.com.ar\/prensa\/wp-json\/wp\/v2\/tags?post=16522"}],"curies":[{"name":"wp","href":"https:\/\/api.w.org\/{rel}","templated":true}]}}