{"id":16530,"date":"2021-02-17T08:50:06","date_gmt":"2021-02-17T11:50:06","guid":{"rendered":"http:\/\/ccnews.com.ar\/prensa\/?p=16530"},"modified":"2021-02-17T08:50:14","modified_gmt":"2021-02-17T11:50:14","slug":"el-2020-cerro-con-un-salto-del-63-en-la-generacion-renovable","status":"publish","type":"post","link":"http:\/\/ccnews.com.ar\/prensa\/el-2020-cerro-con-un-salto-del-63-en-la-generacion-renovable\/","title":{"rendered":"El 2020 cerr\u00f3 con un salto del 63% en la generaci\u00f3n renovable"},"content":{"rendered":"\n<p><strong>En el acumulado del a\u00f1o el aporte de la energ\u00eda limpia tuvo un rendimiento m\u00e1s alto que en 2019<\/strong>. La tecnolog\u00eda e\u00f3lica y la solar fueron las principales responsables. <\/p>\n\n\n\n<p>Por  MAT\u00cdAS DEL POZZI <\/p>\n\n\n\n<p> Para la mayor\u00eda de los sectores de la energ\u00eda el 2020 fue uno de los peores a\u00f1os, pero para las renovables pas\u00f3 todo lo contrario.\u00a0<strong>El a\u00f1o pasado las energ\u00edas limpias cerraron con un salto en la generaci\u00f3n del 63% a nivel interanual y fue el a\u00f1o r\u00e9cord para la industria.<\/strong><\/p>\n\n\n\n<p><strong>Desde mitad del a\u00f1o pasado ya se pod\u00eda ver que el rendimiento iba a ser el mejor desde que comenzaron a concretarse los proyectos renovables\u00a0<\/strong>adjudicados los a\u00f1os anteriores.\u00a0<strong>En total el a\u00f1o cerr\u00f3 con una generaci\u00f3n acumulada de 12.734 GW\/h mientras que el 2019 lo hizo en 7.810 GW\/h<\/strong>. Los datos se desprenden del informe mensual de la Compa\u00f1\u00eda Administradora del Mercado Mayorista El\u00e9ctrico (Cammesa). <\/p>\n\n\n\n<p><strong>Los proyectos e\u00f3licos fueron los que mayor crecimiento registraron con 88%, le siguieron los solares fotovoltaicos con 68%<\/strong>, luego los de biomasa con 41% y por \u00faltimo se ubicaron los de biog\u00e1s. Por su parte, los peque\u00f1os desarrollos hidr\u00e1ulicos fueron la \u00fanica tecnolog\u00eda que registr\u00f3 una ca\u00edda respecto al 2019 y fue del 14%.<\/p>\n\n\n\n<p>Todos los proyectos que hoy est\u00e1n funcionando pertenecen a las diversas rondas del&nbsp;<strong>RenovAr<\/strong>, al Mercado a T\u00e9rmino de Energ\u00edas Renovables (<strong>MATER<\/strong>), a la&nbsp;<strong>Resoluci\u00f3n 202\/2016<\/strong>, otros de generaci\u00f3n distribuida y en menor escala a la Resoluci\u00f3n 108\/2011.<\/p>\n\n\n\n<h2 class=\"wp-block-heading\">Generaci\u00f3n por tecnolog\u00eda<\/h2>\n\n\n\n<p><strong>Los parques e\u00f3licos culminaron el 2020 con una generaci\u00f3n acumulada de 9.406 GW\/h mientras que el a\u00f1o anterior hab\u00edan aportado unos 4.996 GW\/h.<\/strong>\u00a0Los grandes parques solares y los peque\u00f1os desarrollos de generaci\u00f3n distribuida generaron 1.344 GW\/h el a\u00f1o pasado y en 2019 hab\u00edan alcanzado los 799 GW\/h.<\/p>\n\n\n\n<p><strong>Los proyectos de biomasa y biog\u00e1s cerraron el 2020 en 419 y 305 GW\/h respectivamente,&nbsp;<\/strong>mientras que en 2019 lo hab\u00edan hecho en 298 y 253 GW\/h, cada uno. Por \u00faltimo, los hidr\u00e1ulicos renovables generaron 1.257 GW\/h mientras que en 2019 alcanzaron los 1.462 GW\/h.<\/p>\n\n\n\n<h2 class=\"wp-block-heading\">Participaci\u00f3n en la demanda<\/h2>\n\n\n\n<p><strong>El buen rendimiento de las energ\u00edas limpias no solo se puede medir en los GW generados sino tambi\u00e9n en la cobertura de la demanda nacional<\/strong>. En diciembre del 2020 los parques renovables fueron responsables de cubrir nada m\u00e1s y nada menos que el<strong>&nbsp;11% de la demanda total del pa\u00eds<\/strong>&nbsp;y ya no se trata de picos de generaci\u00f3n sino de una constante.<\/p>\n\n\n\n<p><strong>A partir de mitad del a\u00f1o pasado los desarrollos renovables desplazaron a la generaci\u00f3n nuclear y quedaron cerca de cubrir demanda como lo hacen los proyectos hidr\u00e1ulicos<\/strong>&nbsp;que, en diciembre, cubrieron el 17% de la demanda. Esto tambi\u00e9n se debe a que los proyectos hidr\u00e1ulicos tuvieron un mal a\u00f1o en generaci\u00f3n registrando una ca\u00edda del 17,7% en la generaci\u00f3n total del a\u00f1o m\u00f3vil, hasta el \u00faltimo mes del a\u00f1o pasado.<\/p>\n\n\n\n<p><strong>Las centrales nucleares terminaron el a\u00f1o con un alza en la producci\u00f3n del 26,3%<\/strong>\u00a0en el a\u00f1o m\u00f3vil a diciembre, mientras los proyectos t\u00e9rmicos otro 2,7%. Es decir que la \u00fanica tecnolog\u00eda que cay\u00f3 fue la hidr\u00e1ulica.<\/p>\n\n\n\n<p><strong>Fuente: Diario R\u00edo Negro<\/strong><\/p>\n<!-- AddThis Advanced Settings generic via filter on the_content -->","protected":false},"excerpt":{"rendered":"<p>En el acumulado del a\u00f1o el aporte de la energ\u00eda limpia tuvo un rendimiento m\u00e1s alto que en 2019. La tecnolog\u00eda e\u00f3lica y la solar fueron las principales responsables.<!-- AddThis Advanced Settings generic via filter on get_the_excerpt --><\/p>\n","protected":false},"author":5,"featured_media":0,"comment_status":"closed","ping_status":"closed","sticky":false,"template":"","format":"standard","meta":{"colormag_page_container_layout":"default_layout","colormag_page_sidebar_layout":"default_layout","jetpack_post_was_ever_published":false,"_jetpack_newsletter_access":"","_jetpack_dont_email_post_to_subs":false,"_jetpack_newsletter_tier_id":0,"_jetpack_memberships_contains_paywalled_content":false,"_jetpack_memberships_contains_paid_content":false,"footnotes":"","jetpack_publicize_message":"#Energ\u00eda\nEl 2020 cerr\u00f3 con un salto del 63% en la generaci\u00f3n renovable","jetpack_publicize_feature_enabled":true,"jetpack_social_post_already_shared":true,"jetpack_social_options":{"image_generator_settings":{"template":"highway","default_image_id":0,"font":"","enabled":false},"version":2}},"categories":[11],"tags":[128],"class_list":["post-16530","post","type-post","status-publish","format-standard","hentry","category-energia-y-produccion","tag-energia"],"jetpack_publicize_connections":[],"jetpack_featured_media_url":"","jetpack_shortlink":"https:\/\/wp.me\/p7L1gj-4iC","jetpack-related-posts":[{"id":15688,"url":"http:\/\/ccnews.com.ar\/prensa\/la-demanda-energetica-industrial-cayo-un-23-en-mayo\/","url_meta":{"origin":16530,"position":0},"title":"La demanda energ\u00e9tica industrial cay\u00f3 un 23% en mayo","author":"Editor","date":"19 junio, 2020","format":false,"excerpt":"Los guarismos reflejaron una paulatina reactivaci\u00f3n pero a\u00fan muestran el alcance de la cuarentena. La generaci\u00f3n de energ\u00eda el\u00e9ctrica del pa\u00eds tambi\u00e9n baj\u00f3 en mayo.","rel":"","context":"En \u00abEnerg\u00eda y Producci\u00f3n\u00bb","block_context":{"text":"Energ\u00eda y Producci\u00f3n","link":"http:\/\/ccnews.com.ar\/prensa\/category\/energia-y-produccion\/"},"img":{"alt_text":"","src":"https:\/\/i0.wp.com\/ccnews.com.ar\/prensa\/wp-content\/uploads\/2020\/06\/Imagen-Nqn-MR-inversiones-ALEJANDRO-CASTA-11192032.jpg?fit=920%2C517&resize=350%2C200","width":350,"height":200,"srcset":"https:\/\/i0.wp.com\/ccnews.com.ar\/prensa\/wp-content\/uploads\/2020\/06\/Imagen-Nqn-MR-inversiones-ALEJANDRO-CASTA-11192032.jpg?fit=920%2C517&resize=350%2C200 1x, https:\/\/i0.wp.com\/ccnews.com.ar\/prensa\/wp-content\/uploads\/2020\/06\/Imagen-Nqn-MR-inversiones-ALEJANDRO-CASTA-11192032.jpg?fit=920%2C517&resize=525%2C300 1,5x, https:\/\/i0.wp.com\/ccnews.com.ar\/prensa\/wp-content\/uploads\/2020\/06\/Imagen-Nqn-MR-inversiones-ALEJANDRO-CASTA-11192032.jpg?fit=920%2C517&resize=700%2C400 2x"},"classes":[]},{"id":1267,"url":"http:\/\/ccnews.com.ar\/prensa\/cuanto-crecieron-las-energias-renovables-a-nivel-mundial-el-ano-pasado\/","url_meta":{"origin":16530,"position":1},"title":"\u00bfCu\u00e1nto crecieron las energ\u00edas renovables a nivel mundial el a\u00f1o pasado?","author":"CLUSTERciar","date":"25 agosto, 2016","format":false,"excerpt":"Las potencias del G-20 produjeron en 2015 un 8\u00a0por ciento\u00a0de la electricidad desde centrales de energ\u00eda ecol\u00f3gica. Siete de los miembros ya producen m\u00e1s del 10\u00a0por ciento. Alemania llega al 36 por ciento.\u00a0El uso de energ\u00edas renovables se increment\u00f3 un\u00a070 por ciento a nivel mundial El porcentaje de electricidad que\u2026","rel":"","context":"En \u00abEnerg\u00eda y Producci\u00f3n\u00bb","block_context":{"text":"Energ\u00eda y Producci\u00f3n","link":"http:\/\/ccnews.com.ar\/prensa\/category\/energia-y-produccion\/"},"img":{"alt_text":"","src":"https:\/\/i0.wp.com\/www.energiaestrategica.com\/wp-content\/uploads\/2016\/08\/nota-6-9.jpg?resize=350%2C200","width":350,"height":200},"classes":[]},{"id":8361,"url":"http:\/\/ccnews.com.ar\/prensa\/abaratar-en-costos-de-energia-la-tendencia-de-las-empresas-a-partir-de-uso-de-las-renovables\/","url_meta":{"origin":16530,"position":2},"title":"Abaratar en costos de energ\u00eda, la tendencia de las empresas a partir de uso de las renovables","author":"CLUSTERciar","date":"10 julio, 2018","format":false,"excerpt":"Alejandro Zitzer, Gerente Comercial de Aldar S.A., asegura que desde el a\u00f1o pasado est\u00e1n recibiendo una gran cantidad de consultas de comercios e industrias que pretenden autogenerar energ\u00eda a partir de fuentes fotovoltaicas. El empresario espera un gran crecimiento con la inminente aplicaci\u00f3n de la Ley de Generaci\u00f3n Distribuida mediante\u2026","rel":"","context":"En \u00abSustentabilidad\u00bb","block_context":{"text":"Sustentabilidad","link":"http:\/\/ccnews.com.ar\/prensa\/category\/sustentabilidad\/"},"img":{"alt_text":"","src":"https:\/\/i0.wp.com\/ccnews.com.ar\/prensa\/wp-content\/uploads\/2018\/07\/nota-18.jpg?fit=800%2C400&resize=350%2C200","width":350,"height":200,"srcset":"https:\/\/i0.wp.com\/ccnews.com.ar\/prensa\/wp-content\/uploads\/2018\/07\/nota-18.jpg?fit=800%2C400&resize=350%2C200 1x, https:\/\/i0.wp.com\/ccnews.com.ar\/prensa\/wp-content\/uploads\/2018\/07\/nota-18.jpg?fit=800%2C400&resize=525%2C300 1,5x, https:\/\/i0.wp.com\/ccnews.com.ar\/prensa\/wp-content\/uploads\/2018\/07\/nota-18.jpg?fit=800%2C400&resize=700%2C400 2x"},"classes":[]},{"id":4709,"url":"http:\/\/ccnews.com.ar\/prensa\/el-estado-de-la-industria-de-energias-renovables-en-argentina\/","url_meta":{"origin":16530,"position":3},"title":"El estado de la industria de energ\u00edas renovables en Argentina","author":"CLUSTERciar","date":"23 julio, 2017","format":false,"excerpt":"El mercado est\u00e1 en marcha y seguir\u00e1 creciendo en forma sostenida en los pr\u00f3ximos a\u00f1os. Un an\u00e1lisis y retrospectiva de un mercado que revirti\u00f3 su situaci\u00f3n\u00a0y \u00a0perspectivas desde la aprobaci\u00f3n de la Ley 27.191 y su posterior reglamentaci\u00f3n y el lanzamiento del\u00a0Programa\u00a0RenovAr. Por Mauro G.\u00a0Soares\u00a0* En el \u00e1mbito de la\u2026","rel":"","context":"En \u00abEnerg\u00eda y Producci\u00f3n\u00bb","block_context":{"text":"Energ\u00eda y Producci\u00f3n","link":"http:\/\/ccnews.com.ar\/prensa\/category\/energia-y-produccion\/"},"img":{"alt_text":"","src":"https:\/\/i0.wp.com\/ccnews.com.ar\/prensa\/wp-content\/uploads\/2017\/07\/noticia-9.jpg?fit=600%2C400&resize=350%2C200","width":350,"height":200,"srcset":"https:\/\/i0.wp.com\/ccnews.com.ar\/prensa\/wp-content\/uploads\/2017\/07\/noticia-9.jpg?fit=600%2C400&resize=350%2C200 1x, https:\/\/i0.wp.com\/ccnews.com.ar\/prensa\/wp-content\/uploads\/2017\/07\/noticia-9.jpg?fit=600%2C400&resize=525%2C300 1,5x"},"classes":[]},{"id":2421,"url":"http:\/\/ccnews.com.ar\/prensa\/nuestro-marco-regulatorio-se-va-a-estudiar-en-harvard\/","url_meta":{"origin":16530,"position":4},"title":"\u201cNuestro marco regulatorio se va a estudiar en Harvard\u201d","author":"CLUSTERciar","date":"4 diciembre, 2016","format":false,"excerpt":"El director de Energ\u00edas Renovables de Naci\u00f3n, Maximiliano Morrone, destac\u00f3 los avances de la ley Guinle en Argentina. El desarrollo de las energ\u00edas renovables es una cuesti\u00f3n de Estado. El director nacional de Promoci\u00f3n de Energ\u00edas Renovables, Maximiliano Morrone expuso en la Semana de Energ\u00eda E\u00f3lica de Cutral Co la\u2026","rel":"","context":"En \u00abSustentabilidad\u00bb","block_context":{"text":"Sustentabilidad","link":"http:\/\/ccnews.com.ar\/prensa\/category\/sustentabilidad\/"},"img":{"alt_text":"","src":"","width":0,"height":0},"classes":[]},{"id":8557,"url":"http:\/\/ccnews.com.ar\/prensa\/las-represas-del-comahue-cubrieron-el-incremento-de-la-demanda-electrica\/","url_meta":{"origin":16530,"position":5},"title":"Las represas del Comahue cubrieron el incremento de la demanda el\u00e9ctrica","author":"CLUSTERciar","date":"3 agosto, 2018","format":false,"excerpt":"En junio el consumo energ\u00e9tico del pa\u00eds subi\u00f3 un 5%. El mayor aporte de El Choc\u00f3n y Piedra del \u00c1guila permiti\u00f3 soportar el alza. La demanda energ\u00e9tica del pa\u00eds registr\u00f3 en junio un incremento del 5% en comparaci\u00f3n con el mismo mes del a\u00f1o pasado que fue solventado en buena\u2026","rel":"","context":"En \u00abSustentabilidad\u00bb","block_context":{"text":"Sustentabilidad","link":"http:\/\/ccnews.com.ar\/prensa\/category\/sustentabilidad\/"},"img":{"alt_text":"","src":"https:\/\/i0.wp.com\/ccnews.com.ar\/prensa\/wp-content\/uploads\/2018\/08\/image_content_9932837_20180726002545.jpg?fit=660%2C370&resize=350%2C200","width":350,"height":200,"srcset":"https:\/\/i0.wp.com\/ccnews.com.ar\/prensa\/wp-content\/uploads\/2018\/08\/image_content_9932837_20180726002545.jpg?fit=660%2C370&resize=350%2C200 1x, https:\/\/i0.wp.com\/ccnews.com.ar\/prensa\/wp-content\/uploads\/2018\/08\/image_content_9932837_20180726002545.jpg?fit=660%2C370&resize=525%2C300 1,5x"},"classes":[]}],"jetpack_sharing_enabled":true,"_links":{"self":[{"href":"http:\/\/ccnews.com.ar\/prensa\/wp-json\/wp\/v2\/posts\/16530","targetHints":{"allow":["GET"]}}],"collection":[{"href":"http:\/\/ccnews.com.ar\/prensa\/wp-json\/wp\/v2\/posts"}],"about":[{"href":"http:\/\/ccnews.com.ar\/prensa\/wp-json\/wp\/v2\/types\/post"}],"author":[{"embeddable":true,"href":"http:\/\/ccnews.com.ar\/prensa\/wp-json\/wp\/v2\/users\/5"}],"replies":[{"embeddable":true,"href":"http:\/\/ccnews.com.ar\/prensa\/wp-json\/wp\/v2\/comments?post=16530"}],"version-history":[{"count":0,"href":"http:\/\/ccnews.com.ar\/prensa\/wp-json\/wp\/v2\/posts\/16530\/revisions"}],"wp:attachment":[{"href":"http:\/\/ccnews.com.ar\/prensa\/wp-json\/wp\/v2\/media?parent=16530"}],"wp:term":[{"taxonomy":"category","embeddable":true,"href":"http:\/\/ccnews.com.ar\/prensa\/wp-json\/wp\/v2\/categories?post=16530"},{"taxonomy":"post_tag","embeddable":true,"href":"http:\/\/ccnews.com.ar\/prensa\/wp-json\/wp\/v2\/tags?post=16530"}],"curies":[{"name":"wp","href":"https:\/\/api.w.org\/{rel}","templated":true}]}}