{"id":16560,"date":"2021-03-11T09:33:25","date_gmt":"2021-03-11T12:33:25","guid":{"rendered":"http:\/\/ccnews.com.ar\/prensa\/?p=16560"},"modified":"2021-03-11T09:33:31","modified_gmt":"2021-03-11T12:33:31","slug":"transformacion-digital-conoce-cuales-son-las-5-tendencias-que-marcaran-el-2021","status":"publish","type":"post","link":"http:\/\/ccnews.com.ar\/prensa\/transformacion-digital-conoce-cuales-son-las-5-tendencias-que-marcaran-el-2021\/","title":{"rendered":"Transformaci\u00f3n digital: conoc\u00e9 cu\u00e1les son las 5 tendencias que marcar\u00e1n el 2021"},"content":{"rendered":"\n<p><strong>El 2020 fue un a\u00f1o crucial para las empresas de todo el mundo ya que tuvieron que adaptarse forzosa y r\u00e1pidamente a un nuevo entorno<\/strong><\/p>\n\n\n\n<p>Sin duda el 2021 ser\u00e1 un a\u00f1o desafiante ya que las\u00a0<strong>prioridades de las empresas se ver\u00e1n impactadas por factores externos<\/strong>. Tal es el caso del confinamiento por COVID-19. \u00a0El 2020 fue un a\u00f1o crucial para las compa\u00f1\u00edas ya que\u00a0tuvieron que adaptarse r\u00e1pidamente a un nuevo entorno, utilizar la tecnolog\u00eda para transformar y personalizar las experiencias y necesidades, mejorar los resultados de negocio y optimizar las operaciones y los costos.\u00a0<\/p>\n\n\n\n<p><strong>El confinamiento fue el detonante hacia un mundo remoto y m\u00f3vil<\/strong>, oblig\u00f3 a digitalizarse de manera acelerada y la tecnolog\u00eda se convirti\u00f3 en un aliado indispensable. Mucho se escuch\u00f3 sobre la\u00a0<strong>transformaci\u00f3n digital<\/strong>, la\u00a0<strong>nube<\/strong>,\u00a0<strong>banca m\u00f3vil<\/strong>,\u00a0<strong>tecnolog\u00eda biom\u00e9trica<\/strong>,\u00a0<strong>5G<\/strong>, pero lo que no se ten\u00eda muy claro es qu\u00e9 tan r\u00e1pido llegar\u00edan a la vida diaria y los retos que se presentar\u00edan.\u00a0Ante este panorama, los profesionales de TI seguir\u00e1n invirtiendo y reforzando la\u00a0seguridad\u00a0de sus plataformas para ofrecer un servicio seguro.\u00a0Tan s\u00f3lo en\u00a0Am\u00e9rica Latina, el 59% de las organizaciones esperan\u00a0aumentar su presupuesto de ciberseguridad\u00a0en los pr\u00f3ximos 3 a\u00f1os.<\/p>\n\n\n\n<p>En Thales identificaron han identificado 5 tendencias que se vislumbran para este 2021:<\/p>\n\n\n\n<h4 class=\"wp-block-heading\">La identidad digital tomar\u00e1 gran relevancia&nbsp;<\/h4>\n\n\n\n<p>Al continuar con el trabajo remoto,\u00a0las capacidades de identidad digital se convertir\u00e1n en el gran igualador en la lucha contra el fraude. Los servicios financieros, la salud, el gobierno, la tecnolog\u00eda m\u00f3vil y otros sectores necesitar\u00e1n construir y mantener la confianza, mientras la amenaza de la filtraci\u00f3n de datos contin\u00faa aumentando y las exigencias de cumplimiento con las reglamentaciones<strong>\u00a0se vuelven m\u00e1s estrictas.<\/strong><\/p>\n\n\n\n<h4 class=\"wp-block-heading\">Protecci\u00f3n de datos<\/h4>\n\n\n\n<p><strong>Los consumidores seguir\u00e1n creando conciencia sobre la importancia de su derecho a la privacidad.<\/strong>&nbsp;Las empresas aprovechar\u00e1n las&nbsp;<strong>tecnolog\u00edas de descubrimiento<\/strong>&nbsp;y&nbsp;<strong>protecci\u00f3n de datos<\/strong>, tales como el cifrado, para blindar la informaci\u00f3n sensible y protegerse contra la ciberdelincuencia.&nbsp;<\/p>\n\n\n\n<h4 class=\"wp-block-heading\">Protegerse contra los delitos cibern\u00e9ticos&nbsp;<\/h4>\n\n\n\n<p><strong>Como es muy com\u00fan, los ciberdelincuentes aprovechan cualquier tipo de situaci\u00f3n para poder atacar.<\/strong>&nbsp;Mientras el mundo entero se enfrentaba a una pandemia, la ciberdelincuencia aument\u00f3 de forma alarmante, paralizando los organismos p\u00fablicos, las escuelas y las empresas. Desafortunadamente,&nbsp;una de las mayores amenazas de este nuevo a\u00f1o ser\u00e1 devastadora, las Naciones Unidas estima que el delito cibern\u00e9tico organizado costar\u00e1 a la econom\u00eda global alrededor de U$S 5200 millones entre este a\u00f1o y el 2025.<\/p>\n\n\n\n<h2 class=\"wp-block-heading\">Liderar la lucha contra los hackers<\/h2>\n\n\n\n<p>En 2021, las\u00a0<strong>empresas finalmente liderar\u00e1n la lucha contra los hackers<\/strong>\u00a0y\u00a0tomar\u00e1n una posici\u00f3n ofensiva\u00a0mediante el uso de tecnolog\u00eda de enga\u00f1o para tender trampas proactivamente y permitir el acceso a datos falsos a fin de frustrar a los atacantes. Estas t\u00e1cticas, junto con la autenticaci\u00f3n de m\u00faltiples factores y los controles aplicados a la gesti\u00f3n del acceso, ser\u00e1n las que dominar\u00e1n.<\/p>\n\n\n\n<h4 class=\"wp-block-heading\">La computaci\u00f3n cu\u00e1ntica evolucionar\u00e1 significativamente<\/h4>\n\n\n\n<p>La carrera por la supremac\u00eda cu\u00e1ntica est\u00e1 en pie, y los actores principales, como\u00a0<strong>Amazon<\/strong>,\u00a0<strong>Google<\/strong>,\u00a0<strong>IBM<\/strong>\u00a0y otros, hacen grandes inversiones en investigaci\u00f3n y desarrollo.\u00a0Los avances logrados en 2020 tomar\u00e1n impulso en este nuevo a\u00f1o.<\/p>\n\n\n\n<p>La computaci\u00f3n cu\u00e1ntica, considerada universalmente como una de las amenazas m\u00e1s peligrosas de la historia contra la\u00a0seguridad\u00a0cibern\u00e9tica, en las manos equivocadas, pondr\u00eda en riesgo los datos protegidos con los m\u00e9todos de cifrado actuales. Las empresas que manejan los datos m\u00e1s sensibles del mundo no podr\u00e1n perder el tiempo a la hora de implementar planes\u00a0que permitan desarrollar algoritmos\u00a0inmunes a la computaci\u00f3n cu\u00e1ntica en los productos de\u00a0seguridad\u00a0de datos que liberen.\u00a0<\/p>\n\n\n\n<p>Sin lugar a duda el 2020 tom\u00f3 a todos por sorpresa. Sin embargo,\u00a0<strong>hay algo que siempre estuvo claro, la innovaci\u00f3n continu\u00f3 prosperando y esto ayud\u00f3 a acelerar la adopci\u00f3n tecnol\u00f3gica<\/strong>. Ser\u00e1 un 2021 emocionante, y definitivamente decisivo para ver c\u00f3mo la\u00a0seguridad\u00a0cibern\u00e9tica expande sus l\u00edmites y las \u00e1reas tecnol\u00f3gicas que se vienen monitoreando desde hace un tiempo, finalmente empiezan a tomar forma.<\/p>\n\n\n\n<p>Fuente: itwarelatam.com<br><\/p>\n\n\n\n<p><br><\/p>\n<!-- AddThis Advanced Settings generic via filter on the_content -->","protected":false},"excerpt":{"rendered":"<p>El 2020 fue un a\u00f1o crucial para las empresas de todo el mundo ya que tuvieron que adaptarse forzosa y r\u00e1pidamente a un nuevo entorno<!-- AddThis Advanced Settings generic via filter on get_the_excerpt --><\/p>\n","protected":false},"author":5,"featured_media":0,"comment_status":"closed","ping_status":"closed","sticky":false,"template":"","format":"standard","meta":{"colormag_page_container_layout":"default_layout","colormag_page_sidebar_layout":"default_layout","jetpack_post_was_ever_published":false,"_jetpack_newsletter_access":"","_jetpack_dont_email_post_to_subs":false,"_jetpack_newsletter_tier_id":0,"_jetpack_memberships_contains_paywalled_content":false,"_jetpack_memberships_contains_paid_content":false,"footnotes":"","jetpack_publicize_message":"#Transformaci\u00f3ndigital: conoc\u00e9 cu\u00e1les son las 5 tendencias que marcar\u00e1n el 2021","jetpack_publicize_feature_enabled":true,"jetpack_social_post_already_shared":true,"jetpack_social_options":{"image_generator_settings":{"template":"highway","default_image_id":0,"font":"","enabled":false},"version":2}},"categories":[5],"tags":[134],"class_list":["post-16560","post","type-post","status-publish","format-standard","hentry","category-transformacion-digital","tag-transformacion-digital"],"jetpack_publicize_connections":[],"jetpack_featured_media_url":"","jetpack_shortlink":"https:\/\/wp.me\/p7L1gj-4j6","jetpack-related-posts":[{"id":15770,"url":"http:\/\/ccnews.com.ar\/prensa\/el-52-de-las-empresas-aumentara-el-gasto-en-transformacion-digital\/","url_meta":{"origin":16560,"position":0},"title":"El 52% de las empresas aumentar\u00e1 el gasto en transformaci\u00f3n digital","author":"Editor","date":"1 julio, 2020","format":false,"excerpt":"Las personas preocupadas por la situaci\u00f3n econ\u00f3mica tienen un 20% m\u00e1s de probabilidades de planificar un mayor gasto en transformaci\u00f3n digital. Construcci\u00f3n es el sector que m\u00e1s invertir\u00e1, seguido por las empresas de tecnolog\u00eda de la informaci\u00f3n y de fabricaci\u00f3n. Las que menos, las industrias de energ\u00eda y retail.","rel":"","context":"En \u00abTransformaci\u00f3n digital\u00bb","block_context":{"text":"Transformaci\u00f3n digital","link":"http:\/\/ccnews.com.ar\/prensa\/category\/transformacion-digital\/"},"img":{"alt_text":"","src":"https:\/\/i0.wp.com\/ccnews.com.ar\/prensa\/wp-content\/uploads\/2020\/07\/transformacion-digital-2.jpg?fit=672%2C378&resize=350%2C200","width":350,"height":200,"srcset":"https:\/\/i0.wp.com\/ccnews.com.ar\/prensa\/wp-content\/uploads\/2020\/07\/transformacion-digital-2.jpg?fit=672%2C378&resize=350%2C200 1x, https:\/\/i0.wp.com\/ccnews.com.ar\/prensa\/wp-content\/uploads\/2020\/07\/transformacion-digital-2.jpg?fit=672%2C378&resize=525%2C300 1,5x"},"classes":[]},{"id":15602,"url":"http:\/\/ccnews.com.ar\/prensa\/transformacion-digital-por-que-el-covid%e2%80%9119-podria-acelerar-los-procesos\/","url_meta":{"origin":16560,"position":1},"title":"Transformaci\u00f3n digital: por qu\u00e9 el COVID\u201119 podr\u00eda acelerar los procesos","author":"Editor","date":"29 mayo, 2020","format":false,"excerpt":"La pandemia ha puesto de manifiesto la necesidad de que las empresas aceleren los procesos de transformaci\u00f3n digital y que se preparen para el largo plazo teniendo en cuenta la ciberseguridad.","rel":"","context":"En \u00abTransformaci\u00f3n digital\u00bb","block_context":{"text":"Transformaci\u00f3n digital","link":"http:\/\/ccnews.com.ar\/prensa\/category\/transformacion-digital\/"},"img":{"alt_text":"","src":"https:\/\/i0.wp.com\/ccnews.com.ar\/prensa\/wp-content\/uploads\/2020\/05\/1610.jpg?fit=880%2C495&resize=350%2C200","width":350,"height":200,"srcset":"https:\/\/i0.wp.com\/ccnews.com.ar\/prensa\/wp-content\/uploads\/2020\/05\/1610.jpg?fit=880%2C495&resize=350%2C200 1x, https:\/\/i0.wp.com\/ccnews.com.ar\/prensa\/wp-content\/uploads\/2020\/05\/1610.jpg?fit=880%2C495&resize=525%2C300 1,5x, https:\/\/i0.wp.com\/ccnews.com.ar\/prensa\/wp-content\/uploads\/2020\/05\/1610.jpg?fit=880%2C495&resize=700%2C400 2x"},"classes":[]},{"id":3919,"url":"http:\/\/ccnews.com.ar\/prensa\/digitalizar-ya-no-sera-opcional-para-las-empresas\/","url_meta":{"origin":16560,"position":2},"title":"DIGITALIZAR YA NO SER\u00c1 OPCIONAL PARA LAS EMPRESAS","author":"CLUSTERciar","date":"1 mayo, 2017","format":false,"excerpt":"LA TRANSFORMACI\u00d3N DIGITAL HA SIDO UN TEMA DOMINANTE EN LA AGENDA DEL CAP\u00cdTULO LATINOAMERICANO DEL \u00daLTIMO FORO ECONOMICO MUNDIAL (WEF, POR LAS SIGLAS EN INGL\u00c9S), REALIZADO EN LA CIUDAD DE BUENOS AIRES. La digitalizaci\u00f3n representa la fusi\u00f3n de nuevas tecnolog\u00edas e innovaciones y la experiencia de utilizarlas. Pero la digitalizaci\u00f3n\u2026","rel":"","context":"En \u00abTransformaci\u00f3n digital\u00bb","block_context":{"text":"Transformaci\u00f3n digital","link":"http:\/\/ccnews.com.ar\/prensa\/category\/transformacion-digital\/"},"img":{"alt_text":"","src":"https:\/\/i0.wp.com\/ccnews.com.ar\/prensa\/wp-content\/uploads\/2017\/04\/digitalizacion-documentos.jpg?fit=625%2C469&resize=350%2C200","width":350,"height":200,"srcset":"https:\/\/i0.wp.com\/ccnews.com.ar\/prensa\/wp-content\/uploads\/2017\/04\/digitalizacion-documentos.jpg?fit=625%2C469&resize=350%2C200 1x, https:\/\/i0.wp.com\/ccnews.com.ar\/prensa\/wp-content\/uploads\/2017\/04\/digitalizacion-documentos.jpg?fit=625%2C469&resize=525%2C300 1,5x"},"classes":[]},{"id":16000,"url":"http:\/\/ccnews.com.ar\/prensa\/la-paradoja-del-futuro-del-empleo-la-humanizacion-de-la-transformacion-digital\/","url_meta":{"origin":16560,"position":3},"title":"La paradoja del futuro del empleo: la humanizaci\u00f3n de la transformaci\u00f3n digital","author":"Editor","date":"20 agosto, 2020","format":false,"excerpt":"A pesar de que el trabajo remoto reduzca las interacciones f\u00edsicas entre los compa\u00f1eros de trabajo, el factor humano ser\u00e1 crucial para el \u00e9xito de las empresas, opina Guillermo Bracciaforte.","rel":"","context":"En \u00abTransformaci\u00f3n digital\u00bb","block_context":{"text":"Transformaci\u00f3n digital","link":"http:\/\/ccnews.com.ar\/prensa\/category\/transformacion-digital\/"},"img":{"alt_text":"","src":"https:\/\/i0.wp.com\/ccnews.com.ar\/prensa\/wp-content\/uploads\/2020\/08\/la-pandemia-acelera-la-revolucion-4-0.0000000.jpg?fit=1200%2C675&resize=350%2C200","width":350,"height":200,"srcset":"https:\/\/i0.wp.com\/ccnews.com.ar\/prensa\/wp-content\/uploads\/2020\/08\/la-pandemia-acelera-la-revolucion-4-0.0000000.jpg?fit=1200%2C675&resize=350%2C200 1x, https:\/\/i0.wp.com\/ccnews.com.ar\/prensa\/wp-content\/uploads\/2020\/08\/la-pandemia-acelera-la-revolucion-4-0.0000000.jpg?fit=1200%2C675&resize=525%2C300 1,5x, https:\/\/i0.wp.com\/ccnews.com.ar\/prensa\/wp-content\/uploads\/2020\/08\/la-pandemia-acelera-la-revolucion-4-0.0000000.jpg?fit=1200%2C675&resize=700%2C400 2x, https:\/\/i0.wp.com\/ccnews.com.ar\/prensa\/wp-content\/uploads\/2020\/08\/la-pandemia-acelera-la-revolucion-4-0.0000000.jpg?fit=1200%2C675&resize=1050%2C600 3x"},"classes":[]},{"id":15626,"url":"http:\/\/ccnews.com.ar\/prensa\/como-sera-el-mundo-pos-covid-19-clusterciar-organiza-conferencias-online-gratuitas\/","url_meta":{"origin":16560,"position":4},"title":"\u00bfC\u00f3mo ser\u00e1 el mundo pos-COVID-19? CLUSTERciar organiza conferencias online gratuitas","author":"Editor","date":"29 mayo, 2020","format":false,"excerpt":"En el ciclo de conferencias El nuevo mundo pos-COVID-19, expertos en tecnolog\u00eda, ingenier\u00eda e inspecci\u00f3n de obras comparten su visi\u00f3n sobre el presente y el futuro a partir de la crisis que hoy enfrentan las empresas. Los encuentros, organizados por el grupo CLUSTERciar, son de acceso libre y gratuito.","rel":"","context":"En \u00abManagement\u00bb","block_context":{"text":"Management","link":"http:\/\/ccnews.com.ar\/prensa\/category\/management\/"},"img":{"alt_text":"","src":"https:\/\/i0.wp.com\/ccnews.com.ar\/prensa\/wp-content\/uploads\/2020\/05\/nota.jpg?fit=816%2C426&resize=350%2C200","width":350,"height":200,"srcset":"https:\/\/i0.wp.com\/ccnews.com.ar\/prensa\/wp-content\/uploads\/2020\/05\/nota.jpg?fit=816%2C426&resize=350%2C200 1x, https:\/\/i0.wp.com\/ccnews.com.ar\/prensa\/wp-content\/uploads\/2020\/05\/nota.jpg?fit=816%2C426&resize=525%2C300 1,5x, https:\/\/i0.wp.com\/ccnews.com.ar\/prensa\/wp-content\/uploads\/2020\/05\/nota.jpg?fit=816%2C426&resize=700%2C400 2x"},"classes":[]},{"id":16078,"url":"http:\/\/ccnews.com.ar\/prensa\/transformacion-digital-automatizar-en-tiempos-de-pandemia\/","url_meta":{"origin":16560,"position":5},"title":"Transformaci\u00f3n digital: automatizar en tiempos de pandemia","author":"Editor","date":"22 septiembre, 2020","format":false,"excerpt":"Ya no es novedad decir que la actual crisis sanitaria precipit\u00f3 los tiempos de la digitalizaci\u00f3n y automatizaci\u00f3n en las empresas. Las herramientas de RPA se han vuelto esenciales para sobrellevar los cambios en el escenario de negocios que trajo el COVID-19.","rel":"","context":"En \u00abTransformaci\u00f3n digital\u00bb","block_context":{"text":"Transformaci\u00f3n digital","link":"http:\/\/ccnews.com.ar\/prensa\/category\/transformacion-digital\/"},"img":{"alt_text":"","src":"https:\/\/i0.wp.com\/ccnews.com.ar\/prensa\/wp-content\/uploads\/2020\/09\/dt.common.streams.StreamServer.jpg?fit=1024%2C610&resize=350%2C200","width":350,"height":200,"srcset":"https:\/\/i0.wp.com\/ccnews.com.ar\/prensa\/wp-content\/uploads\/2020\/09\/dt.common.streams.StreamServer.jpg?fit=1024%2C610&resize=350%2C200 1x, https:\/\/i0.wp.com\/ccnews.com.ar\/prensa\/wp-content\/uploads\/2020\/09\/dt.common.streams.StreamServer.jpg?fit=1024%2C610&resize=525%2C300 1,5x, https:\/\/i0.wp.com\/ccnews.com.ar\/prensa\/wp-content\/uploads\/2020\/09\/dt.common.streams.StreamServer.jpg?fit=1024%2C610&resize=700%2C400 2x"},"classes":[]}],"jetpack_sharing_enabled":true,"_links":{"self":[{"href":"http:\/\/ccnews.com.ar\/prensa\/wp-json\/wp\/v2\/posts\/16560","targetHints":{"allow":["GET"]}}],"collection":[{"href":"http:\/\/ccnews.com.ar\/prensa\/wp-json\/wp\/v2\/posts"}],"about":[{"href":"http:\/\/ccnews.com.ar\/prensa\/wp-json\/wp\/v2\/types\/post"}],"author":[{"embeddable":true,"href":"http:\/\/ccnews.com.ar\/prensa\/wp-json\/wp\/v2\/users\/5"}],"replies":[{"embeddable":true,"href":"http:\/\/ccnews.com.ar\/prensa\/wp-json\/wp\/v2\/comments?post=16560"}],"version-history":[{"count":0,"href":"http:\/\/ccnews.com.ar\/prensa\/wp-json\/wp\/v2\/posts\/16560\/revisions"}],"wp:attachment":[{"href":"http:\/\/ccnews.com.ar\/prensa\/wp-json\/wp\/v2\/media?parent=16560"}],"wp:term":[{"taxonomy":"category","embeddable":true,"href":"http:\/\/ccnews.com.ar\/prensa\/wp-json\/wp\/v2\/categories?post=16560"},{"taxonomy":"post_tag","embeddable":true,"href":"http:\/\/ccnews.com.ar\/prensa\/wp-json\/wp\/v2\/tags?post=16560"}],"curies":[{"name":"wp","href":"https:\/\/api.w.org\/{rel}","templated":true}]}}