{"id":16576,"date":"2021-03-11T09:44:22","date_gmt":"2021-03-11T12:44:22","guid":{"rendered":"http:\/\/ccnews.com.ar\/prensa\/?p=16576"},"modified":"2021-03-11T09:44:29","modified_gmt":"2021-03-11T12:44:29","slug":"darwin-management-aprender-de-la-ola-que-nos-revolco","status":"publish","type":"post","link":"http:\/\/ccnews.com.ar\/prensa\/darwin-management-aprender-de-la-ola-que-nos-revolco\/","title":{"rendered":"Darwin management. Aprender de la ola que nos revolc\u00f3"},"content":{"rendered":"\n<p> El 2020 fue el a\u00f1o en el que m\u00e1s quietos estuvieron nuestros cuerpos y m\u00e1s inquietas estuvieron nuestras almas. Como viajeros en recuperaci\u00f3n, pasamos horas sentados frente a una pantalla, sufriendo el s\u00edndrome de abstinencia de no estar haciendo un check-in.<\/p>\n\n\n\n<p>Una ola lo cambi\u00f3 todo.&nbsp;<strong>Ha dejado un tendal en nuestras orillas: seres inertes que no pudieron sobrevivir a la brutalidad del golpe o a la prolongada duraci\u00f3n del evento, seres que cre\u00edan que el cambio hacia lo digital pod\u00eda esperar o que no era tan relevante. La subestimaci\u00f3n les ha salido cara, algunos han pagado con su propia existencia.<\/strong><\/p>\n\n\n\n<p><strong>Soledad:\u00a0<\/strong>El 2020 fue el a\u00f1o en el que m\u00e1s quietos estuvieron nuestros cuerpos y m\u00e1s inquietas estuvieron nuestras almas. Como viajeros en recuperaci\u00f3n, pasamos horas sentados frente a una pantalla, sufriendo el s\u00edndrome de abstinencia de no estar haciendo un\u00a0<em>check-in.<\/em>\u00a0Ese gap entre nuestro GPS inm\u00f3vil y nuestros deseos caminando por las paredes ha sido demoledor. Nos dej\u00f3 luxados.<\/p>\n\n\n\n<p>Noreena Hertz, profesora de la University College London, public\u00f3 un libro que se titula<em>&nbsp;El siglo de la soledad<\/em>, editado por Sceptre, 2020). La autora asevera que la soledad incrementa el riesgo de enfermedades card\u00edacas y demencia. Aquellos que dicen estar solos pueden tener depresi\u00f3n y ser m\u00e1s hostiles a trabajar en equipo. Antes de la pandemia, en promedio, dos de cada cinco empleados se sent\u00edan solos. Con la pandemia, es m\u00e1s dif\u00edcil hacer y mantener amigos, particularmente para los nuevos empleados. Tambi\u00e9n es dif\u00edcil para algunos de ellos comprender ciertas cuestiones de la cultura organizacional sin tener la experiencia de estar en las oficinas. Las empresas deber\u00e1n ser creativas a la hora de generar los espacios sociales vitales para que no solo los resultados se cumplan acorde a lo presupuestado, sino tambi\u00e9n para que la innovaci\u00f3n y la empat\u00eda fluyan.<\/p>\n\n\n\n<p><strong>Agilidad<\/strong>: Las compa\u00f1\u00edas m\u00e1s conservadoras y reticentes a pasarse al mundo digital lo tuvieron que hacer en tiempo r\u00e9cord para seguir respirando. El Covid-19 tambi\u00e9n dej\u00f3 sin aire a aquellos negocios que estaban jugando financieramente finito, sin m\u00e1rgenes. La marea de la pandemia borr\u00f3 sus nombres, escritos en la arena. Nunca fue tan riesgoso estar al l\u00edmite.<\/p>\n\n\n\n<p>El stress que vivieron los mercados internacionales en marzo se col\u00f3 en toda la estructura de negocios. El universo de las pymes fue testeado de un modo letal. Como quien tira velozmente de un mantel, muchas rompieron toda su cristaler\u00eda en d\u00e9cimas de segundo. Quedaron hechas a\u00f1icos. No es f\u00e1cil ver los sue\u00f1os de d\u00e9cadas volando por los aires.<\/p>\n\n\n\n<p>Pocos pudieron sostenerse frente a semejante tsunami. Las costas no han quedado iguales, la geograf\u00eda y la fauna han cambiado. Como en una de esas pel\u00edculas apocal\u00edpticas de ciencia ficci\u00f3n, desconocemos la envergadura de lo que vendr\u00e1. Sin embargo, hay signos que nos permiten orientarnos en medio de esta noche que comienza y que no sabemos cu\u00e1nto durar\u00e1.<\/p>\n\n\n\n<p>Analizando las empresas que sobrevivieron e, inclusive, lograron crecer durante la pandemia, surgen algunas dimensiones que describen su agilidad: estas compa\u00f1\u00edas han sido capaces de reaccionar r\u00e1pidamente al entorno; han descentralizado las decisiones operativas para lograr anticiparse al mercado y trabajaron en forma colaborativa con sus propios competidores. Hab\u00eda que sobrevivir.<\/p>\n\n\n\n<p><strong>Liderar:<\/strong><strong>Recientes estudios confirman que durante la pandemia los empleados trabajaron, en promedio, dos horas m\u00e1s por d\u00eda.<\/strong>&nbsp;Las quejas m\u00e1s relevantes tienen que ver con el exceso de Zoom o con la necesidad de estar respondiendo mensajes. Tal vez esta comunicaci\u00f3n forzada es el resultado de la ansiedad de los jefes y gerentes que pensaron que los trabajadores remotos estar\u00edan descansando m\u00e1s que trabajando. El monitoreo constante y f\u00fatil fue una de las actitudes que definitivamente debieron modificar. Muchos jefes tuvieron que cambiar de paradigma. De liderar con la premisa del control a liderar basados en la confianza.<\/p>\n\n\n\n<p>La revalorizaci\u00f3n de la escucha activa por parte de los l\u00edderes, fue uno de los logros positivos de la pandemia. La necesidad de l\u00edderes facilitadores que bajen del pedestal a embarrarse con la realidad de las personas surgi\u00f3 como una urgencia frente al encierro. Hubo que hospedar a los otros.<\/p>\n\n\n\n<p>La pandemia signific\u00f3 que la mayor\u00eda de las conversaciones se lleven a cabo online<strong>. Al perder la posibilidad del lenguaje del cuerpo, la escucha atenta, sin interrupci\u00f3n ni distracciones se convirti\u00f3 en clave para manejar la ansiedad de las personas. Un activo que los l\u00edderes se llevar\u00e1n a sus vidas profesionales.<\/strong><\/p>\n\n\n\n<p><strong>Virtualidad:<\/strong>&nbsp;La virtualidad ha permitido acortar los tiempos de las reuniones y evitar viajes que eran innecesarios. Es cierto, existen pocas cosas m\u00e1s placenteras que el cara a cara que permite esa empat\u00eda 360\u00b0. Sin embargo, hemos visto un nivel de productividad muy alto cuya fecundidad no se ir\u00e1 f\u00e1cilmente.<\/p>\n\n\n\n<p>El laboratorio social en el que vivimos el \u00faltimo a\u00f1o nos ha mostrado que se pod\u00eda gestionar organizaciones enormes por video conferencia. Eso abarat\u00f3 costos y permiti\u00f3, para algunos, una conexi\u00f3n familiar diferente. En ocasiones, se abrieron los ojos sobre una posible calidad de vida que balancee mejor la familia y el trabajo. No era imposible congeniar la unidad humana como muchos sol\u00edan vaticinar. A\u00fan queda bastante por hacer en este sentido en diversas compa\u00f1\u00edas.<\/p>\n\n\n\n<p>Ciertamente, otros est\u00e1n deseando volver a sus oficinas y que los ni\u00f1os retomen su actividad escolar. Muchos empleados sienten el peso de un a\u00f1o de encierro trabajando de la cama al living y contin\u00faan prefiriendo ir a la oficina de vez en cuando. Pero si algo qued\u00f3 claro es que, donde antes se colocaban impedimentos o prejuicios, hoy brotan opciones<strong>. La idea controladora de que si uno no est\u00e1 constantemente visible no est\u00e1 trabajando, cambi\u00f3 para siempre.<\/strong>&nbsp;La paleta de colores se agrand\u00f3. Perdieron los carcamanes conservadores del negro o blanco.<\/p>\n\n\n\n<p>\u00bfLa buena noticia? De acuerdo a una encuesta de&nbsp;<em>The Economist,&nbsp;<\/em>el 65% de las empresas relevadas planean permitir que los empleados tengan flexibilidad a la hora de trabajar en la casa o en la oficina. Esto, inclusive, luego de que la vacuna contra el Covid-19 haya sido distribuida.<\/p>\n\n\n\n<p>En medio del encorsetamiento que produjo el aislamiento, se generaron espacios diversos de mayor libertad. Y eso siempre es bueno para los negocios.<\/p>\n\n\n\n<p><strong>La versatilidad es el gran capital que ha vencido en este 2020. Quien se adapt\u00f3 sin prejuicios buscando la mejor opci\u00f3n en contextos cambiantes, fue parte del tour de los sobrevivientes. Nunca estuvo tan vigente el &#8220;Darwin management&#8221;<\/strong>.<\/p>\n\n\n\n<p>Fuente: La Naci\u00f3n<\/p>\n\n\n\n<p><a rel=\"noreferrer noopener\" href=\"https:\/\/www.lanacion.com.ar\/economia\/negocios\/yendo-del-despacho-al-living-los-desafios-nid2548589\" target=\"_blank\"><br> <\/a><\/p>\n\n\n\n<p> <\/p>\n<!-- AddThis Advanced Settings generic via filter on the_content -->","protected":false},"excerpt":{"rendered":"<p>El 2020 fue el a\u00f1o en el que m\u00e1s quietos estuvieron nuestros cuerpos y m\u00e1s inquietas estuvieron nuestras almas. Como viajeros en recuperaci\u00f3n, pasamos horas sentados frente a una pantalla, sufriendo el s\u00edndrome de abstinencia de no estar haciendo un check-in.<!-- AddThis Advanced Settings generic via filter on get_the_excerpt --><\/p>\n","protected":false},"author":5,"featured_media":0,"comment_status":"closed","ping_status":"closed","sticky":false,"template":"","format":"standard","meta":{"colormag_page_container_layout":"default_layout","colormag_page_sidebar_layout":"default_layout","jetpack_post_was_ever_published":false,"_jetpack_newsletter_access":"","_jetpack_dont_email_post_to_subs":false,"_jetpack_newsletter_tier_id":0,"_jetpack_memberships_contains_paywalled_content":false,"_jetpack_memberships_contains_paid_content":false,"footnotes":"","jetpack_publicize_message":"#Management - Darwin management. Aprender de la ola que nos revolc\u00f3","jetpack_publicize_feature_enabled":true,"jetpack_social_post_already_shared":true,"jetpack_social_options":{"image_generator_settings":{"template":"highway","default_image_id":0,"font":"","enabled":false},"version":2}},"categories":[7],"tags":[],"class_list":["post-16576","post","type-post","status-publish","format-standard","hentry","category-management"],"jetpack_publicize_connections":[],"jetpack_featured_media_url":"","jetpack_shortlink":"https:\/\/wp.me\/p7L1gj-4jm","jetpack-related-posts":[{"id":6807,"url":"http:\/\/ccnews.com.ar\/prensa\/los-yacimientos-de-rio-negro-estuvieron-mas-activos-en-2017\/","url_meta":{"origin":16576,"position":0},"title":"Los yacimientos de R\u00edo Negro estuvieron m\u00e1s activos en 2017","author":"admin","date":"18 febrero, 2018","format":false,"excerpt":"A diferencia de lo que ocurri\u00f3 en el pa\u00eds, anotaron m\u00e1s gas y una menor ca\u00edda\u00a0en la extracci\u00f3n de petr\u00f3leo. La industria hidrocarbur\u00edfera en R\u00edo Negro muestra se\u00f1ales positivas. Pese a que su participaci\u00f3n en la torta productiva nacional es acotada (quita en petr\u00f3leo y s\u00e9ptima en gas) los valores\u2026","rel":"","context":"En \u00abEnerg\u00eda y Producci\u00f3n\u00bb","block_context":{"text":"Energ\u00eda y Producci\u00f3n","link":"http:\/\/ccnews.com.ar\/prensa\/category\/energia-y-produccion\/"},"img":{"alt_text":"","src":"https:\/\/i0.wp.com\/ccnews.com.ar\/prensa\/wp-content\/uploads\/2018\/01\/yacimientos.jpg?fit=660%2C370&resize=350%2C200","width":350,"height":200,"srcset":"https:\/\/i0.wp.com\/ccnews.com.ar\/prensa\/wp-content\/uploads\/2018\/01\/yacimientos.jpg?fit=660%2C370&resize=350%2C200 1x, https:\/\/i0.wp.com\/ccnews.com.ar\/prensa\/wp-content\/uploads\/2018\/01\/yacimientos.jpg?fit=660%2C370&resize=525%2C300 1,5x"},"classes":[]},{"id":15728,"url":"http:\/\/ccnews.com.ar\/prensa\/terapias-corporales-en-tiempos-de-pandemia\/","url_meta":{"origin":16576,"position":1},"title":"Terapias corporales en tiempos de pandemia","author":"Editor","date":"23 junio, 2020","format":false,"excerpt":"C\u00f3mo manejar la atenci\u00f3n del desarrollo temprano y la intervenci\u00f3n psicomotriz en ni\u00f1os cuando est\u00e1 vedado el contacto f\u00edsico.","rel":"","context":"En \u00abEducaci\u00f3n\/Sociedad\u00bb","block_context":{"text":"Educaci\u00f3n\/Sociedad","link":"http:\/\/ccnews.com.ar\/prensa\/category\/educacion-sociedad\/"},"img":{"alt_text":"","src":"https:\/\/i0.wp.com\/ccnews.com.ar\/prensa\/wp-content\/uploads\/2020\/06\/portada-1-1.jpg?fit=640%2C414&resize=350%2C200","width":350,"height":200,"srcset":"https:\/\/i0.wp.com\/ccnews.com.ar\/prensa\/wp-content\/uploads\/2020\/06\/portada-1-1.jpg?fit=640%2C414&resize=350%2C200 1x, https:\/\/i0.wp.com\/ccnews.com.ar\/prensa\/wp-content\/uploads\/2020\/06\/portada-1-1.jpg?fit=640%2C414&resize=525%2C300 1,5x"},"classes":[]},{"id":3073,"url":"http:\/\/ccnews.com.ar\/prensa\/10-anos-de-una-revolucion-un-dia-como-hoy-se-presento-el-iphone\/","url_meta":{"origin":16576,"position":2},"title":"10 a\u00f1os de una revoluci\u00f3n: un d\u00eda como hoy se present\u00f3 el iPhone","author":"CLUSTERciar","date":"9 enero, 2017","format":false,"excerpt":"El 9 de enero de 2007, Steve Jobs lo present\u00f3 por primera vez al p\u00fablico. El aparato cambi\u00f3 la forma de relacionarnos con la tecnolog\u00eda. Hace diez a\u00f1os naci\u00f3 el iPhone, un aparato emblem\u00e1tico que revolucion\u00f3 literalmente la industria de los tel\u00e9fonos m\u00f3viles y cambi\u00f3 nuestras costumbres. Su creador, Apple,\u2026","rel":"","context":"En \u00abTransformaci\u00f3n digital\u00bb","block_context":{"text":"Transformaci\u00f3n digital","link":"http:\/\/ccnews.com.ar\/prensa\/category\/transformacion-digital\/"},"img":{"alt_text":"","src":"https:\/\/i0.wp.com\/ccnews.com.ar\/prensa\/wp-content\/uploads\/2017\/01\/BJ2DvtlEl_930x525.jpg?fit=930%2C525&resize=350%2C200","width":350,"height":200,"srcset":"https:\/\/i0.wp.com\/ccnews.com.ar\/prensa\/wp-content\/uploads\/2017\/01\/BJ2DvtlEl_930x525.jpg?fit=930%2C525&resize=350%2C200 1x, https:\/\/i0.wp.com\/ccnews.com.ar\/prensa\/wp-content\/uploads\/2017\/01\/BJ2DvtlEl_930x525.jpg?fit=930%2C525&resize=525%2C300 1,5x, https:\/\/i0.wp.com\/ccnews.com.ar\/prensa\/wp-content\/uploads\/2017\/01\/BJ2DvtlEl_930x525.jpg?fit=930%2C525&resize=700%2C400 2x"},"classes":[]},{"id":13067,"url":"http:\/\/ccnews.com.ar\/prensa\/vaca-muerta-fue-el-eje-de-la-aog-2019\/","url_meta":{"origin":16576,"position":3},"title":"Vaca Muerta fue el eje de la AOG 2019","author":"admin","date":"26 septiembre, 2019","format":false,"excerpt":"Las principales petroleras y empresas de servicio que operan en Argentina resaltaron la importancia de la formaci\u00f3n para el futuro econ\u00f3mico del pa\u00eds. Como en todos los encuentros la Argentina Oil&Gas concentr\u00f3 a los mayores referentes de la industria nacional e internacional. Los 35.000 metros cuadrados que conforman el tradicional\u2026","rel":"","context":"En \u00abEnerg\u00eda y Producci\u00f3n\u00bb","block_context":{"text":"Energ\u00eda y Producci\u00f3n","link":"http:\/\/ccnews.com.ar\/prensa\/category\/energia-y-produccion\/"},"img":{"alt_text":"","src":"https:\/\/i0.wp.com\/ccnews.com.ar\/prensa\/wp-content\/uploads\/2019\/09\/4-23.jpg?fit=1200%2C672&resize=350%2C200","width":350,"height":200,"srcset":"https:\/\/i0.wp.com\/ccnews.com.ar\/prensa\/wp-content\/uploads\/2019\/09\/4-23.jpg?fit=1200%2C672&resize=350%2C200 1x, https:\/\/i0.wp.com\/ccnews.com.ar\/prensa\/wp-content\/uploads\/2019\/09\/4-23.jpg?fit=1200%2C672&resize=525%2C300 1,5x, https:\/\/i0.wp.com\/ccnews.com.ar\/prensa\/wp-content\/uploads\/2019\/09\/4-23.jpg?fit=1200%2C672&resize=700%2C400 2x, https:\/\/i0.wp.com\/ccnews.com.ar\/prensa\/wp-content\/uploads\/2019\/09\/4-23.jpg?fit=1200%2C672&resize=1050%2C600 3x"},"classes":[]},{"id":4647,"url":"http:\/\/ccnews.com.ar\/prensa\/empoderamiento-que-es-y-como-alcanzarlo\/","url_meta":{"origin":16576,"position":4},"title":"Empoderamiento: qu\u00e9 es y c\u00f3mo alcanzarlo","author":"CLUSTERciar","date":"16 julio, 2017","format":false,"excerpt":"Una reflexi\u00f3n acerca de este proceso cuyo objetivo es tomar las riendas de nuestra propia vida. Hemos consensuado que nuestros padres deben ser perfectos. Deben comportarse de tal o cual forma. Deben ser impecables. Deben darnos amor, cuidarnos, darnos un buen ejemplo. A partir de cierto momento, hemos grabado a\u2026","rel":"","context":"En \u00abEducaci\u00f3n\/Sociedad\u00bb","block_context":{"text":"Educaci\u00f3n\/Sociedad","link":"http:\/\/ccnews.com.ar\/prensa\/category\/educacion-sociedad\/"},"img":{"alt_text":"","src":"https:\/\/i0.wp.com\/ccnews.com.ar\/prensa\/wp-content\/uploads\/2017\/07\/SyfiO1_Nb_930x525.jpg?fit=930%2C525&resize=350%2C200","width":350,"height":200,"srcset":"https:\/\/i0.wp.com\/ccnews.com.ar\/prensa\/wp-content\/uploads\/2017\/07\/SyfiO1_Nb_930x525.jpg?fit=930%2C525&resize=350%2C200 1x, https:\/\/i0.wp.com\/ccnews.com.ar\/prensa\/wp-content\/uploads\/2017\/07\/SyfiO1_Nb_930x525.jpg?fit=930%2C525&resize=525%2C300 1,5x, https:\/\/i0.wp.com\/ccnews.com.ar\/prensa\/wp-content\/uploads\/2017\/07\/SyfiO1_Nb_930x525.jpg?fit=930%2C525&resize=700%2C400 2x"},"classes":[]},{"id":16504,"url":"http:\/\/ccnews.com.ar\/prensa\/energia-en-argentina-y-el-mundo-que-paso-en-el-2020-y-como-sera-el-2021\/","url_meta":{"origin":16576,"position":5},"title":"Energ\u00eda en Argentina y el mundo: \u00bfQu\u00e9 pas\u00f3 en el 2020 y c\u00f3mo ser\u00e1 el 2021?","author":"Editor","date":"12 febrero, 2021","format":false,"excerpt":"Durante el 2020 la crisis generada por la pandemia desplom\u00f3 el consumo, los precios y la generaci\u00f3n, con la excepci\u00f3n de las energ\u00edas renovables. Qu\u00e9 se espera en cada caso en este 2021 tanto a nivel nacional como en el concierto global.","rel":"","context":"En \u00abEnerg\u00eda y Producci\u00f3n\u00bb","block_context":{"text":"Energ\u00eda y Producci\u00f3n","link":"http:\/\/ccnews.com.ar\/prensa\/category\/energia-y-produccion\/"},"img":{"alt_text":"","src":"","width":0,"height":0},"classes":[]}],"jetpack_sharing_enabled":true,"_links":{"self":[{"href":"http:\/\/ccnews.com.ar\/prensa\/wp-json\/wp\/v2\/posts\/16576","targetHints":{"allow":["GET"]}}],"collection":[{"href":"http:\/\/ccnews.com.ar\/prensa\/wp-json\/wp\/v2\/posts"}],"about":[{"href":"http:\/\/ccnews.com.ar\/prensa\/wp-json\/wp\/v2\/types\/post"}],"author":[{"embeddable":true,"href":"http:\/\/ccnews.com.ar\/prensa\/wp-json\/wp\/v2\/users\/5"}],"replies":[{"embeddable":true,"href":"http:\/\/ccnews.com.ar\/prensa\/wp-json\/wp\/v2\/comments?post=16576"}],"version-history":[{"count":0,"href":"http:\/\/ccnews.com.ar\/prensa\/wp-json\/wp\/v2\/posts\/16576\/revisions"}],"wp:attachment":[{"href":"http:\/\/ccnews.com.ar\/prensa\/wp-json\/wp\/v2\/media?parent=16576"}],"wp:term":[{"taxonomy":"category","embeddable":true,"href":"http:\/\/ccnews.com.ar\/prensa\/wp-json\/wp\/v2\/categories?post=16576"},{"taxonomy":"post_tag","embeddable":true,"href":"http:\/\/ccnews.com.ar\/prensa\/wp-json\/wp\/v2\/tags?post=16576"}],"curies":[{"name":"wp","href":"https:\/\/api.w.org\/{rel}","templated":true}]}}