{"id":16582,"date":"2021-03-11T09:43:55","date_gmt":"2021-03-11T12:43:55","guid":{"rendered":"http:\/\/ccnews.com.ar\/prensa\/?p=16582"},"modified":"2021-03-11T09:44:02","modified_gmt":"2021-03-11T12:44:02","slug":"sustentabilidad-e-innovacion-el-rol-de-las-empresas-en-la-postpandemia","status":"publish","type":"post","link":"http:\/\/ccnews.com.ar\/prensa\/sustentabilidad-e-innovacion-el-rol-de-las-empresas-en-la-postpandemia\/","title":{"rendered":"Sustentabilidad e innovacion, el rol de las empresas en la postpandemia"},"content":{"rendered":"\n<p>Por: <strong>VIRGINIA GILLIGAN<\/strong><\/p>\n\n\n\n<p>Si bien los indicadores de la econom\u00eda mundial elaborados por los expertos contemplan una&nbsp;<strong>paulatina recuperaci\u00f3n de la actividad<\/strong>, todav\u00eda hay numerosas incertidumbres que el planeta debe enfrentar, en lo que podr\u00eda calificarse como una&nbsp;<strong>etapa post pandemia<\/strong>. Durante el a\u00f1o 2020 hubo una ca\u00edda global del PBI del orden del 4,3 %, pero sobre todo&nbsp;<strong>la crisis sanitaria ha causado un gran n\u00famero de muertes y enfermedades y, sin dudas, dejar\u00e1 secuelas en t\u00e9rminos socio-econ\u00f3micos&nbsp;<\/strong>durante un per\u00edodo prolongado.<\/p>\n\n\n\n<p>Ante tama\u00f1o desaf\u00edo plagado de falta de certezas derivadas de un fen\u00f3meno global e in\u00e9dito desconocido para la nuestra generaci\u00f3n, subyace la\u00a0<strong>percepci\u00f3n de un futuro mejor a partir factores claves esperanzadores\u00a0<\/strong>tales como la\u00a0<strong>aceleraci\u00f3n en innovaci\u00f3n cient\u00edfica\u00a0<\/strong>que est\u00e1 proveyendo vacunas y tratamientos cada m\u00e1s eficaces en materia g\u00e9nica. Por supuesto, a\u00fan no queda claro cu\u00e1l ser\u00e1 el saldo de esta transformaci\u00f3n, en la que todos estamos inmersos, sobre cuestiones mundanas y cotidianas tales como la vida urbana, el transporte, el trabajo, la educaci\u00f3n y el ocio, pero s\u00ed est\u00e1 claro que\u00a0<strong>la innovaci\u00f3n es y ser\u00e1 una directriz fundamental\u00a0<\/strong>y necesaria constante aun en tiempos donde el contexto no nos apremie como ha sucedido estos \u00faltimos dos a\u00f1os.<\/p>\n\n\n\n<p> En estos escenarios de cambio constante, como personas estamos\u00a0<strong>reconfigurando nuestros pensamientos y preocupaciones<\/strong>, en tal sentido se percibe el fortalecimiento de los valores referidos a\u00a0<strong>la sustentabilidad y al cuidado del planeta\u00a0<\/strong>asociados a la importancia del\u00a0<strong>acceso a la salud y la alimentaci\u00f3n<\/strong>. <\/p>\n\n\n\n<p>En la actualidad el concepto de &#8220;<strong>empresa sustentable e innovadora<\/strong>&#8221; se ha vuelto un factor de diferenciaci\u00f3n en el mercado interpelado por las sociedades en las que operamos. Este proceso se presenta como un&nbsp;<strong>elemento estrat\u00e9gico para el \u00e9xito organizacional<\/strong>, vinculado tanto a la gesti\u00f3n empresarial como a las pol\u00edticas p\u00fablicas. Y plantea los desaf\u00edos m\u00e1s elevados que tenemos como sociedad, a nivel global.<\/p>\n\n\n\n<p>Estos dos t\u00e9rminos,\u00a0<strong>Innovaci\u00f3n y Sustentabilidad<\/strong>, han revolucionado la manera en que se desarrollan las empresas en el \u00faltimo tiempo. Han agregado a l\u00f3gica de mercado tradicional un capital distinto, en el que la recompensa es tener un negocio responsable que crea valor a largo plazo para s\u00ed mismo, para sus interlocutores y para la sociedad en general.<\/p>\n\n\n\n<h4 class=\"wp-block-heading\"><em>Est\u00e1 claro que la innovaci\u00f3n es y ser\u00e1 una directriz fundamental y necesaria constante aun en tiempos donde el contexto no nos apremie como ha sucedido estos \u00faltimos dos a\u00f1os.<\/em><\/h4>\n\n\n\n<p><strong>El \u00e9xito corporativo depender\u00e1 de la manera en que las empresas logren relacionarse con la sociedad y con el entorno&nbsp;<\/strong>para alcanzar los principales desaf\u00edos que enfrenta la sociedad: como el uso racional del agua, vida activa y alimentaci\u00f3n saludable, la eficiencia energ\u00e9tica y cambio clim\u00e1tico, la biodiversidad, respeto y protecci\u00f3n de los derechos humanos y laborales, entre otros.&nbsp;<strong>No se trata s\u00f3lo de un ejercicio de comunicaci\u00f3n&nbsp;<\/strong>que, sin dudas, habr\u00e1 que llevarlo a cabo de forma integral y profesional.<\/p>\n\n\n\n<p>Estos ejes son absolutamente importantes para la empresa, comprendi\u00e9ndolos desde el impacto social, ambiental y econ\u00f3mico. Este prop\u00f3sito de las empresas no s\u00f3lo debe explicitarse y comunicarse hacia afuera, sino tambi\u00e9n&nbsp;<strong>debe ser un pilar de su integridad&nbsp;<\/strong>hacia todos los&nbsp;<em>stakeholders&nbsp;<\/em>internos y externosy la cadena de valor.<\/p>\n\n\n\n<p>Naturalmente de cara a la sociedad, las organizaciones deben prepararse para tener no solo el rol de\u00a0<strong>marcar la huella\u00a0<\/strong>con su comportamiento como un agente de inversi\u00f3n, empleo, desarrollo, innovaci\u00f3n, calidad, etc. Sino tambi\u00e9n debe\u00a0<strong>asumir la posibilidad cierta de ser interpeladas\u00a0<\/strong>por el conjunto de la comunidad y en particular por las nuevas generaciones que suelen tener una mirada menos contemplativa.<\/p>\n\n\n\n<h4 class=\"wp-block-heading\"><em>Este prop\u00f3sito de las empresas no s\u00f3lo debe explicitarse y comunicarse hacia afuera, sino tambi\u00e9n debe ser un pilar de su integridad hacia todos los\u00a0stakeholders\u00a0internos y externosy la cadena de valor.<\/em><\/h4>\n\n\n\n<p> Hoy, cuando hablamos de aspectos sociales que se integran a la agenda de la sustentabilidad, no nos referimos simplemente a la agenda Responsabilidad Social Empresaria (RSE), sino a un marco mucho m\u00e1s complejo, que obliga a dar una respuesta multidisciplinaria. A una agenda ambiental se le suma una\u00a0<strong>agenda socioecon\u00f3mica\u00a0<\/strong>que incorpora tem\u00e1ticas relacionadas con la tutela de la calidad de vida de las personas y el planeta.<\/p>\n\n\n\n<p>Lo cierto es que los tiempos en que las empresas abordaban la sustentabilidad desde la mera gesti\u00f3n ambiental, las buenas pr\u00e1cticas o las relaciones voluntarias con la comunidad, han quedado atr\u00e1s; hoy se busca el&nbsp;<strong>enfoque a largo plazo&nbsp;<\/strong>y la identificaci\u00f3n de variables que afectan incluso la continuidad operativa de la compa\u00f1\u00eda.<\/p>\n\n\n\n<p>En este contexto, el objetivo central de las empresas es reflexionar y actuar proactivamente sobre los desaf\u00edos en el siglo XXI mediante todos estos instrumentos y pol\u00edticas de gesti\u00f3n aplicados al\u00a0<strong>desarrollo sostenible, eficaz y duradero<\/strong>.<\/p>\n\n\n\n<p>Fuente: https:\/\/www.cronista.com\/<\/p>\n\n\n\n<p> <\/p>\n<!-- AddThis Advanced Settings generic via filter on the_content -->","protected":false},"excerpt":{"rendered":"<p>Por: VIRGINIA GILLIGAN Si bien los indicadores de la econom\u00eda mundial elaborados por los expertos contemplan una&nbsp;paulatina recuperaci\u00f3n de la<!-- AddThis Advanced Settings generic via filter on get_the_excerpt --><\/p>\n","protected":false},"author":5,"featured_media":0,"comment_status":"closed","ping_status":"closed","sticky":false,"template":"","format":"standard","meta":{"colormag_page_container_layout":"default_layout","colormag_page_sidebar_layout":"default_layout","jetpack_post_was_ever_published":false,"_jetpack_newsletter_access":"","_jetpack_dont_email_post_to_subs":false,"_jetpack_newsletter_tier_id":0,"_jetpack_memberships_contains_paywalled_content":false,"_jetpack_memberships_contains_paid_content":false,"footnotes":"","jetpack_publicize_message":"#Sustentabilidad e innovacion, el rol de las empresas en la postpandemia","jetpack_publicize_feature_enabled":true,"jetpack_social_post_already_shared":true,"jetpack_social_options":{"image_generator_settings":{"template":"highway","default_image_id":0,"font":"","enabled":false},"version":2}},"categories":[3],"tags":[132],"class_list":["post-16582","post","type-post","status-publish","format-standard","hentry","category-sustentabilidad","tag-sustentabilidad"],"jetpack_publicize_connections":[],"jetpack_featured_media_url":"","jetpack_shortlink":"https:\/\/wp.me\/p7L1gj-4js","jetpack-related-posts":[{"id":15778,"url":"http:\/\/ccnews.com.ar\/prensa\/se-adaptan-sobre-la-marcha-los-planes-de-sustentabilidad\/","url_meta":{"origin":16582,"position":0},"title":"Se adaptan (sobre la marcha) los planes de sustentabilidad","author":"Editor","date":"1 julio, 2020","format":false,"excerpt":"La agencia creativa done!, comprometida con generar un cambio social y ambiental positivo, present\u00f3 su informe \u201cLa sustentabilidad en tiempos de pandemia\u201d que tuvo por objetivo conocer c\u00f3mo el Covid-19 impact\u00f3 en los planes de sustentabilidad de las empresas.","rel":"","context":"En \u00abSustentabilidad\u00bb","block_context":{"text":"Sustentabilidad","link":"http:\/\/ccnews.com.ar\/prensa\/category\/sustentabilidad\/"},"img":{"alt_text":"","src":"https:\/\/i0.wp.com\/ccnews.com.ar\/prensa\/wp-content\/uploads\/2020\/07\/1552336515_archive_0_sustentabilidad1.jpg?fit=800%2C550&resize=350%2C200","width":350,"height":200,"srcset":"https:\/\/i0.wp.com\/ccnews.com.ar\/prensa\/wp-content\/uploads\/2020\/07\/1552336515_archive_0_sustentabilidad1.jpg?fit=800%2C550&resize=350%2C200 1x, https:\/\/i0.wp.com\/ccnews.com.ar\/prensa\/wp-content\/uploads\/2020\/07\/1552336515_archive_0_sustentabilidad1.jpg?fit=800%2C550&resize=525%2C300 1,5x, https:\/\/i0.wp.com\/ccnews.com.ar\/prensa\/wp-content\/uploads\/2020\/07\/1552336515_archive_0_sustentabilidad1.jpg?fit=800%2C550&resize=700%2C400 2x"},"classes":[]},{"id":16200,"url":"http:\/\/ccnews.com.ar\/prensa\/2020-el-ano-en-que-la-sustentabilidad-se-puso-a-prueba\/","url_meta":{"origin":16582,"position":1},"title":"2020: el a\u00f1o en que la sustentabilidad se puso a prueba","author":"Editor","date":"15 octubre, 2020","format":false,"excerpt":"Las gerencias readaptaron sus procesos para hace frente a las necesidades internas y externas por la pandemia. Cu\u00e1les fueron las cuatro etapas que transitan las empresas.","rel":"","context":"En \u00abSustentabilidad\u00bb","block_context":{"text":"Sustentabilidad","link":"http:\/\/ccnews.com.ar\/prensa\/category\/sustentabilidad\/"},"img":{"alt_text":"","src":"https:\/\/i0.wp.com\/ccnews.com.ar\/prensa\/wp-content\/uploads\/2020\/10\/0037770395.jpg?fit=689%2C459&resize=350%2C200","width":350,"height":200,"srcset":"https:\/\/i0.wp.com\/ccnews.com.ar\/prensa\/wp-content\/uploads\/2020\/10\/0037770395.jpg?fit=689%2C459&resize=350%2C200 1x, https:\/\/i0.wp.com\/ccnews.com.ar\/prensa\/wp-content\/uploads\/2020\/10\/0037770395.jpg?fit=689%2C459&resize=525%2C300 1,5x"},"classes":[]},{"id":16392,"url":"http:\/\/ccnews.com.ar\/prensa\/la-sustentabilidad-como-eje-para-el-cambio-y-el-crecimiento-a-futuro\/","url_meta":{"origin":16582,"position":2},"title":"La sustentabilidad como eje para el cambio y el crecimiento a futuro","author":"Editor","date":"26 noviembre, 2020","format":false,"excerpt":"Jaquelina Pels, directora de Espacio de Negocios Inclusivos de la Universidad Torcuato Di Tella, hablo del \"gran reseteo\" que est\u00e1n viviendo la sociedad y las empresas en el nuevo cambio de era.","rel":"","context":"En \u00abSustentabilidad\u00bb","block_context":{"text":"Sustentabilidad","link":"http:\/\/ccnews.com.ar\/prensa\/category\/sustentabilidad\/"},"img":{"alt_text":"","src":"","width":0,"height":0},"classes":[]},{"id":3009,"url":"http:\/\/ccnews.com.ar\/prensa\/las-claves-para-generar-un-negocio-socialmente-responsable\/","url_meta":{"origin":16582,"position":3},"title":"Las claves para generar un negocio socialmente responsable","author":"CLUSTERciar","date":"11 febrero, 2017","format":false,"excerpt":"En la actualidad, las empresas responsables no solo se ocupan de temas ambientales, sino tambi\u00e9n sociales y econ\u00f3micos. Durante 2016 seis fueron los ejes que lideraron las charlas y los programas sobre estos temas. Muchas de estas compa\u00f1\u00edas, adem\u00e1s, desarrollan reportes de sustentabilidad donde enmarcan todas sus acciones. Ser una\u2026","rel":"","context":"En \u00abManagement\u00bb","block_context":{"text":"Management","link":"http:\/\/ccnews.com.ar\/prensa\/category\/management\/"},"img":{"alt_text":"","src":"https:\/\/i0.wp.com\/ccnews.com.ar\/prensa\/wp-content\/uploads\/2017\/01\/noticia-negocioyresponsabilidad-300x336.jpg?fit=300%2C336&resize=350%2C200","width":350,"height":200},"classes":[]},{"id":16715,"url":"http:\/\/ccnews.com.ar\/prensa\/la-tendencia-a-vivir-de-manera-mas-sustentable\/","url_meta":{"origin":16582,"position":4},"title":"La tendencia a vivir de manera m\u00e1s sustentable","author":"admin","date":"11 noviembre, 2021","format":false,"excerpt":"La sustentabilidad 2021 a nivel global seg\u00fan el estudio de Kantar realizado en 35 pa\u00edses, \u00bfcu\u00e1les son los temas ambientales y sociales que los preocupan? \u00bfQu\u00e9 rol tienen que jugar las marcas?","rel":"","context":"En \u00abSustentabilidad\u00bb","block_context":{"text":"Sustentabilidad","link":"http:\/\/ccnews.com.ar\/prensa\/category\/sustentabilidad\/"},"img":{"alt_text":"","src":"https:\/\/i0.wp.com\/ccnews.com.ar\/prensa\/wp-content\/uploads\/2021\/11\/sustentabilidad.jpg?fit=640%2C480&resize=350%2C200","width":350,"height":200,"srcset":"https:\/\/i0.wp.com\/ccnews.com.ar\/prensa\/wp-content\/uploads\/2021\/11\/sustentabilidad.jpg?fit=640%2C480&resize=350%2C200 1x, https:\/\/i0.wp.com\/ccnews.com.ar\/prensa\/wp-content\/uploads\/2021\/11\/sustentabilidad.jpg?fit=640%2C480&resize=525%2C300 1,5x"},"classes":[]},{"id":15216,"url":"http:\/\/ccnews.com.ar\/prensa\/ser-sustentable-en-2020-clave-para-evitar-el-fracaso-de-las-empresas\/","url_meta":{"origin":16582,"position":5},"title":"Ser sustentable en 2020: clave para evitar el fracaso de las empresas","author":"admin","date":"11 abril, 2020","format":false,"excerpt":"Cada vez m\u00e1s en el mundo, sobre todo en estos momentos de alta tensi\u00f3n, la sociedad valora que las empresas sean sustentables. Un estilo de gestionar que puede evitar fracasar en este 2020 que luce tan incierto como desafiante. Se considera que una empresa es sustentable cuando busca su excelencia\u2026","rel":"","context":"En \u00abEducaci\u00f3n\/Sociedad\u00bb","block_context":{"text":"Educaci\u00f3n\/Sociedad","link":"http:\/\/ccnews.com.ar\/prensa\/category\/educacion-sociedad\/"},"img":{"alt_text":"","src":"https:\/\/i0.wp.com\/ccnews.com.ar\/prensa\/wp-content\/uploads\/2020\/04\/494690.jpg?fit=880%2C587&resize=350%2C200","width":350,"height":200,"srcset":"https:\/\/i0.wp.com\/ccnews.com.ar\/prensa\/wp-content\/uploads\/2020\/04\/494690.jpg?fit=880%2C587&resize=350%2C200 1x, https:\/\/i0.wp.com\/ccnews.com.ar\/prensa\/wp-content\/uploads\/2020\/04\/494690.jpg?fit=880%2C587&resize=525%2C300 1,5x, https:\/\/i0.wp.com\/ccnews.com.ar\/prensa\/wp-content\/uploads\/2020\/04\/494690.jpg?fit=880%2C587&resize=700%2C400 2x"},"classes":[]}],"jetpack_sharing_enabled":true,"_links":{"self":[{"href":"http:\/\/ccnews.com.ar\/prensa\/wp-json\/wp\/v2\/posts\/16582","targetHints":{"allow":["GET"]}}],"collection":[{"href":"http:\/\/ccnews.com.ar\/prensa\/wp-json\/wp\/v2\/posts"}],"about":[{"href":"http:\/\/ccnews.com.ar\/prensa\/wp-json\/wp\/v2\/types\/post"}],"author":[{"embeddable":true,"href":"http:\/\/ccnews.com.ar\/prensa\/wp-json\/wp\/v2\/users\/5"}],"replies":[{"embeddable":true,"href":"http:\/\/ccnews.com.ar\/prensa\/wp-json\/wp\/v2\/comments?post=16582"}],"version-history":[{"count":0,"href":"http:\/\/ccnews.com.ar\/prensa\/wp-json\/wp\/v2\/posts\/16582\/revisions"}],"wp:attachment":[{"href":"http:\/\/ccnews.com.ar\/prensa\/wp-json\/wp\/v2\/media?parent=16582"}],"wp:term":[{"taxonomy":"category","embeddable":true,"href":"http:\/\/ccnews.com.ar\/prensa\/wp-json\/wp\/v2\/categories?post=16582"},{"taxonomy":"post_tag","embeddable":true,"href":"http:\/\/ccnews.com.ar\/prensa\/wp-json\/wp\/v2\/tags?post=16582"}],"curies":[{"name":"wp","href":"https:\/\/api.w.org\/{rel}","templated":true}]}}