{"id":16658,"date":"2021-06-24T09:30:04","date_gmt":"2021-06-24T12:30:04","guid":{"rendered":"http:\/\/ccnews.com.ar\/prensa\/?p=16658"},"modified":"2021-06-24T09:30:05","modified_gmt":"2021-06-24T12:30:05","slug":"como-es-el-consumo-responsable","status":"publish","type":"post","link":"http:\/\/ccnews.com.ar\/prensa\/como-es-el-consumo-responsable\/","title":{"rendered":"\u00bfC\u00f3mo es el consumo responsable?"},"content":{"rendered":"\n<h5 class=\"wp-block-heading\">Los criterios b\u00e1sicos del consumo responsable son:\ncomercio local con bajas emisiones de bi\u00f3xido de carbono (CO2) y la cercan\u00eda\nentre productores y consumidores; un proceso de producci\u00f3n respetuoso del\nambiente con uso nulo o m\u00ednimo de insumos qu\u00edmicos, promoci\u00f3n de la\nbiodiversidad, pr\u00e1cticas de conservaci\u00f3n de suelos, manejo sustentable del agua\ny mantenimiento de los ecosistemas as\u00ed como la reducci\u00f3n de embalajes; un\ncomercio justo y socialmente responsable que asegure el respeto de las\nculturas, buenas condiciones de trabajo y procesos de toma de decisiones\nincluyentes y democr\u00e1ticos, en una relaci\u00f3n comercial basada en la\ntransparencia.<\/h5>\n\n\n\n<p>\u00bfCu\u00e1ntas veces pensamos en\nesto antes de hacer una compra? \u00bfCon qu\u00e9 frecuencia preferimos hacer la\ndespensa en el mercado local para apoyar la econom\u00eda de una familia o una red\ncampesina?\u00bfRevisamos que el producto est\u00e1 libres de pl\u00e1stico de un s\u00f3lo uso y\npreferimos las tiendas a granel? \u00bfNos importa si lo que compramos se produjo a\ncosta de la sobreexplotaci\u00f3n de los bienes naturales e incluso de las personas\nm\u00e1s empobrecidas del pa\u00eds?<\/p>\n\n\n\n<p>Estas decisiones hacen la\ndiferencia entre un sistema de producci\u00f3n responsable, basado en las\nnecesidades reales de la poblaci\u00f3n, y uno que se sostiene a costa de la\nexplotaci\u00f3n de los bienes naturales, la cultura y el trabajo de las personas\nque habitan el campo o viven en condiciones de pobreza.&nbsp;<\/p>\n\n\n\n<p>Necesitamos reflexionar m\u00e1s a\nmenudo sobre estas circunstancias, informarnos al respecto, verificar qu\u00e9 alternativas\nm\u00e1s ecol\u00f3gicas existen y empezar a cambiar nuestras decisiones, porque esta\ncorrespondencia entre las decisiones corporativas y las decisiones de compra\nnos revelan el poder de las y los consumidores.&nbsp;&nbsp;<\/p>\n\n\n\n<p>Fuente: Greenpeace<\/p>\n<!-- AddThis Advanced Settings generic via filter on the_content -->","protected":false},"excerpt":{"rendered":"<p>Los criterios b\u00e1sicos del consumo responsable son: comercio local con bajas emisiones de bi\u00f3xido de carbono (CO2) y la cercan\u00eda entre productores y consumidores; un proceso de producci\u00f3n respetuoso del ambiente con uso nulo o m\u00ednimo de insumos qu\u00edmicos, promoci\u00f3n de la biodiversidad, pr\u00e1cticas de conservaci\u00f3n de suelos, manejo sustentable del agua y mantenimiento de los ecosistemas as\u00ed como la reducci\u00f3n de embalajes; un comercio justo y socialmente responsable que asegure el respeto de las culturas, buenas condiciones de trabajo y procesos de toma de decisiones incluyentes y democr\u00e1ticos, en una relaci\u00f3n comercial basada en la transparencia.<!-- AddThis Advanced Settings generic via filter on get_the_excerpt --><\/p>\n","protected":false},"author":1,"featured_media":16660,"comment_status":"open","ping_status":"closed","sticky":false,"template":"","format":"standard","meta":{"colormag_page_container_layout":"default_layout","colormag_page_sidebar_layout":"default_layout","jetpack_post_was_ever_published":false,"_jetpack_newsletter_access":"","_jetpack_dont_email_post_to_subs":false,"_jetpack_newsletter_tier_id":0,"_jetpack_memberships_contains_paywalled_content":false,"_jetpack_memberships_contains_paid_content":false,"footnotes":"","jetpack_publicize_message":"","jetpack_publicize_feature_enabled":true,"jetpack_social_post_already_shared":false,"jetpack_social_options":{"image_generator_settings":{"template":"highway","default_image_id":0,"font":"","enabled":false},"version":2}},"categories":[7],"tags":[138,154,144,132],"class_list":["post-16658","post","type-post","status-publish","format-standard","has-post-thumbnail","hentry","category-management","tag-alimentacion","tag-economia","tag-local","tag-sustentabilidad"],"jetpack_publicize_connections":[],"jetpack_featured_media_url":"https:\/\/i0.wp.com\/ccnews.com.ar\/prensa\/wp-content\/uploads\/2021\/06\/Consumo-local-de-alimentos-1536x1024.jpg?fit=1536%2C1024","jetpack_shortlink":"https:\/\/wp.me\/p7L1gj-4kG","jetpack-related-posts":[{"id":16650,"url":"http:\/\/ccnews.com.ar\/prensa\/consumo-responsable-y-beneficios-del-consumo-local\/","url_meta":{"origin":16658,"position":0},"title":"CONSUMO RESPONSABLE Y BENEFICIOS DEL CONSUMO LOCAL","author":"admin","date":"10 junio, 2021","format":false,"excerpt":"El consumo responsable ayuda a recompensar modelos productivos justos y responsables.","rel":"","context":"En \u00abSustentabilidad\u00bb","block_context":{"text":"Sustentabilidad","link":"http:\/\/ccnews.com.ar\/prensa\/category\/sustentabilidad\/"},"img":{"alt_text":"","src":"","width":0,"height":0},"classes":[]},{"id":16666,"url":"http:\/\/ccnews.com.ar\/prensa\/por-que-debemos-consumir-productos-y-servicios-locales-o-de-proximidad-por-que-debemos-consumir-productos-y-servicios-locales-o-de-proximidad\/","url_meta":{"origin":16658,"position":1},"title":"\u00bfPor qu\u00e9 debemos consumir productos y servicios locales o de proximidad? &#8221; \u00bfPor qu\u00e9 debemos consumir productos y servicios locales o de proximidad?","author":"admin","date":"8 julio, 2021","format":false,"excerpt":"El consumo de servicios o productos locales, es decir, aquellos que proceden de tu entorno geogr\u00e1fico, van a hacer posible que la econom\u00eda de esa zona se desarrolle. Adem\u00e1s, es una forma de preservar el medioambiente y de fomentar un consumo responsable. Y no solo se desarrolla esa econom\u00eda, sino\u2026","rel":"","context":"En \u00abSustentabilidad\u00bb","block_context":{"text":"Sustentabilidad","link":"http:\/\/ccnews.com.ar\/prensa\/category\/sustentabilidad\/"},"img":{"alt_text":"","src":"https:\/\/i0.wp.com\/ccnews.com.ar\/prensa\/wp-content\/uploads\/2021\/07\/compra-local.jpg?fit=1200%2C800&resize=350%2C200","width":350,"height":200,"srcset":"https:\/\/i0.wp.com\/ccnews.com.ar\/prensa\/wp-content\/uploads\/2021\/07\/compra-local.jpg?fit=1200%2C800&resize=350%2C200 1x, https:\/\/i0.wp.com\/ccnews.com.ar\/prensa\/wp-content\/uploads\/2021\/07\/compra-local.jpg?fit=1200%2C800&resize=525%2C300 1,5x, https:\/\/i0.wp.com\/ccnews.com.ar\/prensa\/wp-content\/uploads\/2021\/07\/compra-local.jpg?fit=1200%2C800&resize=700%2C400 2x, https:\/\/i0.wp.com\/ccnews.com.ar\/prensa\/wp-content\/uploads\/2021\/07\/compra-local.jpg?fit=1200%2C800&resize=1050%2C600 3x"},"classes":[]},{"id":14836,"url":"http:\/\/ccnews.com.ar\/prensa\/sustentabilidad-un-elemento-clave-para-las-marcas\/","url_meta":{"origin":16658,"position":2},"title":"Sustentabilidad, un elemento clave para las marcas","author":"admin","date":"10 marzo, 2020","format":false,"excerpt":"Las nuevas generaciones ya no solo buscan el beneficio del producto, sino que ahora buscan marcas que se adapten a sus sistemas de creencias y valores. El ciclo natural de la vida implica un cambio, los consumidores, aquellos entidades a las cuales tanto desea el mercado ha sufrido un cambio\u2026","rel":"","context":"En \u00abManagement\u00bb","block_context":{"text":"Management","link":"http:\/\/ccnews.com.ar\/prensa\/category\/management\/"},"img":{"alt_text":"","src":"https:\/\/i0.wp.com\/ccnews.com.ar\/prensa\/wp-content\/uploads\/2020\/03\/sustentable-1.jpg?fit=925%2C1000&resize=350%2C200","width":350,"height":200,"srcset":"https:\/\/i0.wp.com\/ccnews.com.ar\/prensa\/wp-content\/uploads\/2020\/03\/sustentable-1.jpg?fit=925%2C1000&resize=350%2C200 1x, https:\/\/i0.wp.com\/ccnews.com.ar\/prensa\/wp-content\/uploads\/2020\/03\/sustentable-1.jpg?fit=925%2C1000&resize=525%2C300 1,5x, https:\/\/i0.wp.com\/ccnews.com.ar\/prensa\/wp-content\/uploads\/2020\/03\/sustentable-1.jpg?fit=925%2C1000&resize=700%2C400 2x"},"classes":[]},{"id":15848,"url":"http:\/\/ccnews.com.ar\/prensa\/llegan-los-empleos-verdes-para-reducir-el-impacto-ambiental\/","url_meta":{"origin":16658,"position":3},"title":"Llegan los empleos verdes, para reducir el impacto ambiental","author":"Editor","date":"23 julio, 2020","format":false,"excerpt":"\u00abLos empleos verdes son aquellos que reducen el impacto ambiental de empresas y sectores econ\u00f3micos hasta alcanzar niveles sostenibles. Son empleos que ayudan a reducir el consumo de energ\u00eda, materias primas y agua mediante estrategias de eficiencia\u00bb, explica Carlos Amanqu\u00e9s, coordinador de Comunicaciones y Relaciones Institucionales de la Red Argentina\u2026","rel":"","context":"En \u00abSustentabilidad\u00bb","block_context":{"text":"Sustentabilidad","link":"http:\/\/ccnews.com.ar\/prensa\/category\/sustentabilidad\/"},"img":{"alt_text":"","src":"https:\/\/i0.wp.com\/ccnews.com.ar\/prensa\/wp-content\/uploads\/2020\/07\/Empleos_verdes_Noticias_Positivas-1024x544.png?fit=1024%2C544&resize=350%2C200","width":350,"height":200,"srcset":"https:\/\/i0.wp.com\/ccnews.com.ar\/prensa\/wp-content\/uploads\/2020\/07\/Empleos_verdes_Noticias_Positivas-1024x544.png?fit=1024%2C544&resize=350%2C200 1x, https:\/\/i0.wp.com\/ccnews.com.ar\/prensa\/wp-content\/uploads\/2020\/07\/Empleos_verdes_Noticias_Positivas-1024x544.png?fit=1024%2C544&resize=525%2C300 1,5x, https:\/\/i0.wp.com\/ccnews.com.ar\/prensa\/wp-content\/uploads\/2020\/07\/Empleos_verdes_Noticias_Positivas-1024x544.png?fit=1024%2C544&resize=700%2C400 2x"},"classes":[]},{"id":16614,"url":"http:\/\/ccnews.com.ar\/prensa\/se-intensifica-el-interes-en-el-consumo-consciente\/","url_meta":{"origin":16658,"position":4},"title":"Se intensifica el inter\u00e9s en el &#8220;consumo consciente&#8221;","author":"admin","date":"29 abril, 2021","format":false,"excerpt":"La pandemia est\u00e1 haciendo que los consumidores piensen m\u00e1s en el impacto que sus decisiones de compra tienen en el medio ambiente y en la sociedad en general","rel":"","context":"En \u00abCovid-19\u00bb","block_context":{"text":"Covid-19","link":"http:\/\/ccnews.com.ar\/prensa\/category\/covid-19\/"},"img":{"alt_text":"","src":"https:\/\/i0.wp.com\/ccnews.com.ar\/prensa\/wp-content\/uploads\/2021\/04\/svitlana-VFmDiQtkxlw-unsplash.jpg?fit=1200%2C800&resize=350%2C200","width":350,"height":200,"srcset":"https:\/\/i0.wp.com\/ccnews.com.ar\/prensa\/wp-content\/uploads\/2021\/04\/svitlana-VFmDiQtkxlw-unsplash.jpg?fit=1200%2C800&resize=350%2C200 1x, https:\/\/i0.wp.com\/ccnews.com.ar\/prensa\/wp-content\/uploads\/2021\/04\/svitlana-VFmDiQtkxlw-unsplash.jpg?fit=1200%2C800&resize=525%2C300 1,5x, https:\/\/i0.wp.com\/ccnews.com.ar\/prensa\/wp-content\/uploads\/2021\/04\/svitlana-VFmDiQtkxlw-unsplash.jpg?fit=1200%2C800&resize=700%2C400 2x, https:\/\/i0.wp.com\/ccnews.com.ar\/prensa\/wp-content\/uploads\/2021\/04\/svitlana-VFmDiQtkxlw-unsplash.jpg?fit=1200%2C800&resize=1050%2C600 3x"},"classes":[]},{"id":16598,"url":"http:\/\/ccnews.com.ar\/prensa\/que-es-la-alimentacion-sostenible-y-saludable\/","url_meta":{"origin":16658,"position":5},"title":"\u00bfQu\u00e9 es la alimentaci\u00f3n sostenible y saludable?","author":"Editor","date":"16 abril, 2021","format":false,"excerpt":"La alimentaci\u00f3n sostenible y saludable dem\u00e1s de garantizar la salud de las personas, busca promover la producci\u00f3n y consumo responsables, genera un impacto ambiental reducido, lucha contra el cambio clim\u00e1tico, respeta la cultura, la biodiversidad y protege los ecosistemas terrestres y la vida submarina.","rel":"","context":"En \u00abSustentabilidad\u00bb","block_context":{"text":"Sustentabilidad","link":"http:\/\/ccnews.com.ar\/prensa\/category\/sustentabilidad\/"},"img":{"alt_text":"","src":"https:\/\/i0.wp.com\/ccnews.com.ar\/prensa\/wp-content\/uploads\/2021\/04\/imagblog-nota1-G.jpg?fit=1110%2C500&resize=350%2C200","width":350,"height":200,"srcset":"https:\/\/i0.wp.com\/ccnews.com.ar\/prensa\/wp-content\/uploads\/2021\/04\/imagblog-nota1-G.jpg?fit=1110%2C500&resize=350%2C200 1x, https:\/\/i0.wp.com\/ccnews.com.ar\/prensa\/wp-content\/uploads\/2021\/04\/imagblog-nota1-G.jpg?fit=1110%2C500&resize=525%2C300 1,5x, https:\/\/i0.wp.com\/ccnews.com.ar\/prensa\/wp-content\/uploads\/2021\/04\/imagblog-nota1-G.jpg?fit=1110%2C500&resize=700%2C400 2x, https:\/\/i0.wp.com\/ccnews.com.ar\/prensa\/wp-content\/uploads\/2021\/04\/imagblog-nota1-G.jpg?fit=1110%2C500&resize=1050%2C600 3x"},"classes":[]}],"jetpack_sharing_enabled":true,"_links":{"self":[{"href":"http:\/\/ccnews.com.ar\/prensa\/wp-json\/wp\/v2\/posts\/16658","targetHints":{"allow":["GET"]}}],"collection":[{"href":"http:\/\/ccnews.com.ar\/prensa\/wp-json\/wp\/v2\/posts"}],"about":[{"href":"http:\/\/ccnews.com.ar\/prensa\/wp-json\/wp\/v2\/types\/post"}],"author":[{"embeddable":true,"href":"http:\/\/ccnews.com.ar\/prensa\/wp-json\/wp\/v2\/users\/1"}],"replies":[{"embeddable":true,"href":"http:\/\/ccnews.com.ar\/prensa\/wp-json\/wp\/v2\/comments?post=16658"}],"version-history":[{"count":1,"href":"http:\/\/ccnews.com.ar\/prensa\/wp-json\/wp\/v2\/posts\/16658\/revisions"}],"predecessor-version":[{"id":16662,"href":"http:\/\/ccnews.com.ar\/prensa\/wp-json\/wp\/v2\/posts\/16658\/revisions\/16662"}],"wp:featuredmedia":[{"embeddable":true,"href":"http:\/\/ccnews.com.ar\/prensa\/wp-json\/wp\/v2\/media\/16660"}],"wp:attachment":[{"href":"http:\/\/ccnews.com.ar\/prensa\/wp-json\/wp\/v2\/media?parent=16658"}],"wp:term":[{"taxonomy":"category","embeddable":true,"href":"http:\/\/ccnews.com.ar\/prensa\/wp-json\/wp\/v2\/categories?post=16658"},{"taxonomy":"post_tag","embeddable":true,"href":"http:\/\/ccnews.com.ar\/prensa\/wp-json\/wp\/v2\/tags?post=16658"}],"curies":[{"name":"wp","href":"https:\/\/api.w.org\/{rel}","templated":true}]}}