{"id":16676,"date":"2021-07-22T15:32:28","date_gmt":"2021-07-22T18:32:28","guid":{"rendered":"http:\/\/ccnews.com.ar\/prensa\/?p=16676"},"modified":"2021-07-22T15:32:29","modified_gmt":"2021-07-22T18:32:29","slug":"que-es-la-logistica-sostenible","status":"publish","type":"post","link":"http:\/\/ccnews.com.ar\/prensa\/que-es-la-logistica-sostenible\/","title":{"rendered":"\u00bfQu\u00e9 es la log\u00edstica sostenible?"},"content":{"rendered":"\n<p><\/p>\n\n\n\n<p>\u00bfExiste otra manera de\nembalar, almacenar y transportar mercanc\u00edas? La pandemia y el auge del comercio\nelectr\u00f3nico obligan a repensar la cadena de suministro para hacerla m\u00e1s\nsostenible. La log\u00edstica verde apuesta por una \u2018\u00faltima milla\u2019 con menos impacto\nmedioambiental, movilidad con energ\u00edas renovables, centros de almacenaje que\ngeneren menos desechos y consuman menos energ\u00eda, y envases ecol\u00f3gicos.<\/p>\n\n\n\n<p>Imagina el n\u00famero de operaciones de log\u00edstica que se est\u00e1n\nproduciendo en el planeta en este preciso instante. Aviones, barcos, trenes,\ncamiones, furgonetas, coches, motos, bicicletas&nbsp;<strong>trasladan millones de mercanc\u00edas<\/strong>&nbsp;de\nun lado para otro. Centros de almacenaje en las ciudades preparados para la\ndistribuci\u00f3n organizan el transporte de los paquetes hasta el destinatario\nfinal.<\/p>\n\n\n\n<p><a href=\"https:\/\/www.iea.org\/\" target=\"_blank\" rel=\"noreferrer noopener\">La\nAgencia Internacional de la Energ\u00eda<\/a>&nbsp;ha alertado de que el\ntransporte de mercanc\u00edas es el responsable del 10 % de las&nbsp;<a href=\"https:\/\/www.bbva.com\/es\/sostenibilidad\/que-es-el-dioxido-de-carbono-co2-y-como-impacta-en-el-planeta\/\"><strong>emisiones\nglobales de CO2<\/strong><\/a>&nbsp;y del 25 % de estas emisiones en Espa\u00f1a. Por medios de\ntransporte, el de carretera supone el 75 % de las emanaciones de di\u00f3xido de\ncarbono. Reducirlas es uno de los grandes desaf\u00edos. Y la log\u00edstica, ese camino\nque recorre una mercanc\u00eda desde su fabricaci\u00f3n hasta que llega al cliente\nfinal, es una de las piedras angulares para contribuir a la&nbsp;<strong>preservaci\u00f3n del medioambiente<\/strong>&nbsp;y,\ntambi\u00e9n, una estrategia para que las empresas&nbsp;<strong>aumenten su competitividad<\/strong>.\nSolo en Espa\u00f1a, la log\u00edstica y el transporte representa m\u00e1s de 1 mill\u00f3n de\nempleos, seg\u00fan el Foro Log\u00edstica.<\/p>\n\n\n\n<h2 class=\"wp-block-heading\">Crecimiento del comercio\nelectr\u00f3nico<\/h2>\n\n\n\n<p>La internacionalizaci\u00f3n de los mercados, la pandemia por el\nCOVID-19 y el crecimiento del comercio electr\u00f3nico han trastocado los sistemas\nde&nbsp;<strong>embalaje,\nalmacenaje y transporte<\/strong>. Por ejemplo, en el \u00faltimo \u2018Black\nFriday\u2019, y solo en Espa\u00f1a, las empresas de paqueter\u00eda movieron m\u00e1s de 50 millones\nde env\u00edos en una sola jornada, un 30 % m\u00e1s que en 2019, seg\u00fan la&nbsp;<a href=\"https:\/\/www.unologistica.org\/\" target=\"_blank\" rel=\"noreferrer noopener\">Organizaci\u00f3n Empresarial\nde Log\u00edstica y Transporte de Espa\u00f1a (UNO Log\u00edstica)<\/a>. De\nmedia, en un d\u00eda normal se entregan 1,5 millones de paquetes procedentes del\ncomercio electr\u00f3nico en todo el mundo. En Latinoam\u00e9rica, en 2019, las ventas en\nl\u00ednea durante el \u2018Viernes Negro\u2019 mostraron un crecimiento sin parang\u00f3n en\ncomparaci\u00f3n con un d\u00eda normal: 1.051 % m\u00e1s de ventas en Argentina, 940 % en\nBrasil, 442 % en Colombia, 359 % en Per\u00fa, 199 % en Chile y 167 % en&nbsp;<a href=\"https:\/\/www.bbva.com\/es\/impulsar-red-ferroviaria-posicionaria-mexico-plataforma-logistica-mundial\/\">M\u00e9xico<\/a>, seg\u00fan\ndatos del&nbsp;<a href=\"https:\/\/es.statista.com\/grafico\/16188\/el-black-friday-sigue-impulsando-las-ventas-en-linea-en-america-latina\/\" target=\"_blank\" rel=\"noreferrer noopener\">portal de estad\u00edsticas Statista<\/a>.<\/p>\n\n\n\n<p>Ante\neste panorama, los expertos consultados coinciden en la necesidad de&nbsp;<strong>repensar las operaciones<\/strong>&nbsp;de\nlog\u00edstica para hacerlas m\u00e1s sostenibles. Es aqu\u00ed donde entra en juego la\ndenominada \u2018Log\u00edstica verde\u2019: Conjunto de pr\u00e1cticas y estrategias en la gesti\u00f3n\nde la cadena de suministro que reducen el impacto medioambiental de la\ndistribuci\u00f3n de bienes. Y no es algo et\u00e9reo, ya que la log\u00edstica verde se\ndiferencia de la inversa porque, entre otras cosas, ata\u00f1e a la&nbsp;<strong>gesti\u00f3n de residuos<\/strong>, a\nla disminuci\u00f3n de embalajes y b\u00fasqueda de materiales sostenibles, a la\neficiencia energ\u00e9tica de los espacios de almacenaje, a los sistemas de\ndistribuci\u00f3n y recogida, al servicio posventa o&nbsp;<strong>el transporte de \u2018\u00faltima milla\u2019<\/strong>.\nTodo influye en las emisiones de gases a la atm\u00f3sfera.<\/p>\n\n\n\n<h2 class=\"wp-block-heading\">Qu\u00e9 hacer con la \u2018\u00faltima\nmilla\u2019<\/h2>\n\n\n\n<p><a href=\"https:\/\/www.bbva.com\/es\/sostenibilidad\/que-es-el-backhaul-volver-con-el-camion-lleno-es-sostenible\/\">\u00bfQu\u00e9 es\nel \u2018backhaul\u2019? Volver con el cami\u00f3n lleno es sostenible<\/a><\/p>\n\n\n\n<p>El 75 % del transporte de mercanc\u00edas en Europa se realiza por\ncarretera y muchas veces los camiones retornan al punto de origen sin carga.\nPoner en pr\u00e1ctica la t\u00e9cnica de \u2018backhaul\u2019 \u2013realizar los viajes de vuelta con\nel remolque cargado\u2013 ahorra costes, tiempo y dinero. Pero, sobre todo, reduce\nla huella de carbono y abre nuevas v\u00edas de negocio.<\/p>\n\n\n\n<p>El profesor Antonio Iglesias L\u00f3pez lleva m\u00e1s de 30 a\u00f1os en este\nsector y hoy coordina el m\u00e1ster de Log\u00edstica y cadena de suministro de ESIC\nBusiness &amp; Marketing School. En su opini\u00f3n, \u201cel crecimiento de la\ndistribuci\u00f3n a domicilio, fruto del aumento del comercio electr\u00f3nico, est\u00e1\ngenerando un incremento de las emisiones de CO2. El uso de&nbsp;<strong>peque\u00f1os transportes<\/strong>&nbsp;en\nlas grandes ciudades, sobre todo en la \u2018\u00faltima milla\u2019, es el que m\u00e1s impacta\nnegativamente en el medioambiente\u201d. Iglesias se refiere al \u00faltimo trayecto, el\nde la entrega final al cliente. \u201cUno de los principales problemas de\nsostenibilidad es la&nbsp;<strong>distribuci\u00f3n\npormenorizada<\/strong>&nbsp;de los paquetes hasta el domicilio del\ncomprador\u201d, comenta Iglesias. Por no hablar de que esta \u2018\u00faltima milla\u2019 representa\nhasta el 40 % de los&nbsp;<strong>costes\nlog\u00edsticos<\/strong>&nbsp;totales y provoca el 20 % del tr\u00e1fico.<\/p>\n\n\n\n<p>Camiones y furgonetas circulan en&nbsp;<strong>\u00e1reas congestionadas<\/strong>,\npasan mucho tiempo con el motor a ralent\u00ed, paran para descargar y vuelven a\narrancar para desplazarse al siguiente destino. Todo para que los pedidos\nlleguen a tiempo. Seg\u00fan el informe \u2018Log\u00edstica de \u00daltima Milla. Retos y\nsoluciones en Espa\u00f1a\u2019 (Deloitte, 2020), en este ecosistema participan los\nsectores HORECA (reparto a hoteles, restaurantes y cafeter\u00edas), comercio electr\u00f3nico,\nalimentaci\u00f3n, farmacia y hospitales, gesti\u00f3n de residuos, materiales de\nconstrucci\u00f3n, prensa y estancos. Un dato muy llamativo, en Espa\u00f1a m\u00e1s de&nbsp;<strong>12.000 distribuidores<\/strong>&nbsp;aprovisionan\na m\u00e1s de 376.000 establecimientos del canal HORECA.<\/p>\n\n\n\n<h2 class=\"wp-block-heading\">Cambio cultural<\/h2>\n\n\n\n<p>La concienciaci\u00f3n del usuario es la primera condici\u00f3n. Se\nnecesitan puntos de entrega donde&nbsp;<strong>el\nconsumidor se desplace<\/strong>, en su barrio, para recoger el\npedido;&nbsp;<strong>taquillas\ninteligentes<\/strong>&nbsp;para entrega y recogida de paqueter\u00eda peque\u00f1a\ny&nbsp;<strong>puntos de\nconveniencia<\/strong>&nbsp;(la mayor\u00eda de las veces tiendas de\nproximidad), donde las mercanc\u00edas compradas \u2018online\u2019 son entregadas por los\nservicios postales y recogidas por los particulares. \u201cHay un mont\u00f3n de quioscos\nde prensa que antes de desaparecer pueden transformarse en puntos de recogida\u201d,\na\u00f1ade el experto en log\u00edstica.<\/p>\n\n\n\n<p><strong>Furgonetas\nel\u00e9ctricas<\/strong>&nbsp;de reparto, distribuci\u00f3n de mercanc\u00edas en&nbsp;<strong>horario nocturno<\/strong>,\nutilizaci\u00f3n del transporte p\u00fablico (metro y autob\u00fas), plataformas digitales\npara la gesti\u00f3n de las zonas de carga y descarga, y grandes centros log\u00edsticos\ncolaborativos y automatizados son otras piezas del puzle de la log\u00edstica \u201cSe\nnecesita \u2013aclara el profesor de ESIC\u2013 un cambio cultural en las zonas urbanas,\ntanto del consumidor, que exige una entrega del paquete lo m\u00e1s r\u00e1pido posible, como\nen las empresas de log\u00edstica, que tienen que empezar a pensar en la&nbsp;<strong>colaboraci\u00f3n<\/strong>\u201d. Aqu\u00ed es\ndonde entrar\u00edan las&nbsp;<strong>nuevas\nsoluciones log\u00edsticas sostenibles<\/strong>. Hay que pensar en los \u2018hubs\u2019\nurbanos, almacenes reducidos y \u00e1giles en el centro de las ciudades. \u201c\u00bfQu\u00e9 pasa\nsi utilizamos, por ejemplo, el suelo municipal de los mercados de proximidad\ncomo \u2018minihubs\u2019? La mitad de ellos est\u00e1n medio vac\u00edos y de all\u00ed pueden salir\nlas mercanc\u00edas a destinos finales que est\u00e9n a menos de 2 kil\u00f3metros\u201d, comenta\nAntonio Iglesias. La colaboraci\u00f3n entre empresas de log\u00edstica se intuye como\nuna alternativa.<\/p>\n\n\n\n<h2 class=\"wp-block-heading\">Madrid: Un caso pr\u00e1ctico<\/h2>\n\n\n\n<p>La investigaci\u00f3n de Deloitte detalla un caso pr\u00e1ctico en la\nciudad de Madrid. Si se acomete el reparto de los&nbsp;<a href=\"https:\/\/www.bbva.com\/es\/integracion-logistica-ecommerce-clave-mejor-experiencia-cliente\/\">paquetes\n\u2018e-commerce\u2019<\/a>&nbsp;combinando el&nbsp;<strong>uso\nde \u2018hubs\u2019<\/strong>&nbsp;urbanos, la&nbsp;<strong>electrificaci\u00f3n parcial de la flota de reparto<\/strong>&nbsp;(un\n40 % de las furgonetas) y las taquillas inteligentes (en un 35 % de las\nentregas), el impacto ser\u00eda grande: reducci\u00f3n de m\u00e1s de un 45 % de las\nemisiones, mejora de la congesti\u00f3n urbana en casi un 40 % y&nbsp;<strong>reducci\u00f3n de los costes log\u00edsticos<\/strong>&nbsp;de\nm\u00e1s del 20 %.<\/p>\n\n\n\n<h2 class=\"wp-block-heading\">Impulsar el tren de mercanc\u00edas<\/h2>\n\n\n\n<p>El pa\u00eds n\u00f3rdico es\nconsiderado el m\u00e1s sostenible del planeta, seg\u00fan los \u00edndices internacionales\nm\u00e1s rigurosos. Su sistema el\u00e9ctrico se alimenta en un 98% de&nbsp;<a href=\"https:\/\/www.bbva.com\/es\/sostenibilidad\/cuales-son-las-fuentes-de-las-energias-renovables\/\" target=\"_blank\" rel=\"noreferrer noopener\">fuentes renovables<\/a>&nbsp;y es l\u00edder absoluto en\nenerg\u00eda circular azul. Noruega tiene, adem\u00e1s, el rascacielos de madera m\u00e1s alto\ndel mundo.<\/p>\n\n\n\n<p>Aunque la log\u00edstica verde supone un cambio en las f\u00f3rmulas de la\ndistribuci\u00f3n final, no son menos importantes los avances en el transporte de\nmercanc\u00edas de&nbsp;<strong>larga\ndistancia<\/strong>. En la actualidad, el barco se lleva una cuota del 7\n% de este mercado en la Uni\u00f3n Europea; el tren, poco m\u00e1s de un 18 % \u2013en Espa\u00f1a\nsolo un 3 %\u2013; y la distribuci\u00f3n por carretera supone un 75 %. La coalici\u00f3n Rail\nFreight Forward, que engloba empresas europeas de carga en ferrocarril, trabaja\npara que en 2030 el ferrocarril asuma el 3<strong>0% del transporte de mercanc\u00edas<\/strong>. \u201cNo\nentendemos por qu\u00e9 cuando todas las pol\u00edticas van encaminadas a reducir la\nhuella de carbono, el ferrocarril es el gran olvidado. Es la modalidad m\u00e1s\nsostenible, consume 6 veces menos energ\u00eda que el movimiento por carretera,\nemite 9 veces menos CO2 y sufre un 85 % menos de accidentes\u201d, comenta Isabel\nN\u00fa\u00f1ez, gerente de Medio Ambiente de Transfesa Logistics, uno de los primeros\noperadores log\u00edsticos de Espa\u00f1a, participado por capital alem\u00e1n y la compa\u00f1\u00eda\nRenfe.<\/p>\n\n\n\n<p>Es precisamente Alemania uno de los pa\u00edses que mejor ha\nentendido las ventajas de una&nbsp;<strong>cadena\nde suministro<\/strong>&nbsp;verde. En diciembre de 2020, Volkswagen puso\nen marcha un sistema para las bater\u00edas de sus nuevos veh\u00edculos el\u00e9ctricos. Un\ntren movido por energ\u00eda renovable recoge directamente las celdas de bater\u00eda en\nla planta del proveedor, ubicada en Polonia. De all\u00ed las traslada hasta una\nfactor\u00eda que tiene el grupo automovil\u00edstico en el noroeste de Alemania, donde\nlas bater\u00edas se descargan autom\u00e1ticamente y se ensamblan para volver a ser\ncargadas en los convoyes, tambi\u00e9n de forma automatizada, y transportadas a la\nfactor\u00eda donde se producen los coches el\u00e9ctricos. Para la \u2018\u00faltima milla\u2019 hasta\nel ensamblaje final se utilizan camiones el\u00e9ctricos. Este sistema, seg\u00fan los\nc\u00e1lculos de Volkswagen, reducir\u00e1 en m\u00e1s de&nbsp;<strong>10.000 toneladas al a\u00f1o<\/strong>&nbsp;las\nemisiones de di\u00f3xido de carbono, el equivalente al CO2 generado por una\npoblaci\u00f3n de 1.000 habitantes.<\/p>\n\n\n\n<p>\u201cMuchas empresas del autom\u00f3vil, que est\u00e1n trabajando por una\nmovilidad sostenible en su producci\u00f3n, est\u00e1n aplicando esa sostenibilidad a\ntoda la cadena de valor. Han entendido que existe&nbsp;<strong>otra manera de transportar<\/strong>\u201d,\nexplica la responsable de Transfesa. No es menos cierto que el transporte de\nmercanc\u00edas por carretera, a pesar de su mayor huella medioambiental, seguir\u00e1\ndurante mucho tiempo como la modalidad m\u00e1s c\u00f3moda porque va directamente desde\nel fabricante hasta el destino final.<\/p>\n\n\n\n<p>Otra de las estrategias que avanza posiciones es la&nbsp;<strong>intermodalidad<\/strong>, la\ncombinaci\u00f3n de dos o m\u00e1s medios de transporte para llevar una mercanc\u00eda de\norigen a destino, especialmente cuando no requiere un env\u00edo r\u00e1pido. \u201cPor\nejemplo, resulta menos contaminante transportar una mercanc\u00eda&nbsp;<strong>coordinando un barco con camiones<\/strong>&nbsp;que\nhacer el recorrido completo solo por carretera\u201d, explican en&nbsp;<a href=\"https:\/\/www.transeop.com\/blog\/logistica-verde\/318\/\" target=\"_blank\" rel=\"noreferrer noopener\">Transeop<\/a>, la plataforma de servicios de\ntransportes.<\/p>\n\n\n\n<p>En este punto cobra especial importancia la&nbsp;<a href=\"https:\/\/www.bbva.com\/es\/convertir-empresa-familiar-logistica-multinacional-tecnologica\/\"><strong>transformaci\u00f3n\ndigital<\/strong><\/a>. Obtener datos que ayuden a establecer rutas de transporte y\ncargas m\u00e1s eficientes mediante software o calcular&nbsp;<a href=\"https:\/\/www.bbva.com\/es\/es\/que-es-la-huella-de-carbono\/\">la\nhuella de carbono<\/a>&nbsp;de un transporte de mercanc\u00edas por carretera no es\ncomplicado. La Asociaci\u00f3n de Fabricantes y Distribuidores (AECOC) public\u00f3 en\n2017 un manual de c\u00e1lculo de los consumos de combustible y de las emisiones de\nGases de Efecto Invernadero (GEI) de un env\u00edo cualquiera por carretera.<\/p>\n\n\n\n<h2 class=\"wp-block-heading\">Centros de almacenaje\n\u2018verdes\u2019<\/h2>\n\n\n\n<p>Respecto a los centros de embalaje y almacenaje, claves en la\ncadena de suministro, la prioridad son los&nbsp;<strong>desechos<\/strong>&nbsp;que se generan y el&nbsp;<strong>consumo energ\u00e9tico<\/strong>. La\nidea es dise\u00f1ar almacenes que no impacten de forma negativa en el\nmedioambiente. \u201cAntes nadie pensaba en sostenibilidad cuando hablaba de almacenes,\niban todos al subsuelo o a naves oscuras. Hoy se necesitan almacenes con\nm\u00e1s&nbsp;<strong>luz natural<\/strong>&nbsp;para\ndisminuir el consumo energ\u00e9tico y que el proceso sea m\u00e1s \u00e1gil y menos cansado,\nque utilice&nbsp;<strong>energ\u00edas\nrenovables<\/strong>&nbsp;y se autoabastezca, y que&nbsp;<strong>recicle los residuos<\/strong>,\npl\u00e1sticos, pal\u00e9s, etc.\u201d, explica el profesor Antonio Iglesias.<\/p>\n\n\n\n<p>Las herramientas tecnol\u00f3gicas tambi\u00e9n resultan interesantes a la\nhora de una gesti\u00f3n m\u00e1s eficiente de almacenaje. La&nbsp;<strong>realidad aumentada<\/strong>,\npor ejemplo, permite al responsable de un almac\u00e9n de carga y descarga recrear\nel espacio real a trav\u00e9s de un dispositivo electr\u00f3nico (m\u00f3vil, tableta,\netc.),&nbsp;<strong>distribuir\nde forma virtual<\/strong>&nbsp;las mercanc\u00edas, planificar en una\npantalla su colocaci\u00f3n por tama\u00f1os y prioridad de los env\u00edos, o crear\nestructuras nuevas de almacenaje. Aprovechamiento del espacio y reducci\u00f3n de\ncostes son algunos de los beneficios inmediatos.<\/p>\n\n\n\n<h2 class=\"wp-block-heading\">Eliminar embalajes\ninnecesarios<\/h2>\n\n\n\n<p>Cu\u00e1ntas\nveces te has encontrado con una caja de cart\u00f3n que al abrirla tiene un relleno\nde pl\u00e1stico con burbujas, que en su interior contiene un paquete precintado y\nque, a su vez, tiene un sobre de protecci\u00f3n con el art\u00edculo que esperabas\ndentro. Pues si esto ocurre a nivel usuario, piensa en lo que sucede en el gran\ntransporte de mercanc\u00edas. Existen tres tipos de embalaje, el primario (el que\nest\u00e1 en contacto con el producto), el secundario (cajas de carga que agrupan\nvarias unidades de embalajes primarios) y el terciario (palets, cantoneras o\npapel film de pl\u00e1stico que ayudan a la protecci\u00f3n y movimiento de los secundarios).\nPues bien, aplicar la log\u00edstica verde supone eliminar embalajes innecesarios,\nsobre todo en los secundarios y terciarios, y utilizar envases ecol\u00f3gicos\nfabricados a partir de materiales reciclados, biodegradables (papel o fibras\nvegetales) y compostables (sirvan despu\u00e9s como fertilizantes de residuos\norg\u00e1nicos). Lo ideal es que en su fabricaci\u00f3n se aplique la regla de las 3R:\nreducir para disminuir la cantidad de materiales utilizados, reutilizar para\nalargar su vida y reciclar para procesar de nuevo el envase.<\/p>\n\n\n\n<p class=\"has-small-font-size\"><strong>FUENTE: BBVA.COM<\/strong><\/p>\n<!-- AddThis Advanced Settings generic via filter on the_content -->","protected":false},"excerpt":{"rendered":"<p>\u00bfExiste otra manera de embalar, almacenar y transportar mercanc\u00edas? La pandemia y el auge del comercio electr\u00f3nico obligan a repensar la cadena de suministro para hacerla m\u00e1s sostenible. La log\u00edstica verde apuesta por una \u2018\u00faltima milla\u2019 con menos impacto medioambiental, movilidad con energ\u00edas renovables, centros de almacenaje que generen menos desechos y consuman menos energ\u00eda, y envases ecol\u00f3gicos.<!-- AddThis Advanced Settings generic via filter on get_the_excerpt --><\/p>\n","protected":false},"author":1,"featured_media":16678,"comment_status":"closed","ping_status":"closed","sticky":false,"template":"","format":"standard","meta":{"colormag_page_container_layout":"default_layout","colormag_page_sidebar_layout":"default_layout","jetpack_post_was_ever_published":false,"_jetpack_newsletter_access":"","_jetpack_dont_email_post_to_subs":false,"_jetpack_newsletter_tier_id":0,"_jetpack_memberships_contains_paywalled_content":false,"_jetpack_memberships_contains_paid_content":false,"footnotes":"","jetpack_publicize_message":"","jetpack_publicize_feature_enabled":true,"jetpack_social_post_already_shared":false,"jetpack_social_options":{"image_generator_settings":{"template":"highway","default_image_id":0,"font":"","enabled":false},"version":2}},"categories":[3],"tags":[],"class_list":["post-16676","post","type-post","status-publish","format-standard","has-post-thumbnail","hentry","category-sustentabilidad"],"jetpack_publicize_connections":[],"jetpack_featured_media_url":"https:\/\/i0.wp.com\/ccnews.com.ar\/prensa\/wp-content\/uploads\/2021\/07\/kk.jpg?fit=469%2C264","jetpack_shortlink":"https:\/\/wp.me\/p7L1gj-4kY","jetpack-related-posts":[{"id":16150,"url":"http:\/\/ccnews.com.ar\/prensa\/neuquen-busca-inversores-para-su-plataforma-logistica\/","url_meta":{"origin":16676,"position":0},"title":"Neuqu\u00e9n busca inversores para su Plataforma Log\u00edstica","author":"Editor","date":"24 septiembre, 2020","format":false,"excerpt":"El gobierno provincial abri\u00f3 la convocatoria de interesados en la presentaci\u00f3n de propuestas para la concesi\u00f3n de un polo log\u00edstico. Estar\u00e1 ubicado sobre 39 hect\u00e1reas en la meseta y demandar\u00e1 una inversi\u00f3n cercana a los 900 millones.","rel":"","context":"En \u00abEnerg\u00eda y Producci\u00f3n\u00bb","block_context":{"text":"Energ\u00eda y Producci\u00f3n","link":"http:\/\/ccnews.com.ar\/prensa\/category\/energia-y-produccion\/"},"img":{"alt_text":"","src":"https:\/\/i0.wp.com\/ccnews.com.ar\/prensa\/wp-content\/uploads\/2020\/09\/index.png?fit=920%2C517&resize=350%2C200","width":350,"height":200,"srcset":"https:\/\/i0.wp.com\/ccnews.com.ar\/prensa\/wp-content\/uploads\/2020\/09\/index.png?fit=920%2C517&resize=350%2C200 1x, https:\/\/i0.wp.com\/ccnews.com.ar\/prensa\/wp-content\/uploads\/2020\/09\/index.png?fit=920%2C517&resize=525%2C300 1,5x, https:\/\/i0.wp.com\/ccnews.com.ar\/prensa\/wp-content\/uploads\/2020\/09\/index.png?fit=920%2C517&resize=700%2C400 2x"},"classes":[]},{"id":16650,"url":"http:\/\/ccnews.com.ar\/prensa\/consumo-responsable-y-beneficios-del-consumo-local\/","url_meta":{"origin":16676,"position":1},"title":"CONSUMO RESPONSABLE Y BENEFICIOS DEL CONSUMO LOCAL","author":"admin","date":"10 junio, 2021","format":false,"excerpt":"El consumo responsable ayuda a recompensar modelos productivos justos y responsables.","rel":"","context":"En \u00abSustentabilidad\u00bb","block_context":{"text":"Sustentabilidad","link":"http:\/\/ccnews.com.ar\/prensa\/category\/sustentabilidad\/"},"img":{"alt_text":"","src":"","width":0,"height":0},"classes":[]},{"id":5583,"url":"http:\/\/ccnews.com.ar\/prensa\/la-logistica-es-una-materia-pendiente-en-vaca-muerta\/","url_meta":{"origin":16676,"position":2},"title":"La log\u00edstica es una materia pendiente en Vaca Muerta","author":"CLUSTERciar","date":"11 octubre, 2017","format":false,"excerpt":"En la industria ya se analizan opciones para mejorar el transporte. Adem\u00e1s del tren hasta A\u00f1elo, se piensa en los puertos \u201cS\u00f3lo el volumen actual de arena justifica la construcci\u00f3n y puesta en marcha el tren a Vaca Muerta\u201d, dispar\u00f3 un alto ejecutivo de una operadora internacional. Existe una proyecci\u00f3n\u2026","rel":"","context":"En \u00abEnerg\u00eda y Producci\u00f3n\u00bb","block_context":{"text":"Energ\u00eda y Producci\u00f3n","link":"http:\/\/ccnews.com.ar\/prensa\/category\/energia-y-produccion\/"},"img":{"alt_text":"","src":"https:\/\/i0.wp.com\/ccnews.com.ar\/prensa\/wp-content\/uploads\/2017\/09\/image_content_8859055_20170920235004.jpg?fit=660%2C370&resize=350%2C200","width":350,"height":200,"srcset":"https:\/\/i0.wp.com\/ccnews.com.ar\/prensa\/wp-content\/uploads\/2017\/09\/image_content_8859055_20170920235004.jpg?fit=660%2C370&resize=350%2C200 1x, https:\/\/i0.wp.com\/ccnews.com.ar\/prensa\/wp-content\/uploads\/2017\/09\/image_content_8859055_20170920235004.jpg?fit=660%2C370&resize=525%2C300 1,5x"},"classes":[]},{"id":16256,"url":"http:\/\/ccnews.com.ar\/prensa\/sustentabilidad-y-cambio-climatico-la-eficiencia-energetica-es-ineludible-para-el-mundo-corporativo\/","url_meta":{"origin":16676,"position":3},"title":"Sustentabilidad y cambio clim\u00e1tico: la eficiencia energ\u00e9tica es ineludible para el mundo corporativo","author":"Editor","date":"30 octubre, 2020","format":false,"excerpt":"Hoy en d\u00eda la sustentabilidad es un t\u00f3pico obligado para empresas y consumidores. Es innegable que el cambio clim\u00e1tico y la huella de carbono son dos aspectos a considerar en la agenda.","rel":"","context":"En \u00abSustentabilidad\u00bb","block_context":{"text":"Sustentabilidad","link":"http:\/\/ccnews.com.ar\/prensa\/category\/sustentabilidad\/"},"img":{"alt_text":"","src":"https:\/\/i0.wp.com\/ccnews.com.ar\/prensa\/wp-content\/uploads\/2020\/10\/shutterstock_109946381.jpg?fit=1000%2C750&resize=350%2C200","width":350,"height":200,"srcset":"https:\/\/i0.wp.com\/ccnews.com.ar\/prensa\/wp-content\/uploads\/2020\/10\/shutterstock_109946381.jpg?fit=1000%2C750&resize=350%2C200 1x, https:\/\/i0.wp.com\/ccnews.com.ar\/prensa\/wp-content\/uploads\/2020\/10\/shutterstock_109946381.jpg?fit=1000%2C750&resize=525%2C300 1,5x, https:\/\/i0.wp.com\/ccnews.com.ar\/prensa\/wp-content\/uploads\/2020\/10\/shutterstock_109946381.jpg?fit=1000%2C750&resize=700%2C400 2x"},"classes":[]},{"id":15896,"url":"http:\/\/ccnews.com.ar\/prensa\/apostar-por-la-sostenibilidad-en-la-empresa-sera-clave-para-la-recuperacion-de-la-crisis\/","url_meta":{"origin":16676,"position":4},"title":"Apostar por la sostenibilidad en la empresa ser\u00e1 clave para la recuperaci\u00f3n de la crisis","author":"Editor","date":"14 agosto, 2020","format":false,"excerpt":"La recuperaci\u00f3n de las empresas tras la crisis econ\u00f3mica generada por la pandemia es una de las principales preocupaciones actuales. En este contexto de re estructurar procesos y re pensar estrategias, la sostenibilidad no tiene por qu\u00e9 venir con un precio elevado. Cuando las compa\u00f1\u00edas optimizan sus operaciones -ya sea\u2026","rel":"","context":"En \u00abCovid-19\u00bb","block_context":{"text":"Covid-19","link":"http:\/\/ccnews.com.ar\/prensa\/category\/covid-19\/"},"img":{"alt_text":"","src":"https:\/\/i0.wp.com\/ccnews.com.ar\/prensa\/wp-content\/uploads\/2020\/08\/photo-1569227997603-33b9f12af927.jpeg?fit=1200%2C800&resize=350%2C200","width":350,"height":200,"srcset":"https:\/\/i0.wp.com\/ccnews.com.ar\/prensa\/wp-content\/uploads\/2020\/08\/photo-1569227997603-33b9f12af927.jpeg?fit=1200%2C800&resize=350%2C200 1x, https:\/\/i0.wp.com\/ccnews.com.ar\/prensa\/wp-content\/uploads\/2020\/08\/photo-1569227997603-33b9f12af927.jpeg?fit=1200%2C800&resize=525%2C300 1,5x, https:\/\/i0.wp.com\/ccnews.com.ar\/prensa\/wp-content\/uploads\/2020\/08\/photo-1569227997603-33b9f12af927.jpeg?fit=1200%2C800&resize=700%2C400 2x, https:\/\/i0.wp.com\/ccnews.com.ar\/prensa\/wp-content\/uploads\/2020\/08\/photo-1569227997603-33b9f12af927.jpeg?fit=1200%2C800&resize=1050%2C600 3x"},"classes":[]},{"id":15140,"url":"http:\/\/ccnews.com.ar\/prensa\/la-pandemia-dara-el-impulso-definitivo-a-la-inversion-sostenible\/","url_meta":{"origin":16676,"position":5},"title":"La pandemia dar\u00e1 el impulso definitivo a la inversi\u00f3n sostenible","author":"admin","date":"6 abril, 2020","format":false,"excerpt":"La crisis del coronavirus ha permitido vislumbrar c\u00f3mo ser\u00eda el mundo con una econom\u00eda m\u00e1s sostenible: aguas cristalinas y cielos azules. La crisis econ\u00f3mica y social provocada por el coronavirus ha reafirmado las opiniones que defienden un desarrollo sostenible como el \u00fanico camino. Aunque como reconoce Jeff Meli, jefe global\u2026","rel":"","context":"En \u00abCovid-19\u00bb","block_context":{"text":"Covid-19","link":"http:\/\/ccnews.com.ar\/prensa\/category\/covid-19\/"},"img":{"alt_text":"","src":"https:\/\/i0.wp.com\/ccnews.com.ar\/prensa\/wp-content\/uploads\/2020\/04\/venecia-aguas-limpias-apertura_15_970x597.jpeg?fit=970%2C597&resize=350%2C200","width":350,"height":200,"srcset":"https:\/\/i0.wp.com\/ccnews.com.ar\/prensa\/wp-content\/uploads\/2020\/04\/venecia-aguas-limpias-apertura_15_970x597.jpeg?fit=970%2C597&resize=350%2C200 1x, https:\/\/i0.wp.com\/ccnews.com.ar\/prensa\/wp-content\/uploads\/2020\/04\/venecia-aguas-limpias-apertura_15_970x597.jpeg?fit=970%2C597&resize=525%2C300 1,5x, https:\/\/i0.wp.com\/ccnews.com.ar\/prensa\/wp-content\/uploads\/2020\/04\/venecia-aguas-limpias-apertura_15_970x597.jpeg?fit=970%2C597&resize=700%2C400 2x"},"classes":[]}],"jetpack_sharing_enabled":true,"_links":{"self":[{"href":"http:\/\/ccnews.com.ar\/prensa\/wp-json\/wp\/v2\/posts\/16676","targetHints":{"allow":["GET"]}}],"collection":[{"href":"http:\/\/ccnews.com.ar\/prensa\/wp-json\/wp\/v2\/posts"}],"about":[{"href":"http:\/\/ccnews.com.ar\/prensa\/wp-json\/wp\/v2\/types\/post"}],"author":[{"embeddable":true,"href":"http:\/\/ccnews.com.ar\/prensa\/wp-json\/wp\/v2\/users\/1"}],"replies":[{"embeddable":true,"href":"http:\/\/ccnews.com.ar\/prensa\/wp-json\/wp\/v2\/comments?post=16676"}],"version-history":[{"count":1,"href":"http:\/\/ccnews.com.ar\/prensa\/wp-json\/wp\/v2\/posts\/16676\/revisions"}],"predecessor-version":[{"id":16680,"href":"http:\/\/ccnews.com.ar\/prensa\/wp-json\/wp\/v2\/posts\/16676\/revisions\/16680"}],"wp:featuredmedia":[{"embeddable":true,"href":"http:\/\/ccnews.com.ar\/prensa\/wp-json\/wp\/v2\/media\/16678"}],"wp:attachment":[{"href":"http:\/\/ccnews.com.ar\/prensa\/wp-json\/wp\/v2\/media?parent=16676"}],"wp:term":[{"taxonomy":"category","embeddable":true,"href":"http:\/\/ccnews.com.ar\/prensa\/wp-json\/wp\/v2\/categories?post=16676"},{"taxonomy":"post_tag","embeddable":true,"href":"http:\/\/ccnews.com.ar\/prensa\/wp-json\/wp\/v2\/tags?post=16676"}],"curies":[{"name":"wp","href":"https:\/\/api.w.org\/{rel}","templated":true}]}}