{"id":16684,"date":"2021-08-04T09:22:51","date_gmt":"2021-08-04T12:22:51","guid":{"rendered":"http:\/\/ccnews.com.ar\/prensa\/?p=16684"},"modified":"2021-08-04T09:22:53","modified_gmt":"2021-08-04T12:22:53","slug":"10-puntos-a-considerar-para-emprender-un-negocio-sustentable","status":"publish","type":"post","link":"http:\/\/ccnews.com.ar\/prensa\/10-puntos-a-considerar-para-emprender-un-negocio-sustentable\/","title":{"rendered":"10 puntos a considerar para emprender un negocio sustentable"},"content":{"rendered":"\n<h4 class=\"wp-block-heading\">No basta con tener un negocio y ser rentable, \u00e9ste, debe tambi\u00e9n ser amigable con el\u00a0<strong>medio ambiente.<\/strong>\u00a0Asimismo, utilizar nuevas tecnolog\u00edas para reducir el consumo de agua y energ\u00eda, permite obtener mejores resultados, una mayor rentabilidad e incremento en ventas.<\/h4>\n\n\n\n<p>Los nuevos consumidores son cada vez m\u00e1s consientes sobre los<strong>&nbsp;problemas sociales y ambientales<\/strong>&nbsp;que aquejan a una poblaci\u00f3n, por lo que equitativamente, va en aumento la demanda de&nbsp;<strong>marcas sustentables.<\/strong><\/p>\n\n\n\n<p>Es por esta raz\u00f3n que hoy es un buen momento para emprender&nbsp;<strong>negocios con tendencia verde.<\/strong>&nbsp;A continuaci\u00f3n, 10 puntos a considerar para emprender un negocio:<\/p>\n\n\n\n<p><strong>Usar energ\u00eda verde:<\/strong>&nbsp;emplear m\u00e9todos de&nbsp;<strong>energ\u00eda renovable<\/strong>. El calor producido por carb\u00f3n o gasolinas produce gases de efecto invernadero que afectan a la atm\u00f3sfera, por lo que usar otras fuentes de energ\u00eda minimizan las emisiones de CO2.<\/p>\n\n\n\n<p><strong>Fomentar una cultura de sustentabilidad<\/strong>: con peque\u00f1as acciones como, usar luces de bajo consumo en la oficina o utilizar vasos reutilizables en lugar de vasos desechables para el agua o el caf\u00e9.<\/p>\n\n\n\n<p><strong>Reducir el uso de papel:<\/strong>&nbsp;trabajar en el almacenamiento digital, en vez del almacenamiento f\u00edsico para tus documentos, usando formularios digitales para recopilar informaci\u00f3n y la facturaci\u00f3n electr\u00f3nica para tratar con proveedores y consumidores.<\/p>\n\n\n\n<p><strong>Reducir el transporte de productos:<\/strong>&nbsp;se puede lograr cal comprar materia prima de proveedores locales y evitar cualquier transporte innecesario, as\u00ed se reduce la huella de carb\u00f3n de los veh\u00edculos automotores.<\/p>\n\n\n\n<p><strong>Clasificar los desechos:\u00a0<\/strong>seguir las gu\u00edas sobre c\u00f3mo separar los residuos por medio de contenedores de colores. Tener por un lado,<strong>\u00a0basura inorg\u00e1nica<\/strong>\u00a0como papel, vidrio, metales y textiles; por otro, los\u00a0<strong>residuos org\u00e1nicos\u00a0<\/strong>como restos de comida, filtros de caf\u00e9 o t\u00e9 y servilletas sucias. Esto para obtener m\u00e1s divisiones para un mejor aprovechamiento.<\/p>\n\n\n\n<p><strong>Informar al equipo de trabajo:<\/strong>&nbsp;si es un negocio con un equipo de trabajo, cada uno debe tener la informaci\u00f3n certera y concreta de las pr\u00e1cticas y las metas que se quieren alcanzar a trav\u00e9s del&nbsp;<strong>modelo sustentable.<\/strong><\/p>\n\n\n\n<p><strong>Certificaci\u00f3n como empresa verde:&nbsp;<\/strong>un certificado garantiza a los consumidores que el producto es ecol\u00f3gico y que no da\u00f1a al medio ambiente en ninguna de sus fases de fabricaci\u00f3n. Existen distintas instituciones que verifican y otorgan este tipo de Sello Verde o Ecol\u00f3gico.<\/p>\n\n\n\n<p><strong>Gastar eficientemente:&nbsp;<\/strong>Es necesario definir los costos y gastos, de manera mensual y anual, para conseguir un ahorro. Contar con un profesional que se dedique s\u00f3lo a los aspectos financieros contribuir\u00e1 a que la empresa tenga mayor rentabilidad y el dinero sea destinado eficientemente.<\/p>\n\n\n\n<p><strong>Fomentar la regla de las 3R\u2019s:&nbsp;<\/strong>Alentar a todos los participantes del negocio a reducir su producci\u00f3n de residuos, al tener pol\u00edticas de manejo de residuos definidas de manera clara. Implementar un programa de reciclaje, en el que todos aprendan a c\u00f3mo hacerlo. Y reutilizar art\u00edculos viejos o donarlos para que otros puedan usarlos.<\/p>\n\n\n\n<p><strong>Innovar el mercado:&nbsp;<\/strong>La apuesta m\u00e1s grande es ofrecer productos en favor de la sustentabilidad como, construir productos derivados del reciclaje, aprovechar los alimentos desperdiciados o crear productos \u00fatiles para el cuidado del medio ambiente.<\/p>\n\n\n\n<p>Ahora que sabes algunos tips para que un\u00a0<strong>negocio sea socialmente responsable y sustentable<\/strong>, no olvides ponerlo en pr\u00e1ctica ya que esto significar\u00e1 un valor agregado a la marca e incremento monetario.<\/p>\n\n\n\n<p>Fuente: Valor Compartido<\/p>\n<!-- AddThis Advanced Settings generic via filter on the_content -->","protected":false},"excerpt":{"rendered":"<p>No basta con tener un negocio y ser rentable, \u00e9ste, debe tambi\u00e9n ser amigable con el medio ambiente. Asimismo, utilizar nuevas tecnolog\u00edas para reducir el consumo de agua y energ\u00eda, permite obtener mejores resultados, una mayor rentabilidad e incremento en ventas.<!-- AddThis Advanced Settings generic via filter on get_the_excerpt --><\/p>\n","protected":false},"author":1,"featured_media":16686,"comment_status":"closed","ping_status":"closed","sticky":false,"template":"","format":"standard","meta":{"colormag_page_container_layout":"default_layout","colormag_page_sidebar_layout":"default_layout","jetpack_post_was_ever_published":false,"_jetpack_newsletter_access":"","_jetpack_dont_email_post_to_subs":false,"_jetpack_newsletter_tier_id":0,"_jetpack_memberships_contains_paywalled_content":false,"_jetpack_memberships_contains_paid_content":false,"footnotes":"","jetpack_publicize_message":"","jetpack_publicize_feature_enabled":true,"jetpack_social_post_already_shared":false,"jetpack_social_options":{"image_generator_settings":{"template":"highway","default_image_id":0,"font":"","enabled":false},"version":2}},"categories":[3],"tags":[],"class_list":["post-16684","post","type-post","status-publish","format-standard","has-post-thumbnail","hentry","category-sustentabilidad"],"jetpack_publicize_connections":[],"jetpack_featured_media_url":"https:\/\/i0.wp.com\/ccnews.com.ar\/prensa\/wp-content\/uploads\/2021\/08\/7-pasos-para-acelerar-la-sustentabilidad-de-tu-negocio.jpg?fit=770%2C500","jetpack_shortlink":"https:\/\/wp.me\/p7L1gj-4l6","jetpack-related-posts":[{"id":9323,"url":"http:\/\/ccnews.com.ar\/prensa\/los-5-superpoderes-que-las-personas-con-tdah-pueden-usar-para-ser-mejores-emprendedores\/","url_meta":{"origin":16684,"position":0},"title":"Los 5 superpoderes que las personas con TDAH pueden usar para ser mejores emprendedores","author":"CLUSTERciar","date":"16 noviembre, 2018","format":false,"excerpt":"Algunos de los rasgos que se encuentran en las personas con trastorno por d\u00e9ficit de atenci\u00f3n con hiperactividad pueden ser una ventaja al dirigir un negocio. Le sucede incluso a los\u00a0emprendedores\u00a0m\u00e1s centrados y motivados. Te sientas en tu escritorio y abres tu computadora port\u00e1til listo para cambiar el mundo y\u2026","rel":"","context":"En \u00abManagement\u00bb","block_context":{"text":"Management","link":"http:\/\/ccnews.com.ar\/prensa\/category\/management\/"},"img":{"alt_text":"","src":"https:\/\/i0.wp.com\/ccnews.com.ar\/prensa\/wp-content\/uploads\/2018\/11\/ccn.jpeg?fit=700%2C350&resize=350%2C200","width":350,"height":200,"srcset":"https:\/\/i0.wp.com\/ccnews.com.ar\/prensa\/wp-content\/uploads\/2018\/11\/ccn.jpeg?fit=700%2C350&resize=350%2C200 1x, https:\/\/i0.wp.com\/ccnews.com.ar\/prensa\/wp-content\/uploads\/2018\/11\/ccn.jpeg?fit=700%2C350&resize=525%2C300 1,5x, https:\/\/i0.wp.com\/ccnews.com.ar\/prensa\/wp-content\/uploads\/2018\/11\/ccn.jpeg?fit=700%2C350&resize=700%2C400 2x"},"classes":[]},{"id":2921,"url":"http:\/\/ccnews.com.ar\/prensa\/por-que-es-tan-dificil-emprender-en-la-argentina\/","url_meta":{"origin":16684,"position":1},"title":"\u00bfPOR QU\u00c9 ES TAN DIF\u00cdCIL EMPRENDER EN LA ARGENTINA?","author":"CLUSTERciar","date":"23 enero, 2017","format":false,"excerpt":"CUATRO GANADORES DEL PREMIO \u201cINNOVADORES MENORES DE 35 A\u00d1OS DE ARGENTINA Y URUGUAY\u201d DEL MIT TECHNOLOGY REVIEW CUENTAN POR QU\u00c9 RESULTA COMPLEJO DESARROLLAR EMPRENDIMIENTOS TECNOL\u00d3GICOS EN EL PA\u00cdS. Solange Massa, investigadora del MIT Cre\u00f3 un h\u00edgado en un chip. Permitir\u00e1, por ejemplo, sustituir las pruebas que se realizan en animales\u2026","rel":"","context":"En \u00abEducaci\u00f3n\/Sociedad\u00bb","block_context":{"text":"Educaci\u00f3n\/Sociedad","link":"http:\/\/ccnews.com.ar\/prensa\/category\/educacion-sociedad\/"},"img":{"alt_text":"","src":"https:\/\/i0.wp.com\/ccnews.com.ar\/prensa\/wp-content\/uploads\/2016\/12\/emprender_crop1482327310765.jpg_1484051676.jpg?fit=875%2C471&resize=350%2C200","width":350,"height":200,"srcset":"https:\/\/i0.wp.com\/ccnews.com.ar\/prensa\/wp-content\/uploads\/2016\/12\/emprender_crop1482327310765.jpg_1484051676.jpg?fit=875%2C471&resize=350%2C200 1x, https:\/\/i0.wp.com\/ccnews.com.ar\/prensa\/wp-content\/uploads\/2016\/12\/emprender_crop1482327310765.jpg_1484051676.jpg?fit=875%2C471&resize=525%2C300 1,5x, https:\/\/i0.wp.com\/ccnews.com.ar\/prensa\/wp-content\/uploads\/2016\/12\/emprender_crop1482327310765.jpg_1484051676.jpg?fit=875%2C471&resize=700%2C400 2x"},"classes":[]},{"id":1473,"url":"http:\/\/ccnews.com.ar\/prensa\/en-ee-uu-avanzan-los-proyectos-coporativos-de-generacion-de-energia\/","url_meta":{"origin":16684,"position":2},"title":"En EE.UU. avanzan los proyectos coporativos de generaci\u00f3n de energ\u00eda","author":"CLUSTERciar","date":"4 septiembre, 2016","format":false,"excerpt":"Apple, Google y Microsoft, entre otras firmas, comprobaron que producir electricidad de fuentes alternativas es amigable con el ambiente y adem\u00e1s es rentable PALO ALTO, California.- Las palabras est\u00e1n escritas en el frente de la Tienda de Apple, una caja de vidrio hecha un s\u00e1ndwich entre un restor\u00e1n tailand\u00e9s sin\u2026","rel":"","context":"En \u00abEnerg\u00eda y Producci\u00f3n\u00bb","block_context":{"text":"Energ\u00eda y Producci\u00f3n","link":"http:\/\/ccnews.com.ar\/prensa\/category\/energia-y-produccion\/"},"img":{"alt_text":"","src":"","width":0,"height":0},"classes":[]},{"id":2809,"url":"http:\/\/ccnews.com.ar\/prensa\/5-consejos-para-emprender-e-innovar-en-el-entorno-social\/","url_meta":{"origin":16684,"position":3},"title":"5 consejos para emprender e innovar en el entorno social","author":"CLUSTERciar","date":"5 enero, 2017","format":false,"excerpt":"El fundador de 'startups' como Ideafoster y eyeOS, Pau Garc\u00eda-Mil\u00e0, ha participado en el I Encuentro JES (J\u00f3venes Emprendedores Sociales) impulsado por la Universidad Europea donde se ha organizado un workshop donde los asistentes -entre ellos, los ganadores de las ocho ediciones de los Premios JES- han compartido sus experiencias,\u2026","rel":"","context":"En \u00abManagement\u00bb","block_context":{"text":"Management","link":"http:\/\/ccnews.com.ar\/prensa\/category\/management\/"},"img":{"alt_text":"","src":"https:\/\/i0.wp.com\/ccnews.com.ar\/prensa\/wp-content\/uploads\/2016\/12\/pauemprendedor_c.jpg?fit=220%2C220&resize=350%2C200","width":350,"height":200},"classes":[]},{"id":15602,"url":"http:\/\/ccnews.com.ar\/prensa\/transformacion-digital-por-que-el-covid%e2%80%9119-podria-acelerar-los-procesos\/","url_meta":{"origin":16684,"position":4},"title":"Transformaci\u00f3n digital: por qu\u00e9 el COVID\u201119 podr\u00eda acelerar los procesos","author":"Editor","date":"29 mayo, 2020","format":false,"excerpt":"La pandemia ha puesto de manifiesto la necesidad de que las empresas aceleren los procesos de transformaci\u00f3n digital y que se preparen para el largo plazo teniendo en cuenta la ciberseguridad.","rel":"","context":"En \u00abTransformaci\u00f3n digital\u00bb","block_context":{"text":"Transformaci\u00f3n digital","link":"http:\/\/ccnews.com.ar\/prensa\/category\/transformacion-digital\/"},"img":{"alt_text":"","src":"https:\/\/i0.wp.com\/ccnews.com.ar\/prensa\/wp-content\/uploads\/2020\/05\/1610.jpg?fit=880%2C495&resize=350%2C200","width":350,"height":200,"srcset":"https:\/\/i0.wp.com\/ccnews.com.ar\/prensa\/wp-content\/uploads\/2020\/05\/1610.jpg?fit=880%2C495&resize=350%2C200 1x, https:\/\/i0.wp.com\/ccnews.com.ar\/prensa\/wp-content\/uploads\/2020\/05\/1610.jpg?fit=880%2C495&resize=525%2C300 1,5x, https:\/\/i0.wp.com\/ccnews.com.ar\/prensa\/wp-content\/uploads\/2020\/05\/1610.jpg?fit=880%2C495&resize=700%2C400 2x"},"classes":[]},{"id":1401,"url":"http:\/\/ccnews.com.ar\/prensa\/inspeccion-en-soldadura-un-negocio-que-continua-creciendo\/","url_meta":{"origin":16684,"position":5},"title":"Inspecci\u00f3n en Soldadura &#8211; Un negocio que contin\u00faa creciendo","author":"CLUSTERciar","date":"31 agosto, 2016","format":false,"excerpt":"Entrevista a Santiago Nabaes Ingeniero Civil, egresado de la Universidad Nacional del Comahue. Inspector de Soldadura Nivel III seg\u00fan Norma IRAM-IAS U 500-169. Inspector API 653 certificado por American Petroleum Institute. Gerente de Ingenier\u00eda de la empresa Backing SRL. ExDirector del Ente de Certificaci\u00f3n y Calificaci\u00f3n de Soldadores N\u00b06. Inspector\u2026","rel":"","context":"En \u00abEnerg\u00eda y Producci\u00f3n\u00bb","block_context":{"text":"Energ\u00eda y Producci\u00f3n","link":"http:\/\/ccnews.com.ar\/prensa\/category\/energia-y-produccion\/"},"img":{"alt_text":"","src":"","width":0,"height":0},"classes":[]}],"jetpack_sharing_enabled":true,"_links":{"self":[{"href":"http:\/\/ccnews.com.ar\/prensa\/wp-json\/wp\/v2\/posts\/16684","targetHints":{"allow":["GET"]}}],"collection":[{"href":"http:\/\/ccnews.com.ar\/prensa\/wp-json\/wp\/v2\/posts"}],"about":[{"href":"http:\/\/ccnews.com.ar\/prensa\/wp-json\/wp\/v2\/types\/post"}],"author":[{"embeddable":true,"href":"http:\/\/ccnews.com.ar\/prensa\/wp-json\/wp\/v2\/users\/1"}],"replies":[{"embeddable":true,"href":"http:\/\/ccnews.com.ar\/prensa\/wp-json\/wp\/v2\/comments?post=16684"}],"version-history":[{"count":1,"href":"http:\/\/ccnews.com.ar\/prensa\/wp-json\/wp\/v2\/posts\/16684\/revisions"}],"predecessor-version":[{"id":16688,"href":"http:\/\/ccnews.com.ar\/prensa\/wp-json\/wp\/v2\/posts\/16684\/revisions\/16688"}],"wp:featuredmedia":[{"embeddable":true,"href":"http:\/\/ccnews.com.ar\/prensa\/wp-json\/wp\/v2\/media\/16686"}],"wp:attachment":[{"href":"http:\/\/ccnews.com.ar\/prensa\/wp-json\/wp\/v2\/media?parent=16684"}],"wp:term":[{"taxonomy":"category","embeddable":true,"href":"http:\/\/ccnews.com.ar\/prensa\/wp-json\/wp\/v2\/categories?post=16684"},{"taxonomy":"post_tag","embeddable":true,"href":"http:\/\/ccnews.com.ar\/prensa\/wp-json\/wp\/v2\/tags?post=16684"}],"curies":[{"name":"wp","href":"https:\/\/api.w.org\/{rel}","templated":true}]}}