{"id":16699,"date":"2021-09-03T17:18:36","date_gmt":"2021-09-03T20:18:36","guid":{"rendered":"http:\/\/ccnews.com.ar\/prensa\/?p=16699"},"modified":"2021-09-03T17:18:38","modified_gmt":"2021-09-03T20:18:38","slug":"vida-sustentable-ecotips-para-tu-vida-diaria","status":"publish","type":"post","link":"http:\/\/ccnews.com.ar\/prensa\/vida-sustentable-ecotips-para-tu-vida-diaria\/","title":{"rendered":"Vida sustentable: ecotips para tu vida diaria"},"content":{"rendered":"\n<p><strong>Si sos una de esas personas que quiere tener una vida sustentable en Pilar, en esta breve columna te compartimos diversos consejos para que tengas en cuenta a la hora de colaborar con el medio<\/strong><\/p>\n\n\n\n<p>\u00bfC\u00f3mo lograr una vida sustentable?<\/p>\n\n\n\n<p>Si hablamos del medio ambiente, todas las personas pueden contribuir a su cuidado: llevar h\u00e1bitos ecol\u00f3gicos s\u00f3lo requiere tomar consciencia y cambiar algunas rutinas.<\/p>\n\n\n\n<p>A continuaci\u00f3n, te proponemos algunos simples ecotips para tu vida diaria.<\/p>\n\n\n\n<p>\u2022&nbsp;<strong>No desperdicies el agua.&nbsp;<\/strong>Es primordial que cierres las canillas mientras no las est\u00e9n usando y si pierden, arr\u00e9glalas.<\/p>\n\n\n\n<p>\u2022&nbsp;<strong>Us\u00e1 pinturas de colores claros.<\/strong>&nbsp;Pintar las paredes con tonalidades claras te permite aprovechar al m\u00e1ximo la luz natural y ahorrar energ\u00eda.<\/p>\n\n\n\n<p>\u2022&nbsp;<strong>Separ\u00e1 los residuos.<\/strong>&nbsp;Pilar cuenta con un importante sistema en crecimiento a la hora de separar los residuos, con el objetivo de lograr un consumo y disposici\u00f3n responsable de los desechos.<\/p>\n\n\n\n<p>\u2022&nbsp;<strong>Cuid\u00e1 tu consumo energ\u00e9tico.<\/strong>&nbsp;Apag\u00e1 los aparatos el\u00e9ctricos mientras no los est\u00e9s usando y procur\u00e1 utilizar l\u00e1mparas de bajo consumo.<\/p>\n\n\n\n<p>\u2022 Respecto a la movilidad, pod\u00e9s aprovechar el transporte p\u00fablico o bien, caminar o usar la bicicleta.<\/p>\n\n\n\n<p>\u2022<strong>&nbsp;Compostaje casero.<\/strong>&nbsp;Muchos de los residuos de tu casa son materia org\u00e1nica que pod\u00e9s convertirlos en abono para las plantas.<\/p>\n\n\n\n<p>\u2022 Apoy\u00e1 la producci\u00f3n local. Los productos producidos de manera industrial pasan por diversas instancias en las que requieren una gran cantidad de energ\u00eda y recursos innecesarios. Por tanto, en la medida de tus posibilidades, es aconsejable que compres art\u00edculos de producci\u00f3n local.<\/p>\n\n\n\n<p>\u00a1Tom\u00e1 nota!<\/p>\n\n\n\n<p>Fuente: Pilar Diario<\/p>\n<!-- AddThis Advanced Settings generic via filter on the_content -->","protected":false},"excerpt":{"rendered":"<p>Si sos una de esas personas que quiere tener una vida sustentable en Pilar, en esta breve columna te compartimos<!-- AddThis Advanced Settings generic via filter on get_the_excerpt --><\/p>\n","protected":false},"author":1,"featured_media":16701,"comment_status":"closed","ping_status":"closed","sticky":false,"template":"","format":"standard","meta":{"colormag_page_container_layout":"default_layout","colormag_page_sidebar_layout":"default_layout","jetpack_post_was_ever_published":false,"_jetpack_newsletter_access":"","_jetpack_dont_email_post_to_subs":false,"_jetpack_newsletter_tier_id":0,"_jetpack_memberships_contains_paywalled_content":false,"_jetpack_memberships_contains_paid_content":false,"footnotes":"","jetpack_publicize_message":"","jetpack_publicize_feature_enabled":true,"jetpack_social_post_already_shared":false,"jetpack_social_options":{"image_generator_settings":{"template":"highway","default_image_id":0,"font":"","enabled":false},"version":2}},"categories":[3],"tags":[],"class_list":["post-16699","post","type-post","status-publish","format-standard","has-post-thumbnail","hentry","category-sustentabilidad"],"jetpack_publicize_connections":[],"jetpack_featured_media_url":"https:\/\/i0.wp.com\/ccnews.com.ar\/prensa\/wp-content\/uploads\/2021\/09\/mert-guller-jFBWOaoS-7o-unsplash.jpg?fit=6000%2C4000","jetpack_shortlink":"https:\/\/wp.me\/p7L1gj-4ll","jetpack-related-posts":[{"id":16180,"url":"http:\/\/ccnews.com.ar\/prensa\/como-llevar-una-vida-mas-sustentable\/","url_meta":{"origin":16699,"position":0},"title":"\u00bfC\u00f3mo llevar una vida m\u00e1s sustentable?","author":"Editor","date":"24 septiembre, 2020","format":false,"excerpt":"No es ninguna noticia nueva que el calentamiento global ha generado cambios clim\u00e1ticos. Aqu\u00ed te compartimos las f\u00e1ciles acciones que puedes hacer en tu vida para crear un estilo de vida amigable con el ambiente.","rel":"","context":"En \u00abSustentabilidad\u00bb","block_context":{"text":"Sustentabilidad","link":"http:\/\/ccnews.com.ar\/prensa\/category\/sustentabilidad\/"},"img":{"alt_text":"","src":"https:\/\/i0.wp.com\/ccnews.com.ar\/prensa\/wp-content\/uploads\/2020\/09\/BB19m8pY.jpg?fit=799%2C493&resize=350%2C200","width":350,"height":200,"srcset":"https:\/\/i0.wp.com\/ccnews.com.ar\/prensa\/wp-content\/uploads\/2020\/09\/BB19m8pY.jpg?fit=799%2C493&resize=350%2C200 1x, https:\/\/i0.wp.com\/ccnews.com.ar\/prensa\/wp-content\/uploads\/2020\/09\/BB19m8pY.jpg?fit=799%2C493&resize=525%2C300 1,5x, https:\/\/i0.wp.com\/ccnews.com.ar\/prensa\/wp-content\/uploads\/2020\/09\/BB19m8pY.jpg?fit=799%2C493&resize=700%2C400 2x"},"classes":[]},{"id":14596,"url":"http:\/\/ccnews.com.ar\/prensa\/sustentabilidad-un-estilo-de-vida\/","url_meta":{"origin":16699,"position":1},"title":"Sustentabilidad, un estilo de vida","author":"admin","date":"16 febrero, 2020","format":false,"excerpt":"En Mendoza la movida va ganando fuerza. Hay Pymes que van creciendo de la mano de la econom\u00eda circular- Los diez pa\u00edses m\u00e1s sustentables son europeos. Esto no quiere decir que debamos mudarnos a Suiza, Luxemburgo, Austria, Singapur, Alemania, Espa\u00f1a, Rep\u00fablica Checa, Austria, Suecia o Noruega para poder llevar una\u2026","rel":"","context":"En \u00abEducaci\u00f3n\/Sociedad\u00bb","block_context":{"text":"Educaci\u00f3n\/Sociedad","link":"http:\/\/ccnews.com.ar\/prensa\/category\/educacion-sociedad\/"},"img":{"alt_text":"","src":"https:\/\/i0.wp.com\/ccnews.com.ar\/prensa\/wp-content\/uploads\/2020\/02\/economia-circular-1024x679.png?fit=1024%2C679&resize=350%2C200","width":350,"height":200,"srcset":"https:\/\/i0.wp.com\/ccnews.com.ar\/prensa\/wp-content\/uploads\/2020\/02\/economia-circular-1024x679.png?fit=1024%2C679&resize=350%2C200 1x, https:\/\/i0.wp.com\/ccnews.com.ar\/prensa\/wp-content\/uploads\/2020\/02\/economia-circular-1024x679.png?fit=1024%2C679&resize=525%2C300 1,5x, https:\/\/i0.wp.com\/ccnews.com.ar\/prensa\/wp-content\/uploads\/2020\/02\/economia-circular-1024x679.png?fit=1024%2C679&resize=700%2C400 2x"},"classes":[]},{"id":16692,"url":"http:\/\/ccnews.com.ar\/prensa\/conoce-estos-tips-para-viajar-de-manera-sustentable\/","url_meta":{"origin":16699,"position":2},"title":"Conoce estos tips para viajar de manera sustentable","author":"admin","date":"12 agosto, 2021","format":false,"excerpt":"Los viajeros declararon querer viajar de manera sustentable, pero tienen dificultades para encontrar hospedajes con este sello o pr\u00e1cticas.","rel":"","context":"En \u00abSustentabilidad\u00bb","block_context":{"text":"Sustentabilidad","link":"http:\/\/ccnews.com.ar\/prensa\/category\/sustentabilidad\/"},"img":{"alt_text":"","src":"https:\/\/i0.wp.com\/ccnews.com.ar\/prensa\/wp-content\/uploads\/2021\/08\/viagem-sustent%C3%A1vel.jpg?fit=750%2C500&resize=350%2C200","width":350,"height":200,"srcset":"https:\/\/i0.wp.com\/ccnews.com.ar\/prensa\/wp-content\/uploads\/2021\/08\/viagem-sustent%C3%A1vel.jpg?fit=750%2C500&resize=350%2C200 1x, https:\/\/i0.wp.com\/ccnews.com.ar\/prensa\/wp-content\/uploads\/2021\/08\/viagem-sustent%C3%A1vel.jpg?fit=750%2C500&resize=525%2C300 1,5x, https:\/\/i0.wp.com\/ccnews.com.ar\/prensa\/wp-content\/uploads\/2021\/08\/viagem-sustent%C3%A1vel.jpg?fit=750%2C500&resize=700%2C400 2x"},"classes":[]},{"id":15216,"url":"http:\/\/ccnews.com.ar\/prensa\/ser-sustentable-en-2020-clave-para-evitar-el-fracaso-de-las-empresas\/","url_meta":{"origin":16699,"position":3},"title":"Ser sustentable en 2020: clave para evitar el fracaso de las empresas","author":"admin","date":"11 abril, 2020","format":false,"excerpt":"Cada vez m\u00e1s en el mundo, sobre todo en estos momentos de alta tensi\u00f3n, la sociedad valora que las empresas sean sustentables. Un estilo de gestionar que puede evitar fracasar en este 2020 que luce tan incierto como desafiante. Se considera que una empresa es sustentable cuando busca su excelencia\u2026","rel":"","context":"En \u00abEducaci\u00f3n\/Sociedad\u00bb","block_context":{"text":"Educaci\u00f3n\/Sociedad","link":"http:\/\/ccnews.com.ar\/prensa\/category\/educacion-sociedad\/"},"img":{"alt_text":"","src":"https:\/\/i0.wp.com\/ccnews.com.ar\/prensa\/wp-content\/uploads\/2020\/04\/494690.jpg?fit=880%2C587&resize=350%2C200","width":350,"height":200,"srcset":"https:\/\/i0.wp.com\/ccnews.com.ar\/prensa\/wp-content\/uploads\/2020\/04\/494690.jpg?fit=880%2C587&resize=350%2C200 1x, https:\/\/i0.wp.com\/ccnews.com.ar\/prensa\/wp-content\/uploads\/2020\/04\/494690.jpg?fit=880%2C587&resize=525%2C300 1,5x, https:\/\/i0.wp.com\/ccnews.com.ar\/prensa\/wp-content\/uploads\/2020\/04\/494690.jpg?fit=880%2C587&resize=700%2C400 2x"},"classes":[]},{"id":14632,"url":"http:\/\/ccnews.com.ar\/prensa\/economia-util-y-ambientalmente-sustentable\/","url_meta":{"origin":16699,"position":4},"title":"Econom\u00eda  \u00fatil y ambientalmente sustentable","author":"admin","date":"21 febrero, 2020","format":false,"excerpt":"\u00bfPor qu\u00e9 una empresa debe preocuparse del desarrollo sustentable? \u00bfEsto cuesti\u00f3n de los gobiernos, de los pol\u00edticos, de los te\u00f3ricos? No, definitivamente no. Vivimos en un mundo complejo, donde las interdependencias entre los sistemas act\u00faan en forma constante. Develar fehacientemente estas interrelaciones nos es imposible, pero como m\u00ednimo podemos aproximarnos.\u2026","rel":"","context":"En \u00abEducaci\u00f3n\/Sociedad\u00bb","block_context":{"text":"Educaci\u00f3n\/Sociedad","link":"http:\/\/ccnews.com.ar\/prensa\/category\/educacion-sociedad\/"},"img":{"alt_text":"","src":"https:\/\/i0.wp.com\/ccnews.com.ar\/prensa\/wp-content\/uploads\/2020\/02\/5e441470-6669-11e9-ba9a-f15f77fc3ce7-rimg-w1200-h600-gmir.jpg?fit=1200%2C600&resize=350%2C200","width":350,"height":200,"srcset":"https:\/\/i0.wp.com\/ccnews.com.ar\/prensa\/wp-content\/uploads\/2020\/02\/5e441470-6669-11e9-ba9a-f15f77fc3ce7-rimg-w1200-h600-gmir.jpg?fit=1200%2C600&resize=350%2C200 1x, https:\/\/i0.wp.com\/ccnews.com.ar\/prensa\/wp-content\/uploads\/2020\/02\/5e441470-6669-11e9-ba9a-f15f77fc3ce7-rimg-w1200-h600-gmir.jpg?fit=1200%2C600&resize=525%2C300 1,5x, https:\/\/i0.wp.com\/ccnews.com.ar\/prensa\/wp-content\/uploads\/2020\/02\/5e441470-6669-11e9-ba9a-f15f77fc3ce7-rimg-w1200-h600-gmir.jpg?fit=1200%2C600&resize=700%2C400 2x, https:\/\/i0.wp.com\/ccnews.com.ar\/prensa\/wp-content\/uploads\/2020\/02\/5e441470-6669-11e9-ba9a-f15f77fc3ce7-rimg-w1200-h600-gmir.jpg?fit=1200%2C600&resize=1050%2C600 3x"},"classes":[]},{"id":14694,"url":"http:\/\/ccnews.com.ar\/prensa\/la-movilidad-colaborativa-y-sustentable-un-desafio-urbano-para-todos\/","url_meta":{"origin":16699,"position":5},"title":"La movilidad colaborativa y sustentable, un desaf\u00edo urbano para todos","author":"admin","date":"27 febrero, 2020","format":false,"excerpt":"Las alternativas al autom\u00f3vil particular son bienvenidas en las ciudades del presente y tambi\u00e9n lo ser\u00e1n en las del futuro. Latinoam\u00e9rica tiene cuatro de las 10 ciudades con peor tr\u00e1fico del mundo. A su vez, en la Ciudad Aut\u00f3noma de Buenos Aires, el 50% de la infraestructura de la ciudad\u2026","rel":"","context":"En \u00abEducaci\u00f3n\/Sociedad\u00bb","block_context":{"text":"Educaci\u00f3n\/Sociedad","link":"http:\/\/ccnews.com.ar\/prensa\/category\/educacion-sociedad\/"},"img":{"alt_text":"","src":"https:\/\/i0.wp.com\/ccnews.com.ar\/prensa\/wp-content\/uploads\/2020\/02\/DATA_.jpeg?fit=1024%2C683&resize=350%2C200","width":350,"height":200,"srcset":"https:\/\/i0.wp.com\/ccnews.com.ar\/prensa\/wp-content\/uploads\/2020\/02\/DATA_.jpeg?fit=1024%2C683&resize=350%2C200 1x, https:\/\/i0.wp.com\/ccnews.com.ar\/prensa\/wp-content\/uploads\/2020\/02\/DATA_.jpeg?fit=1024%2C683&resize=525%2C300 1,5x, https:\/\/i0.wp.com\/ccnews.com.ar\/prensa\/wp-content\/uploads\/2020\/02\/DATA_.jpeg?fit=1024%2C683&resize=700%2C400 2x"},"classes":[]}],"jetpack_sharing_enabled":true,"_links":{"self":[{"href":"http:\/\/ccnews.com.ar\/prensa\/wp-json\/wp\/v2\/posts\/16699","targetHints":{"allow":["GET"]}}],"collection":[{"href":"http:\/\/ccnews.com.ar\/prensa\/wp-json\/wp\/v2\/posts"}],"about":[{"href":"http:\/\/ccnews.com.ar\/prensa\/wp-json\/wp\/v2\/types\/post"}],"author":[{"embeddable":true,"href":"http:\/\/ccnews.com.ar\/prensa\/wp-json\/wp\/v2\/users\/1"}],"replies":[{"embeddable":true,"href":"http:\/\/ccnews.com.ar\/prensa\/wp-json\/wp\/v2\/comments?post=16699"}],"version-history":[{"count":1,"href":"http:\/\/ccnews.com.ar\/prensa\/wp-json\/wp\/v2\/posts\/16699\/revisions"}],"predecessor-version":[{"id":16703,"href":"http:\/\/ccnews.com.ar\/prensa\/wp-json\/wp\/v2\/posts\/16699\/revisions\/16703"}],"wp:featuredmedia":[{"embeddable":true,"href":"http:\/\/ccnews.com.ar\/prensa\/wp-json\/wp\/v2\/media\/16701"}],"wp:attachment":[{"href":"http:\/\/ccnews.com.ar\/prensa\/wp-json\/wp\/v2\/media?parent=16699"}],"wp:term":[{"taxonomy":"category","embeddable":true,"href":"http:\/\/ccnews.com.ar\/prensa\/wp-json\/wp\/v2\/categories?post=16699"},{"taxonomy":"post_tag","embeddable":true,"href":"http:\/\/ccnews.com.ar\/prensa\/wp-json\/wp\/v2\/tags?post=16699"}],"curies":[{"name":"wp","href":"https:\/\/api.w.org\/{rel}","templated":true}]}}