{"id":16707,"date":"2021-10-06T11:11:02","date_gmt":"2021-10-06T14:11:02","guid":{"rendered":"http:\/\/ccnews.com.ar\/prensa\/?p=16707"},"modified":"2021-10-06T11:11:04","modified_gmt":"2021-10-06T14:11:04","slug":"impulsan-el-uso-de-la-bicicleta-y-la-caminata-para-mejorar-el-espacio-publico","status":"publish","type":"post","link":"http:\/\/ccnews.com.ar\/prensa\/impulsan-el-uso-de-la-bicicleta-y-la-caminata-para-mejorar-el-espacio-publico\/","title":{"rendered":"Impulsan el uso de la bicicleta y la caminata para mejorar el espacio p\u00fablico"},"content":{"rendered":"\n<p> En 2020 viajaron en bicicleta 405.000 personas por d\u00eda, contra los 320.000 que lo hicieron en 2019.\u00a0La incorporaci\u00f3n de ciclistas y peatones al entramado vial es uno de los desaf\u00edos actuales para las diferentes jurisdicciones, estac\u00f3 la\u00a0Agencia Nacional de Seguridad Vial en la semana de la Movilidad Sustentable. <\/p>\n\n\n\n<p>\n\nEl uso de la bicicleta y la caminata para circular en la ciudad cobran cada vez m\u00e1s importancia frente a la utilizaci\u00f3n del autom\u00f3vil, en la b\u00fasqueda de alternativas que &#8220;aporten al desarrollo sostenible mejorando el uso y la apreciaci\u00f3n del espacio p\u00fablico&#8221;, se\u00f1al\u00f3 este domingo la Agencia Nacional de Seguridad Vial (ANSV) en la Semana de la Movilidad Sustentable, que se celebra en todo el mundo y en algunos distritos de la Argentina.<\/p>\n\n\n\n<p><strong>&#8220;La bicicleta es un medio de transporte econ\u00f3mico, ecol\u00f3gico y saludable<\/strong>, mientras que las y los peatones constituyen el grupo m\u00e1s grande de usuarios de la v\u00eda. Uno de los desaf\u00edos actuales es incorporar a peatones y ciclistas dentro del entramado vial ante un tr\u00e1nsito urbano que se caracteriza por darle prioridad a los veh\u00edculos motorizados&#8221;, indic\u00f3 la ANSV.<\/p>\n\n\n\n<p>En Argentina, datos del Observatorio Vial de la ANSV del primer semestre de 2021 indican que&nbsp;<strong>de las 1.675 personas fallecidas en siniestros viales, el 11 por ciento corresponde a peatones y el 4% a ciclistas.<\/strong><\/p>\n\n\n\n<p>La Ciudad de Buenos Aires se sum\u00f3 a la Semana, que comenz\u00f3 el 16 de septiembre y culmina el 22 con el D\u00eda Mundial Sin Auto, por noveno a\u00f1o consecutivo, con la idea de impulsar el uso de las bicicletas, el transporte p\u00fablico y la caminata.<\/p>\n\n\n\n<p><\/p>\n\n\n\n<blockquote class=\"wp-block-quote is-layout-flow wp-block-quote-is-layout-flow\"><p>En 2020 viajaron en bicicleta 405.000 personas por d\u00eda contra los 320.000 que lo hicieron en 2019<\/p><\/blockquote>\n\n\n\n<p>&#8220;Parte de la Semana de la Movilidad Sustentable es afianzar un cambio cultural&#8221;, afirm\u00f3 la&nbsp;<strong>subsecretaria de Planificaci\u00f3n de la Movilidad de la Ciudad de Buenos Aires (CABA), Lucila Capelli<\/strong>&nbsp;en di\u00e1logo con T\u00e9lam.<\/p>\n\n\n\n<p>&#8220;La pandemia gener\u00f3 un fuerte empuje: los viajes en bicicleta vienen creciendo desde hace diez a\u00f1os de forma sostenida y el a\u00f1o pasado se incrementaron un 28%, fue el \u00fanico modo de transporte que aument\u00f3 en un momento en que los viajes en la Ciudad se redujeron a la mitad&#8221;, explic\u00f3 la funcionaria.<\/p>\n\n\n\n<p>En 2020 viajaron en bicicleta 405.000 personas por d\u00eda contra los 320.000 que lo hicieron en 2019.En CABA se realizan seis millones de viajes diarios, lo que representa un desaf\u00edo para la circulaci\u00f3n vehicular. <\/p>\n\n\n\n<p><strong>Seg\u00fan datos de 2020, se incrementaron los viajes en autos particulares del 22 al 36%&nbsp;<\/strong>y hubo, por las restricciones para mitigar el avance del coronavirus, una reducci\u00f3n en el uso del transporte p\u00fablico del 50 al 29%.<\/p>\n\n\n\n<p>&#8220;Hay entre 800.000 y 900.000 personas que todav\u00eda no volvieron al transporte p\u00fablico; el problema es el cambio a la moto o el veh\u00edculo particular&#8221;, se\u00f1al\u00f3.<\/p>\n\n\n\n<p>El Gobierno porte\u00f1o organiz\u00f3 para la Semana actividades tales como una bicicleteada que se llev\u00f3 a cabo esta ma\u00f1ana y el domingo 26 exposici\u00f3n de veh\u00edculos el\u00e9ctricos en avenida Figueroa Alcorta, entre avenida Dorrego y avenida Alsina, entre otras.<\/p>\n\n\n\n<p><strong>La bicicleteada gratuita se realiz\u00f3 en Puerto Madero y participaron 500 personas\u00a0<\/strong>del recorrido que se extendi\u00f3 a lo largo de siete kil\u00f3metros por las avenidas Dellepiane, Alicia Moreau de Justo, Cecilia Grierson y de los Italianos. <\/p>\n\n\n\n<p>\n\nEn Mendoza<\/p>\n\n\n\n<p>Otro de los distritos que se sum\u00f3 a la Semana de la Movilidad Sustentable es la ciudad de Mendoza, con actividades que comprenden un bicitour guiado, un Taller Comunitario de Ciclomec\u00e1nica y&nbsp;<strong>la conmemoraci\u00f3n del D\u00eda Mundial Sin Auto<\/strong>, detallaron desde el municipio.<\/p>\n\n\n\n<p>Actualmente se encuentra en marcha la obra de Red de Ciclov\u00edas en el \u00c1rea Metropolitana que unificar\u00e1 la red existente de ciclov\u00edas para que se conecten los municipios del Gran Mendoza.Esta red, en la que&nbsp;<strong>est\u00e1 previsto construir 110 kil\u00f3metros, se sumar\u00e1 al sistema de movilidad de la provincia.<\/strong><\/p>\n\n\n\n<p>&#8220;Un dato importante es que \u00faltimamente creci\u00f3 el uso de la bicicleta en los principales centros urbanos del pa\u00eds&#8221; por el contexto de la pandemia, se\u00f1al\u00f3 el secretario de Ambiente y Ordenamiento Territorial de la provincia, Humberto Mingorance.<\/p>\n\n\n\n<p>En Rosario<\/p>\n\n\n\n<p>En esta ciudad, desde la puesta en marcha del&nbsp;<strong>programa &#8220;Mi bici Tu bici&#8221; en 2015 se realizaron 3.871.000 viajes urbanos<\/strong>&nbsp;y el promedio de los usuarios y usuarias &#8220;es de 35 a\u00f1os&#8221;, seg\u00fan inform\u00f3 a T\u00e9lam la secretaria de Movilidad del municipio, Eva Jokanovich.<\/p>\n\n\n\n<p>&#8220;Agosto (de este a\u00f1o) fue el mes en que m\u00e1s usos se realizaron en la historia de Mi bici Tu bici, ya que fueron 108 mil viajes. En lo que va del 2021 en promedio por mes, se hicieron 81 mil&#8221;, precis\u00f3 la funcionaria.<\/p>\n\n\n\n<p>En mayo de este a\u00f1o el intendente rosarino Pablo Javkin, present\u00f3 un plan de ciclov\u00edas temporarias en el marco de la pandemia para favorecer el uso de la bicicleta como forma de movilidad y generar alternativas al transporte p\u00fablico masivo.<\/p>\n\n\n\n<p>El intendente Javkin present\u00f3 en esa ocasi\u00f3n&nbsp;<strong>&#8220;34 kil\u00f3metros de ciclov\u00edas temporarias&#8221;<\/strong>, que seg\u00fan dijo, &#8220;se sumaron a las ya existentes y que nos permiten extender la red un 25% m\u00e1s y llevarla a 173 kil\u00f3metros en toda la ciudad&#8221;.<\/p>\n\n\n\n<p>Adem\u00e1s, en noviembre del 2020 el Concejo Municipal aprob\u00f3 la ordenanza que regula el uso de monopatines y patinetas el\u00e9ctricas, y diferentes dispositivos de movilidad personal.<\/p>\n\n\n\n<p>En C\u00f3rdoba<\/p>\n\n\n\n<p>Otra es la situaci\u00f3n de la ciudad de C\u00f3rdoba, donde&nbsp;<strong>existen casi 100 kil\u00f3metros de ciclov\u00edas&nbsp;<\/strong>que fueron creadas en la d\u00e9cada del 90.En su mayor\u00eda no cuentan con mantenimiento y est\u00e1n bastante deterioradas, seg\u00fan denunci\u00f3 la agrupaci\u00f3n Biciurbanos luego de relevar el estado de 99,8 kil\u00f3metros, de los cuales un 77% no estaba en condiciones para circular.<\/p>\n\n\n\n<p>Concejales de la oposici\u00f3n precisaron en el \u00faltimo tiempo que\u00a0<strong>solo el 28% de ciclov\u00edas &#8220;tiene buena iluminaci\u00f3n&#8221;<\/strong>, y que de 29 trazas relevadas, s\u00f3lo existen 10 tramos conectados. <\/p>\n\n\n\n<p>Fuente: Telam<\/p>\n<!-- AddThis Advanced Settings generic via filter on the_content -->","protected":false},"excerpt":{"rendered":"<p>En 2020 viajaron en bicicleta 405.000 personas por d\u00eda, contra los 320.000 que lo hicieron en 2019. La incorporaci\u00f3n de ciclistas y peatones al entramado vial es uno de los desaf\u00edos actuales para las diferentes jurisdicciones, estac\u00f3 la Agencia Nacional de Seguridad Vial en la semana de la Movilidad Sustentable.<!-- AddThis Advanced Settings generic via filter on get_the_excerpt --><\/p>\n","protected":false},"author":1,"featured_media":16709,"comment_status":"closed","ping_status":"closed","sticky":false,"template":"","format":"standard","meta":{"colormag_page_container_layout":"default_layout","colormag_page_sidebar_layout":"default_layout","jetpack_post_was_ever_published":false,"_jetpack_newsletter_access":"","_jetpack_dont_email_post_to_subs":false,"_jetpack_newsletter_tier_id":0,"_jetpack_memberships_contains_paywalled_content":false,"_jetpack_memberships_contains_paid_content":false,"footnotes":"","jetpack_publicize_message":"","jetpack_publicize_feature_enabled":true,"jetpack_social_post_already_shared":false,"jetpack_social_options":{"image_generator_settings":{"template":"highway","default_image_id":0,"font":"","enabled":false},"version":2}},"categories":[3],"tags":[159,161,163,152,132],"class_list":["post-16707","post","type-post","status-publish","format-standard","has-post-thumbnail","hentry","category-sustentabilidad","tag-bicicletas","tag-ciudad","tag-ecologia","tag-movilidad","tag-sustentabilidad"],"jetpack_publicize_connections":[],"jetpack_featured_media_url":"https:\/\/i0.wp.com\/ccnews.com.ar\/prensa\/wp-content\/uploads\/2021\/10\/tobias-cornille-ZPpC98Vus3k-unsplash.jpg?fit=4912%2C3264","jetpack_shortlink":"https:\/\/wp.me\/p7L1gj-4lt","jetpack-related-posts":[{"id":14694,"url":"http:\/\/ccnews.com.ar\/prensa\/la-movilidad-colaborativa-y-sustentable-un-desafio-urbano-para-todos\/","url_meta":{"origin":16707,"position":0},"title":"La movilidad colaborativa y sustentable, un desaf\u00edo urbano para todos","author":"admin","date":"27 febrero, 2020","format":false,"excerpt":"Las alternativas al autom\u00f3vil particular son bienvenidas en las ciudades del presente y tambi\u00e9n lo ser\u00e1n en las del futuro. Latinoam\u00e9rica tiene cuatro de las 10 ciudades con peor tr\u00e1fico del mundo. A su vez, en la Ciudad Aut\u00f3noma de Buenos Aires, el 50% de la infraestructura de la ciudad\u2026","rel":"","context":"En \u00abEducaci\u00f3n\/Sociedad\u00bb","block_context":{"text":"Educaci\u00f3n\/Sociedad","link":"http:\/\/ccnews.com.ar\/prensa\/category\/educacion-sociedad\/"},"img":{"alt_text":"","src":"https:\/\/i0.wp.com\/ccnews.com.ar\/prensa\/wp-content\/uploads\/2020\/02\/DATA_.jpeg?fit=1024%2C683&resize=350%2C200","width":350,"height":200,"srcset":"https:\/\/i0.wp.com\/ccnews.com.ar\/prensa\/wp-content\/uploads\/2020\/02\/DATA_.jpeg?fit=1024%2C683&resize=350%2C200 1x, https:\/\/i0.wp.com\/ccnews.com.ar\/prensa\/wp-content\/uploads\/2020\/02\/DATA_.jpeg?fit=1024%2C683&resize=525%2C300 1,5x, https:\/\/i0.wp.com\/ccnews.com.ar\/prensa\/wp-content\/uploads\/2020\/02\/DATA_.jpeg?fit=1024%2C683&resize=700%2C400 2x"},"classes":[]},{"id":16522,"url":"http:\/\/ccnews.com.ar\/prensa\/vacaciones-tips-para-ser-un-viajero-sustentable-en-cualquier-destino\/","url_meta":{"origin":16707,"position":1},"title":"Vacaciones: tips para ser un viajero sustentable en cualquier destino","author":"Editor","date":"17 febrero, 2021","format":false,"excerpt":"No importa si es una gran ciudad o un pueblo perdido, la forma de interactuar con el entorno es la clave","rel":"","context":"En \u00abSustentabilidad\u00bb","block_context":{"text":"Sustentabilidad","link":"http:\/\/ccnews.com.ar\/prensa\/category\/sustentabilidad\/"},"img":{"alt_text":"","src":"","width":0,"height":0},"classes":[]},{"id":14816,"url":"http:\/\/ccnews.com.ar\/prensa\/los-sistemas-de-prevencion-una-apuesta-de-los-ods-para-reforzar-la-seguridad-vial\/","url_meta":{"origin":16707,"position":2},"title":"Los sistemas de prevenci\u00f3n, una apuesta de los ODS para reforzar la seguridad vial","author":"admin","date":"7 marzo, 2020","format":false,"excerpt":"La seguridad vial se ha convertido en uno de los focos prioritarios para garantizar el bienestar social. A la hora de promover una conducci\u00f3n responsable, el consumo de alcohol y las drogas contin\u00faa siendo un factor de riesgo que no hay que pasar por alto. En 2018, m\u00e1s del 40%\u2026","rel":"","context":"En \u00abEducaci\u00f3n\/Sociedad\u00bb","block_context":{"text":"Educaci\u00f3n\/Sociedad","link":"http:\/\/ccnews.com.ar\/prensa\/category\/educacion-sociedad\/"},"img":{"alt_text":"","src":"https:\/\/i0.wp.com\/ccnews.com.ar\/prensa\/wp-content\/uploads\/2020\/03\/2181549.jpeg?fit=980%2C560&resize=350%2C200","width":350,"height":200,"srcset":"https:\/\/i0.wp.com\/ccnews.com.ar\/prensa\/wp-content\/uploads\/2020\/03\/2181549.jpeg?fit=980%2C560&resize=350%2C200 1x, https:\/\/i0.wp.com\/ccnews.com.ar\/prensa\/wp-content\/uploads\/2020\/03\/2181549.jpeg?fit=980%2C560&resize=525%2C300 1,5x, https:\/\/i0.wp.com\/ccnews.com.ar\/prensa\/wp-content\/uploads\/2020\/03\/2181549.jpeg?fit=980%2C560&resize=700%2C400 2x"},"classes":[]},{"id":12757,"url":"http:\/\/ccnews.com.ar\/prensa\/la-primera-bicicleta-de-hidrogeno-ofrece-nuevo-impulso-a-la-movilidad-sostenible\/","url_meta":{"origin":16707,"position":3},"title":"La primera bicicleta de hidr\u00f3geno ofrece nuevo impulso a la movilidad sostenible","author":"admin","date":"5 septiembre, 2019","format":false,"excerpt":"Alpha, la primera bicicleta que funciona con pila de combustible de hidr\u00f3geno, se est\u00e1 convirtiendo en una alternativa viable para dar un mayor impulso a la movilidad sostenible. Este veh\u00edculo, desarrollado por la empresa europea Pragma Industries, ha dado un nuevo paso al aumentar con \u00e9xito su alcance m\u00e1ximo en\u2026","rel":"","context":"En \u00abSustentabilidad\u00bb","block_context":{"text":"Sustentabilidad","link":"http:\/\/ccnews.com.ar\/prensa\/category\/sustentabilidad\/"},"img":{"alt_text":"","src":"https:\/\/i0.wp.com\/ccnews.com.ar\/prensa\/wp-content\/uploads\/2019\/09\/Bicicleta-de-pila-de-hidrogeno-Cambio.jpg?fit=955%2C525&resize=350%2C200","width":350,"height":200,"srcset":"https:\/\/i0.wp.com\/ccnews.com.ar\/prensa\/wp-content\/uploads\/2019\/09\/Bicicleta-de-pila-de-hidrogeno-Cambio.jpg?fit=955%2C525&resize=350%2C200 1x, https:\/\/i0.wp.com\/ccnews.com.ar\/prensa\/wp-content\/uploads\/2019\/09\/Bicicleta-de-pila-de-hidrogeno-Cambio.jpg?fit=955%2C525&resize=525%2C300 1,5x, https:\/\/i0.wp.com\/ccnews.com.ar\/prensa\/wp-content\/uploads\/2019\/09\/Bicicleta-de-pila-de-hidrogeno-Cambio.jpg?fit=955%2C525&resize=700%2C400 2x"},"classes":[]},{"id":16699,"url":"http:\/\/ccnews.com.ar\/prensa\/vida-sustentable-ecotips-para-tu-vida-diaria\/","url_meta":{"origin":16707,"position":4},"title":"Vida sustentable: ecotips para tu vida diaria","author":"admin","date":"3 septiembre, 2021","format":false,"excerpt":"Si sos una de esas personas que quiere tener una vida sustentable en Pilar, en esta breve columna te compartimos diversos consejos para que tengas en cuenta a la hora de colaborar con el medio \u00bfC\u00f3mo lograr una vida sustentable? Si hablamos del medio ambiente, todas las personas pueden contribuir\u2026","rel":"","context":"En \u00abSustentabilidad\u00bb","block_context":{"text":"Sustentabilidad","link":"http:\/\/ccnews.com.ar\/prensa\/category\/sustentabilidad\/"},"img":{"alt_text":"","src":"https:\/\/i0.wp.com\/ccnews.com.ar\/prensa\/wp-content\/uploads\/2021\/09\/mert-guller-jFBWOaoS-7o-unsplash.jpg?fit=1200%2C800&resize=350%2C200","width":350,"height":200,"srcset":"https:\/\/i0.wp.com\/ccnews.com.ar\/prensa\/wp-content\/uploads\/2021\/09\/mert-guller-jFBWOaoS-7o-unsplash.jpg?fit=1200%2C800&resize=350%2C200 1x, https:\/\/i0.wp.com\/ccnews.com.ar\/prensa\/wp-content\/uploads\/2021\/09\/mert-guller-jFBWOaoS-7o-unsplash.jpg?fit=1200%2C800&resize=525%2C300 1,5x, https:\/\/i0.wp.com\/ccnews.com.ar\/prensa\/wp-content\/uploads\/2021\/09\/mert-guller-jFBWOaoS-7o-unsplash.jpg?fit=1200%2C800&resize=700%2C400 2x, https:\/\/i0.wp.com\/ccnews.com.ar\/prensa\/wp-content\/uploads\/2021\/09\/mert-guller-jFBWOaoS-7o-unsplash.jpg?fit=1200%2C800&resize=1050%2C600 3x"},"classes":[]},{"id":12402,"url":"http:\/\/ccnews.com.ar\/prensa\/autos-electricos-una-realidad-viable-en-argentina\/","url_meta":{"origin":16707,"position":5},"title":"Autos el\u00e9ctricos: una realidad viable en Argentina","author":"admin","date":"4 agosto, 2019","format":false,"excerpt":"Los autos el\u00e9ctricos son una realidad cada vez m\u00e1s extendida en el mundo. En Argentina, muy lentamente, tambi\u00e9n est\u00e1n empezando a comercializarse, aunque por el momento solo hay dos opciones: la Renault Kangoo ZE y el recientemente lanzado Nissan Leaf. Como pol\u00edtica de fomento, este tipo de veh\u00edculos -al igual\u2026","rel":"","context":"En \u00abSustentabilidad\u00bb","block_context":{"text":"Sustentabilidad","link":"http:\/\/ccnews.com.ar\/prensa\/category\/sustentabilidad\/"},"img":{"alt_text":"","src":"https:\/\/i0.wp.com\/ccnews.com.ar\/prensa\/wp-content\/uploads\/2019\/08\/f800x450-20331_71777_31.jpg?fit=800%2C450&resize=350%2C200","width":350,"height":200,"srcset":"https:\/\/i0.wp.com\/ccnews.com.ar\/prensa\/wp-content\/uploads\/2019\/08\/f800x450-20331_71777_31.jpg?fit=800%2C450&resize=350%2C200 1x, https:\/\/i0.wp.com\/ccnews.com.ar\/prensa\/wp-content\/uploads\/2019\/08\/f800x450-20331_71777_31.jpg?fit=800%2C450&resize=525%2C300 1,5x, https:\/\/i0.wp.com\/ccnews.com.ar\/prensa\/wp-content\/uploads\/2019\/08\/f800x450-20331_71777_31.jpg?fit=800%2C450&resize=700%2C400 2x"},"classes":[]}],"jetpack_sharing_enabled":true,"_links":{"self":[{"href":"http:\/\/ccnews.com.ar\/prensa\/wp-json\/wp\/v2\/posts\/16707","targetHints":{"allow":["GET"]}}],"collection":[{"href":"http:\/\/ccnews.com.ar\/prensa\/wp-json\/wp\/v2\/posts"}],"about":[{"href":"http:\/\/ccnews.com.ar\/prensa\/wp-json\/wp\/v2\/types\/post"}],"author":[{"embeddable":true,"href":"http:\/\/ccnews.com.ar\/prensa\/wp-json\/wp\/v2\/users\/1"}],"replies":[{"embeddable":true,"href":"http:\/\/ccnews.com.ar\/prensa\/wp-json\/wp\/v2\/comments?post=16707"}],"version-history":[{"count":1,"href":"http:\/\/ccnews.com.ar\/prensa\/wp-json\/wp\/v2\/posts\/16707\/revisions"}],"predecessor-version":[{"id":16711,"href":"http:\/\/ccnews.com.ar\/prensa\/wp-json\/wp\/v2\/posts\/16707\/revisions\/16711"}],"wp:featuredmedia":[{"embeddable":true,"href":"http:\/\/ccnews.com.ar\/prensa\/wp-json\/wp\/v2\/media\/16709"}],"wp:attachment":[{"href":"http:\/\/ccnews.com.ar\/prensa\/wp-json\/wp\/v2\/media?parent=16707"}],"wp:term":[{"taxonomy":"category","embeddable":true,"href":"http:\/\/ccnews.com.ar\/prensa\/wp-json\/wp\/v2\/categories?post=16707"},{"taxonomy":"post_tag","embeddable":true,"href":"http:\/\/ccnews.com.ar\/prensa\/wp-json\/wp\/v2\/tags?post=16707"}],"curies":[{"name":"wp","href":"https:\/\/api.w.org\/{rel}","templated":true}]}}