{"id":16715,"date":"2021-11-11T16:24:00","date_gmt":"2021-11-11T19:24:00","guid":{"rendered":"http:\/\/ccnews.com.ar\/prensa\/?p=16715"},"modified":"2021-11-11T16:24:02","modified_gmt":"2021-11-11T19:24:02","slug":"la-tendencia-a-vivir-de-manera-mas-sustentable","status":"publish","type":"post","link":"http:\/\/ccnews.com.ar\/prensa\/la-tendencia-a-vivir-de-manera-mas-sustentable\/","title":{"rendered":"La tendencia a vivir de manera m\u00e1s sustentable"},"content":{"rendered":"\n<p> La sustentabilidad 2021 a nivel global seg\u00fan el estudio de Kantar realizado en 35 pa\u00edses, \u00bfcu\u00e1les son los temas ambientales y sociales que los preocupan? \u00bfQu\u00e9 rol tienen que jugar las marcas? <\/p>\n\n\n\n<p>El equipo de&nbsp;<em>Sustainable Transformation de Kantar<\/em>&nbsp;lanz\u00f3 su estudio fundacional global, entrevistando a m\u00e1s de 30.000 consumidores de 35 pa\u00edses, incluido Argentina. El an\u00e1lisis, que parte del marco de referencia de los objetivos de desarrollo sustentable (ODS) de Naciones Unidas, identifica cuales son las \u00e1reas que requieren acci\u00f3n inmediata y c\u00f3mo los negocios pueden facilitar a los consumidores la decisi\u00f3n de compra sustentable.<\/p>\n\n\n\n<p>La sustentabilidad se ha vuelto un tema muy importante en la agenda a partir de la pandemia y tiene que ser pensado estrat\u00e9gicamente por las empresas, porque casi 8 de cada 10 consumidores piensa que no est\u00e1n haciendo lo suficiente por el cuidado del medioambiente. Esto implica que las empresas tienen la obligaci\u00f3n de pasar a la acci\u00f3n, y la oportunidad de diferenciarse.<\/p>\n\n\n\n<p>Porque seg\u00fan datos globales del ranking Kantar BrandZ las marcas que incrementan su valor tienen una performance superior en t\u00e9rminos de su responsabilidad ambiental, social y con sus empleados.Los problemas de sustentabilidad no se limitan al medioambiente: en Argentina, cuestiones sociales como la pobreza encabezan la lista de preocupaciones.<\/p>\n\n\n\n<p>En segundo t\u00e9rmino, preocupan la contaminaci\u00f3n del agua y la falta de acceso a agua limpia y segura.Los consumidores, m\u00e1s informados e involucrados que nunca, se sienten m\u00e1s empoderados y con la capacidad de cambiar la realidad con sus acciones cotidianas. De hecho, casi la mitad ha dejado de comprar una marca al no estar de acuerdo con la forma en la que trata al planeta, la sociedad o sus empleados.<\/p>\n\n\n\n<p>Las personas est\u00e1n dispuestas a hacer esfuerzos, como llevar sus bolsas al supermercado, reutilizar envases o separar los residuos reciclables de los org\u00e1nicos. Sin embargo, no siempre las buenas intenciones se transforman en cambios de h\u00e1bitos: existe una grieta entre valores y acciones, porque en el d\u00eda a d\u00eda, hay otras prioridades.<\/p>\n\n\n\n<p>Al momento de cambiar sus decisiones de compra, los consumidores se encuentran con muchas barreras: los productos sustentables suelen ser m\u00e1s caros y no est\u00e1n disponibles en todos los locales. \u201cLas empresas tienen que escuchar al consumidor y entender qu\u00e9 es lo que tienen que hacer para facilitar las decisiones de compra sustentable. Algunas personas necesitan un est\u00edmulo econ\u00f3mico, otras simplemente mayor claridad en la informaci\u00f3n\u201d.<\/p>\n\n\n\n<h4 class=\"wp-block-heading\"><strong>\u00bfCu\u00e1les son los cinco aprendizajes que deja el estudio?<\/strong><\/h4>\n\n\n\n<p>1. La sustentabilidad se transform\u00f3 en un imperativo de los negocios, una oportunidad de diferenciaci\u00f3n: hay que pensar en ganar, no s\u00f3lo en no perder.<\/p>\n\n\n\n<p>2. Los consumidores se vuelven m\u00e1s conscientes y exigen a las marcas que act\u00faen de manera m\u00e1s responsable: es necesario pasar a la acci\u00f3n.<\/p>\n\n\n\n<p>3. Los temas de sustentabilidad exceden los temas ambientales, y var\u00edan de acuerdo con cada categor\u00eda: cada marca debe encontrar el territorio donde puede jugar.<\/p>\n\n\n\n<p>4. Los consumidores est\u00e1n dispuestos a hacer esfuerzos que se traduzcan en un beneficio para su entorno cercano: es necesario entender lo que est\u00e1n valorando.<\/p>\n\n\n\n<p>5. Las marcas deben identificar y remover las barreras que impiden los cambios (Costo \/Disponibilidad): facilitar la decisi\u00f3n de compra.<em>(Ficha T\u00e9cnica: 1002 entrevistas online, representativo nacional por g\u00e9nero, NSE, regiones y edades. Julio 2021)<\/em><\/p>\n\n\n\n<p>Fuente: Mercado<\/p>\n<!-- AddThis Advanced Settings generic via filter on the_content -->","protected":false},"excerpt":{"rendered":"<p>La sustentabilidad 2021 a nivel global seg\u00fan el estudio de Kantar realizado en 35 pa\u00edses, \u00bfcu\u00e1les son los temas ambientales y sociales que los preocupan? \u00bfQu\u00e9 rol tienen que jugar las marcas?<!-- AddThis Advanced Settings generic via filter on get_the_excerpt --><\/p>\n","protected":false},"author":1,"featured_media":16717,"comment_status":"closed","ping_status":"closed","sticky":false,"template":"","format":"standard","meta":{"colormag_page_container_layout":"default_layout","colormag_page_sidebar_layout":"default_layout","jetpack_post_was_ever_published":false,"_jetpack_newsletter_access":"","_jetpack_dont_email_post_to_subs":false,"_jetpack_newsletter_tier_id":0,"_jetpack_memberships_contains_paywalled_content":false,"_jetpack_memberships_contains_paid_content":false,"footnotes":"","jetpack_publicize_message":"","jetpack_publicize_feature_enabled":true,"jetpack_social_post_already_shared":false,"jetpack_social_options":{"image_generator_settings":{"template":"highway","default_image_id":0,"font":"","enabled":false},"version":2}},"categories":[3],"tags":[],"class_list":["post-16715","post","type-post","status-publish","format-standard","has-post-thumbnail","hentry","category-sustentabilidad"],"jetpack_publicize_connections":[],"jetpack_featured_media_url":"https:\/\/i0.wp.com\/ccnews.com.ar\/prensa\/wp-content\/uploads\/2021\/11\/sustentabilidad.jpg?fit=640%2C480","jetpack_shortlink":"https:\/\/wp.me\/p7L1gj-4lB","jetpack-related-posts":[{"id":14836,"url":"http:\/\/ccnews.com.ar\/prensa\/sustentabilidad-un-elemento-clave-para-las-marcas\/","url_meta":{"origin":16715,"position":0},"title":"Sustentabilidad, un elemento clave para las marcas","author":"admin","date":"10 marzo, 2020","format":false,"excerpt":"Las nuevas generaciones ya no solo buscan el beneficio del producto, sino que ahora buscan marcas que se adapten a sus sistemas de creencias y valores. El ciclo natural de la vida implica un cambio, los consumidores, aquellos entidades a las cuales tanto desea el mercado ha sufrido un cambio\u2026","rel":"","context":"En \u00abManagement\u00bb","block_context":{"text":"Management","link":"http:\/\/ccnews.com.ar\/prensa\/category\/management\/"},"img":{"alt_text":"","src":"https:\/\/i0.wp.com\/ccnews.com.ar\/prensa\/wp-content\/uploads\/2020\/03\/sustentable-1.jpg?fit=925%2C1000&resize=350%2C200","width":350,"height":200,"srcset":"https:\/\/i0.wp.com\/ccnews.com.ar\/prensa\/wp-content\/uploads\/2020\/03\/sustentable-1.jpg?fit=925%2C1000&resize=350%2C200 1x, https:\/\/i0.wp.com\/ccnews.com.ar\/prensa\/wp-content\/uploads\/2020\/03\/sustentable-1.jpg?fit=925%2C1000&resize=525%2C300 1,5x, https:\/\/i0.wp.com\/ccnews.com.ar\/prensa\/wp-content\/uploads\/2020\/03\/sustentable-1.jpg?fit=925%2C1000&resize=700%2C400 2x"},"classes":[]},{"id":15216,"url":"http:\/\/ccnews.com.ar\/prensa\/ser-sustentable-en-2020-clave-para-evitar-el-fracaso-de-las-empresas\/","url_meta":{"origin":16715,"position":1},"title":"Ser sustentable en 2020: clave para evitar el fracaso de las empresas","author":"admin","date":"11 abril, 2020","format":false,"excerpt":"Cada vez m\u00e1s en el mundo, sobre todo en estos momentos de alta tensi\u00f3n, la sociedad valora que las empresas sean sustentables. Un estilo de gestionar que puede evitar fracasar en este 2020 que luce tan incierto como desafiante. Se considera que una empresa es sustentable cuando busca su excelencia\u2026","rel":"","context":"En \u00abEducaci\u00f3n\/Sociedad\u00bb","block_context":{"text":"Educaci\u00f3n\/Sociedad","link":"http:\/\/ccnews.com.ar\/prensa\/category\/educacion-sociedad\/"},"img":{"alt_text":"","src":"https:\/\/i0.wp.com\/ccnews.com.ar\/prensa\/wp-content\/uploads\/2020\/04\/494690.jpg?fit=880%2C587&resize=350%2C200","width":350,"height":200,"srcset":"https:\/\/i0.wp.com\/ccnews.com.ar\/prensa\/wp-content\/uploads\/2020\/04\/494690.jpg?fit=880%2C587&resize=350%2C200 1x, https:\/\/i0.wp.com\/ccnews.com.ar\/prensa\/wp-content\/uploads\/2020\/04\/494690.jpg?fit=880%2C587&resize=525%2C300 1,5x, https:\/\/i0.wp.com\/ccnews.com.ar\/prensa\/wp-content\/uploads\/2020\/04\/494690.jpg?fit=880%2C587&resize=700%2C400 2x"},"classes":[]},{"id":14596,"url":"http:\/\/ccnews.com.ar\/prensa\/sustentabilidad-un-estilo-de-vida\/","url_meta":{"origin":16715,"position":2},"title":"Sustentabilidad, un estilo de vida","author":"admin","date":"16 febrero, 2020","format":false,"excerpt":"En Mendoza la movida va ganando fuerza. Hay Pymes que van creciendo de la mano de la econom\u00eda circular- Los diez pa\u00edses m\u00e1s sustentables son europeos. Esto no quiere decir que debamos mudarnos a Suiza, Luxemburgo, Austria, Singapur, Alemania, Espa\u00f1a, Rep\u00fablica Checa, Austria, Suecia o Noruega para poder llevar una\u2026","rel":"","context":"En \u00abEducaci\u00f3n\/Sociedad\u00bb","block_context":{"text":"Educaci\u00f3n\/Sociedad","link":"http:\/\/ccnews.com.ar\/prensa\/category\/educacion-sociedad\/"},"img":{"alt_text":"","src":"https:\/\/i0.wp.com\/ccnews.com.ar\/prensa\/wp-content\/uploads\/2020\/02\/economia-circular-1024x679.png?fit=1024%2C679&resize=350%2C200","width":350,"height":200,"srcset":"https:\/\/i0.wp.com\/ccnews.com.ar\/prensa\/wp-content\/uploads\/2020\/02\/economia-circular-1024x679.png?fit=1024%2C679&resize=350%2C200 1x, https:\/\/i0.wp.com\/ccnews.com.ar\/prensa\/wp-content\/uploads\/2020\/02\/economia-circular-1024x679.png?fit=1024%2C679&resize=525%2C300 1,5x, https:\/\/i0.wp.com\/ccnews.com.ar\/prensa\/wp-content\/uploads\/2020\/02\/economia-circular-1024x679.png?fit=1024%2C679&resize=700%2C400 2x"},"classes":[]},{"id":16684,"url":"http:\/\/ccnews.com.ar\/prensa\/10-puntos-a-considerar-para-emprender-un-negocio-sustentable\/","url_meta":{"origin":16715,"position":3},"title":"10 puntos a considerar para emprender un negocio sustentable","author":"admin","date":"4 agosto, 2021","format":false,"excerpt":"No basta con tener un negocio y ser rentable, \u00e9ste, debe tambi\u00e9n ser amigable con el medio ambiente. Asimismo, utilizar nuevas tecnolog\u00edas para reducir el consumo de agua y energ\u00eda, permite obtener mejores resultados, una mayor rentabilidad e incremento en ventas.","rel":"","context":"En \u00abSustentabilidad\u00bb","block_context":{"text":"Sustentabilidad","link":"http:\/\/ccnews.com.ar\/prensa\/category\/sustentabilidad\/"},"img":{"alt_text":"","src":"https:\/\/i0.wp.com\/ccnews.com.ar\/prensa\/wp-content\/uploads\/2021\/08\/7-pasos-para-acelerar-la-sustentabilidad-de-tu-negocio.jpg?fit=770%2C500&resize=350%2C200","width":350,"height":200,"srcset":"https:\/\/i0.wp.com\/ccnews.com.ar\/prensa\/wp-content\/uploads\/2021\/08\/7-pasos-para-acelerar-la-sustentabilidad-de-tu-negocio.jpg?fit=770%2C500&resize=350%2C200 1x, https:\/\/i0.wp.com\/ccnews.com.ar\/prensa\/wp-content\/uploads\/2021\/08\/7-pasos-para-acelerar-la-sustentabilidad-de-tu-negocio.jpg?fit=770%2C500&resize=525%2C300 1,5x, https:\/\/i0.wp.com\/ccnews.com.ar\/prensa\/wp-content\/uploads\/2021\/08\/7-pasos-para-acelerar-la-sustentabilidad-de-tu-negocio.jpg?fit=770%2C500&resize=700%2C400 2x"},"classes":[]},{"id":14632,"url":"http:\/\/ccnews.com.ar\/prensa\/economia-util-y-ambientalmente-sustentable\/","url_meta":{"origin":16715,"position":4},"title":"Econom\u00eda  \u00fatil y ambientalmente sustentable","author":"admin","date":"21 febrero, 2020","format":false,"excerpt":"\u00bfPor qu\u00e9 una empresa debe preocuparse del desarrollo sustentable? \u00bfEsto cuesti\u00f3n de los gobiernos, de los pol\u00edticos, de los te\u00f3ricos? No, definitivamente no. Vivimos en un mundo complejo, donde las interdependencias entre los sistemas act\u00faan en forma constante. Develar fehacientemente estas interrelaciones nos es imposible, pero como m\u00ednimo podemos aproximarnos.\u2026","rel":"","context":"En \u00abEducaci\u00f3n\/Sociedad\u00bb","block_context":{"text":"Educaci\u00f3n\/Sociedad","link":"http:\/\/ccnews.com.ar\/prensa\/category\/educacion-sociedad\/"},"img":{"alt_text":"","src":"https:\/\/i0.wp.com\/ccnews.com.ar\/prensa\/wp-content\/uploads\/2020\/02\/5e441470-6669-11e9-ba9a-f15f77fc3ce7-rimg-w1200-h600-gmir.jpg?fit=1200%2C600&resize=350%2C200","width":350,"height":200,"srcset":"https:\/\/i0.wp.com\/ccnews.com.ar\/prensa\/wp-content\/uploads\/2020\/02\/5e441470-6669-11e9-ba9a-f15f77fc3ce7-rimg-w1200-h600-gmir.jpg?fit=1200%2C600&resize=350%2C200 1x, https:\/\/i0.wp.com\/ccnews.com.ar\/prensa\/wp-content\/uploads\/2020\/02\/5e441470-6669-11e9-ba9a-f15f77fc3ce7-rimg-w1200-h600-gmir.jpg?fit=1200%2C600&resize=525%2C300 1,5x, https:\/\/i0.wp.com\/ccnews.com.ar\/prensa\/wp-content\/uploads\/2020\/02\/5e441470-6669-11e9-ba9a-f15f77fc3ce7-rimg-w1200-h600-gmir.jpg?fit=1200%2C600&resize=700%2C400 2x, https:\/\/i0.wp.com\/ccnews.com.ar\/prensa\/wp-content\/uploads\/2020\/02\/5e441470-6669-11e9-ba9a-f15f77fc3ce7-rimg-w1200-h600-gmir.jpg?fit=1200%2C600&resize=1050%2C600 3x"},"classes":[]},{"id":16692,"url":"http:\/\/ccnews.com.ar\/prensa\/conoce-estos-tips-para-viajar-de-manera-sustentable\/","url_meta":{"origin":16715,"position":5},"title":"Conoce estos tips para viajar de manera sustentable","author":"admin","date":"12 agosto, 2021","format":false,"excerpt":"Los viajeros declararon querer viajar de manera sustentable, pero tienen dificultades para encontrar hospedajes con este sello o pr\u00e1cticas.","rel":"","context":"En \u00abSustentabilidad\u00bb","block_context":{"text":"Sustentabilidad","link":"http:\/\/ccnews.com.ar\/prensa\/category\/sustentabilidad\/"},"img":{"alt_text":"","src":"https:\/\/i0.wp.com\/ccnews.com.ar\/prensa\/wp-content\/uploads\/2021\/08\/viagem-sustent%C3%A1vel.jpg?fit=750%2C500&resize=350%2C200","width":350,"height":200,"srcset":"https:\/\/i0.wp.com\/ccnews.com.ar\/prensa\/wp-content\/uploads\/2021\/08\/viagem-sustent%C3%A1vel.jpg?fit=750%2C500&resize=350%2C200 1x, https:\/\/i0.wp.com\/ccnews.com.ar\/prensa\/wp-content\/uploads\/2021\/08\/viagem-sustent%C3%A1vel.jpg?fit=750%2C500&resize=525%2C300 1,5x, https:\/\/i0.wp.com\/ccnews.com.ar\/prensa\/wp-content\/uploads\/2021\/08\/viagem-sustent%C3%A1vel.jpg?fit=750%2C500&resize=700%2C400 2x"},"classes":[]}],"jetpack_sharing_enabled":true,"_links":{"self":[{"href":"http:\/\/ccnews.com.ar\/prensa\/wp-json\/wp\/v2\/posts\/16715","targetHints":{"allow":["GET"]}}],"collection":[{"href":"http:\/\/ccnews.com.ar\/prensa\/wp-json\/wp\/v2\/posts"}],"about":[{"href":"http:\/\/ccnews.com.ar\/prensa\/wp-json\/wp\/v2\/types\/post"}],"author":[{"embeddable":true,"href":"http:\/\/ccnews.com.ar\/prensa\/wp-json\/wp\/v2\/users\/1"}],"replies":[{"embeddable":true,"href":"http:\/\/ccnews.com.ar\/prensa\/wp-json\/wp\/v2\/comments?post=16715"}],"version-history":[{"count":1,"href":"http:\/\/ccnews.com.ar\/prensa\/wp-json\/wp\/v2\/posts\/16715\/revisions"}],"predecessor-version":[{"id":16719,"href":"http:\/\/ccnews.com.ar\/prensa\/wp-json\/wp\/v2\/posts\/16715\/revisions\/16719"}],"wp:featuredmedia":[{"embeddable":true,"href":"http:\/\/ccnews.com.ar\/prensa\/wp-json\/wp\/v2\/media\/16717"}],"wp:attachment":[{"href":"http:\/\/ccnews.com.ar\/prensa\/wp-json\/wp\/v2\/media?parent=16715"}],"wp:term":[{"taxonomy":"category","embeddable":true,"href":"http:\/\/ccnews.com.ar\/prensa\/wp-json\/wp\/v2\/categories?post=16715"},{"taxonomy":"post_tag","embeddable":true,"href":"http:\/\/ccnews.com.ar\/prensa\/wp-json\/wp\/v2\/tags?post=16715"}],"curies":[{"name":"wp","href":"https:\/\/api.w.org\/{rel}","templated":true}]}}