{"id":16721,"date":"2021-11-19T09:11:26","date_gmt":"2021-11-19T12:11:26","guid":{"rendered":"http:\/\/ccnews.com.ar\/prensa\/?p=16721"},"modified":"2021-11-19T09:11:27","modified_gmt":"2021-11-19T12:11:27","slug":"que-significa-biodegradable-y-compostable","status":"publish","type":"post","link":"http:\/\/ccnews.com.ar\/prensa\/que-significa-biodegradable-y-compostable\/","title":{"rendered":"\u00bfQu\u00e9 significa biodegradable? \u00bfY compostable?"},"content":{"rendered":"\n<p><strong>Biodegradable y compostable son palabras que escuchamos cada vez m\u00e1s seguido, sobre todo en el entorno de la sostenibilidad, pero, \u00bfrealmente entendemos de qu\u00e9 se habla?<\/strong><br><\/p>\n\n\n\n<p>Ya que estamos en el\u00a0Mes del Compostaje en Argentina, que va del D\u00eda Mundial del Agua (22 de Marzo) al D\u00eda de la Tierra (22 de Abril), les acercamos informaci\u00f3n \u00fatil para popularizar pr\u00e1cticas y conocimientos que ofrecen una soluci\u00f3n al enorme problema de la basura.<\/p>\n\n\n\n<p>Muchos productos hoy en d\u00eda informan estar hechos de materiales biodegradables o compostables y, sin embargo, todav\u00eda hay bastante confusi\u00f3n en torno a la diferencia en sus significados.<br><br>\u00a1Aclaremos los t\u00e9rminos!<\/p>\n\n\n\n<p>En resumen, ambos t\u00e9rminos hacen referencia a la forma de descomposici\u00f3n de un material. La gran diferencia radica en el tiempo y en las condiciones de abono que su degradaci\u00f3n permite.<\/p>\n\n\n\n<p><strong>\u00bfQu\u00e9 significa que algo sea Biodegradable?<\/strong><\/p>\n\n\n\n<p>Un producto es biodegradable cuando tiene la capacidad de descomponerse en sus elementos b\u00e1sicos y volver a los ciclos de la naturaleza a trav\u00e9s de la acci\u00f3n de hongos, microorganismos y bacterias presentes en la tierra, que viven en la tierra gracias a este ciclo. Es decir, cuando hablamos de biodegradabilidad nos referimos a una capacidad de descomposici\u00f3n natural relativamente r\u00e1pida.<\/p>\n\n\n\n<p>El tiempo de biodegradaci\u00f3n va a depender de la cantidad de ox\u00edgeno, del grado de humedad y de la temperatura del entorno donde se encuentre el material. En general, estos productos tardan entre tres meses y dos a\u00f1os en desaparecer.<\/p>\n\n\n\n<p><strong>\u00bfQu\u00e9 significa que algo sea Compostable?<\/strong><\/p>\n\n\n\n<p>Cuando usamos esta palabra nos referimos a un material, que, al igual que uno biodegradable, se descompone por acci\u00f3n de microorganismos, pero a una velocidad de d\u00edas o semanas, igual a la de los materiales org\u00e1nicos.<\/p>\n\n\n\n<p>Pero la diferencia principal, es que la materia compostable va un paso m\u00e1s all\u00e1, ya que al descomponerse le brinda a la tierra nutrientes valiosos que fomentan el crecimiento vegetal.<\/p>\n\n\n\n<p>Fuente: Meraki<\/p>\n<!-- AddThis Advanced Settings generic via filter on the_content -->","protected":false},"excerpt":{"rendered":"<p>Biodegradable y compostable son palabras que escuchamos cada vez m\u00e1s seguido, sobre todo en el entorno de la sostenibilidad, pero, \u00bfrealmente entendemos de qu\u00e9 se habla?<!-- AddThis Advanced Settings generic via filter on get_the_excerpt --><\/p>\n","protected":false},"author":2,"featured_media":16723,"comment_status":"closed","ping_status":"closed","sticky":false,"template":"","format":"standard","meta":{"colormag_page_container_layout":"default_layout","colormag_page_sidebar_layout":"default_layout","jetpack_post_was_ever_published":false,"_jetpack_newsletter_access":"","_jetpack_dont_email_post_to_subs":false,"_jetpack_newsletter_tier_id":0,"_jetpack_memberships_contains_paywalled_content":false,"_jetpack_memberships_contains_paid_content":false,"footnotes":"","jetpack_publicize_message":"","jetpack_publicize_feature_enabled":true,"jetpack_social_post_already_shared":false,"jetpack_social_options":{"image_generator_settings":{"template":"highway","default_image_id":0,"font":"","enabled":false},"version":2}},"categories":[3],"tags":[],"class_list":["post-16721","post","type-post","status-publish","format-standard","has-post-thumbnail","hentry","category-sustentabilidad"],"jetpack_publicize_connections":[],"jetpack_featured_media_url":"https:\/\/i0.wp.com\/ccnews.com.ar\/prensa\/wp-content\/uploads\/2021\/11\/descarga.jpg?fit=300%2C168","jetpack_shortlink":"https:\/\/wp.me\/p7L1gj-4lH","jetpack-related-posts":[{"id":5199,"url":"http:\/\/ccnews.com.ar\/prensa\/las-revolucionarias-eco-bolsas-que-se-transforman-en-agua-si-llegan-al-mar\/","url_meta":{"origin":16721,"position":0},"title":"Las revolucionarias eco-bolsas que se transforman en agua si llegan al mar","author":"CLUSTERciar","date":"2 septiembre, 2017","format":false,"excerpt":"Son el producto m\u00e1s famoso y viral de una empresa en Indonesia, el segundo pa\u00eds con m\u00e1s residuos pl\u00e1sticos del mundo. Los detalles de una idea biodegradable, econ\u00f3mica, comestible y compostable De 1950 a la actualidad se produjeron 9 mil millones de toneladas de pl\u00e1stico de las cuales solo 2\u2026","rel":"","context":"En \u00abManagement\u00bb","block_context":{"text":"Management","link":"http:\/\/ccnews.com.ar\/prensa\/category\/management\/"},"img":{"alt_text":"Indonesia es el segundo pa\u00eds del mundo con mayor contaminaci\u00f3n pl\u00e1stica (Sutterstock)","src":"https:\/\/i0.wp.com\/www.infobae.com\/new-resizer\/x-lQKqur9wcEdL_Cdhz8h1fsG6o%3D\/600x0\/s3.amazonaws.com\/arc-wordpress-client-uploads\/infobae-wp\/wp-content\/uploads\/2016\/08\/09134610\/shutterstock_325711847.jpg?resize=350%2C200","width":350,"height":200,"srcset":"https:\/\/i0.wp.com\/www.infobae.com\/new-resizer\/x-lQKqur9wcEdL_Cdhz8h1fsG6o%3D\/600x0\/s3.amazonaws.com\/arc-wordpress-client-uploads\/infobae-wp\/wp-content\/uploads\/2016\/08\/09134610\/shutterstock_325711847.jpg?resize=350%2C200 1x, https:\/\/i0.wp.com\/www.infobae.com\/new-resizer\/x-lQKqur9wcEdL_Cdhz8h1fsG6o%3D\/600x0\/s3.amazonaws.com\/arc-wordpress-client-uploads\/infobae-wp\/wp-content\/uploads\/2016\/08\/09134610\/shutterstock_325711847.jpg?resize=525%2C300 1,5x, https:\/\/i0.wp.com\/www.infobae.com\/new-resizer\/x-lQKqur9wcEdL_Cdhz8h1fsG6o%3D\/600x0\/s3.amazonaws.com\/arc-wordpress-client-uploads\/infobae-wp\/wp-content\/uploads\/2016\/08\/09134610\/shutterstock_325711847.jpg?resize=700%2C400 2x"},"classes":[]},{"id":11939,"url":"http:\/\/ccnews.com.ar\/prensa\/5g-una-apuesta-arriesgada-que-ya-da-sus-frutos-en-corea-del-sur\/","url_meta":{"origin":16721,"position":1},"title":"5G: una apuesta arriesgada que ya da sus frutos en Corea del Sur","author":"admin","date":"27 junio, 2019","format":false,"excerpt":"El gigante asi\u00e1tico fue el primero en implementar el revolucionario servicio de red m\u00f3vil. El impacto para la industrializaci\u00f3n del pa\u00eds, seg\u00fan su Ministerio de Innovaci\u00f3n, Ciencia y Tecnolog\u00eda (Corea del Sur, enviada especial). Fue una aut\u00e9ntica batalla entre gigantes que se gan\u00f3, como no pod\u00eda ser de otra manera\u2026","rel":"","context":"En \u00abTransformaci\u00f3n digital\u00bb","block_context":{"text":"Transformaci\u00f3n digital","link":"http:\/\/ccnews.com.ar\/prensa\/category\/transformacion-digital\/"},"img":{"alt_text":"","src":"https:\/\/i0.wp.com\/ccnews.com.ar\/prensa\/wp-content\/uploads\/2019\/06\/vye-040419corea2.jpg?fit=1200%2C850&resize=350%2C200","width":350,"height":200,"srcset":"https:\/\/i0.wp.com\/ccnews.com.ar\/prensa\/wp-content\/uploads\/2019\/06\/vye-040419corea2.jpg?fit=1200%2C850&resize=350%2C200 1x, https:\/\/i0.wp.com\/ccnews.com.ar\/prensa\/wp-content\/uploads\/2019\/06\/vye-040419corea2.jpg?fit=1200%2C850&resize=525%2C300 1,5x, https:\/\/i0.wp.com\/ccnews.com.ar\/prensa\/wp-content\/uploads\/2019\/06\/vye-040419corea2.jpg?fit=1200%2C850&resize=700%2C400 2x, https:\/\/i0.wp.com\/ccnews.com.ar\/prensa\/wp-content\/uploads\/2019\/06\/vye-040419corea2.jpg?fit=1200%2C850&resize=1050%2C600 3x"},"classes":[]},{"id":2317,"url":"http:\/\/ccnews.com.ar\/prensa\/especializarse-marca-la-diferencia\/","url_meta":{"origin":16721,"position":2},"title":"Especializarse marca la diferencia","author":"CLUSTERciar","date":"15 noviembre, 2016","format":false,"excerpt":"El dictado de cursos de Project Management, ha arrojado una nueva necesidad al mercado de las capacitaciones, los alumnos requieren adquirir preparaci\u00f3n sobre los est\u00e1ndares del PMI, para la presentaci\u00f3n de proyectos. (PMI son las siglas de \u201cProject Management Institute\u201d, una organizaci\u00f3n internacional sin \u00e1nimo de lucro,\u00a0que se dedica al\u2026","rel":"","context":"En \u00abSustentabilidad\u00bb","block_context":{"text":"Sustentabilidad","link":"http:\/\/ccnews.com.ar\/prensa\/category\/sustentabilidad\/"},"img":{"alt_text":"","src":"","width":0,"height":0},"classes":[]},{"id":7791,"url":"http:\/\/ccnews.com.ar\/prensa\/el-gobierno-ya-renegocia-con-bolivia-el-contrato-de-importacion-de-gas\/","url_meta":{"origin":16721,"position":3},"title":"El Gobierno ya renegocia con Bolivia el contrato de importaci\u00f3n de gas","author":"admin","date":"14 mayo, 2018","format":false,"excerpt":"El ministro de Energ\u00eda, Juan Jos\u00e9 Aranguren, negocia con autoridades del pa\u00eds vecino una reestructuraci\u00f3n del contrato de compra de gas. La propuesta argentina es comprar m\u00e1s gas durante el invierno con una mejora del precio del fluido, siempre y cuando el gobierno de Evo Morales acepte vender menos gas\u2026","rel":"","context":"En \u00abEnerg\u00eda y Producci\u00f3n\u00bb","block_context":{"text":"Energ\u00eda y Producci\u00f3n","link":"http:\/\/ccnews.com.ar\/prensa\/category\/energia-y-produccion\/"},"img":{"alt_text":"","src":"https:\/\/i0.wp.com\/ccnews.com.ar\/prensa\/wp-content\/uploads\/2018\/05\/evo110518.jpg?fit=250%2C250&resize=350%2C200","width":350,"height":200},"classes":[]},{"id":2179,"url":"http:\/\/ccnews.com.ar\/prensa\/vaca-muerta-el-petroleo-sigue-siendo-su-principal-producto\/","url_meta":{"origin":16721,"position":4},"title":"Vaca Muerta: el petr\u00f3leo sigue siendo su principal producto","author":"CLUSTERciar","date":"3 noviembre, 2016","format":false,"excerpt":"A cinco a\u00f1os de que la formaci\u00f3n shale saltara a la fama, el petr\u00f3leo sigue siendo su principal producto y la oferta de gas de mediano plazo no evitar\u00e1 las importaciones. Fronteras opacas, rentabilidades ocultas y precios que obligan a abrir el debate. En mayo del 2011, YPF anunciaba que\u2026","rel":"","context":"En \u00abSustentabilidad\u00bb","block_context":{"text":"Sustentabilidad","link":"http:\/\/ccnews.com.ar\/prensa\/category\/sustentabilidad\/"},"img":{"alt_text":"","src":"","width":0,"height":0},"classes":[]},{"id":12354,"url":"http:\/\/ccnews.com.ar\/prensa\/la-otra-cara-del-poder-como-la-generacion-z-irrumpe-y-asume-las-nuevas-formas-de-poder-en-argentina-y-en-el-mundo\/","url_meta":{"origin":16721,"position":5},"title":"C\u00f3mo la Generaci\u00f3n Z irrumpe y asume las nuevas formas de poder","author":"admin","date":"29 julio, 2019","format":false,"excerpt":"Un estudio de Viacom revela c\u00f3mo la Generaci\u00f3n Z de Argentina y del mundo se apropia de su poder colectivo, y lo que las marcas necesitan saber para ganarse la fidelidad de este grupo demogr\u00e1fico. Buenos Aires, 26\u00a0de julio de 2019. En Argentina, el 62% de los individuos de la\u2026","rel":"","context":"En \u00abManagement\u00bb","block_context":{"text":"Management","link":"http:\/\/ccnews.com.ar\/prensa\/category\/management\/"},"img":{"alt_text":"","src":"https:\/\/i0.wp.com\/ccnews.com.ar\/prensa\/wp-content\/uploads\/2019\/07\/20160624153854-genz.jpeg?fit=700%2C350&resize=350%2C200","width":350,"height":200,"srcset":"https:\/\/i0.wp.com\/ccnews.com.ar\/prensa\/wp-content\/uploads\/2019\/07\/20160624153854-genz.jpeg?fit=700%2C350&resize=350%2C200 1x, https:\/\/i0.wp.com\/ccnews.com.ar\/prensa\/wp-content\/uploads\/2019\/07\/20160624153854-genz.jpeg?fit=700%2C350&resize=525%2C300 1,5x, https:\/\/i0.wp.com\/ccnews.com.ar\/prensa\/wp-content\/uploads\/2019\/07\/20160624153854-genz.jpeg?fit=700%2C350&resize=700%2C400 2x"},"classes":[]}],"jetpack_sharing_enabled":true,"_links":{"self":[{"href":"http:\/\/ccnews.com.ar\/prensa\/wp-json\/wp\/v2\/posts\/16721","targetHints":{"allow":["GET"]}}],"collection":[{"href":"http:\/\/ccnews.com.ar\/prensa\/wp-json\/wp\/v2\/posts"}],"about":[{"href":"http:\/\/ccnews.com.ar\/prensa\/wp-json\/wp\/v2\/types\/post"}],"author":[{"embeddable":true,"href":"http:\/\/ccnews.com.ar\/prensa\/wp-json\/wp\/v2\/users\/2"}],"replies":[{"embeddable":true,"href":"http:\/\/ccnews.com.ar\/prensa\/wp-json\/wp\/v2\/comments?post=16721"}],"version-history":[{"count":1,"href":"http:\/\/ccnews.com.ar\/prensa\/wp-json\/wp\/v2\/posts\/16721\/revisions"}],"predecessor-version":[{"id":16725,"href":"http:\/\/ccnews.com.ar\/prensa\/wp-json\/wp\/v2\/posts\/16721\/revisions\/16725"}],"wp:featuredmedia":[{"embeddable":true,"href":"http:\/\/ccnews.com.ar\/prensa\/wp-json\/wp\/v2\/media\/16723"}],"wp:attachment":[{"href":"http:\/\/ccnews.com.ar\/prensa\/wp-json\/wp\/v2\/media?parent=16721"}],"wp:term":[{"taxonomy":"category","embeddable":true,"href":"http:\/\/ccnews.com.ar\/prensa\/wp-json\/wp\/v2\/categories?post=16721"},{"taxonomy":"post_tag","embeddable":true,"href":"http:\/\/ccnews.com.ar\/prensa\/wp-json\/wp\/v2\/tags?post=16721"}],"curies":[{"name":"wp","href":"https:\/\/api.w.org\/{rel}","templated":true}]}}