{"id":16729,"date":"2021-11-25T16:35:48","date_gmt":"2021-11-25T19:35:48","guid":{"rendered":"http:\/\/ccnews.com.ar\/prensa\/?p=16729"},"modified":"2021-11-25T16:35:50","modified_gmt":"2021-11-25T19:35:50","slug":"plasticos-biodegradables-una-solucion-ecologica-con-problemas-de-etiquetado","status":"publish","type":"post","link":"http:\/\/ccnews.com.ar\/prensa\/plasticos-biodegradables-una-solucion-ecologica-con-problemas-de-etiquetado\/","title":{"rendered":"Pl\u00e1sticos biodegradables, una soluci\u00f3n ecol\u00f3gica con problemas de etiquetado"},"content":{"rendered":"\n<p><strong>La Agencia Europea de Medio Ambiente alerta en un informe sobre la necesidad de que los pl\u00e1sticos biodegradables, compostables o de base biol\u00f3gica tengan un etiquetado m\u00e1s claro para garantizar su correcta eliminaci\u00f3n y una mayor concienciaci\u00f3n ciudadana<\/strong><\/p>\n\n\n\n<p>Los pl\u00e1sticos son, sin duda, un&nbsp;<strong>material clave en la vida moderna<\/strong>. Estos materiales son vers\u00e1tiles, ligeros y se pueden producir a un precio relativamente bajo, aunque tienen un&nbsp;<strong>enorme coste ambiental en forma de residuos<\/strong>&nbsp;que tardan miles de a\u00f1os en descomponerse y contaminan ecosistemas terrestres y acu\u00e1ticos&nbsp;<a href=\"https:\/\/www.elagoradiario.com\/agua\/microplasticos-agua-oceanos-salpas\/\" target=\"_blank\" rel=\"noreferrer noopener\">con micropart\u00edculas que afectan a cientos de especies animales y vegetales.<\/a>&nbsp;Si bien es cierto que&nbsp;<strong>la innovaci\u00f3n tecnol\u00f3gica<\/strong>&nbsp;ha permitido desarrollar pl\u00e1sticos que se degradan m\u00e1s r\u00e1pidamente o que necesitan menos combustibles f\u00f3siles para su fabricaci\u00f3n,&nbsp;<strong>actualmente solo el 1% de los pl\u00e1sticos y productos pl\u00e1sticos en el mercado global<\/strong>&nbsp;<a href=\"https:\/\/www.elagoradiario.com\/economia-circular\/multinacionales-botella-bioplastico-degradable\/\" target=\"_blank\" rel=\"noreferrer noopener\">se consideran de base biol\u00f3gica, compostables o biodegradables.<\/a><\/p>\n\n\n\n<p>A pesar de estas pobres cifras de circulaci\u00f3n, los pl\u00e1sticos biodegradables, compostables y de base biol\u00f3gica&nbsp;<strong>se promueven cada vez m\u00e1s como una soluci\u00f3n a los desaf\u00edos que plantea nuestra excesiva dependencia<\/strong>&nbsp;de este material. Cada vez m\u00e1s productos de consumo, sobre todo unos pl\u00e1sticos de un solo uso cuya prohibici\u00f3n se est\u00e1 extendiendo paulatinamente a cada vez m\u00e1s pa\u00edses, se etiquetan y venden como \u201cverdes\u201d. Pero, \u00bf<strong>hasta qu\u00e9 punto pueden los pl\u00e1sticos biodegradables, compostables y de base biol\u00f3gica ayudar a resolver los desaf\u00edos de sostenibilidad<\/strong>&nbsp;que plantean los pl\u00e1sticos?<\/p>\n\n\n\n<p>Para la&nbsp;<strong>Agencia Europea de Medio Ambiente<\/strong>,&nbsp;<a href=\"https:\/\/www.eea.europa.eu\/themes\/waste\/resource-efficiency\/biodegradable-and-compostable-plastics-challenges\" target=\"_blank\" rel=\"noreferrer noopener\">que ha publicado recientemente un informe sobre estos materiales,<\/a>&nbsp;la falta de informaci\u00f3n al p\u00fablico y la confusi\u00f3n en el etiquetado de los pl\u00e1sticos \u201cverdes\u201d plantea grandes desaf\u00edos. Aunque a priori&nbsp;los pl\u00e1sticos biodegradables y compostables&nbsp;<strong>reducen el problema de contaminaci\u00f3n residual a largo plazo,<\/strong>&nbsp;el problema es que los consumidores no comprenden todav\u00eda demasiado bien c\u00f3mo<strong>&nbsp;deben eliminarse correctamente<\/strong>.<\/p>\n\n\n\n<p>Sin embargo,&nbsp;<strong>es importante entender que existen muchos tipos de pl\u00e1sticos biodegradables<\/strong>&nbsp;que, por tanto,&nbsp;<a href=\"https:\/\/www.elagoradiario.com\/economia-circular\/envase-biodegradable-con-alta-capacidad-de-conservacion\/\" target=\"_blank\" rel=\"noreferrer noopener\">tienen diferentes plazos y condiciones para descomponerse correctamente.<\/a>&nbsp;Adem\u00e1s, el que un art\u00edculo de pl\u00e1stico biodegradable o compostable se biodegrade y la velocidad de este proceso&nbsp;<strong>depende en gran medida de las condiciones a las que est\u00e9 expuesto durante la eliminaci\u00f3n:<\/strong>&nbsp;la temperatura, la presencia de microorganismos y nutrientes o las tasas de ox\u00edgeno y humedad en el contenedor pueden hacer variar mucho la degradaci\u00f3n de los pl\u00e1sticos. Es m\u00e1s, si no se cumplen ciertas condiciones, algunos de estos pl\u00e1sticos&nbsp;<strong>pueden no biodegradarse e incluso fragmentarse en micropl\u00e1sticos.<\/strong><strong>Tipos de biopl\u00e1sticos<\/strong><\/p>\n\n\n\n<p><strong>Los pl\u00e1sticos biodegradables<\/strong>&nbsp;est\u00e1n dise\u00f1ados para biodegradarse en un medio espec\u00edfico (agua, suelo, compost) bajo ciertas condiciones y en diferentes per\u00edodos de tiempo.<\/p>\n\n\n\n<p><strong>Los pl\u00e1sticos industrialmente compostables<\/strong>&nbsp;est\u00e1n dise\u00f1ados para biodegradarse en las condiciones de una planta de compostaje industrial o una planta de digesti\u00f3n anaer\u00f3bica industrial con un paso de compostaje posterior.<\/p>\n\n\n\n<p><strong>Los pl\u00e1sticos compostables dom\u00e9sticos<\/strong>&nbsp;est\u00e1n dise\u00f1ados para biodegradarse en las condiciones de un compostador dom\u00e9stico bien administrado a temperaturas m\u00e1s bajas que en las plantas industriales de compostaje. La mayor\u00eda de ellos tambi\u00e9n se biodegradan en plantas industriales de compostaje.<\/p>\n\n\n\n<p><strong>Los pl\u00e1sticos de base biol\u00f3gica<\/strong>&nbsp;se fabrican total o parcialmente a partir de materias primas biol\u00f3gicas en lugar de la materia prima f\u00f3sil (petr\u00f3leo) utilizada en los pl\u00e1sticos convencionales.<\/p>\n\n\n\n<p><strong>Los pl\u00e1sticos oxodegradables<\/strong>&nbsp;incluyen aditivos que, por oxidaci\u00f3n, conducen a su fragmentaci\u00f3n en micropl\u00e1sticos o descomposici\u00f3n qu\u00edmica.<\/p>\n\n\n\n<p>Es decir, la sostenibilidad de los materiales de origen biol\u00f3gico, al igual que la de los pl\u00e1sticos de origen f\u00f3sil,&nbsp;<strong>depende sobre todo de las pr\u00e1cticas de producci\u00f3n<\/strong>, la vida \u00fatil de los productos y el tratamiento final en las plantas industriales de reciclaje. Seg\u00fan la AEMA, el mayor problema es que el t\u00e9rmino biopl\u00e1sticos se usa a veces para pl\u00e1sticos que son de base biol\u00f3gica o biodegradables, o ambos,&nbsp;<strong>aunque tengan propiedades muy diferentes.<\/strong>&nbsp;Esto lleva a que los consumidores malinterpreten a menudo el t\u00e9rmino de \u201cbiopl\u00e1sticos\u201d.<\/p>\n\n\n\n<h2 class=\"wp-block-heading\">Nuevos est\u00e1ndares europeos<\/h2>\n\n\n\n<p>Para poder evitar esta confusi\u00f3n, la AEMA&nbsp;<strong>urge a desarrollar nuevos est\u00e1ndares en la Uni\u00f3n Europea<\/strong>&nbsp;que permitan que los biopl\u00e1sticos cumplan su funci\u00f3n de mejorar la econom\u00eda circular. Aunque existen normas comunitarias para evaluar la compostabilidad de los pl\u00e1sticos en plantas industriales de compostaje y o la biodegradabilidad de estos materiales en el suelo agr\u00edcola,&nbsp;<strong>\u00e9stas son a menudo muy generales y presentan importantes lagunas.<\/strong>&nbsp;Por ejemplo, hasta la fecha,&nbsp;<a href=\"https:\/\/www.elagoradiario.com\/ciencia-e-innovacion\/los-plasticos-biodegradables-tambien-son-toxicos-para-el-agua\/\" target=\"_blank\" rel=\"noreferrer noopener\">no existe una norma europea para evaluar la biodegradabilidad de los pl\u00e1sticos en el agua<\/a>, a pesar de que&nbsp;<strong>la contaminaci\u00f3n pl\u00e1stica de mares y r\u00edos<\/strong>&nbsp;es uno de los principales problemas de la gesti\u00f3n de residuos mundial.<\/p>\n\n\n\n<p>Adem\u00e1s, la mayor\u00eda de los productos de pl\u00e1stico compostables&nbsp;<strong>est\u00e1n dise\u00f1ados para biodegradarse en condiciones espec\u00edficas y controladas en plantas industriales de compostaje.<\/strong>&nbsp;Esto significa que no tienen por qu\u00e9 degradarse correctamente en compostadores dom\u00e9sticos semi-controlados o en las condiciones incontroladas del ambiente natural. Para la AEMA, es necesario&nbsp;<strong>proporcionar informaci\u00f3n adicional m\u00e1s all\u00e1 de la propia etiqueta<\/strong>&nbsp;si se quiere mejorar la comprensi\u00f3n de c\u00f3mo desechar el producto.<\/p>\n\n\n\n<p>En este sentido, los autores del informe exigen que el&nbsp;<strong>Plan de acci\u00f3n de Econom\u00eda Circular 2020 de la Comisi\u00f3n Europea<\/strong>,&nbsp;<a href=\"https:\/\/www.elagoradiario.com\/economia-circular\/comision-europea-plan-accion-contra-residuos\/\" target=\"_blank\" rel=\"noreferrer noopener\">que actualmente se encuentra en proceso de elaboraci\u00f3n,<\/a>&nbsp;prevea la creaci\u00f3n de un marco pol\u00edtico claro para los pl\u00e1sticos con propiedades biodegradables. Esto implica tanto<strong>&nbsp;crear normas armonizadas para definir y etiquetar pl\u00e1sticos compostables y biodegradables<\/strong>&nbsp;como averiguar en qu\u00e9 aplicaciones concretas estos pl\u00e1sticos pueden tener mayores beneficios medioambientales.<\/p>\n\n\n\n<p>La AEMA insiste en que el nuevo sistema de etiquetado&nbsp;<strong>debe evitar confundir a los consumidores y venir acompa\u00f1ado de campa\u00f1as de concienciaci\u00f3n<\/strong>&nbsp;y comunicaci\u00f3n clara con los consumidores, que mejore su comprensi\u00f3n de las etiquetas utilizadas en los pl\u00e1sticos y garanticen su correcta eliminaci\u00f3n.<\/p>\n\n\n\n<p>Los pl\u00e1sticos biodegradables y compostables\u00a0<strong>pueden ofrecer beneficios ambientales si se desarrollan para situaciones y aplicaciones espec\u00edficas<\/strong>\u00a0pero, seg\u00fan la AEMA, necesitan urgentemente mejoras, ya que es probable que el mercado de estos productos crezca en los pr\u00f3ximos a\u00f1os. Y es que, por ahora, los pl\u00e1sticos compostables y biodegradables\u00a0<strong>est\u00e1n lejos de proporcionar una soluci\u00f3n general e independiente<\/strong>\u00a0al desaf\u00edo que plantea este material a las pol\u00edticas europeas de econom\u00eda circular.<\/p>\n\n\n\n<p>Fuente: Elagoradiario<\/p>\n<!-- AddThis Advanced Settings generic via filter on the_content -->","protected":false},"excerpt":{"rendered":"<p>La Agencia Europea de Medio Ambiente alerta en un informe sobre la necesidad de que los pl\u00e1sticos biodegradables, compostables o de base biol\u00f3gica tengan un etiquetado m\u00e1s claro para garantizar su correcta eliminaci\u00f3n y una mayor concienciaci\u00f3n ciudadana<!-- AddThis Advanced Settings generic via filter on get_the_excerpt --><\/p>\n","protected":false},"author":1,"featured_media":16731,"comment_status":"closed","ping_status":"closed","sticky":false,"template":"","format":"standard","meta":{"colormag_page_container_layout":"default_layout","colormag_page_sidebar_layout":"default_layout","jetpack_post_was_ever_published":false,"_jetpack_newsletter_access":"","_jetpack_dont_email_post_to_subs":false,"_jetpack_newsletter_tier_id":0,"_jetpack_memberships_contains_paywalled_content":false,"_jetpack_memberships_contains_paid_content":false,"footnotes":"","jetpack_publicize_message":"","jetpack_publicize_feature_enabled":true,"jetpack_social_post_already_shared":false,"jetpack_social_options":{"image_generator_settings":{"template":"highway","default_image_id":0,"font":"","enabled":false},"version":2}},"categories":[3],"tags":[],"class_list":["post-16729","post","type-post","status-publish","format-standard","has-post-thumbnail","hentry","category-sustentabilidad"],"jetpack_publicize_connections":[],"jetpack_featured_media_url":"https:\/\/i0.wp.com\/ccnews.com.ar\/prensa\/wp-content\/uploads\/2021\/11\/tipos_de_plasticos_biodegradables_1986_2_600.jpg?fit=600%2C400","jetpack_shortlink":"https:\/\/wp.me\/p7L1gj-4lP","jetpack-related-posts":[{"id":5199,"url":"http:\/\/ccnews.com.ar\/prensa\/las-revolucionarias-eco-bolsas-que-se-transforman-en-agua-si-llegan-al-mar\/","url_meta":{"origin":16729,"position":0},"title":"Las revolucionarias eco-bolsas que se transforman en agua si llegan al mar","author":"CLUSTERciar","date":"2 septiembre, 2017","format":false,"excerpt":"Son el producto m\u00e1s famoso y viral de una empresa en Indonesia, el segundo pa\u00eds con m\u00e1s residuos pl\u00e1sticos del mundo. Los detalles de una idea biodegradable, econ\u00f3mica, comestible y compostable De 1950 a la actualidad se produjeron 9 mil millones de toneladas de pl\u00e1stico de las cuales solo 2\u2026","rel":"","context":"En \u00abManagement\u00bb","block_context":{"text":"Management","link":"http:\/\/ccnews.com.ar\/prensa\/category\/management\/"},"img":{"alt_text":"Indonesia es el segundo pa\u00eds del mundo con mayor contaminaci\u00f3n pl\u00e1stica (Sutterstock)","src":"https:\/\/i0.wp.com\/www.infobae.com\/new-resizer\/x-lQKqur9wcEdL_Cdhz8h1fsG6o%3D\/600x0\/s3.amazonaws.com\/arc-wordpress-client-uploads\/infobae-wp\/wp-content\/uploads\/2016\/08\/09134610\/shutterstock_325711847.jpg?resize=350%2C200","width":350,"height":200,"srcset":"https:\/\/i0.wp.com\/www.infobae.com\/new-resizer\/x-lQKqur9wcEdL_Cdhz8h1fsG6o%3D\/600x0\/s3.amazonaws.com\/arc-wordpress-client-uploads\/infobae-wp\/wp-content\/uploads\/2016\/08\/09134610\/shutterstock_325711847.jpg?resize=350%2C200 1x, https:\/\/i0.wp.com\/www.infobae.com\/new-resizer\/x-lQKqur9wcEdL_Cdhz8h1fsG6o%3D\/600x0\/s3.amazonaws.com\/arc-wordpress-client-uploads\/infobae-wp\/wp-content\/uploads\/2016\/08\/09134610\/shutterstock_325711847.jpg?resize=525%2C300 1,5x, https:\/\/i0.wp.com\/www.infobae.com\/new-resizer\/x-lQKqur9wcEdL_Cdhz8h1fsG6o%3D\/600x0\/s3.amazonaws.com\/arc-wordpress-client-uploads\/infobae-wp\/wp-content\/uploads\/2016\/08\/09134610\/shutterstock_325711847.jpg?resize=700%2C400 2x"},"classes":[]},{"id":3033,"url":"http:\/\/ccnews.com.ar\/prensa\/reciclado-energetico-de-plasticos-co-procesamiento-en-refinerias-y-craqueo-termico\/","url_meta":{"origin":16729,"position":1},"title":"Reciclado energ\u00e9tico de pl\u00e1sticos: co-procesamiento en refiner\u00edas y craqueo t\u00e9rmico","author":"CLUSTERciar","date":"18 enero, 2017","format":false,"excerpt":"Dr. Ulises Sedr\u00e1n El Dr. Sedran se gradu\u00f3 de ingeniero qu\u00edmico en la Universidad Nacional del Litoral en 1980 y se doctor\u00f3 en la misma universidad en 1985. Cumpli\u00f3 una estad\u00eda posdoctoral en la Universidad de Western Ontario, Canad\u00e1, desde 1989 hasta 1991, donde fue Profesor Adjunto. Actualmente es Director\u2026","rel":"","context":"En \u00abSustentabilidad\u00bb","block_context":{"text":"Sustentabilidad","link":"http:\/\/ccnews.com.ar\/prensa\/category\/sustentabilidad\/"},"img":{"alt_text":"","src":"https:\/\/i0.wp.com\/ccnews.com.ar\/prensa\/wp-content\/uploads\/2017\/01\/derf__735066_tapa_16122016_154310.jpg?fit=696%2C466&resize=350%2C200","width":350,"height":200,"srcset":"https:\/\/i0.wp.com\/ccnews.com.ar\/prensa\/wp-content\/uploads\/2017\/01\/derf__735066_tapa_16122016_154310.jpg?fit=696%2C466&resize=350%2C200 1x, https:\/\/i0.wp.com\/ccnews.com.ar\/prensa\/wp-content\/uploads\/2017\/01\/derf__735066_tapa_16122016_154310.jpg?fit=696%2C466&resize=525%2C300 1,5x"},"classes":[]},{"id":16692,"url":"http:\/\/ccnews.com.ar\/prensa\/conoce-estos-tips-para-viajar-de-manera-sustentable\/","url_meta":{"origin":16729,"position":2},"title":"Conoce estos tips para viajar de manera sustentable","author":"admin","date":"12 agosto, 2021","format":false,"excerpt":"Los viajeros declararon querer viajar de manera sustentable, pero tienen dificultades para encontrar hospedajes con este sello o pr\u00e1cticas.","rel":"","context":"En \u00abSustentabilidad\u00bb","block_context":{"text":"Sustentabilidad","link":"http:\/\/ccnews.com.ar\/prensa\/category\/sustentabilidad\/"},"img":{"alt_text":"","src":"https:\/\/i0.wp.com\/ccnews.com.ar\/prensa\/wp-content\/uploads\/2021\/08\/viagem-sustent%C3%A1vel.jpg?fit=750%2C500&resize=350%2C200","width":350,"height":200,"srcset":"https:\/\/i0.wp.com\/ccnews.com.ar\/prensa\/wp-content\/uploads\/2021\/08\/viagem-sustent%C3%A1vel.jpg?fit=750%2C500&resize=350%2C200 1x, https:\/\/i0.wp.com\/ccnews.com.ar\/prensa\/wp-content\/uploads\/2021\/08\/viagem-sustent%C3%A1vel.jpg?fit=750%2C500&resize=525%2C300 1,5x, https:\/\/i0.wp.com\/ccnews.com.ar\/prensa\/wp-content\/uploads\/2021\/08\/viagem-sustent%C3%A1vel.jpg?fit=750%2C500&resize=700%2C400 2x"},"classes":[]},{"id":14626,"url":"http:\/\/ccnews.com.ar\/prensa\/los-nuevos-desafios-de-la-ingenieria-civil\/","url_meta":{"origin":16729,"position":3},"title":"Los nuevos desaf\u00edos de la ingenier\u00eda civil","author":"admin","date":"20 febrero, 2020","format":false,"excerpt":"El mundo de la ingenier\u00eda est\u00e1 inmerso en una evoluci\u00f3n permanente, en la que los cambios se suceden, cada vez m\u00e1s, a un ritmo vertiginoso. Todos relacionados con la transformaci\u00f3n digital y condicionado por la incidencia del cambio clim\u00e1tico. Para lograr una correcta adaptaci\u00f3n en tantos campos multidisciplinares, la ingenier\u00eda\u2026","rel":"","context":"En \u00abSustentabilidad\u00bb","block_context":{"text":"Sustentabilidad","link":"http:\/\/ccnews.com.ar\/prensa\/category\/sustentabilidad\/"},"img":{"alt_text":"","src":"https:\/\/i0.wp.com\/ccnews.com.ar\/prensa\/wp-content\/uploads\/2020\/02\/15-FEB2020.jpg?fit=1200%2C800&resize=350%2C200","width":350,"height":200,"srcset":"https:\/\/i0.wp.com\/ccnews.com.ar\/prensa\/wp-content\/uploads\/2020\/02\/15-FEB2020.jpg?fit=1200%2C800&resize=350%2C200 1x, https:\/\/i0.wp.com\/ccnews.com.ar\/prensa\/wp-content\/uploads\/2020\/02\/15-FEB2020.jpg?fit=1200%2C800&resize=525%2C300 1,5x, https:\/\/i0.wp.com\/ccnews.com.ar\/prensa\/wp-content\/uploads\/2020\/02\/15-FEB2020.jpg?fit=1200%2C800&resize=700%2C400 2x, https:\/\/i0.wp.com\/ccnews.com.ar\/prensa\/wp-content\/uploads\/2020\/02\/15-FEB2020.jpg?fit=1200%2C800&resize=1050%2C600 3x"},"classes":[]},{"id":2517,"url":"http:\/\/ccnews.com.ar\/prensa\/brambles-actualiza-sus-objetivos-de-sostenibilidad-para-el-2020\/","url_meta":{"origin":16729,"position":4},"title":"Brambles actualiza sus objetivos de sostenibilidad para el 2020","author":"CLUSTERciar","date":"15 diciembre, 2016","format":false,"excerpt":"Brambles, la compa\u00f1\u00eda internacional de log\u00edstica para la cadena de suministro que opera en m\u00e1s de 60 pa\u00edses, principalmente a trav\u00e9s de las marcas CHEP e IFCO, ha publicado su Estudio sobre sostenibilidad para el ejercicio fiscal de 2016 (EF16). El Estudio incluye una actualizaci\u00f3n sobre los Objetivos de sostenibilidad\u2026","rel":"","context":"En \u00abManagement\u00bb","block_context":{"text":"Management","link":"http:\/\/ccnews.com.ar\/prensa\/category\/management\/"},"img":{"alt_text":"","src":"","width":0,"height":0},"classes":[]},{"id":2367,"url":"http:\/\/ccnews.com.ar\/prensa\/el-cai-entrego-el-premio-pre-ingenieria\/","url_meta":{"origin":16729,"position":5},"title":"El CAI entreg\u00f3 el Premio Pre Ingenier\u00eda","author":"CLUSTERciar","date":"25 noviembre, 2016","format":false,"excerpt":"Un grupo representando a la UTN de Neuqu\u00e9n obtuvo el primer puesto, con un proyecto que convierte pl\u00e1sticos desechados en combustibles. \u00a0 Por 17\u00b0 a\u00f1o, el Centro Argentino de Ingenieros realiz\u00f3 la entrega del Premio Pre Ingenier\u00eda, que tiene como meta \u00a0estimular a estudiantes interesados en la problem\u00e1tica de la\u2026","rel":"","context":"En \u00abSustentabilidad\u00bb","block_context":{"text":"Sustentabilidad","link":"http:\/\/ccnews.com.ar\/prensa\/category\/sustentabilidad\/"},"img":{"alt_text":"","src":"https:\/\/i0.wp.com\/ccnews.com.ar\/prensa\/wp-content\/uploads\/2016\/11\/201611_Preing-15.jpg?fit=600%2C400&resize=350%2C200","width":350,"height":200,"srcset":"https:\/\/i0.wp.com\/ccnews.com.ar\/prensa\/wp-content\/uploads\/2016\/11\/201611_Preing-15.jpg?fit=600%2C400&resize=350%2C200 1x, https:\/\/i0.wp.com\/ccnews.com.ar\/prensa\/wp-content\/uploads\/2016\/11\/201611_Preing-15.jpg?fit=600%2C400&resize=525%2C300 1,5x"},"classes":[]}],"jetpack_sharing_enabled":true,"_links":{"self":[{"href":"http:\/\/ccnews.com.ar\/prensa\/wp-json\/wp\/v2\/posts\/16729","targetHints":{"allow":["GET"]}}],"collection":[{"href":"http:\/\/ccnews.com.ar\/prensa\/wp-json\/wp\/v2\/posts"}],"about":[{"href":"http:\/\/ccnews.com.ar\/prensa\/wp-json\/wp\/v2\/types\/post"}],"author":[{"embeddable":true,"href":"http:\/\/ccnews.com.ar\/prensa\/wp-json\/wp\/v2\/users\/1"}],"replies":[{"embeddable":true,"href":"http:\/\/ccnews.com.ar\/prensa\/wp-json\/wp\/v2\/comments?post=16729"}],"version-history":[{"count":1,"href":"http:\/\/ccnews.com.ar\/prensa\/wp-json\/wp\/v2\/posts\/16729\/revisions"}],"predecessor-version":[{"id":16733,"href":"http:\/\/ccnews.com.ar\/prensa\/wp-json\/wp\/v2\/posts\/16729\/revisions\/16733"}],"wp:featuredmedia":[{"embeddable":true,"href":"http:\/\/ccnews.com.ar\/prensa\/wp-json\/wp\/v2\/media\/16731"}],"wp:attachment":[{"href":"http:\/\/ccnews.com.ar\/prensa\/wp-json\/wp\/v2\/media?parent=16729"}],"wp:term":[{"taxonomy":"category","embeddable":true,"href":"http:\/\/ccnews.com.ar\/prensa\/wp-json\/wp\/v2\/categories?post=16729"},{"taxonomy":"post_tag","embeddable":true,"href":"http:\/\/ccnews.com.ar\/prensa\/wp-json\/wp\/v2\/tags?post=16729"}],"curies":[{"name":"wp","href":"https:\/\/api.w.org\/{rel}","templated":true}]}}