{"id":1699,"date":"2016-09-28T08:00:58","date_gmt":"2016-09-28T11:00:58","guid":{"rendered":"http:\/\/clusterciarnews.com.ar\/prensa\/?p=1699"},"modified":"2016-09-28T09:18:42","modified_gmt":"2016-09-28T12:18:42","slug":"argentina-el-mas-innovador-de-la-region-las-claves-del-exito","status":"publish","type":"post","link":"http:\/\/ccnews.com.ar\/prensa\/argentina-el-mas-innovador-de-la-region-las-claves-del-exito\/","title":{"rendered":"Argentina el m\u00e1s innovador de la regi\u00f3n, las claves del \u00e9xito"},"content":{"rendered":"<p>De acuerdo al \u00edndice de innovaci\u00f3n de\u00a0bloomberg, nuestro pa\u00eds es el l\u00edder regional. Adem\u00e1s, ocupa un lugar entre los 50 pa\u00edses m\u00e1s innovadores del mundo. \u00bfqu\u00e9 se hizo y qu\u00e9 falta?<\/p>\n<p><img data-recalc-dims=\"1\" decoding=\"async\" src=\"https:\/\/i0.wp.com\/www.infotechnology.com\/__export\/1474396728660\/sites\/revistait\/img\/online\/2016\/09\/20\/innovacion-1_crop1474396728523.jpg_1484051676.jpg?w=800\" alt=\"Argentina el m\u00e1s innovador de la regi\u00f3n, las claves del \u00e9xito\" \/><\/p>\n<p>Argentina es la meca de la innovaci\u00f3n en la regi\u00f3n. Al menos, eso se puede afirmar de acuerdo a los datos publicados por el \u00edndice de innovaci\u00f3n de Bloomberg. Seg\u00fan los datos, nuestro pa\u00eds ocupa el puesto 49 de los 50 pa\u00edses m\u00e1s innovadores del mundo y, adem\u00e1s, es el \u00fanico de la regi\u00f3n que aparece en el top 50. El indicador Bloomberg se compone de 5 variables: intensidad en la investigaci\u00f3n y el desarrollo, valor agregado en los productos manufacturados, productividad, educaci\u00f3n terciaria, investigaci\u00f3n y patentes.<\/p>\n<p>En este sentido, el punto\u00a0fuerte de nuestro pa\u00eds es la productividad incluso superando al pa\u00eds l\u00edder (Corea del Sur). La otra ventaja diferencial importante de Argentina es su calidad educativa terciaria; posiblemente debido a la gratuidad y nivel acad\u00e9mico de la misma. Por otra parte, los puntos m\u00e1s flojos de Argentina es todo lo que se refiere a patentes.<\/p>\n<p>&nbsp;<\/p>\n<div>\n<figure class=\"image\"><img data-recalc-dims=\"1\" decoding=\"async\" title=\"\" src=\"https:\/\/i0.wp.com\/www.infotechnology.com\/export\/sites\/revistait\/img\/online\/2016\/09\/20\/-1x-1.jpg_1820834448.jpg?w=800\" alt=\"\" hspace=\"5\" vspace=\"5\" data-height=\"1253\" data-width=\"620\" \/><figcaption><\/figcaption><\/figure>\n<\/div>\n<p>&nbsp;<\/p>\n<h2>La innovaci\u00f3n Argentina, en n\u00fameros<\/h2>\n<p>Bloomberg no es el \u00fanico que present\u00f3 datos sobre la innovaci\u00f3n en el pa\u00eds. Seg\u00fan otro indicador de innovaci\u00f3n; de la Universidad Johnson Cornell, Argentina tiene un buen desempe\u00f1o en su capital humano y de investigaci\u00f3n (puesto 47 global, con 37 puntos sobre un total de 100). Otro de sus fuertes, seg\u00fan se desprende de este ranking, es su infraestructura (puesto 65 a nivel global, con un puntaje de 43 sobre 100). Seg\u00fan este mismo listado, nuestro pa\u00eds ocupa el puesto 81 a nivel global y el puntaje total es de 30 puntos sobre 100.<\/p>\n<p>Las empresas del pa\u00eds destinan, seg\u00fan datos de la C\u00e1mara de Empresas de Software y Servicios Inform\u00e1ticos de Argentina, tanto como un 83% de sus inversiones al desarrollo de nuevos productos innovadores. El resto de la inversi\u00f3n se reparte entre mejoras de calidad (45%), desarrollo de nuevos servicios (43%) y mejoras en los procesos y la productividad (34%).\u00a0 Otro de los focos de inversi\u00f3n en innovaci\u00f3n en el pa\u00eds tiene que ver con el dinero que llega de organismos regionales e internacionales. El Banco Interamericano de Desarrollo, por ejemplo, destina m\u00e1s de 9 mil millones de d\u00f3lares para mejorar la innovaci\u00f3n argentina. El dinero se destina a educaci\u00f3n (972,5 millones), ciencia y tecnolog\u00eda (424 millones), desarrollo de privados y pymes (416 millones) y a modernizar el Estado (131 millones).<\/p>\n<p>Otro de los estudios de referencia respecto a la innovaci\u00f3n es el Global Competitiveness Index Report, que produce el think tank World Economic Forum, que en este caso realiza un pormenorizado an\u00e1lisis del estado actual del nuestro pa\u00eds. En pocas palabras, en Argentina hay capacidad para innovar, afirma el estudio, pero la falta de recursos e infraestructura son un freno. \u00a0De un puntaje total de 7, nuestro pa\u00eds presenta un notablemente bajo 1,3 en lo que respecta a la aplicaci\u00f3n de patentes. Otro tanto vale para el 2,5 que recibi\u00f3 la categor\u00eda que se refiere a la adquisici\u00f3n de tecnolog\u00eda por parte del Estado. No obstante, existen instituciones cient\u00edficas y de investigaci\u00f3n con buena calidad institucional (4,4 puntos) que hace que el pa\u00eds tenga buena disponibilidad de ingenieros y cient\u00edficos (3,5 puntos) lo que; a su vez, refuerza la relaci\u00f3n y colaboraci\u00f3n entre industria y universidad (3,6 puntos).<\/p>\n<p>Fuente: InfoTechnology.<\/p>\n<!-- AddThis Advanced Settings generic via filter on the_content -->","protected":false},"excerpt":{"rendered":"<p>De acuerdo al \u00edndice de innovaci\u00f3n de\u00a0bloomberg, nuestro pa\u00eds es el l\u00edder regional. Adem\u00e1s, ocupa un lugar entre los 50<!-- AddThis Advanced Settings generic via filter on get_the_excerpt --><\/p>\n","protected":false},"author":2,"featured_media":1701,"comment_status":"closed","ping_status":"closed","sticky":false,"template":"","format":"standard","meta":{"colormag_page_container_layout":"default_layout","colormag_page_sidebar_layout":"default_layout","jetpack_post_was_ever_published":false,"_jetpack_newsletter_access":"","_jetpack_dont_email_post_to_subs":false,"_jetpack_newsletter_tier_id":0,"_jetpack_memberships_contains_paywalled_content":false,"_jetpack_memberships_contains_paid_content":false,"footnotes":"","jetpack_publicize_message":"","jetpack_publicize_feature_enabled":true,"jetpack_social_post_already_shared":true,"jetpack_social_options":{"image_generator_settings":{"template":"highway","default_image_id":0,"font":"","enabled":false},"version":2}},"categories":[7],"tags":[17],"class_list":["post-1699","post","type-post","status-publish","format-standard","has-post-thumbnail","hentry","category-management","tag-otros-medios"],"jetpack_publicize_connections":[],"jetpack_featured_media_url":"https:\/\/i0.wp.com\/ccnews.com.ar\/prensa\/wp-content\/uploads\/2016\/09\/plantilla-44.jpg?fit=605%2C172","jetpack_shortlink":"https:\/\/wp.me\/p7L1gj-rp","jetpack-related-posts":[{"id":12873,"url":"http:\/\/ccnews.com.ar\/prensa\/argentina-es-el-pais-mas-infeliz-del-mundo-segun-una-encuesta\/","url_meta":{"origin":1699,"position":0},"title":"Argentina es el pa\u00eds m\u00e1s infeliz del mundo, seg\u00fan una encuesta","author":"admin","date":"7 septiembre, 2019","format":false,"excerpt":"El dato de que Argentina es el pa\u00eds m\u00e1s infeliz se basa en un cuestionario online que se realiz\u00f3 en 28 pa\u00edses. Australia y Canad\u00e1 son el otro extremo La felicidad parece poder medirse por pa\u00eds, as\u00ed lo demuestra este informe internacional en el que la Argentina qued\u00f3 rankeado como\u2026","rel":"","context":"En \u00abManagement\u00bb","block_context":{"text":"Management","link":"http:\/\/ccnews.com.ar\/prensa\/category\/management\/"},"img":{"alt_text":"","src":"https:\/\/i0.wp.com\/ccnews.com.ar\/prensa\/wp-content\/uploads\/2019\/09\/483583.jpg?fit=640%2C360&resize=350%2C200","width":350,"height":200,"srcset":"https:\/\/i0.wp.com\/ccnews.com.ar\/prensa\/wp-content\/uploads\/2019\/09\/483583.jpg?fit=640%2C360&resize=350%2C200 1x, https:\/\/i0.wp.com\/ccnews.com.ar\/prensa\/wp-content\/uploads\/2019\/09\/483583.jpg?fit=640%2C360&resize=525%2C300 1,5x"},"classes":[]},{"id":16370,"url":"http:\/\/ccnews.com.ar\/prensa\/segun-un-estudio-internacional-argentina-lidera-en-la-region-por-su-nivel-de-ingles\/","url_meta":{"origin":1699,"position":1},"title":"Seg\u00fan un estudio internacional, Argentina lidera en la regi\u00f3n por su nivel de ingl\u00e9s","author":"Editor","date":"26 noviembre, 2020","format":false,"excerpt":"La edici\u00f3n 2020 del Indice de Dominio del Ingl\u00e9s coloc\u00f3 a nuestro pa\u00eds en el puesto 25 del ranking mundial.","rel":"","context":"En \u00abEducaci\u00f3n\/Sociedad\u00bb","block_context":{"text":"Educaci\u00f3n\/Sociedad","link":"http:\/\/ccnews.com.ar\/prensa\/category\/educacion-sociedad\/"},"img":{"alt_text":"","src":"","width":0,"height":0},"classes":[]},{"id":6723,"url":"http:\/\/ccnews.com.ar\/prensa\/argentina-avanzo-15-lugares-y-se-mete-entre-las-50-naciones-mas-competitivas-para-el-talento-global\/","url_meta":{"origin":1699,"position":2},"title":"Argentina avanz\u00f3 15 lugares y se mete entre las 50 naciones m\u00e1s competitivas para el talento global","author":"CLUSTERciar","date":"14 febrero, 2018","format":false,"excerpt":"El pa\u00eds mejor\u00f3 notablemente su performance en lo referido al crecimiento econ\u00f3mico como factor de atracci\u00f3n para el capital humano, seg\u00fan un \u00edndice presentado en el Foro de Davos\u00a0 \u00a0 \u00a0 \u00a0 \u00a0 \u00a0\u00a0 n una era definida por la incertidumbre y las divisiones crecientes, la\u00a0diversidad\u00a0del talento\u00a0impulsa la innovaci\u00f3n, ayuda\u2026","rel":"","context":"En \u00abManagement\u00bb","block_context":{"text":"Management","link":"http:\/\/ccnews.com.ar\/prensa\/category\/management\/"},"img":{"alt_text":"","src":"https:\/\/i0.wp.com\/ccnews.com.ar\/prensa\/wp-content\/uploads\/2018\/01\/435517.jpg?fit=630%2C460&resize=350%2C200","width":350,"height":200,"srcset":"https:\/\/i0.wp.com\/ccnews.com.ar\/prensa\/wp-content\/uploads\/2018\/01\/435517.jpg?fit=630%2C460&resize=350%2C200 1x, https:\/\/i0.wp.com\/ccnews.com.ar\/prensa\/wp-content\/uploads\/2018\/01\/435517.jpg?fit=630%2C460&resize=525%2C300 1,5x"},"classes":[]},{"id":4085,"url":"http:\/\/ccnews.com.ar\/prensa\/cuales-son-los-paises-mas-saludables-del-mundo\/","url_meta":{"origin":1699,"position":3},"title":"\u00bfCu\u00e1les son los pa\u00edses m\u00e1s saludables del mundo?","author":"CLUSTERciar","date":"22 mayo, 2017","format":false,"excerpt":"Una f\u00f3rmula busca encontrar la respuesta uando hablamos de salud no solo nos referimos a la mortalidad e infecciones;\u00a0sino tambi\u00e9n al entorno medioambiental, a la naturaleza y al aire limpio que se respira en una ciudad.\u00a0Es un enfoque que engloba mucho m\u00e1s que la ausencia de enfermedad. En este contexto\u2026","rel":"","context":"En \u00abEducaci\u00f3n\/Sociedad\u00bb","block_context":{"text":"Educaci\u00f3n\/Sociedad","link":"http:\/\/ccnews.com.ar\/prensa\/category\/educacion-sociedad\/"},"img":{"alt_text":"","src":"https:\/\/i0.wp.com\/ccnews.com.ar\/prensa\/wp-content\/uploads\/2017\/05\/canales_venecia_italia.jpg?fit=700%2C438&resize=350%2C200","width":350,"height":200,"srcset":"https:\/\/i0.wp.com\/ccnews.com.ar\/prensa\/wp-content\/uploads\/2017\/05\/canales_venecia_italia.jpg?fit=700%2C438&resize=350%2C200 1x, https:\/\/i0.wp.com\/ccnews.com.ar\/prensa\/wp-content\/uploads\/2017\/05\/canales_venecia_italia.jpg?fit=700%2C438&resize=525%2C300 1,5x, https:\/\/i0.wp.com\/ccnews.com.ar\/prensa\/wp-content\/uploads\/2017\/05\/canales_venecia_italia.jpg?fit=700%2C438&resize=700%2C400 2x"},"classes":[]},{"id":11851,"url":"http:\/\/ccnews.com.ar\/prensa\/los-ingenieros-de-cara-a-nuestro-futuro\/","url_meta":{"origin":1699,"position":4},"title":"Los ingenieros, de cara a nuestro futuro","author":"admin","date":"20 junio, 2019","format":false,"excerpt":"El verdadero desaf\u00edo de la Argentina es transformarse en un pa\u00eds innovador que cree m\u00e1s valor y desarrolle m\u00e1s y mejores productos y servicios, utilizando sus recursos humanos e institucionales, y genere m\u00e1s empresas como MercadoLibre, INVAP y Bioceres, para tomar tres distintas y relevantes. Hay quienes ponen esto en\u2026","rel":"","context":"En \u00abSustentabilidad\u00bb","block_context":{"text":"Sustentabilidad","link":"http:\/\/ccnews.com.ar\/prensa\/category\/sustentabilidad\/"},"img":{"alt_text":"","src":"https:\/\/i0.wp.com\/ccnews.com.ar\/prensa\/wp-content\/uploads\/2019\/06\/obra-del-paseo-del-bajo___PJH-P5gNX_1256x620__1.jpg?fit=1200%2C592&resize=350%2C200","width":350,"height":200,"srcset":"https:\/\/i0.wp.com\/ccnews.com.ar\/prensa\/wp-content\/uploads\/2019\/06\/obra-del-paseo-del-bajo___PJH-P5gNX_1256x620__1.jpg?fit=1200%2C592&resize=350%2C200 1x, https:\/\/i0.wp.com\/ccnews.com.ar\/prensa\/wp-content\/uploads\/2019\/06\/obra-del-paseo-del-bajo___PJH-P5gNX_1256x620__1.jpg?fit=1200%2C592&resize=525%2C300 1,5x, https:\/\/i0.wp.com\/ccnews.com.ar\/prensa\/wp-content\/uploads\/2019\/06\/obra-del-paseo-del-bajo___PJH-P5gNX_1256x620__1.jpg?fit=1200%2C592&resize=700%2C400 2x, https:\/\/i0.wp.com\/ccnews.com.ar\/prensa\/wp-content\/uploads\/2019\/06\/obra-del-paseo-del-bajo___PJH-P5gNX_1256x620__1.jpg?fit=1200%2C592&resize=1050%2C600 3x"},"classes":[]},{"id":8509,"url":"http:\/\/ccnews.com.ar\/prensa\/quien-es-el-ex-uia-que-lidera-la-innovacion-en-y-tec\/","url_meta":{"origin":1699,"position":5},"title":"Quien es el ex uia que lidera la innovaci\u00f3n en Y-TEC","author":"CLUSTERciar","date":"8 agosto, 2018","format":false,"excerpt":"Es la cabeza detr\u00e1s de Y-TEC, la empresa de innovaci\u00f3n y desarrollo que concentra lo mejor del mundo productivo y la ciencia en la industria energ\u00e9tica. C\u00f3mo funciona la compa\u00f1\u00eda que es modelo \u00fanico en la regi\u00f3n. Propiciar la relaci\u00f3n entre el sector empresario y la investigaci\u00f3n es un esfuerzo\u2026","rel":"","context":"En \u00abManagement\u00bb","block_context":{"text":"Management","link":"http:\/\/ccnews.com.ar\/prensa\/category\/management\/"},"img":{"alt_text":"","src":"https:\/\/i0.wp.com\/ccnews.com.ar\/prensa\/wp-content\/uploads\/2018\/07\/fotos_laboratorios_y-tec_215.jpg_1484051676.jpg?fit=875%2C471&resize=350%2C200","width":350,"height":200,"srcset":"https:\/\/i0.wp.com\/ccnews.com.ar\/prensa\/wp-content\/uploads\/2018\/07\/fotos_laboratorios_y-tec_215.jpg_1484051676.jpg?fit=875%2C471&resize=350%2C200 1x, https:\/\/i0.wp.com\/ccnews.com.ar\/prensa\/wp-content\/uploads\/2018\/07\/fotos_laboratorios_y-tec_215.jpg_1484051676.jpg?fit=875%2C471&resize=525%2C300 1,5x, https:\/\/i0.wp.com\/ccnews.com.ar\/prensa\/wp-content\/uploads\/2018\/07\/fotos_laboratorios_y-tec_215.jpg_1484051676.jpg?fit=875%2C471&resize=700%2C400 2x"},"classes":[]}],"jetpack_sharing_enabled":true,"_links":{"self":[{"href":"http:\/\/ccnews.com.ar\/prensa\/wp-json\/wp\/v2\/posts\/1699","targetHints":{"allow":["GET"]}}],"collection":[{"href":"http:\/\/ccnews.com.ar\/prensa\/wp-json\/wp\/v2\/posts"}],"about":[{"href":"http:\/\/ccnews.com.ar\/prensa\/wp-json\/wp\/v2\/types\/post"}],"author":[{"embeddable":true,"href":"http:\/\/ccnews.com.ar\/prensa\/wp-json\/wp\/v2\/users\/2"}],"replies":[{"embeddable":true,"href":"http:\/\/ccnews.com.ar\/prensa\/wp-json\/wp\/v2\/comments?post=1699"}],"version-history":[{"count":3,"href":"http:\/\/ccnews.com.ar\/prensa\/wp-json\/wp\/v2\/posts\/1699\/revisions"}],"predecessor-version":[{"id":1755,"href":"http:\/\/ccnews.com.ar\/prensa\/wp-json\/wp\/v2\/posts\/1699\/revisions\/1755"}],"wp:featuredmedia":[{"embeddable":true,"href":"http:\/\/ccnews.com.ar\/prensa\/wp-json\/wp\/v2\/media\/1701"}],"wp:attachment":[{"href":"http:\/\/ccnews.com.ar\/prensa\/wp-json\/wp\/v2\/media?parent=1699"}],"wp:term":[{"taxonomy":"category","embeddable":true,"href":"http:\/\/ccnews.com.ar\/prensa\/wp-json\/wp\/v2\/categories?post=1699"},{"taxonomy":"post_tag","embeddable":true,"href":"http:\/\/ccnews.com.ar\/prensa\/wp-json\/wp\/v2\/tags?post=1699"}],"curies":[{"name":"wp","href":"https:\/\/api.w.org\/{rel}","templated":true}]}}