{"id":1875,"date":"2016-10-23T07:00:18","date_gmt":"2016-10-23T10:00:18","guid":{"rendered":"http:\/\/clusterciarnews.com.ar\/prensa\/?p=1875"},"modified":"2016-10-12T08:56:06","modified_gmt":"2016-10-12T11:56:06","slug":"renovables-vs-fosiles-una-falsa-dicotomia","status":"publish","type":"post","link":"http:\/\/ccnews.com.ar\/prensa\/renovables-vs-fosiles-una-falsa-dicotomia\/","title":{"rendered":"Renovables Vs. f\u00f3siles: una falsa dicotom\u00eda"},"content":{"rendered":"<h2>\u00bfPor qu\u00e9 las energ\u00edas renovables pueden hasta hoy ser s\u00f3lo buenos complementos, pero no la alternativa?<\/h2>\n<h3>\u00a0<img data-recalc-dims=\"1\" decoding=\"async\" src=\"https:\/\/i0.wp.com\/energiaynegocios.com.ar\/wp-content\/uploads\/2015\/04\/world-energy-demand-2050.gif?w=800\" alt=\"Renovables Vs. f\u00f3siles: una falsa dicotom\u00eda\" \/><\/h3>\n<p>En las redes sociales y en algunos medios de comunicaci\u00f3n se difunden datos que intentan convencernos de que es hora de cambiar\u00a0las energ\u00edas f\u00f3siles por las renovables. Sin embargo, esta afirmaci\u00f3n sin sustento t\u00e9cnico tiende a generar confusi\u00f3n.<\/p>\n<p>\u00bfPor qu\u00e9 las energ\u00edas renovables pueden hasta hoy ser s\u00f3lo buenos complementos, pero no la alternativa?<\/p>\n<p>Constantemente vemos en las redes sociales informaciones, a veces con datos t\u00e9cnicos, que remiten a la posibilidad de reemplazar los\u00a0combustibles f\u00f3siles\u00a0por\u00a0fuentes de energ\u00eda renovables, como en el ejemplo de la imagen que vemos al final de este p\u00e1rrafo. Suelen tener mucha viralidad en la web porque las energ\u00edas de fuentes renovables son presentadas como algo deseable, en especial por sus bajas o nulas emisiones de gases de invernadero, en especial de di\u00f3xido de carbono (CO2).<\/p>\n<p>Sin embargo, informaciones de este tipo suelen generar ideas err\u00f3neas sobre c\u00f3mo se compone una matriz energ\u00e9tica, sobre las\u00a0posibilidades reales de las energ\u00edas renovables\u00a0y, peor a\u00fan, pueden llevar a la falsa conclusi\u00f3n de que podemos prescindir hoy de los combustibles f\u00f3siles. Porque ni las energ\u00edas renovables son hoy \u201cla\u201d soluci\u00f3n perfecta y definitiva \u2013ya lo veremos- ni las energ\u00edas f\u00f3siles son tan malas.\u00a0Hagamos un an\u00e1lisis a partir del cartel que ilustra este art\u00edculo.<\/p>\n<p>Alemania produce, s\u00f3lo con aerogeneradores (los molinos para convertir en electricidad la energ\u00eda de los vientos), lo mismo que genera la Argentina a partir de m\u00faltiples fuentes, incluso de combustibles f\u00f3siles. La conclusi\u00f3n obvia es \u201c<em>podemos entonces generar toda la electricidad que necesitamos en la Argentina a partir de energ\u00eda e\u00f3lica<\/em>\u201d. Conclusi\u00f3n obvia, pero falsa.<\/p>\n<p>Por empezar, la\u00a0energ\u00eda e\u00f3lica, as\u00ed como la fotovoltaica (esta \u00faltima utiliza como fuente la radiaci\u00f3n solar) no aseguran fuentes constantes de abastecimiento energ\u00e9tico. Si hay luz solar, habr\u00e1 electricidad. Si hay viento, habr\u00e1 electricidad. Pero cuando no hay viento o no hay radiaci\u00f3n solar, la generaci\u00f3n se interrumpe. Como la electricidad que se genera a partir de estas fuentes a\u00fan no se puede almacenar masivamente y a costos razonables \u2013no se ha descubierto \u201c<em>la gran pila\u201d<\/em>-, tanto la e\u00f3lica como la fotovoltaica se clasifican dentro de las energ\u00edas \u201c<em>intermitentes<\/em>\u201d.<\/p>\n<p>El principal problema es que los sistemas de transporte y distribuci\u00f3n de electricidad no toleran m\u00e1s de un 20% de aporte de energ\u00edas intermitentes. \u00bfQu\u00e9 hacemos con el otro 80 por ciento de energ\u00eda que necesitamos?<\/p>\n<p>Tal como pregona la ilustraci\u00f3n, es probable y hasta esperable que Alemania, una de las naciones m\u00e1s vanguardistas en lo que hace a energ\u00eda e\u00f3lica,\u00a0\u00a0produzca tanta electricidad a partir de los vientos, como la Argentina a partir de m\u00faltiples fuentes. Alemania, de hecho, es el motor industrial de Europa y en total multiplica varias veces la generaci\u00f3n el\u00e9ctrica de nuestro pa\u00eds. Pero ese n\u00famero impresionante es apenas el 7,5% de su matriz de generaci\u00f3n el\u00e9ctrica; o sea que s\u00f3lo el 7,5% de la electricidad que produce el gigante alem\u00e1n es obtenida a partir de sus vientos.\u00a0\u00bfC\u00f3mo obtiene el otro 92,5%?\u00a0Veamos.<\/p>\n<p>Una buena fuente son las tablas que publica el propio Ministerio de Econom\u00eda y Energ\u00eda de Alemania.http:\/\/www.bmwi.de\/BMWi\/Redaktion\/Binaer\/Energiedaten\/energiegewinnung-und-energieverbrauch2-primaerenergieverbrauch.xls. All\u00ed empezamos a desenredar la madeja. El 20% de la electricidad que produce Alemania es, efectivamente, a partir de energ\u00edas renovables. Merece realmente un aplauso. Pero es s\u00f3lo un 20 por ciento, que est\u00e1 compuesto por: 7,5% e\u00f3lica; 5,6% quema de biomasa; 3,5% fotovoltaica; 3,3% hidroel\u00e9ctrica; 0,8% incineraci\u00f3n de residuos. \u00bfY el otro 80 por ciento?\u00a0No hay misterio alguno: el otro 80% proviene de fuentes f\u00f3siles (petr\u00f3leo, gas y carb\u00f3n), m\u00e1s el aporte de sus centrales nucleares.<\/p>\n<p>Pero estamos hablando hasta aqu\u00ed s\u00f3lo de la generaci\u00f3n el\u00e9ctrica. La energ\u00eda que mueve a un pa\u00eds es mucho m\u00e1s que eso. Incluye el combustible para el transporte y tambi\u00e9n para la industria, por ejemplo. Entonces, tenemos que echar un vistazo tambi\u00e9n a la matriz energ\u00e9tica total.<\/p>\n<p>Utilizando las mismas tablas, vemos que tampoco hay misterio aqu\u00ed.\u00a0En primer lugar, la matriz energ\u00e9tica de Alemania se compone de un 34,6% de petr\u00f3leo; un 22,5% de carb\u00f3n (recordemos que el carb\u00f3n emite cinco veces m\u00e1s CO2 que el gas natural); un 21,7% de gas natural; un 11% de generaci\u00f3n nuclear; otras renovables casi un 9% y, si sumamos la hidroel\u00e9ctrica m\u00e1s la e\u00f3lica, tenemos apenas un 1,5 por ciento. Y esta es la verdad. Independientemente del magn\u00edfico esfuerzo que haya hecho Alemania con su capacidad de generaci\u00f3n e\u00f3lica instalada, que est\u00e1 entre las m\u00e1s importantes del mundo, para moverse como pa\u00eds utiliza un 80% de combustibles f\u00f3siles, un 11% nuclear, y cerca de un 10% de fuentes renovables.\u00a0Valga el dato, adem\u00e1s, de que Alemania es el quinto consumidor mundial de petr\u00f3leo.<\/p>\n<p>Si ahora analizamos la\u00a0matriz energ\u00e9tica de la Argentina\u00a0vemos algo parecido en un sentido, y diferente en otro. Nuestra matriz est\u00e1 ampliamente dominada por el gas natural (algo m\u00e1s del 51%), seguida por el petr\u00f3leo (35%) y por un 9% de renovables (m\u00e1s que nada, hidroel\u00e9ctrica). A diferencia de Alemania \u2013y de la mayor parte del planeta- no utilizamos carb\u00f3n (1,5%). Esto es muy bueno y nos habla de una matriz moderna y limpia. Porque, dijimos, el gas natural emite cinco veces menos CO2 a la atm\u00f3sfera que el carb\u00f3n, y a eso tenemos que sumarle la creciente eficiencia tecnol\u00f3gica de los motores, que ha permitido reducir dr\u00e1sticamente la emisiones de CO2 de la quema de combustibles f\u00f3siles, los \u00faltimos a\u00f1os.Entonces, claramente, en el a\u00f1o 2014, energ\u00edas como la e\u00f3lica y la fotovoltaica son complementarias a los combustibles f\u00f3siles, pero est\u00e1n lejos de ser alternativas.<\/p>\n<p>Y todav\u00eda no hemos tocado otras cuestiones, como los costos de la energ\u00eda (no hay algo m\u00e1s antiecol\u00f3gico que la pobreza). A\u00fan as\u00ed, ya estamos en condiciones de volver a leer la imagen que precede esta nota para plantearnos, por lo menos \u2013y vale la pena hacerlo- cu\u00e1l de las dos matrices energ\u00e9ticas, si la de Argentina o la de Alemania, es realmente la m\u00e1s limpia.<\/p>\n<p>Fuente:\u00a0Energia y Negocios<\/p>\n<!-- AddThis Advanced Settings generic via filter on the_content -->","protected":false},"excerpt":{"rendered":"<p>\u00bfPor qu\u00e9 las energ\u00edas renovables pueden hasta hoy ser s\u00f3lo buenos complementos, pero no la alternativa? \u00a0 En las redes<!-- AddThis Advanced Settings generic via filter on get_the_excerpt --><\/p>\n","protected":false},"author":2,"featured_media":1877,"comment_status":"closed","ping_status":"closed","sticky":false,"template":"","format":"standard","meta":{"colormag_page_container_layout":"default_layout","colormag_page_sidebar_layout":"default_layout","jetpack_post_was_ever_published":false,"_jetpack_newsletter_access":"","_jetpack_dont_email_post_to_subs":false,"_jetpack_newsletter_tier_id":0,"_jetpack_memberships_contains_paywalled_content":false,"_jetpack_memberships_contains_paid_content":false,"footnotes":"","jetpack_publicize_message":"","jetpack_publicize_feature_enabled":true,"jetpack_social_post_already_shared":true,"jetpack_social_options":{"image_generator_settings":{"template":"highway","default_image_id":0,"font":"","enabled":false},"version":2}},"categories":[3],"tags":[17],"class_list":["post-1875","post","type-post","status-publish","format-standard","has-post-thumbnail","hentry","category-sustentabilidad","tag-otros-medios"],"jetpack_publicize_connections":[],"jetpack_featured_media_url":"https:\/\/i0.wp.com\/ccnews.com.ar\/prensa\/wp-content\/uploads\/2016\/10\/plantilla-4.jpg?fit=605%2C172","jetpack_shortlink":"https:\/\/wp.me\/p7L1gj-uf","jetpack-related-posts":[{"id":1267,"url":"http:\/\/ccnews.com.ar\/prensa\/cuanto-crecieron-las-energias-renovables-a-nivel-mundial-el-ano-pasado\/","url_meta":{"origin":1875,"position":0},"title":"\u00bfCu\u00e1nto crecieron las energ\u00edas renovables a nivel mundial el a\u00f1o pasado?","author":"CLUSTERciar","date":"25 agosto, 2016","format":false,"excerpt":"Las potencias del G-20 produjeron en 2015 un 8\u00a0por ciento\u00a0de la electricidad desde centrales de energ\u00eda ecol\u00f3gica. Siete de los miembros ya producen m\u00e1s del 10\u00a0por ciento. Alemania llega al 36 por ciento.\u00a0El uso de energ\u00edas renovables se increment\u00f3 un\u00a070 por ciento a nivel mundial El porcentaje de electricidad que\u2026","rel":"","context":"En \u00abEnerg\u00eda y Producci\u00f3n\u00bb","block_context":{"text":"Energ\u00eda y Producci\u00f3n","link":"http:\/\/ccnews.com.ar\/prensa\/category\/energia-y-produccion\/"},"img":{"alt_text":"","src":"https:\/\/i0.wp.com\/www.energiaestrategica.com\/wp-content\/uploads\/2016\/08\/nota-6-9.jpg?resize=350%2C200","width":350,"height":200},"classes":[]},{"id":4103,"url":"http:\/\/ccnews.com.ar\/prensa\/argentina-apuesta-por-las-energias-renovables\/","url_meta":{"origin":1875,"position":1},"title":"Argentina apuesta por las energ\u00edas renovables","author":"CLUSTERciar","date":"14 mayo, 2017","format":false,"excerpt":"Argentina es uno de los pa\u00edses de Am\u00e9rica Latina que cuenta con m\u00e1s recursos de energ\u00edas renovables: vientos constantes en la Patagonia al sur del pa\u00eds; sol todo el a\u00f1o en las zonas remotas del noroeste; energ\u00eda hidroel\u00e9ctrica y biomasa gracias a los r\u00edos y las extensas tierras agr\u00edcolas., ha\u2026","rel":"","context":"En \u00abEnerg\u00eda y Producci\u00f3n\u00bb","block_context":{"text":"Energ\u00eda y Producci\u00f3n","link":"http:\/\/ccnews.com.ar\/prensa\/category\/energia-y-produccion\/"},"img":{"alt_text":"","src":"https:\/\/i0.wp.com\/ccnews.com.ar\/prensa\/wp-content\/uploads\/2017\/05\/Renovables-Mexico-1110x510.jpg?fit=1110%2C510&resize=350%2C200","width":350,"height":200,"srcset":"https:\/\/i0.wp.com\/ccnews.com.ar\/prensa\/wp-content\/uploads\/2017\/05\/Renovables-Mexico-1110x510.jpg?fit=1110%2C510&resize=350%2C200 1x, https:\/\/i0.wp.com\/ccnews.com.ar\/prensa\/wp-content\/uploads\/2017\/05\/Renovables-Mexico-1110x510.jpg?fit=1110%2C510&resize=525%2C300 1,5x, https:\/\/i0.wp.com\/ccnews.com.ar\/prensa\/wp-content\/uploads\/2017\/05\/Renovables-Mexico-1110x510.jpg?fit=1110%2C510&resize=700%2C400 2x, https:\/\/i0.wp.com\/ccnews.com.ar\/prensa\/wp-content\/uploads\/2017\/05\/Renovables-Mexico-1110x510.jpg?fit=1110%2C510&resize=1050%2C600 3x"},"classes":[]},{"id":2761,"url":"http:\/\/ccnews.com.ar\/prensa\/la-produccion-mundial-de-energias-renovables-crecio-un-70\/","url_meta":{"origin":1875,"position":2},"title":"La producci\u00f3n mundial de energ\u00edas renovables creci\u00f3 un 70%","author":"CLUSTERciar","date":"28 diciembre, 2016","format":false,"excerpt":"Aunque los combustibles f\u00f3siles siguen siendo el principal insumo para la generaci\u00f3n de electricidad a escala global, la participaci\u00f3n de las fuentes energ\u00e9ticas limpias no deja de crecer. Las potencias del G20 ya obtienen, en promedio, un 8% de la energ\u00eda el\u00e9ctrica que consumen a partir del aprovechamiento de recursos\u2026","rel":"","context":"En \u00abEnerg\u00eda y Producci\u00f3n\u00bb","block_context":{"text":"Energ\u00eda y Producci\u00f3n","link":"http:\/\/ccnews.com.ar\/prensa\/category\/energia-y-produccion\/"},"img":{"alt_text":"","src":"","width":0,"height":0},"classes":[]},{"id":2629,"url":"http:\/\/ccnews.com.ar\/prensa\/energias-renovables-afirman-que-habra-inversiones-por-us-6000-millones\/","url_meta":{"origin":1875,"position":3},"title":"Energ\u00edas renovables: afirman que habr\u00e1 inversiones por u$s 6000 millones","author":"CLUSTERciar","date":"16 diciembre, 2016","format":false,"excerpt":"As\u00ed lo estim\u00f3 el\u00a0exsecretario de Energ\u00eda Daniel Montamat, sobre los pr\u00f3ximos dos a\u00f1os. La licitaci\u00f3n que el gobierno\u00a0nacional realiz\u00f3 de proyectos de generaci\u00f3n de energ\u00edas renovables producir\u00e1 en los pr\u00f3ximos dos a\u00f1os inversiones por u$s 6.000 millones, asegur\u00f3 el exsecretario de Energ\u00eda Daniel Montamat. \"Sali\u00f3 muy bien la licitaci\u00f3n de\u2026","rel":"","context":"En \u00abEnerg\u00eda y Producci\u00f3n\u00bb","block_context":{"text":"Energ\u00eda y Producci\u00f3n","link":"http:\/\/ccnews.com.ar\/prensa\/category\/energia-y-produccion\/"},"img":{"alt_text":"","src":"","width":0,"height":0},"classes":[]},{"id":15246,"url":"http:\/\/ccnews.com.ar\/prensa\/las-energias-renovables-prueban-su-inmunidad-al-covid-19\/","url_meta":{"origin":1875,"position":4},"title":"Las energ\u00edas renovables prueban su inmunidad al COVID-19","author":"admin","date":"15 abril, 2020","format":false,"excerpt":"El crecimiento de la industria de las energ\u00edas renovables se ha desacelerado en las \u00faltimas semanas, debido a la combinaci\u00f3n de tres factores: la pandemia, la contracci\u00f3n financiera resultante y el colapso en los precios del petr\u00f3leo. Los analistas esperan una contracci\u00f3n significativa a corto plazo, seguida por una recuperaci\u00f3n\u2026","rel":"","context":"En \u00abCovid-19\u00bb","block_context":{"text":"Covid-19","link":"http:\/\/ccnews.com.ar\/prensa\/category\/covid-19\/"},"img":{"alt_text":"","src":"https:\/\/i0.wp.com\/ccnews.com.ar\/prensa\/wp-content\/uploads\/2020\/04\/Las-energias-renovables-660x330.jpg?fit=660%2C330&resize=350%2C200","width":350,"height":200,"srcset":"https:\/\/i0.wp.com\/ccnews.com.ar\/prensa\/wp-content\/uploads\/2020\/04\/Las-energias-renovables-660x330.jpg?fit=660%2C330&resize=350%2C200 1x, https:\/\/i0.wp.com\/ccnews.com.ar\/prensa\/wp-content\/uploads\/2020\/04\/Las-energias-renovables-660x330.jpg?fit=660%2C330&resize=525%2C300 1,5x"},"classes":[]},{"id":10081,"url":"http:\/\/ccnews.com.ar\/prensa\/el-futuro-de-los-puestos-de-trabajo-en-el-area-de-las-energias-renovables\/","url_meta":{"origin":1875,"position":5},"title":"El futuro de los puestos de trabajo en el \u00e1rea de las energ\u00edas renovables","author":"admin","date":"24 enero, 2019","format":false,"excerpt":"Conoce c\u00f3mo afectar\u00e1 la implantaci\u00f3n de las energ\u00edas renovables al mercado laboral. Se crear\u00e1n nuevos puestos de trabajo La ingenier\u00eda en energ\u00edas renovables es una de las carreras m\u00e1s demandadas hoy en d\u00eda. Las nuevas formas de extracci\u00f3n de energ\u00eda traen consigo nuevos puestos de trabajo. Salvar al planeta es\u2026","rel":"","context":"En \u00abSustentabilidad\u00bb","block_context":{"text":"Sustentabilidad","link":"http:\/\/ccnews.com.ar\/prensa\/category\/sustentabilidad\/"},"img":{"alt_text":"","src":"https:\/\/i0.wp.com\/ccnews.com.ar\/prensa\/wp-content\/uploads\/2019\/01\/ing1.jpg?fit=712%2C350&resize=350%2C200","width":350,"height":200,"srcset":"https:\/\/i0.wp.com\/ccnews.com.ar\/prensa\/wp-content\/uploads\/2019\/01\/ing1.jpg?fit=712%2C350&resize=350%2C200 1x, https:\/\/i0.wp.com\/ccnews.com.ar\/prensa\/wp-content\/uploads\/2019\/01\/ing1.jpg?fit=712%2C350&resize=525%2C300 1,5x, https:\/\/i0.wp.com\/ccnews.com.ar\/prensa\/wp-content\/uploads\/2019\/01\/ing1.jpg?fit=712%2C350&resize=700%2C400 2x"},"classes":[]}],"jetpack_sharing_enabled":true,"_links":{"self":[{"href":"http:\/\/ccnews.com.ar\/prensa\/wp-json\/wp\/v2\/posts\/1875","targetHints":{"allow":["GET"]}}],"collection":[{"href":"http:\/\/ccnews.com.ar\/prensa\/wp-json\/wp\/v2\/posts"}],"about":[{"href":"http:\/\/ccnews.com.ar\/prensa\/wp-json\/wp\/v2\/types\/post"}],"author":[{"embeddable":true,"href":"http:\/\/ccnews.com.ar\/prensa\/wp-json\/wp\/v2\/users\/2"}],"replies":[{"embeddable":true,"href":"http:\/\/ccnews.com.ar\/prensa\/wp-json\/wp\/v2\/comments?post=1875"}],"version-history":[{"count":1,"href":"http:\/\/ccnews.com.ar\/prensa\/wp-json\/wp\/v2\/posts\/1875\/revisions"}],"predecessor-version":[{"id":1879,"href":"http:\/\/ccnews.com.ar\/prensa\/wp-json\/wp\/v2\/posts\/1875\/revisions\/1879"}],"wp:featuredmedia":[{"embeddable":true,"href":"http:\/\/ccnews.com.ar\/prensa\/wp-json\/wp\/v2\/media\/1877"}],"wp:attachment":[{"href":"http:\/\/ccnews.com.ar\/prensa\/wp-json\/wp\/v2\/media?parent=1875"}],"wp:term":[{"taxonomy":"category","embeddable":true,"href":"http:\/\/ccnews.com.ar\/prensa\/wp-json\/wp\/v2\/categories?post=1875"},{"taxonomy":"post_tag","embeddable":true,"href":"http:\/\/ccnews.com.ar\/prensa\/wp-json\/wp\/v2\/tags?post=1875"}],"curies":[{"name":"wp","href":"https:\/\/api.w.org\/{rel}","templated":true}]}}