{"id":2047,"date":"2016-10-24T14:00:38","date_gmt":"2016-10-24T17:00:38","guid":{"rendered":"http:\/\/clusterciarnews.com.ar\/prensa\/?p=2047"},"modified":"2016-10-24T14:47:05","modified_gmt":"2016-10-24T17:47:05","slug":"dow-trae-2000-millones-de-dolares-a-el-orejano","status":"publish","type":"post","link":"http:\/\/ccnews.com.ar\/prensa\/dow-trae-2000-millones-de-dolares-a-el-orejano\/","title":{"rendered":"Dow trae 2000 millones de d\u00f3lares a El Orejano"},"content":{"rendered":"<p>El\u00a0CEO de Dow Argentina, Gast\u00f3n Remy, anticip\u00f3 ayer una buena noticia para el sector petrolero en Neuqu\u00e9n. Seg\u00fan adelant\u00f3, en los pr\u00f3ximos cuatro a\u00f1os la firma invertir\u00e1 2000 millones de d\u00f3lares para extraer gas en el bloque que opera en conjunto con YPF, El Orejano.<\/p>\n<p>En los \u00faltimos dos a\u00f1os ya dej\u00f3 850 millones de d\u00f3lares en Neuqu\u00e9n, con una perspectiva de producci\u00f3n de los 2,5 millones de metros c\u00fabicos de gas por d\u00eda a fin de a\u00f1o.<\/p>\n<p>\u201cCreo que es una gran noticia para Neuqu\u00e9n\u201d, dijo Remy ayer en esta ciudad, en la jornada sobre \u201cEficiencia Energ\u00e9tica en la Construcci\u00f3n\u201d que se desarroll\u00f3 ayer en el Paseo de la Costa, frente al r\u00edo Limay.<\/p>\n<p>Dow, una empresa que tambi\u00e9n es una qu\u00edmica que produce petr\u00f3leo para su cadena de fabricaci\u00f3n de insumos, anunci\u00f3 a principios de a\u00f1o una inversi\u00f3n del orden de los 500 millones de d\u00f3lares.<\/p>\n<p>La novedad reafirma la apuesta por su presencia en la cuenca neuquina, en momentos de una crisis, por un lado, del precio del petr\u00f3leo, con un trasfondo de tensiones en la industria a nivel local, como ocurre en otras provincias productoras.<\/p>\n<p>La firma defini\u00f3 su asociaci\u00f3n estrat\u00e9gica para garantizarse la provisi\u00f3n de gas de El Orejano que empez\u00f3 a ser usado como insumo para la fabricaci\u00f3n de polietileno. \u201cVamos a estar cerrando el a\u00f1o 2017 con casi 700 millones de d\u00f3lares acumulados de inversi\u00f3n junto con YPF. Es la segunda etapa del desarrollo, y en los pr\u00f3ximos a\u00f1os la expectativa es llegar a los dos mil millones de d\u00f3lares de inversi\u00f3n para el desarrollo total del campo\u201d, asegur\u00f3 el CEO de la empresa, que ayer volvi\u00f3 a verse en esta ciudad con el gobernador Omar Guti\u00e9rrez.<\/p>\n<p>\u201cPara nosotros es importante lo que eso significa como disponibilidad de materia prima, pero el campo El Orejano, que es el campo de gas m\u00e1s grande del mundo fuera de Norteam\u00e9rica en producci\u00f3n, ha superado completamente nuestras expectativas tanto en la operaci\u00f3n de YPF como en la productividad geol\u00f3gica y en su potencialidad\u201d, afirm\u00f3 Remy.<\/p>\n<p>\u201cEste es el \u00fanico lugar en el mundo donde nos animamos a participar en la producci\u00f3n y explotaci\u00f3n de los recursos hidrocarbur\u00edferos, as\u00ed que es una experiencia que est\u00e1 teniendo mucho impacto incluso a nivel global\u201d, agreg\u00f3.<\/p>\n<p>Al analizar el significado que tiene Vaca Muerta para la industria de los hidrocarburos, el titular de Dow consider\u00f3 que \u201ces la oportunidad \u00fanica que tiene Argentina en lo que es una de las plataformas claves de desarrollo de cualquier pa\u00eds, no s\u00f3lo desde el punto de vista econ\u00f3mico sino tambi\u00e9n geopol\u00edtico de tener la segunda reserva m\u00e1s grande de shale gas\u201d.<\/p>\n<p><img data-recalc-dims=\"1\" decoding=\"async\" src=\"https:\/\/i0.wp.com\/media.lmneuquen.com\/adjuntos\/195\/imagenes\/002\/234\/0002234336.jpg?w=800\" alt=\"A Full. La empresa producir\u00e1 a fin de a\u00f1o 2\" \/><\/p>\n<p>\u201cCompa\u00f1\u00edas como Dow miran este potencial desde el punto de vista del valor agregado, de la cadena industrial, de poder tomar esa materia prima y transformarla despu\u00e9s en bienes industriales que tienen repercusi\u00f3n en toda la cadena de valor\u201d, destac\u00f3.<\/p>\n<p>Sostuvo que \u201cel mundo mira con mucha expectativa porque las oportunidades son enormes, aunque esto todav\u00eda es muy incipiente\u201d. \u201cPero hemos visto lo que sucedi\u00f3 en Estados Unidos, donde una revoluci\u00f3n similar tuvo un impacto magn\u00edfico en lo que fue la reconstrucci\u00f3n de la cadena industrial de ese pa\u00eds\u201d, se\u00f1al\u00f3.<\/p>\n<p>Es el segundo anuncio significativo en lo que va de la semana. YPF, por su parte, el lunes pasado hab\u00eda suscripto un nuevo acuerdo con el gobierno provincial, por el cual garantiz\u00f3 otros 425 millones de d\u00f3lares para producir hidrocarburos en \u00e1reas que operaba junto a Gas y Petr\u00f3leo del Neuqu\u00e9n (GyP). Ahora decidi\u00f3 quedarse con 11, y operarlas junto a otras socias, tambi\u00e9n para buscar gas.<\/p>\n<p>Por su parte, la petrolera neuquina podr\u00eda salir a buscar nuevos socios por las \u00e1reas que defini\u00f3 quedarse. La provincia se qued\u00f3 con un pago cercano a los 30 millones de d\u00f3lares por esta operaci\u00f3n.<\/p>\n<p>Tanto la de YPF como la de Dow, son dos buenas noticias en momentos cr\u00edticos, con un 2016 en el que la Provincia logr\u00f3 mantener ciertos m\u00e1rgenes de producci\u00f3n en Vaca Muerta, a la espera de un contexto internacional para la llegada de grandes inversiones.<\/p>\n<p>Cabe se\u00f1alar que la formaci\u00f3n de recursos no convencionales logr\u00f3 sostener el nivel de inversiones, en alg\u00fan punto, a partir del desarrollo de los proyectos gas\u00edferos.<\/p>\n<p>Pese a la baja internacional del valor del crudo, a algunas empresas les contin\u00faa cerrando la ecuaci\u00f3n de extraer el fluido, en parte por el valor que fue hacia la alza y recibi\u00f3 un importante est\u00edmulo a partir de los subsidios nacionales vigentes.<\/p>\n<p>Por esto, pudieron readecuar sus planes de negocios, ya que por las caracter\u00edsticas de los pozos no convencionales, con costos m\u00e1s altos que en otro tipo de desarrollos, el valor del crudo subsidiado a 67,50 d\u00f3lares no les permite sostener el ritmo de inversiones.<\/p>\n<blockquote><p><span id=\"saysCMSEmphasisihozt9k2gr\" class=\"saysCMSEmphasis\">La firma lleva el gas para Bah\u00eda Blanca, donde lo procesa para fabricar\u00a0<\/span><span id=\"saysCMSEmphasisihozt9k2gr\" class=\"saysCMSEmphasis\">polietileno.<\/span><\/p><\/blockquote>\n<p><img data-recalc-dims=\"1\" decoding=\"async\" src=\"https:\/\/i0.wp.com\/media.lmneuquen.com\/adjuntos\/195\/imagenes\/002\/234\/0002234347.jpg?w=800\" alt=\"Ya dej\u00f3 u$s 850 millones en dos a\u00f1os. Dow sigue jugando fuerte.\" \/><\/p>\n<p><strong><span class=\"\">Ratificar\u00e1n el acuerdo de inversi\u00f3n<\/span><\/strong><\/p>\n<p><span class=\"\">El gobierno neuquino envi\u00f3 ayer a la Legislatura el acuerdo entre la provincia y las empresas YPF, YSUR Energ\u00eda Argentina, y Gas y Petr\u00f3leo del Neuqu\u00e9n, para la ejecuci\u00f3n de dos nuevos pilotos no convencionales y nueve contratos de exploraci\u00f3n por una inversi\u00f3n de 452 millones de d\u00f3lares en los pr\u00f3ximos cinco a\u00f1os. Se trata del \u201cActa acuerdo definitivo de t\u00e9rminos y condiciones para el intercambio de participaciones en el grupo de \u00e1reas Zona Oeste\u201d, suscripto entre las empresas y el Gobierno, aprobado por decreto 1431\/16, del gobernador Omar Guti\u00e9rrez. El acuerdo procura la restituci\u00f3n total o parcial de algunas \u00e1reas a su situaci\u00f3n original; es decir, previa al contrato UTE entre YPF y GyP, o en la reconversi\u00f3n de los contratos en permisos de exploraci\u00f3n con objetivos no convencionales, en el marco de la normativa nacional y provincial.<\/span><\/p>\n<p>&nbsp;<\/p>\n<p>Fuente: La ma\u00f1ana de Neuqu\u00e9n<\/p>\n<!-- AddThis Advanced Settings generic via filter on the_content -->","protected":false},"excerpt":{"rendered":"<p>El\u00a0CEO de Dow Argentina, Gast\u00f3n Remy, anticip\u00f3 ayer una buena noticia para el sector petrolero en Neuqu\u00e9n. Seg\u00fan adelant\u00f3, en<!-- AddThis Advanced Settings generic via filter on get_the_excerpt --><\/p>\n","protected":false},"author":2,"featured_media":2049,"comment_status":"closed","ping_status":"closed","sticky":false,"template":"","format":"standard","meta":{"colormag_page_container_layout":"default_layout","colormag_page_sidebar_layout":"default_layout","jetpack_post_was_ever_published":false,"_jetpack_newsletter_access":"","_jetpack_dont_email_post_to_subs":false,"_jetpack_newsletter_tier_id":0,"_jetpack_memberships_contains_paywalled_content":false,"_jetpack_memberships_contains_paid_content":false,"footnotes":"","jetpack_publicize_message":"","jetpack_publicize_feature_enabled":true,"jetpack_social_post_already_shared":true,"jetpack_social_options":{"image_generator_settings":{"template":"highway","default_image_id":0,"font":"","enabled":false},"version":2}},"categories":[7],"tags":[17],"class_list":["post-2047","post","type-post","status-publish","format-standard","has-post-thumbnail","hentry","category-management","tag-otros-medios"],"jetpack_publicize_connections":[],"jetpack_featured_media_url":"https:\/\/i0.wp.com\/ccnews.com.ar\/prensa\/wp-content\/uploads\/2016\/10\/plantilla-25.jpg?fit=770%2C433","jetpack_shortlink":"https:\/\/wp.me\/p7L1gj-x1","jetpack-related-posts":[{"id":4827,"url":"http:\/\/ccnews.com.ar\/prensa\/neuquen-se-debera-desarrollar-mas-infraestructura-para-transportar-gas\/","url_meta":{"origin":2047,"position":0},"title":"NEUQU\u00c9N: SE DEBER\u00c1 DESARROLLAR M\u00c1S INFRAESTRUCTURA PARA TRANSPORTAR GAS","author":"CLUSTERciar","date":"28 julio, 2017","format":false,"excerpt":"Por ahora, no habr\u00eda problemas para transportarlo hasta el 2020. De concretarse todas las inversiones, ser\u00e1 necesario invertir para evitar un cuello de botella que complique el traslado de metros c\u00fabicos de gas. La extracci\u00f3n de gas en la cuenca neuquina, que creci\u00f3 de manera sostenida en el 2017 y\u2026","rel":"","context":"En \u00abEnerg\u00eda y Producci\u00f3n\u00bb","block_context":{"text":"Energ\u00eda y Producci\u00f3n","link":"http:\/\/ccnews.com.ar\/prensa\/category\/energia-y-produccion\/"},"img":{"alt_text":"","src":"https:\/\/i0.wp.com\/ccnews.com.ar\/prensa\/wp-content\/uploads\/2017\/07\/1500397329_792129_1500397489_noticia_normal_recorte1-3.jpg?fit=1000%2C750&resize=350%2C200","width":350,"height":200,"srcset":"https:\/\/i0.wp.com\/ccnews.com.ar\/prensa\/wp-content\/uploads\/2017\/07\/1500397329_792129_1500397489_noticia_normal_recorte1-3.jpg?fit=1000%2C750&resize=350%2C200 1x, https:\/\/i0.wp.com\/ccnews.com.ar\/prensa\/wp-content\/uploads\/2017\/07\/1500397329_792129_1500397489_noticia_normal_recorte1-3.jpg?fit=1000%2C750&resize=525%2C300 1,5x, https:\/\/i0.wp.com\/ccnews.com.ar\/prensa\/wp-content\/uploads\/2017\/07\/1500397329_792129_1500397489_noticia_normal_recorte1-3.jpg?fit=1000%2C750&resize=700%2C400 2x"},"classes":[]},{"id":8643,"url":"http:\/\/ccnews.com.ar\/prensa\/las-inversiones-en-vaca-muerta-subieron-un-31\/","url_meta":{"origin":2047,"position":1},"title":"Las inversiones en Vaca Muerta subieron un 31%","author":"CLUSTERciar","date":"19 agosto, 2018","format":false,"excerpt":"En el a\u00f1o se estima que se volcar\u00e1n en la provincia 4.539 millones de d\u00f3lares. El 92% tiene destino no convencional. \u00a0La joya de los no convencionales que Neuqu\u00e9n tiene enterrada bajo gran parte de su territorio, cada vez gusta m\u00e1s. Las inversiones para desarrollar los recursos de Vaca Muerta\u2026","rel":"","context":"En \u00abEnerg\u00eda y Producci\u00f3n\u00bb","block_context":{"text":"Energ\u00eda y Producci\u00f3n","link":"http:\/\/ccnews.com.ar\/prensa\/category\/energia-y-produccion\/"},"img":{"alt_text":"","src":"https:\/\/i0.wp.com\/ccnews.com.ar\/prensa\/wp-content\/uploads\/2018\/08\/image_content_9978791_20180808210030.jpg?fit=660%2C370&resize=350%2C200","width":350,"height":200,"srcset":"https:\/\/i0.wp.com\/ccnews.com.ar\/prensa\/wp-content\/uploads\/2018\/08\/image_content_9978791_20180808210030.jpg?fit=660%2C370&resize=350%2C200 1x, https:\/\/i0.wp.com\/ccnews.com.ar\/prensa\/wp-content\/uploads\/2018\/08\/image_content_9978791_20180808210030.jpg?fit=660%2C370&resize=525%2C300 1,5x"},"classes":[]},{"id":4591,"url":"http:\/\/ccnews.com.ar\/prensa\/pae-invertira-400-millones-de-dolares-en-vaca-muerta\/","url_meta":{"origin":2047,"position":2},"title":"PAE invertir\u00e1 400 millones de d\u00f3lares en Vaca Muerta","author":"CLUSTERciar","date":"3 julio, 2017","format":false,"excerpt":"PAE invertir\u00e1 400 millones de d\u00f3lares en Vaca Muerta Pan American Energy confirm\u00f3 un flujo de inversiones de 400 millones de d\u00f3lares en el desarrollo de sus intereses en Vaca Muerta. El monto forma parte de un total de 1200 millones de d\u00f3lares que la compa\u00f1\u00eda desembolsar\u00e1 en sus intereses\u2026","rel":"","context":"En \u00abManagement\u00bb","block_context":{"text":"Management","link":"http:\/\/ccnews.com.ar\/prensa\/category\/management\/"},"img":{"alt_text":"","src":"https:\/\/i0.wp.com\/ccnews.com.ar\/prensa\/wp-content\/uploads\/2017\/07\/pae290617.jpg?fit=250%2C250&resize=350%2C200","width":350,"height":200},"classes":[]},{"id":3955,"url":"http:\/\/ccnews.com.ar\/prensa\/pluspetrol-invierte-us-160-millones-en-vaca-muerta-2\/","url_meta":{"origin":2047,"position":3},"title":"Pluspetrol invierte u$s 160 millones en Vaca Muerta","author":"CLUSTERciar","date":"27 abril, 2017","format":false,"excerpt":"La empresa desembarca con un piloto en el \u00e1rea Centenario Centro. La provincia otorg\u00f3 una concesi\u00f3n no convencional por 35 a\u00f1os a Pluspetrol Sociedad An\u00f3nima para explotar hidrocarburos, fundamentalmente gas, en el \u00e1rea Centenario Centro. El plazo de concesi\u00f3n incluye el per\u00edodo del plan piloto, que no demandar\u00e1 m\u00e1s de\u2026","rel":"","context":"En \u00abEnerg\u00eda y Producci\u00f3n\u00bb","block_context":{"text":"Energ\u00eda y Producci\u00f3n","link":"http:\/\/ccnews.com.ar\/prensa\/category\/energia-y-produccion\/"},"img":{"alt_text":"","src":"https:\/\/i0.wp.com\/ccnews.com.ar\/prensa\/wp-content\/uploads\/2017\/04\/unnamed-1.jpg?fit=770%2C433&resize=350%2C200","width":350,"height":200,"srcset":"https:\/\/i0.wp.com\/ccnews.com.ar\/prensa\/wp-content\/uploads\/2017\/04\/unnamed-1.jpg?fit=770%2C433&resize=350%2C200 1x, https:\/\/i0.wp.com\/ccnews.com.ar\/prensa\/wp-content\/uploads\/2017\/04\/unnamed-1.jpg?fit=770%2C433&resize=525%2C300 1,5x, https:\/\/i0.wp.com\/ccnews.com.ar\/prensa\/wp-content\/uploads\/2017\/04\/unnamed-1.jpg?fit=770%2C433&resize=700%2C400 2x"},"classes":[]},{"id":10147,"url":"http:\/\/ccnews.com.ar\/prensa\/las-inversiones-extranjeras-hacen-foco-en-vaca-muerta\/","url_meta":{"origin":2047,"position":4},"title":"Las inversiones extranjeras hacen foco en Vaca Muerta","author":"admin","date":"29 enero, 2019","format":false,"excerpt":"Entre 2016 y 2018 Neuqu\u00e9n fue la segunda provincia en recibir la mayor cantidad de aportes. Los anuncios de empresas for\u00e1neas sumaron 20.800 millones de d\u00f3lares. La provincia de Neuqu\u00e9n se ubic\u00f3 como la segunda jurisdicci\u00f3n del pa\u00eds es recibir m\u00e1s inversiones de empresas extranjeras en el trie\u00f1o que va\u2026","rel":"","context":"En \u00abEnerg\u00eda y Producci\u00f3n\u00bb","block_context":{"text":"Energ\u00eda y Producci\u00f3n","link":"http:\/\/ccnews.com.ar\/prensa\/category\/energia-y-produccion\/"},"img":{"alt_text":"","src":"https:\/\/i0.wp.com\/ccnews.com.ar\/prensa\/wp-content\/uploads\/2019\/01\/Inspeccion1.jpg?fit=660%2C400&resize=350%2C200","width":350,"height":200,"srcset":"https:\/\/i0.wp.com\/ccnews.com.ar\/prensa\/wp-content\/uploads\/2019\/01\/Inspeccion1.jpg?fit=660%2C400&resize=350%2C200 1x, https:\/\/i0.wp.com\/ccnews.com.ar\/prensa\/wp-content\/uploads\/2019\/01\/Inspeccion1.jpg?fit=660%2C400&resize=525%2C300 1,5x"},"classes":[]},{"id":2297,"url":"http:\/\/ccnews.com.ar\/prensa\/amplian-acuerdo-para-inversion-en-vaca-muerta\/","url_meta":{"origin":2047,"position":5},"title":"Ampl\u00edan acuerdo para inversi\u00f3n en Vaca Muerta","author":"CLUSTERciar","date":"9 noviembre, 2016","format":false,"excerpt":"Una segunda parte del contrato entre YPF y Petronas para la explotaci\u00f3n petrolera shale se firmar\u00e1 en las pr\u00f3ximas semanas. Es por u$s 300 millones. La explotaci\u00f3n conjunta de YPF y Petronas est\u00e1 en La Amarga Chica.Sebastian Fari\u00f1a Petersen Neuqu\u00e9n.- YPF y Petronas firmar\u00e1n en las pr\u00f3ximas semanas una ampliaci\u00f3n\u2026","rel":"","context":"En \u00abSustentabilidad\u00bb","block_context":{"text":"Sustentabilidad","link":"http:\/\/ccnews.com.ar\/prensa\/category\/sustentabilidad\/"},"img":{"alt_text":"La explotaci\u00f3n conjunta de YPF y Petronas est\u00e1 en La Amarga Chica.","src":"https:\/\/i0.wp.com\/media.lmneuquen.com\/adjuntos\/195\/imagenes\/002\/261\/0002261245.jpg?resize=350%2C200&ssl=1","width":350,"height":200,"srcset":"https:\/\/i0.wp.com\/media.lmneuquen.com\/adjuntos\/195\/imagenes\/002\/261\/0002261245.jpg?resize=350%2C200&ssl=1 1x, https:\/\/i0.wp.com\/media.lmneuquen.com\/adjuntos\/195\/imagenes\/002\/261\/0002261245.jpg?resize=525%2C300&ssl=1 1,5x, https:\/\/i0.wp.com\/media.lmneuquen.com\/adjuntos\/195\/imagenes\/002\/261\/0002261245.jpg?resize=700%2C400&ssl=1 2x"},"classes":[]}],"jetpack_sharing_enabled":true,"_links":{"self":[{"href":"http:\/\/ccnews.com.ar\/prensa\/wp-json\/wp\/v2\/posts\/2047","targetHints":{"allow":["GET"]}}],"collection":[{"href":"http:\/\/ccnews.com.ar\/prensa\/wp-json\/wp\/v2\/posts"}],"about":[{"href":"http:\/\/ccnews.com.ar\/prensa\/wp-json\/wp\/v2\/types\/post"}],"author":[{"embeddable":true,"href":"http:\/\/ccnews.com.ar\/prensa\/wp-json\/wp\/v2\/users\/2"}],"replies":[{"embeddable":true,"href":"http:\/\/ccnews.com.ar\/prensa\/wp-json\/wp\/v2\/comments?post=2047"}],"version-history":[{"count":1,"href":"http:\/\/ccnews.com.ar\/prensa\/wp-json\/wp\/v2\/posts\/2047\/revisions"}],"predecessor-version":[{"id":2051,"href":"http:\/\/ccnews.com.ar\/prensa\/wp-json\/wp\/v2\/posts\/2047\/revisions\/2051"}],"wp:featuredmedia":[{"embeddable":true,"href":"http:\/\/ccnews.com.ar\/prensa\/wp-json\/wp\/v2\/media\/2049"}],"wp:attachment":[{"href":"http:\/\/ccnews.com.ar\/prensa\/wp-json\/wp\/v2\/media?parent=2047"}],"wp:term":[{"taxonomy":"category","embeddable":true,"href":"http:\/\/ccnews.com.ar\/prensa\/wp-json\/wp\/v2\/categories?post=2047"},{"taxonomy":"post_tag","embeddable":true,"href":"http:\/\/ccnews.com.ar\/prensa\/wp-json\/wp\/v2\/tags?post=2047"}],"curies":[{"name":"wp","href":"https:\/\/api.w.org\/{rel}","templated":true}]}}