{"id":2131,"date":"2016-11-06T08:00:18","date_gmt":"2016-11-06T11:00:18","guid":{"rendered":"http:\/\/clusterciarnews.com.ar\/prensa\/?p=2131"},"modified":"2016-10-27T08:08:47","modified_gmt":"2016-10-27T11:08:47","slug":"el-momento-de-los-maestros","status":"publish","type":"post","link":"http:\/\/ccnews.com.ar\/prensa\/el-momento-de-los-maestros\/","title":{"rendered":"El momento de los maestros"},"content":{"rendered":"<p>Cantidad de maestros en todo el pa\u00eds<\/p>\n<p><img data-recalc-dims=\"1\" loading=\"lazy\" decoding=\"async\" class=\"alignnone\" src=\"https:\/\/i0.wp.com\/bucket3.glanacion.com\/anexos\/fotos\/52\/2267052h765.jpg?resize=441%2C765\" width=\"441\" height=\"765\" \/><\/p>\n<p>&nbsp;<\/p>\n<p>Fuente:\u00a0La Naci\u00f3n<\/p>\n<p>&nbsp;<\/p>\n<p>&nbsp;<\/p>\n<!-- AddThis Advanced Settings generic via filter on the_content -->","protected":false},"excerpt":{"rendered":"<p>Cantidad de maestros en todo el pa\u00eds &nbsp; Fuente:\u00a0La Naci\u00f3n &nbsp; &nbsp;<!-- AddThis Advanced Settings generic via filter on get_the_excerpt --><\/p>\n","protected":false},"author":2,"featured_media":2133,"comment_status":"closed","ping_status":"closed","sticky":false,"template":"","format":"standard","meta":{"colormag_page_container_layout":"default_layout","colormag_page_sidebar_layout":"default_layout","jetpack_post_was_ever_published":false,"_jetpack_newsletter_access":"","_jetpack_dont_email_post_to_subs":false,"_jetpack_newsletter_tier_id":0,"_jetpack_memberships_contains_paywalled_content":false,"_jetpack_memberships_contains_paid_content":false,"footnotes":"","jetpack_publicize_message":"","jetpack_publicize_feature_enabled":true,"jetpack_social_post_already_shared":true,"jetpack_social_options":{"image_generator_settings":{"template":"highway","default_image_id":0,"font":"","enabled":false},"version":2}},"categories":[19],"tags":[17],"class_list":["post-2131","post","type-post","status-publish","format-standard","has-post-thumbnail","hentry","category-educacion-sociedad","tag-otros-medios"],"jetpack_publicize_connections":[],"jetpack_featured_media_url":"https:\/\/i0.wp.com\/ccnews.com.ar\/prensa\/wp-content\/uploads\/2016\/10\/plantilla-33.jpg?fit=605%2C172","jetpack_shortlink":"https:\/\/wp.me\/p7L1gj-yn","jetpack-related-posts":[{"id":9819,"url":"http:\/\/ccnews.com.ar\/prensa\/educacion-que-aprendimos-del-2018\/","url_meta":{"origin":2131,"position":0},"title":"Educaci\u00f3n: \u00bfQu\u00e9 aprendimos del 2018?","author":"admin","date":"7 enero, 2019","format":false,"excerpt":"Cuando termina un a\u00f1o solemos hacer un balance de lo que pas\u00f3 y trazamos los objetivos de lo que vendr\u00e1. Es una especie de vuelta de p\u00e1gina de un libro que venimos leyendo y que continuar\u00e1. Podemos reconocer lo que nos ense\u00f1aron no s\u00f3lo los chicos y las chicas, sino\u2026","rel":"","context":"En \u00abEducaci\u00f3n\/Sociedad\u00bb","block_context":{"text":"Educaci\u00f3n\/Sociedad","link":"http:\/\/ccnews.com.ar\/prensa\/category\/educacion-sociedad\/"},"img":{"alt_text":"","src":"https:\/\/i0.wp.com\/ccnews.com.ar\/prensa\/wp-content\/uploads\/2019\/01\/Hk63YH-XQ_1256x620__1.jpg?fit=1200%2C592&resize=350%2C200","width":350,"height":200,"srcset":"https:\/\/i0.wp.com\/ccnews.com.ar\/prensa\/wp-content\/uploads\/2019\/01\/Hk63YH-XQ_1256x620__1.jpg?fit=1200%2C592&resize=350%2C200 1x, https:\/\/i0.wp.com\/ccnews.com.ar\/prensa\/wp-content\/uploads\/2019\/01\/Hk63YH-XQ_1256x620__1.jpg?fit=1200%2C592&resize=525%2C300 1,5x, https:\/\/i0.wp.com\/ccnews.com.ar\/prensa\/wp-content\/uploads\/2019\/01\/Hk63YH-XQ_1256x620__1.jpg?fit=1200%2C592&resize=700%2C400 2x, https:\/\/i0.wp.com\/ccnews.com.ar\/prensa\/wp-content\/uploads\/2019\/01\/Hk63YH-XQ_1256x620__1.jpg?fit=1200%2C592&resize=1050%2C600 3x"},"classes":[]},{"id":16060,"url":"http:\/\/ccnews.com.ar\/prensa\/dia-del-maestro-por-que-se-celebra-el-11-de-septiembre\/","url_meta":{"origin":2131,"position":1},"title":"D\u00eda del Maestro: \u00bfpor qu\u00e9 se celebra el 11 de septiembre?","author":"Editor","date":"11 septiembre, 2020","format":false,"excerpt":"La fecha de celebraci\u00f3n se atribuye al fallecimiento de Domingo Faustino Sarmiento, considerado el padre del aula. La fecha fue decretada por el entonces presidente Edelmiro Farrell.","rel":"","context":"En \u00abEducaci\u00f3n\/Sociedad\u00bb","block_context":{"text":"Educaci\u00f3n\/Sociedad","link":"http:\/\/ccnews.com.ar\/prensa\/category\/educacion-sociedad\/"},"img":{"alt_text":"","src":"https:\/\/i0.wp.com\/ccnews.com.ar\/prensa\/wp-content\/uploads\/2020\/09\/edu.jpg?fit=730%2C410&resize=350%2C200","width":350,"height":200,"srcset":"https:\/\/i0.wp.com\/ccnews.com.ar\/prensa\/wp-content\/uploads\/2020\/09\/edu.jpg?fit=730%2C410&resize=350%2C200 1x, https:\/\/i0.wp.com\/ccnews.com.ar\/prensa\/wp-content\/uploads\/2020\/09\/edu.jpg?fit=730%2C410&resize=525%2C300 1,5x, https:\/\/i0.wp.com\/ccnews.com.ar\/prensa\/wp-content\/uploads\/2020\/09\/edu.jpg?fit=730%2C410&resize=700%2C400 2x"},"classes":[]},{"id":7215,"url":"http:\/\/ccnews.com.ar\/prensa\/cuales-son-las-profesiones-que-mas-se-necesitan-hoy-en-el-pais\/","url_meta":{"origin":2131,"position":2},"title":"\u00bfCu\u00e1les son las profesiones que m\u00e1s se necesitan hoy en el pa\u00eds?","author":"admin","date":"18 marzo, 2018","format":false,"excerpt":"En el marco de la implementaci\u00f3n de las becas Progresar, el Ministerio busca fomentar la elecci\u00f3n en las \u00e1reas con mayor demanda laboral, como ingenier\u00eda, enfermer\u00eda y turismo. El Gobierno anunci\u00f3 que quienes realicen \u201ccarreras estrat\u00e9gicas\u201d recibir\u00e1n montos mayores que el resto. Se busca incentivar a los j\u00f3venes a estudiar\u2026","rel":"","context":"En \u00abEducaci\u00f3n\/Sociedad\u00bb","block_context":{"text":"Educaci\u00f3n\/Sociedad","link":"http:\/\/ccnews.com.ar\/prensa\/category\/educacion-sociedad\/"},"img":{"alt_text":"","src":"https:\/\/i0.wp.com\/ccnews.com.ar\/prensa\/wp-content\/uploads\/2018\/03\/2502examenuniversidadcedocgjpg.jpg?fit=744%2C500&resize=350%2C200","width":350,"height":200,"srcset":"https:\/\/i0.wp.com\/ccnews.com.ar\/prensa\/wp-content\/uploads\/2018\/03\/2502examenuniversidadcedocgjpg.jpg?fit=744%2C500&resize=350%2C200 1x, https:\/\/i0.wp.com\/ccnews.com.ar\/prensa\/wp-content\/uploads\/2018\/03\/2502examenuniversidadcedocgjpg.jpg?fit=744%2C500&resize=525%2C300 1,5x, https:\/\/i0.wp.com\/ccnews.com.ar\/prensa\/wp-content\/uploads\/2018\/03\/2502examenuniversidadcedocgjpg.jpg?fit=744%2C500&resize=700%2C400 2x"},"classes":[]},{"id":16218,"url":"http:\/\/ccnews.com.ar\/prensa\/la-sociedad-argentina-de-pediatria-indico-como-deberia-ser-la-vuelta-a-las-aulas\/","url_meta":{"origin":2131,"position":3},"title":"La Sociedad Argentina de Pediatr\u00eda indic\u00f3 c\u00f3mo deber\u00eda ser la vuelta a las aulas","author":"Editor","date":"15 octubre, 2020","format":false,"excerpt":"Consider\u00f3 que \"si una escuela cumple todos los indicadores principales y muchos de los secundarios, es igualmente posible que se registren casos de Covid-19 entre los estudiantes, maestros, administradores y otros miembros del personal\".","rel":"","context":"En \u00abCovid-19\u00bb","block_context":{"text":"Covid-19","link":"http:\/\/ccnews.com.ar\/prensa\/category\/covid-19\/"},"img":{"alt_text":"","src":"https:\/\/i0.wp.com\/ccnews.com.ar\/prensa\/wp-content\/uploads\/2020\/10\/97695-whatsapp-20image-202020-08-18-20at-2022-08-54.jpeg?fit=960%2C640&resize=350%2C200","width":350,"height":200,"srcset":"https:\/\/i0.wp.com\/ccnews.com.ar\/prensa\/wp-content\/uploads\/2020\/10\/97695-whatsapp-20image-202020-08-18-20at-2022-08-54.jpeg?fit=960%2C640&resize=350%2C200 1x, https:\/\/i0.wp.com\/ccnews.com.ar\/prensa\/wp-content\/uploads\/2020\/10\/97695-whatsapp-20image-202020-08-18-20at-2022-08-54.jpeg?fit=960%2C640&resize=525%2C300 1,5x, https:\/\/i0.wp.com\/ccnews.com.ar\/prensa\/wp-content\/uploads\/2020\/10\/97695-whatsapp-20image-202020-08-18-20at-2022-08-54.jpeg?fit=960%2C640&resize=700%2C400 2x"},"classes":[]},{"id":16510,"url":"http:\/\/ccnews.com.ar\/prensa\/casi-todo-el-pais-volvera-a-clases-bajo-una-modalidad-combinada-como-se-organizara-el-ciclo-lectivo\/","url_meta":{"origin":2131,"position":4},"title":"Casi todo el pa\u00eds volver\u00e1 a clases bajo una modalidad \u201ccombinada\u201d: c\u00f3mo se organizar\u00e1 el ciclo lectivo","author":"Editor","date":"12 febrero, 2021","format":false,"excerpt":"Hoy todos los ministros de Educaci\u00f3n aprobar\u00e1n los lineamientos que guiar\u00e1n la nueva normalidad escolar. As\u00ed se dividir\u00e1n los tiempos en el aula y en el hogar","rel":"","context":"En \u00abEducaci\u00f3n\/Sociedad\u00bb","block_context":{"text":"Educaci\u00f3n\/Sociedad","link":"http:\/\/ccnews.com.ar\/prensa\/category\/educacion-sociedad\/"},"img":{"alt_text":"","src":"","width":0,"height":0},"classes":[]},{"id":10415,"url":"http:\/\/ccnews.com.ar\/prensa\/por-primera-vez-un-docente-argentino-es-finalista-del-premio-nobel-de-educacion\/","url_meta":{"origin":2131,"position":5},"title":"Por primera vez, un docente argentino es finalista del premio Nobel de educaci\u00f3n","author":"admin","date":"21 febrero, 2019","format":false,"excerpt":"Un profesor de escuela t\u00e9cnica de la provincia de Buenos Aires acaba de ser nominado como uno de los diez finalistas del\u00a0premio Global Teacher Prize (GTP),\u00a0considerado el Nobel de educaci\u00f3n, que homenajea el trabajo de maestros en todo el mundo y premia al ganador con un mill\u00f3n de d\u00f3lares.\u00a0Se trata\u2026","rel":"","context":"En \u00abEducaci\u00f3n\/Sociedad\u00bb","block_context":{"text":"Educaci\u00f3n\/Sociedad","link":"http:\/\/ccnews.com.ar\/prensa\/category\/educacion-sociedad\/"},"img":{"alt_text":"","src":"https:\/\/i0.wp.com\/ccnews.com.ar\/prensa\/wp-content\/uploads\/2019\/02\/2878608w1033.jpg?fit=1033%2C688&resize=350%2C200","width":350,"height":200,"srcset":"https:\/\/i0.wp.com\/ccnews.com.ar\/prensa\/wp-content\/uploads\/2019\/02\/2878608w1033.jpg?fit=1033%2C688&resize=350%2C200 1x, https:\/\/i0.wp.com\/ccnews.com.ar\/prensa\/wp-content\/uploads\/2019\/02\/2878608w1033.jpg?fit=1033%2C688&resize=525%2C300 1,5x, https:\/\/i0.wp.com\/ccnews.com.ar\/prensa\/wp-content\/uploads\/2019\/02\/2878608w1033.jpg?fit=1033%2C688&resize=700%2C400 2x"},"classes":[]}],"jetpack_sharing_enabled":true,"_links":{"self":[{"href":"http:\/\/ccnews.com.ar\/prensa\/wp-json\/wp\/v2\/posts\/2131","targetHints":{"allow":["GET"]}}],"collection":[{"href":"http:\/\/ccnews.com.ar\/prensa\/wp-json\/wp\/v2\/posts"}],"about":[{"href":"http:\/\/ccnews.com.ar\/prensa\/wp-json\/wp\/v2\/types\/post"}],"author":[{"embeddable":true,"href":"http:\/\/ccnews.com.ar\/prensa\/wp-json\/wp\/v2\/users\/2"}],"replies":[{"embeddable":true,"href":"http:\/\/ccnews.com.ar\/prensa\/wp-json\/wp\/v2\/comments?post=2131"}],"version-history":[{"count":1,"href":"http:\/\/ccnews.com.ar\/prensa\/wp-json\/wp\/v2\/posts\/2131\/revisions"}],"predecessor-version":[{"id":2135,"href":"http:\/\/ccnews.com.ar\/prensa\/wp-json\/wp\/v2\/posts\/2131\/revisions\/2135"}],"wp:featuredmedia":[{"embeddable":true,"href":"http:\/\/ccnews.com.ar\/prensa\/wp-json\/wp\/v2\/media\/2133"}],"wp:attachment":[{"href":"http:\/\/ccnews.com.ar\/prensa\/wp-json\/wp\/v2\/media?parent=2131"}],"wp:term":[{"taxonomy":"category","embeddable":true,"href":"http:\/\/ccnews.com.ar\/prensa\/wp-json\/wp\/v2\/categories?post=2131"},{"taxonomy":"post_tag","embeddable":true,"href":"http:\/\/ccnews.com.ar\/prensa\/wp-json\/wp\/v2\/tags?post=2131"}],"curies":[{"name":"wp","href":"https:\/\/api.w.org\/{rel}","templated":true}]}}