{"id":2153,"date":"2016-11-07T08:00:09","date_gmt":"2016-11-07T11:00:09","guid":{"rendered":"http:\/\/clusterciarnews.com.ar\/prensa\/?p=2153"},"modified":"2016-11-07T08:22:45","modified_gmt":"2016-11-07T11:22:45","slug":"probamos-olli-la-combi-electrica-autonoma-e-inteligente","status":"publish","type":"post","link":"http:\/\/ccnews.com.ar\/prensa\/probamos-olli-la-combi-electrica-autonoma-e-inteligente\/","title":{"rendered":"Probamos Olli, la combi el\u00e9ctrica, aut\u00f3noma e inteligente"},"content":{"rendered":"<p>Una primera experiencia con el vehiculo fabricado por la firma Local Motors, equipado con sensores, GPS y conectividad Wi-Fi e integrado al sistema de inteligencia cognitiva Watson para interpretar y responder las consultas de los pasajeros en lenguaje natural<\/p>\n<p>El segmento de los veh\u00edculos aut\u00f3nomos el\u00e9ctricos tiene varios competidores, desde los <a class=\"link\" href=\"http:\/\/www.lanacion.com.ar\/1902644-google-abrio-un-centro-de-desarrollo-de-vehiculos-autonomos-en-detroit\" target=\"_blank\">prototipos de Google<\/a> hasta las pruebas que llevaron a cabo <a class=\"link\" href=\"http:\/\/www.lanacion.com.ar\/1937682-comienzan-a-circular-los-autos-sin-chofer-de-uber-por-eeuu\" target=\"_blank\">Uber y Volvo en Pittsburgh<\/a> (o el cami\u00f3n que <a class=\"link\" href=\"http:\/\/www.lanacion.com.ar\/1950557\" target=\"_blank\">llev\u00f3 cerveza entre dos ciudades estadounidenses<\/a>). Sin embargo, en junio el fabricante estadounidense <a class=\"link\" href=\"http:\/\/www.lanacion.com.ar\/1911761-asi-es-olli-la-combi-autonoma\" target=\"_blank\">Local Motors present\u00f3 Olli<\/a>, una combi el\u00e9ctrica y aut\u00f3noma, capaz de llevar hasta 12 pasajeros. A su vez, la particularidad de este modelo est\u00e1 en las interacciones con las personas, ya que cuenta con la integraci\u00f3n del sistema de inteligencia cognitiva Watson, desarrollado por IBM.<\/p>\n<aside class=\"banner caja2\" data-adpos=\"caja2\">\n<div id=\"eplAdDivcaja2\"><\/div>\n<\/aside>\n<p>De hecho, fue en el evento World of Watson donde Local Motors volvi\u00f3 a mostrar las bondades de Olli durante un trayecto entre el centro de convenciones y el estadio T-Mobile, donde se llevaron a cabo varias de las principales presentaciones del encuentro organizado por IBM.<\/p>\n<p>Pudimos probar Olli en un circuito cerrado dentro del centro de convenciones del hotel Mandalay Bay en Las Vegas, Nevada, un lugar amigable para los veh\u00edculos aut\u00f3nomos. Aqu\u00ed Google logr\u00f3 sacar el <a class=\"link\" href=\"http:\/\/www.lanacion.com.ar\/1471522-el-vehiculo-autonomo-de-google-consigue-su-licencia-en-eeuu\" target=\"_blank\">registro de manejo para su primer prototipo<\/a> de conducci\u00f3n sin chofer humano.<\/p>\n<aside class=\"banner caja3\" data-adpos=\"caja3\">\n<div id=\"eplAdDivcaja3\"><\/div>\n<\/aside>\n<div class=\"M\"><iframe loading=\"lazy\" src=\"https:\/\/www.facebook.com\/plugins\/video.php?href=https%3A%2F%2Fwww.facebook.com%2Flanacion%2Fvideos%2F10154176579224220%2F&amp;show_text=1&amp;width=560\" width=\"560\" height=\"662\" frameborder=\"0\" scrolling=\"no\"><\/iframe><\/div>\n<p>En su dise\u00f1o general, Olli no se diferencia de otros veh\u00edculos aut\u00f3nomos: cuenta con m\u00e1s de 30 sensores que funcionan de forma conjunta con un sistema de c\u00e1maras y <a class=\"link\" href=\"http:\/\/www.lanacion.com.ar\/1926767-crean-un-sensor-lidar-que-permitira-impulsar-la-creacion-de-los-futuros-vehiculos-autonomos\" target=\"_blank\">el radar l\u00e1ser LiDAR<\/a>, una parte fundamental de este tipo de modelos y que est\u00e1 <a class=\"link\" href=\"http:\/\/www.lanacion.com.ar\/1928730-2021-sera-el-ano-de-los-autos-autonomos-segun-bmw-ford-e-intel\" target=\"_blank\">desarrollado por la firma Velodyne<\/a>.<\/p>\n<aside class=\"banner caja4\" data-adpos=\"caja4\">\n<div id=\"eplAdDivcaja4\">Olli tiene una capacidad de hasta 12 personas, aunque la prueba se llev\u00f3 a cabo con ocho pasajeros y en un entorno controlado. Su sistema de gu\u00eda por LiDAR se complementa con un GPS y la conectividad Wi-Fi. Durante la <a class=\"link\" href=\"https:\/\/www.facebook.com\/lanacion\/videos\/10154176579224220\/\" target=\"_blank\">transmisi\u00f3n en vivo de LA NACION por Facebook Live<\/a> el veh\u00edculo tuvo algunos inconvenientes con el acceso Wi-Fi del recinto, y el reinicio de los sistemas sum\u00f3 una demora de unos 20 minutos.<\/div>\n<\/aside>\n<p>Una vez que Olli lleg\u00f3 al punto de arribo fue posible probar varias de las funciones de interacci\u00f3n en lenguaje natural, todas basadas en las API del sistema de inteligencia cognitiva Watson de IBM, tales como consulta de los restaurantes m\u00e1s cercanos o la velocidad del veh\u00edculo, de unos 10 kil\u00f3metros por hora, pero que puede alcanzar los 24 kil\u00f3metros por hora.<\/p>\n<div class=\"M\">\n<div class=\"SandboxRoot env-bp-350\" data-twitter-event-id=\"0\">\n<div id=\"twitter-widget-0\" class=\"EmbeddedTweet EmbeddedTweet--mediaForward media-forward js-clickToOpenTarget js-tweetIdInfo\" lang=\"es\" data-click-to-open-target=\"https:\/\/twitter.com\/IBMIoT\/status\/790683457747689472\" data-iframe-title=\"Tweet de Twitter\" data-dt-full=\"%{hours24}:%{minutes} - %{day} %{month} %{year}\" data-dt-months=\"ene|feb|mar|abr|Mayo|jun|jul|ago|sep|oct|nov|dic\" data-dt-am=\"AM\" data-dt-pm=\"PM\" data-dt-now=\"ahora\" data-dt-s=\"s\" data-dt-m=\"m\" data-dt-h=\"h\" data-dt-second=\"segundo\" data-dt-seconds=\"segundos\" data-dt-minute=\"minuto\" data-dt-minutes=\"minutos\" data-dt-hour=\"hora\" data-dt-hours=\"horas\" data-dt-abbr=\"%{number}%{symbol}\" data-dt-short=\"%{day} %{month}\" data-dt-long=\"%{day} %{month} %{year}\" data-scribe=\"page:tweet\" data-tweet-id=\"790683457747689472\" data-twitter-event-id=\"1\">\n<article class=\"MediaCard MediaCard--mediaForward customisable-border\" dir=\"ltr\" data-scribe=\"component:card\">\n<div class=\"MediaCard-media\">\n<div class=\"MediaCard-widthConstraint js-cspForcedStyle\" data-style=\"max-width: 600px\">\n<div class=\"MediaCard-mediaContainer js-cspForcedStyle\" data-style=\"padding-bottom: 133.3333%\"><a class=\"MediaCard-mediaAsset NaturalImage \" href=\"https:\/\/twitter.com\/IBMIoT\/status\/790683457747689472\/photo\/1\" data-scribe=\"element:photo\"><img loading=\"lazy\" decoding=\"async\" class=\"NaturalImage-image\" title=\"Ver imagen en Twitter\" src=\"https:\/\/pbs.twimg.com\/media\/CvkSZe-UkAUTFFx.jpg:small\" alt=\"Ver imagen en Twitter\" width=\"900\" height=\"1200\" data-srcset=\"https%3A%2F%2Fpbs.twimg.com%2Fmedia%2FCvkSZe-UkAUTFFx.jpg%3Alarge 1536w,https%3A%2F%2Fpbs.twimg.com%2Fmedia%2FCvkSZe-UkAUTFFx.jpg 900w,https%3A%2F%2Fpbs.twimg.com%2Fmedia%2FCvkSZe-UkAUTFFx.jpg%3Asmall 510w\" \/><\/a><\/div>\n<\/div>\n<\/div>\n<\/article>\n<\/div>\n<\/div>\n<\/div>\n<p>\u00bfD\u00f3nde se va a utilizar Olli? Por el momento est\u00e1 a prueba en Washington y Berl\u00edn, Alemania, donde convive con peatones en trazados urbanos donde no circulan autos con conductor. Sin embargo, en Las Vegas estuvo a prueba en una serie de caminos internos entre hoteles y centros de convenciones, donde circul\u00f3 junto a otros micros tradicionales, manejados por choferes humanos.<\/p>\n<div class=\"texto-destacado\">Seg\u00fan sus creadores, es un tipo de transporte p\u00fablico que dar\u00e1 sus primeros pasos en entornos urbanos m\u00e1s controlados, como calles internas de ciudades como Las Vegas, para transportar pasajeros entre hoteles o dentro de un complejo.<\/div>\n<div class=\"texto-destacado\"><\/div>\n<div class=\"texto-destacado\">Fuente: La Naci\u00f3n<\/div>\n<!-- AddThis Advanced Settings generic via filter on the_content -->","protected":false},"excerpt":{"rendered":"<p>Una primera experiencia con el vehiculo fabricado por la firma Local Motors, equipado con sensores, GPS y conectividad Wi-Fi e<!-- AddThis Advanced Settings generic via filter on get_the_excerpt --><\/p>\n","protected":false},"author":2,"featured_media":2155,"comment_status":"closed","ping_status":"closed","sticky":false,"template":"","format":"standard","meta":{"colormag_page_container_layout":"default_layout","colormag_page_sidebar_layout":"default_layout","jetpack_post_was_ever_published":false,"_jetpack_newsletter_access":"","_jetpack_dont_email_post_to_subs":false,"_jetpack_newsletter_tier_id":0,"_jetpack_memberships_contains_paywalled_content":false,"_jetpack_memberships_contains_paid_content":false,"footnotes":"","jetpack_publicize_message":"","jetpack_publicize_feature_enabled":true,"jetpack_social_post_already_shared":true,"jetpack_social_options":{"image_generator_settings":{"template":"highway","default_image_id":0,"font":"","enabled":false},"version":2}},"categories":[5],"tags":[17],"class_list":["post-2153","post","type-post","status-publish","format-standard","has-post-thumbnail","hentry","category-transformacion-digital","tag-otros-medios"],"jetpack_publicize_connections":[],"jetpack_featured_media_url":"https:\/\/i0.wp.com\/ccnews.com.ar\/prensa\/wp-content\/uploads\/2016\/10\/2291689h765.jpg?fit=1360%2C765","jetpack_shortlink":"https:\/\/wp.me\/p7L1gj-yJ","jetpack-related-posts":[{"id":4999,"url":"http:\/\/ccnews.com.ar\/prensa\/presentaron-40-ofertas-para-nueva-generacion-electrica\/","url_meta":{"origin":2153,"position":0},"title":"Presentaron 40 ofertas para nueva generaci\u00f3n el\u00e9ctrica","author":"CLUSTERciar","date":"22 agosto, 2017","format":false,"excerpt":"El Ministerio de Energ\u00eda y Miner\u00eda de la Naci\u00f3n inform\u00f3 que se realiz\u00f3 el acto de recepci\u00f3n de ofertas t\u00e9cnicas y econ\u00f3micas de la convocatoria abierta a interesados para incorporar nueva generaci\u00f3n de energ\u00eda el\u00e9ctrica eficiente mediante el Cierre de Ciclos Abiertos y Cogeneraci\u00f3n. Se recibi\u00f3 un total de 40\u2026","rel":"","context":"En \u00abEnerg\u00eda y Producci\u00f3n\u00bb","block_context":{"text":"Energ\u00eda y Producci\u00f3n","link":"http:\/\/ccnews.com.ar\/prensa\/category\/energia-y-produccion\/"},"img":{"alt_text":"","src":"https:\/\/i0.wp.com\/ccnews.com.ar\/prensa\/wp-content\/uploads\/2017\/08\/ciclo.jpg?fit=555%2C358&resize=350%2C200","width":350,"height":200,"srcset":"https:\/\/i0.wp.com\/ccnews.com.ar\/prensa\/wp-content\/uploads\/2017\/08\/ciclo.jpg?fit=555%2C358&resize=350%2C200 1x, https:\/\/i0.wp.com\/ccnews.com.ar\/prensa\/wp-content\/uploads\/2017\/08\/ciclo.jpg?fit=555%2C358&resize=525%2C300 1,5x"},"classes":[]},{"id":1915,"url":"http:\/\/ccnews.com.ar\/prensa\/12-razones-para-estudiar-ingenieria-electrica-en-argentina\/","url_meta":{"origin":2153,"position":1},"title":"12 razones para estudiar ingenier\u00eda el\u00e9ctrica en Argentina","author":"CLUSTERciar","date":"17 octubre, 2016","format":false,"excerpt":"Si a\u00fan no decidiste qu\u00e9 estudiar, a continuaci\u00f3n te ofrecemos una serie de razones para decidirte por ingenier\u00eda el\u00e9ctrica \u00bfSab\u00e9s por qu\u00e9 estudiar ingenier\u00eda el\u00e9ctrica\u00a0puede ser bueno para tu carrera profesional? A continuaci\u00f3n, te proponemos 12 razones para que te decidas por esta rama de la ingenier\u00eda. Facilidad para conseguir\u2026","rel":"","context":"En \u00abEducaci\u00f3n\/Sociedad\u00bb","block_context":{"text":"Educaci\u00f3n\/Sociedad","link":"http:\/\/ccnews.com.ar\/prensa\/category\/educacion-sociedad\/"},"img":{"alt_text":"","src":"","width":0,"height":0},"classes":[]},{"id":10081,"url":"http:\/\/ccnews.com.ar\/prensa\/el-futuro-de-los-puestos-de-trabajo-en-el-area-de-las-energias-renovables\/","url_meta":{"origin":2153,"position":2},"title":"El futuro de los puestos de trabajo en el \u00e1rea de las energ\u00edas renovables","author":"admin","date":"24 enero, 2019","format":false,"excerpt":"Conoce c\u00f3mo afectar\u00e1 la implantaci\u00f3n de las energ\u00edas renovables al mercado laboral. Se crear\u00e1n nuevos puestos de trabajo La ingenier\u00eda en energ\u00edas renovables es una de las carreras m\u00e1s demandadas hoy en d\u00eda. Las nuevas formas de extracci\u00f3n de energ\u00eda traen consigo nuevos puestos de trabajo. Salvar al planeta es\u2026","rel":"","context":"En \u00abSustentabilidad\u00bb","block_context":{"text":"Sustentabilidad","link":"http:\/\/ccnews.com.ar\/prensa\/category\/sustentabilidad\/"},"img":{"alt_text":"","src":"https:\/\/i0.wp.com\/ccnews.com.ar\/prensa\/wp-content\/uploads\/2019\/01\/ing1.jpg?fit=712%2C350&resize=350%2C200","width":350,"height":200,"srcset":"https:\/\/i0.wp.com\/ccnews.com.ar\/prensa\/wp-content\/uploads\/2019\/01\/ing1.jpg?fit=712%2C350&resize=350%2C200 1x, https:\/\/i0.wp.com\/ccnews.com.ar\/prensa\/wp-content\/uploads\/2019\/01\/ing1.jpg?fit=712%2C350&resize=525%2C300 1,5x, https:\/\/i0.wp.com\/ccnews.com.ar\/prensa\/wp-content\/uploads\/2019\/01\/ing1.jpg?fit=712%2C350&resize=700%2C400 2x"},"classes":[]},{"id":8557,"url":"http:\/\/ccnews.com.ar\/prensa\/las-represas-del-comahue-cubrieron-el-incremento-de-la-demanda-electrica\/","url_meta":{"origin":2153,"position":3},"title":"Las represas del Comahue cubrieron el incremento de la demanda el\u00e9ctrica","author":"CLUSTERciar","date":"3 agosto, 2018","format":false,"excerpt":"En junio el consumo energ\u00e9tico del pa\u00eds subi\u00f3 un 5%. El mayor aporte de El Choc\u00f3n y Piedra del \u00c1guila permiti\u00f3 soportar el alza. La demanda energ\u00e9tica del pa\u00eds registr\u00f3 en junio un incremento del 5% en comparaci\u00f3n con el mismo mes del a\u00f1o pasado que fue solventado en buena\u2026","rel":"","context":"En \u00abSustentabilidad\u00bb","block_context":{"text":"Sustentabilidad","link":"http:\/\/ccnews.com.ar\/prensa\/category\/sustentabilidad\/"},"img":{"alt_text":"","src":"https:\/\/i0.wp.com\/ccnews.com.ar\/prensa\/wp-content\/uploads\/2018\/08\/image_content_9932837_20180726002545.jpg?fit=660%2C370&resize=350%2C200","width":350,"height":200,"srcset":"https:\/\/i0.wp.com\/ccnews.com.ar\/prensa\/wp-content\/uploads\/2018\/08\/image_content_9932837_20180726002545.jpg?fit=660%2C370&resize=350%2C200 1x, https:\/\/i0.wp.com\/ccnews.com.ar\/prensa\/wp-content\/uploads\/2018\/08\/image_content_9932837_20180726002545.jpg?fit=660%2C370&resize=525%2C300 1,5x"},"classes":[]},{"id":1019,"url":"http:\/\/ccnews.com.ar\/prensa\/invertiran-us-580-millones-en-tres-nuevas-centrales-electricas\/","url_meta":{"origin":2153,"position":4},"title":"Invertir\u00e1n u$s 580 millones en tres nuevas centrales el\u00e9ctricas","author":"CLUSTERciar","date":"2 agosto, 2016","format":false,"excerpt":"Es una firma norteamericana, a trav\u00e9s de Araucaria, que construir\u00e1 tres nuevas centrales, que dar\u00e1n 20% del la nueva generaci\u00f3n energ\u00e9tica prevista para 2017. La norteamericana Stoneway Energy, a trav\u00e9s de su subsidiara local Araucaria Energy, result\u00f3 adjudicataria de licitaciones lanzadas por el Gobierno a fin de aumentar la generaci\u00f3n\u2026","rel":"","context":"En \u00abSustentabilidad\u00bb","block_context":{"text":"Sustentabilidad","link":"http:\/\/ccnews.com.ar\/prensa\/category\/sustentabilidad\/"},"img":{"alt_text":"","src":"","width":0,"height":0},"classes":[]},{"id":2761,"url":"http:\/\/ccnews.com.ar\/prensa\/la-produccion-mundial-de-energias-renovables-crecio-un-70\/","url_meta":{"origin":2153,"position":5},"title":"La producci\u00f3n mundial de energ\u00edas renovables creci\u00f3 un 70%","author":"CLUSTERciar","date":"28 diciembre, 2016","format":false,"excerpt":"Aunque los combustibles f\u00f3siles siguen siendo el principal insumo para la generaci\u00f3n de electricidad a escala global, la participaci\u00f3n de las fuentes energ\u00e9ticas limpias no deja de crecer. Las potencias del G20 ya obtienen, en promedio, un 8% de la energ\u00eda el\u00e9ctrica que consumen a partir del aprovechamiento de recursos\u2026","rel":"","context":"En \u00abEnerg\u00eda y Producci\u00f3n\u00bb","block_context":{"text":"Energ\u00eda y Producci\u00f3n","link":"http:\/\/ccnews.com.ar\/prensa\/category\/energia-y-produccion\/"},"img":{"alt_text":"","src":"","width":0,"height":0},"classes":[]}],"jetpack_sharing_enabled":true,"_links":{"self":[{"href":"http:\/\/ccnews.com.ar\/prensa\/wp-json\/wp\/v2\/posts\/2153","targetHints":{"allow":["GET"]}}],"collection":[{"href":"http:\/\/ccnews.com.ar\/prensa\/wp-json\/wp\/v2\/posts"}],"about":[{"href":"http:\/\/ccnews.com.ar\/prensa\/wp-json\/wp\/v2\/types\/post"}],"author":[{"embeddable":true,"href":"http:\/\/ccnews.com.ar\/prensa\/wp-json\/wp\/v2\/users\/2"}],"replies":[{"embeddable":true,"href":"http:\/\/ccnews.com.ar\/prensa\/wp-json\/wp\/v2\/comments?post=2153"}],"version-history":[{"count":2,"href":"http:\/\/ccnews.com.ar\/prensa\/wp-json\/wp\/v2\/posts\/2153\/revisions"}],"predecessor-version":[{"id":2183,"href":"http:\/\/ccnews.com.ar\/prensa\/wp-json\/wp\/v2\/posts\/2153\/revisions\/2183"}],"wp:featuredmedia":[{"embeddable":true,"href":"http:\/\/ccnews.com.ar\/prensa\/wp-json\/wp\/v2\/media\/2155"}],"wp:attachment":[{"href":"http:\/\/ccnews.com.ar\/prensa\/wp-json\/wp\/v2\/media?parent=2153"}],"wp:term":[{"taxonomy":"category","embeddable":true,"href":"http:\/\/ccnews.com.ar\/prensa\/wp-json\/wp\/v2\/categories?post=2153"},{"taxonomy":"post_tag","embeddable":true,"href":"http:\/\/ccnews.com.ar\/prensa\/wp-json\/wp\/v2\/tags?post=2153"}],"curies":[{"name":"wp","href":"https:\/\/api.w.org\/{rel}","templated":true}]}}