{"id":2165,"date":"2016-10-31T09:01:51","date_gmt":"2016-10-31T12:01:51","guid":{"rendered":"http:\/\/clusterciarnews.com.ar\/prensa\/?p=2165"},"modified":"2016-10-31T09:01:51","modified_gmt":"2016-10-31T12:01:51","slug":"tierra-del-fuego-prepara-una-licitacion-de-cuatro-areas-con-potencial-gasifero","status":"publish","type":"post","link":"http:\/\/ccnews.com.ar\/prensa\/tierra-del-fuego-prepara-una-licitacion-de-cuatro-areas-con-potencial-gasifero\/","title":{"rendered":"Tierra del Fuego prepara una licitaci\u00f3n de cuatro \u00e1reas con potencial gas\u00edfero"},"content":{"rendered":"<p><strong>Mientras ultima detalles de la pr\u00f3rroga de los contratos de YPF y Sipetrol en Megallanes, la gobernaci\u00f3n fueguina aspira a relicitar durante el primer trimestre de 2017 el bloque CA12, que se subdividir\u00e1 en cuatro \u00e1reas (dos off shore y dos en tierra). Al mismo tiempo, est\u00e1 negociando la pr\u00f3rroga de las concesiones de Total, PAE y Wintershall en la isla<\/strong>.<\/p>\n<div class=\"td-post-header\"><\/div>\n<div class=\"td-post-sharing td-post-sharing-top \">\n<div class=\"td-default-sharing\"><i class=\"td-icon-googleplus\"><\/i> <i class=\"td-icon-pinterest\"><\/i><\/p>\n<div class=\"td-sp td-sp-linkedin\"><\/div>\n<p><i class=\"td-icon-print\"><\/i><\/div>\n<\/div>\n<div class=\"td-post-content\">\n<div class=\"td-featured-image-rec\">\n<div class=\"td-post-featured-image\"><a class=\"td-modal-image\" href=\"https:\/\/i0.wp.com\/revistapetroquimica.com\/wp-content\/uploads\/2016\/10\/tierra-del-fuego-1.jpg\" data-caption=\"\"><img data-recalc-dims=\"1\" loading=\"lazy\" decoding=\"async\" class=\"entry-thumb td-animation-stack-type0-1 alignleft\" title=\"tierra-del-fuego\" src=\"https:\/\/i0.wp.com\/revistapetroquimica.com\/wp-content\/uploads\/2016\/10\/tierra-del-fuego-1-300x225.jpg?resize=300%2C225\" alt=\"\" width=\"300\" height=\"225\" \/><\/a><\/div>\n<div class=\"td-a-rec td-a-rec-id-post_style_1 \">\n<div class=\"td-all-devices\">Tierra del Fuego es uno de los grandes productores de gas del pa\u00eds. A su vez, canaliza la creciente oferta del fluido proveniente desde los yacimientos off shore ubicados en el mar al sur de la isla (son propiedad del Estado nacional por estar ubicados m\u00e1s all\u00e1 de las 12 millas submarinas). En pos de poner en valor oportunidades a\u00fan subexplotadas que ofrece la geolog\u00eda de la provincia m\u00e1s austral del pa\u00eds, la gobernaci\u00f3n de Rosana Bertone prev\u00e9 sacar una licitaci\u00f3n de nuevas \u00e1reas con potencial gas\u00edfero.<\/div>\n<\/div>\n<\/div>\n<p>En rigor, se relicitar\u00e1 el \u00e1rea CA12, que fue concursada hace dos a\u00f1os pero el proceso qued\u00f3 trunco (fue preadjudicada a la empresa Roch, que declin\u00f3 de confirmar su posici\u00f3n). Se trata de un bloque de una extensi\u00f3n superior a los 4.000 kil\u00f3metros cuadrados (km\u00b2). Tama\u00f1a superficie habilit\u00f3 un cambio de estrategia por parte de la administraci\u00f3n fueguina: en lugar de compulsar un solo campo, lo subdividir\u00e1 en cuatro bloques m\u00e1s peque\u00f1os. Dos en tierra y dos en territorio off shore.<br \/>\n\u201cEstamos redactando el pliego licitatorio, con vistas a lanzar oficialmente el proceso durante el primer trimestre del a\u00f1o que viene\u201d, explic\u00f3 Omar Nogar, secretario de Energ\u00eda provincial. \u201cLa anterior compulsa qued\u00f3 desierta. Roch, que hab\u00eda realizado la oferta m\u00e1s alta, desisti\u00f3 de avanzar y los restantes oferentes tampoco mostraron inter\u00e9s\u201d, agreg\u00f3 en di\u00e1logo con <em>Revista Petroqu\u00edmica, Petr\u00f3leo, Gas, Qu\u00edmica &amp; Energ\u00eda<\/em>.<br \/>\nEl \u00e1rea CA12 est\u00e1 emplazada en una estructura geol\u00f3gica similar al bloque Coir\u00f3n, ubicado en Chile, donde Enap, la empresa estatal de ese pa\u00eds, est\u00e1 llevando adelante una exploraci\u00f3n para determinar la viabilidad de la extracci\u00f3n de recursos no convencionales de gas (shale gas).<\/p>\n<blockquote class=\"td_quote_box td_box_center\">\n<h4><strong>Nogar \/\/<\/strong><br \/>\n<strong>\u201cEstamos redactando el pliego licitatorio, con vistas a lanzar oficialmente el proceso durante el primer trimestre del a\u00f1o que viene. La anterior compulsa qued\u00f3 desierta. Roch, que hab\u00eda realizado la oferta m\u00e1s alta, desisti\u00f3 de avanzar y los restantes oferentes tampoco mostraron inter\u00e9s\u201d<\/strong><\/h4>\n<\/blockquote>\n<p><strong>Renegociaci\u00f3n<\/strong><\/p>\n<p>Nogar asegur\u00f3, a su vez, que la gobernaci\u00f3n est\u00e1 avanzando con la renegociaci\u00f3n del contrato de concesi\u00f3n del \u00e1rea Magallanes a favor de una UTE conformada por YPF y Sipetrol, filial precisamente de Enap. \u201cSon tratativas que est\u00e1n muy avanzadas. Esperamos cerrarlas antes de fin de a\u00f1o\u201d, precis\u00f3 el funcionario, antes de agregar que \u201ctambi\u00e9n estamos avanzando en la renegociaci\u00f3n del contrato firmado con el consorcio integrado por Total, Pan American Energy (PAE) y Wintershall por la concesi\u00f3n de Ca\u00f1ad\u00f3n Alfa y otros bloques menores\u201d. \u201cSon campos que casi no cuentan con reservas pero s\u00ed con instalaciones de superficie que se utilizan para procesar los hidrocarburos que se explotan en Karina-Aries\u201d, explic\u00f3.<br \/>\nMagallanes es un bloque que se reparte entre las provincias de Santa Cruz y Tierra del Fuego y territorio del Estado nacional. S\u00f3lo resta que la gobernaci\u00f3n de la isla firme la pr\u00f3rroga de la concesi\u00f3n por 10 a\u00f1os.<br \/>\nSe trata de un bloque cercano a donde Enap y ConocoPhillips prospectar\u00e1n recursos de shale gas. En julio la estatal chilena acord\u00f3 una asociaci\u00f3n con la multinacional norteamericana para explorar y eventualmente explotar gas no convencional en el extremo sur del pa\u00eds trasandino.<br \/>\nENAP y ConocoPhillips trabajaban desde 2014 en el estudio de una potencial producci\u00f3n de hidrocarburos no convencionales en la regi\u00f3n austral de Magallanes, donde la estatal opera peque\u00f1os yacimientos de petr\u00f3leo y gas.<br \/>\nEl acuerdo contempla la creaci\u00f3n de una empresa conjunta en la que ENAP mantendr\u00e1 el control con un 51% de la propiedad. De ser exitoso el trabajo de exploraci\u00f3n de shale gas o gas de esquisto, ConocoPhillips invertir\u00eda entre u$s 70 y u$s 100 millones en los pr\u00f3ximos cuatro a\u00f1os.<br \/>\nEl gerente general de ENAP, Marcelo Tokman, se\u00f1al\u00f3 a la prensa local que la estatal planeaba solicitar financiamiento externo este a\u00f1o para pagar un ambicioso plan de inversiones por u$s 800 millones para 2016.<br \/>\nEn 2016, el Servicio Geol\u00f3gico de Estados Unidos (USGS, por sus siglas en ingl\u00e9s) public\u00f3 un informe que revela que el gas no convencional recuperable en Magallanes equivale a 8,3 trillones de pies c\u00fabicos (TCF).<\/p>\n<p><strong>De lado argentino<\/strong><\/p>\n<p>A su vez, en junio de este a\u00f1o, YPF y Enap anunciaron una inversi\u00f3n de u$s 165 millones del lado argentino en el \u00e1rea Magallanes. El proyecto apunta a incrementar en m\u00e1s de 60% la producci\u00f3n diaria de gas natural y en 25% la de petr\u00f3leo.<br \/>\nLa proyecci\u00f3n contemplada en Magallanes es que ambas empresas superen los 2,4 millones de m\u00b3\/d actuales de gas hasta alcanzar una oferta de 4 MMm\u00b3\/d de gas; en la producci\u00f3n de petr\u00f3leo crudo asociado, de los 800 m\u00b3\/d actuales a 1.000 m\u00b3\/d en esa misma \u00e1rea de explotaci\u00f3n.<br \/>\nEl presidente Miguel Guti\u00e9rrez afirm\u00f3 que \u201cla puesta en marcha de este proyecto es muy significativa porque permitir\u00e1 aumentar de manera sustentable y eficiente el abastecimiento de gas para la Argentina\u201d.<br \/>\n\u201cAl mismo tiempo, este acuerdo contribuye al fortalecimiento de la integraci\u00f3n regional y el v\u00ednculo entre los dos pa\u00edses, mediante este proyecto que afianza el v\u00ednculo con ENAP, en un \u00e1rea en la que trabajamos en forma conjunta desde hace 25 a\u00f1os\u201d, insisti\u00f3.<br \/>\nPor su parte, Marcelo Tokman, titular de Enap, destac\u00f3 que \u201cel proyecto PIAM es parte del Plan Estrat\u00e9gico de Negocios, y compromete una inversi\u00f3n significativa y concreta, que ratifica el compromiso que ENAP tiene para continuar gestionando un negocio sustentable\u201d, en el a\u00f1o en el que la compa\u00f1\u00eda celebra 25 a\u00f1os de operaciones en Argentina.<\/p>\n<p>Fuente: Revista Petroquimica<\/p>\n<\/div>\n<!-- AddThis Advanced Settings generic via filter on the_content -->","protected":false},"excerpt":{"rendered":"<p>Mientras ultima detalles de la pr\u00f3rroga de los contratos de YPF y Sipetrol en Megallanes, la gobernaci\u00f3n fueguina aspira a<!-- AddThis Advanced Settings generic via filter on get_the_excerpt --><\/p>\n","protected":false},"author":2,"featured_media":2167,"comment_status":"closed","ping_status":"closed","sticky":false,"template":"","format":"standard","meta":{"colormag_page_container_layout":"default_layout","colormag_page_sidebar_layout":"default_layout","jetpack_post_was_ever_published":false,"_jetpack_newsletter_access":"","_jetpack_dont_email_post_to_subs":false,"_jetpack_newsletter_tier_id":0,"_jetpack_memberships_contains_paywalled_content":false,"_jetpack_memberships_contains_paid_content":false,"footnotes":"","jetpack_publicize_message":"","jetpack_publicize_feature_enabled":true,"jetpack_social_post_already_shared":true,"jetpack_social_options":{"image_generator_settings":{"template":"highway","default_image_id":0,"font":"","enabled":false},"version":2}},"categories":[11],"tags":[17],"class_list":["post-2165","post","type-post","status-publish","format-standard","has-post-thumbnail","hentry","category-energia-y-produccion","tag-otros-medios"],"jetpack_publicize_connections":[],"jetpack_featured_media_url":"https:\/\/i0.wp.com\/ccnews.com.ar\/prensa\/wp-content\/uploads\/2016\/10\/2388292744_0e38d13d8b-1.jpg?fit=500%2C335","jetpack_shortlink":"https:\/\/wp.me\/p7L1gj-yV","jetpack-related-posts":[{"id":4501,"url":"http:\/\/ccnews.com.ar\/prensa\/ypf-le-presento-a-santa-cruz-un-nuevo-plan-de-accion-para-sumar-equipos\/","url_meta":{"origin":2165,"position":0},"title":"YPF le present\u00f3 a Santa Cruz un nuevo plan de acci\u00f3n para sumar equipos","author":"CLUSTERciar","date":"3 julio, 2017","format":false,"excerpt":"Proyecta reactivar \u00e1reas en la provincia Representantes de YPF y dirigentes sindicales y del gobierno de Santa Cruz, adem\u00e1s de empresas de servicios, mantuvieron una reuni\u00f3n para analizar una propuesta presentada por la operadora, en la que se busca encauzar \u201cun esquema de trabajo sustentable\u201d y que permitir\u00eda \u201csumar equipos\u201d,\u2026","rel":"","context":"En \u00abEnerg\u00eda y Producci\u00f3n\u00bb","block_context":{"text":"Energ\u00eda y Producci\u00f3n","link":"http:\/\/ccnews.com.ar\/prensa\/category\/energia-y-produccion\/"},"img":{"alt_text":"","src":"https:\/\/i0.wp.com\/ccnews.com.ar\/prensa\/wp-content\/uploads\/2017\/06\/ypf130617.jpg?fit=250%2C250&resize=350%2C200","width":350,"height":200},"classes":[]},{"id":10939,"url":"http:\/\/ccnews.com.ar\/prensa\/quince-firmas-tras-el-offshore-argentino\/","url_meta":{"origin":2165,"position":1},"title":"Quince firmas tras el offshore argentino","author":"admin","date":"30 marzo, 2019","format":false,"excerpt":"Las ofertas para la Ronda 1 se abrir\u00e1n el pr\u00f3ximo 16 de abril. El gobierno nacional puso en carpeta 38 \u00e1reas para la exploraci\u00f3n de las cuencas Malvinas Oeste, Austral Marina y Argentina Norte. Tambi\u00e9n ampli\u00f3 los permisos de exploraci\u00f3n existentes. La pesca de hidrocarburos en el Mar Argentino entr\u00f3\u2026","rel":"","context":"En \u00abEnerg\u00eda y Producci\u00f3n\u00bb","block_context":{"text":"Energ\u00eda y Producci\u00f3n","link":"http:\/\/ccnews.com.ar\/prensa\/category\/energia-y-produccion\/"},"img":{"alt_text":"","src":"https:\/\/i0.wp.com\/ccnews.com.ar\/prensa\/wp-content\/uploads\/2019\/03\/00_offshore_35548.jpg?fit=960%2C466&resize=350%2C200","width":350,"height":200,"srcset":"https:\/\/i0.wp.com\/ccnews.com.ar\/prensa\/wp-content\/uploads\/2019\/03\/00_offshore_35548.jpg?fit=960%2C466&resize=350%2C200 1x, https:\/\/i0.wp.com\/ccnews.com.ar\/prensa\/wp-content\/uploads\/2019\/03\/00_offshore_35548.jpg?fit=960%2C466&resize=525%2C300 1,5x, https:\/\/i0.wp.com\/ccnews.com.ar\/prensa\/wp-content\/uploads\/2019\/03\/00_offshore_35548.jpg?fit=960%2C466&resize=700%2C400 2x"},"classes":[]},{"id":1037,"url":"http:\/\/ccnews.com.ar\/prensa\/cuatro-grandes-petroleras-negocian-la-operacion-de-un-yacimiento-clave-de-gas\/","url_meta":{"origin":2165,"position":2},"title":"Cuatro grandes petroleras negocian la operaci\u00f3n de un yacimiento clave de gas","author":"CLUSTERciar","date":"4 agosto, 2016","format":false,"excerpt":"Las cuatro mayores empresas productoras de gas de la Argentina est\u00e1n discutiendo la reestructuraci\u00f3n de uno de los principales yacimientos de gas del pa\u00eds. Se trata de Aguada Pichana, un campo neuquino que produce m\u00e1s de 8 millones de metros c\u00fabicos diarios (MMm3\/d) del hidrocarburo, seg\u00fan datos del IAPG. La\u2026","rel":"","context":"En \u00abManagement\u00bb","block_context":{"text":"Management","link":"http:\/\/ccnews.com.ar\/prensa\/category\/management\/"},"img":{"alt_text":"vaca-muerta","src":"http:\/\/i1.wp.com\/elinversoronline.com\/cntnt\/uploads\/2016\/07\/vaca-muerta.jpg?resize=350%2C200","width":350,"height":200,"srcset":"http:\/\/i1.wp.com\/elinversoronline.com\/cntnt\/uploads\/2016\/07\/vaca-muerta.jpg?resize=350%2C200 1x, http:\/\/i1.wp.com\/elinversoronline.com\/cntnt\/uploads\/2016\/07\/vaca-muerta.jpg?resize=525%2C300 1,5x, http:\/\/i1.wp.com\/elinversoronline.com\/cntnt\/uploads\/2016\/07\/vaca-muerta.jpg?resize=700%2C400 2x"},"classes":[]},{"id":12686,"url":"http:\/\/ccnews.com.ar\/prensa\/nacion-posterga-la-licitacion-del-gasoducto-a-vaca-muerta\/","url_meta":{"origin":2165,"position":3},"title":"Naci\u00f3n posterga la licitaci\u00f3n del gasoducto a Vaca Muerta","author":"admin","date":"29 agosto, 2019","format":false,"excerpt":"Lo anticip\u00f3 el secretario de Energ\u00eda de la Naci\u00f3n, Gustavo Lopetegui, tras el pedido de una de las empresas interesadas. La disparada del riesgo pa\u00eds dificulta el financiamiento del plan pero tambi\u00e9n el escenario pol\u00edtico genera dudas en el sector. El resultado de las elecciones primarias del pasado domingo 11\u2026","rel":"","context":"En \u00abEnerg\u00eda y Producci\u00f3n\u00bb","block_context":{"text":"Energ\u00eda y Producci\u00f3n","link":"http:\/\/ccnews.com.ar\/prensa\/category\/energia-y-produccion\/"},"img":{"alt_text":"","src":"https:\/\/i0.wp.com\/ccnews.com.ar\/prensa\/wp-content\/uploads\/2019\/08\/0003563832.jpg?fit=770%2C433&resize=350%2C200","width":350,"height":200,"srcset":"https:\/\/i0.wp.com\/ccnews.com.ar\/prensa\/wp-content\/uploads\/2019\/08\/0003563832.jpg?fit=770%2C433&resize=350%2C200 1x, https:\/\/i0.wp.com\/ccnews.com.ar\/prensa\/wp-content\/uploads\/2019\/08\/0003563832.jpg?fit=770%2C433&resize=525%2C300 1,5x, https:\/\/i0.wp.com\/ccnews.com.ar\/prensa\/wp-content\/uploads\/2019\/08\/0003563832.jpg?fit=770%2C433&resize=700%2C400 2x"},"classes":[]},{"id":3165,"url":"http:\/\/ccnews.com.ar\/prensa\/se-extendio-un-contrato-hidrocarburifero\/","url_meta":{"origin":2165,"position":4},"title":"Se extendi\u00f3 un contrato hidrocarbur\u00edfero","author":"CLUSTERciar","date":"16 enero, 2017","format":false,"excerpt":"El gobierno provincial renegoci\u00f3 la concesi\u00f3n de la empresa Medanito S.A por el \u00e1rea Medianera lo cual fue aprobado por Legislatura en diciembre. El gobierno de R\u00edo Negro inform\u00f3 que cerr\u00f3 2016 con la extensi\u00f3n de un nuevo contrato hidrocarbur\u00edfero como es la concesi\u00f3n de la empresa Medanito S.A por\u2026","rel":"","context":"En \u00abEnerg\u00eda y Producci\u00f3n\u00bb","block_context":{"text":"Energ\u00eda y Producci\u00f3n","link":"http:\/\/ccnews.com.ar\/prensa\/category\/energia-y-produccion\/"},"img":{"alt_text":"","src":"","width":0,"height":0},"classes":[]},{"id":5595,"url":"http:\/\/ccnews.com.ar\/prensa\/asociacion-inedita-cuatro-petroleras-acordaron-participaciones-solo-para-vaca-muerta\/","url_meta":{"origin":2165,"position":5},"title":"Asociaci\u00f3n in\u00e9dita: cuatro petroleras acordaron participaciones s\u00f3lo para Vaca Muerta","author":"CLUSTERciar","date":"16 octubre, 2017","format":false,"excerpt":"La divisi\u00f3n de Aguada Pichana en dos nuevos bloques y la suma de un tercero abrieron un nuevo modelo de asociaci\u00f3n. Para la Provincia no existe conflicto. Uno de los acuerdos m\u00e1s significativos que se firm\u00f3 para Vaca Muerta este a\u00f1o fue la divisi\u00f3n del bloque Aguada Pichana. De esa\u2026","rel":"","context":"En \u00abEnerg\u00eda y Producci\u00f3n\u00bb","block_context":{"text":"Energ\u00eda y Producci\u00f3n","link":"http:\/\/ccnews.com.ar\/prensa\/category\/energia-y-produccion\/"},"img":{"alt_text":"","src":"https:\/\/i0.wp.com\/ccnews.com.ar\/prensa\/wp-content\/uploads\/2017\/09\/image_content_8845908_20170920234934.jpg?fit=660%2C370&resize=350%2C200","width":350,"height":200,"srcset":"https:\/\/i0.wp.com\/ccnews.com.ar\/prensa\/wp-content\/uploads\/2017\/09\/image_content_8845908_20170920234934.jpg?fit=660%2C370&resize=350%2C200 1x, https:\/\/i0.wp.com\/ccnews.com.ar\/prensa\/wp-content\/uploads\/2017\/09\/image_content_8845908_20170920234934.jpg?fit=660%2C370&resize=525%2C300 1,5x"},"classes":[]}],"jetpack_sharing_enabled":true,"_links":{"self":[{"href":"http:\/\/ccnews.com.ar\/prensa\/wp-json\/wp\/v2\/posts\/2165","targetHints":{"allow":["GET"]}}],"collection":[{"href":"http:\/\/ccnews.com.ar\/prensa\/wp-json\/wp\/v2\/posts"}],"about":[{"href":"http:\/\/ccnews.com.ar\/prensa\/wp-json\/wp\/v2\/types\/post"}],"author":[{"embeddable":true,"href":"http:\/\/ccnews.com.ar\/prensa\/wp-json\/wp\/v2\/users\/2"}],"replies":[{"embeddable":true,"href":"http:\/\/ccnews.com.ar\/prensa\/wp-json\/wp\/v2\/comments?post=2165"}],"version-history":[{"count":1,"href":"http:\/\/ccnews.com.ar\/prensa\/wp-json\/wp\/v2\/posts\/2165\/revisions"}],"predecessor-version":[{"id":2169,"href":"http:\/\/ccnews.com.ar\/prensa\/wp-json\/wp\/v2\/posts\/2165\/revisions\/2169"}],"wp:featuredmedia":[{"embeddable":true,"href":"http:\/\/ccnews.com.ar\/prensa\/wp-json\/wp\/v2\/media\/2167"}],"wp:attachment":[{"href":"http:\/\/ccnews.com.ar\/prensa\/wp-json\/wp\/v2\/media?parent=2165"}],"wp:term":[{"taxonomy":"category","embeddable":true,"href":"http:\/\/ccnews.com.ar\/prensa\/wp-json\/wp\/v2\/categories?post=2165"},{"taxonomy":"post_tag","embeddable":true,"href":"http:\/\/ccnews.com.ar\/prensa\/wp-json\/wp\/v2\/tags?post=2165"}],"curies":[{"name":"wp","href":"https:\/\/api.w.org\/{rel}","templated":true}]}}