{"id":2297,"date":"2016-11-09T15:19:39","date_gmt":"2016-11-09T18:19:39","guid":{"rendered":"http:\/\/clusterciarnews.com.ar\/prensa\/?p=2297"},"modified":"2016-11-09T15:19:39","modified_gmt":"2016-11-09T18:19:39","slug":"amplian-acuerdo-para-inversion-en-vaca-muerta","status":"publish","type":"post","link":"http:\/\/ccnews.com.ar\/prensa\/amplian-acuerdo-para-inversion-en-vaca-muerta\/","title":{"rendered":"Ampl\u00edan acuerdo para inversi\u00f3n en Vaca Muerta"},"content":{"rendered":"<header>\n<p class=\"interiorCopete\">Una segunda parte del contrato entre YPF y Petronas para la explotaci\u00f3n petrolera shale se firmar\u00e1 en las pr\u00f3ximas semanas. Es por u$s 300 millones.<\/p>\n<\/header>\n<div class=\"head-image thumb-wrap relative\">\n<div id=\"content-gallery\">\n<div id=\"fotogaleria-Object_113_68\" class=\"gallery\">\n<div class=\"col2\">\n<div class=\"image itemGallery classid455994\"><a title=\"La explotaci\u00f3n conjunta de YPF y Petronas est\u00e1 en La Amarga Chica.\" href=\"https:\/\/i0.wp.com\/media.lmneuquen.com\/adjuntos\/195\/imagenes\/002\/261\/0002261245.jpg?ssl=1\"><img data-recalc-dims=\"1\" loading=\"lazy\" decoding=\"async\" title=\"La explotaci\u00f3n conjunta de YPF y Petronas est\u00e1 en La Amarga Chica.\" src=\"https:\/\/i0.wp.com\/media.lmneuquen.com\/adjuntos\/195\/imagenes\/002\/261\/0002261245.jpg?resize=770%2C433&#038;ssl=1\" alt=\"La explotaci\u00f3n conjunta de YPF y Petronas est\u00e1 en La Amarga Chica.\" width=\"770\" height=\"433\" \/><\/a><\/p>\n<div class=\"gallery-header\"><\/div>\n<div class=\"pieFoto\"><span class=\"epiinterior\">La explotaci\u00f3n conjunta de YPF y Petronas est\u00e1 en La Amarga Chica.<\/span><span class=\"copyinterior\">Sebastian Fari\u00f1a Petersen<\/span><\/div>\n<\/div>\n<\/div>\n<div class=\"clearfix\"><\/div>\n<\/div>\n<\/div>\n<\/div>\n<div class=\"cuerpo\">\n<p>Neuqu\u00e9n.- YPF y Petronas firmar\u00e1n en las pr\u00f3ximas semanas una ampliaci\u00f3n del acuerdo para la explotaci\u00f3n petrolera shale en Vaca Muerta. La noticia trascendi\u00f3 a finales de la semana a trav\u00e9s de la agencia Bloomberg, especializada en temas econ\u00f3micos.<\/p>\n<p>Seg\u00fan dicha versi\u00f3n, la empresa estatal argentina y su par de Malasia firmar\u00e1n un acuerdo en Buenos Aires este mes para continuar desarrollando una superficie de 187 kil\u00f3metros cuadrados en la zona de A\u00f1elo. Con la r\u00fabrica, se comprometer\u00e1n a invertir unos 300 millones de d\u00f3lares adicionales a la primera firma.<\/p>\n<p>Cabe recordar que la empresa conjunta se estableci\u00f3 en la zona en noviembre de 2015. El emprendimiento de Petronas con YPF se centra en La Amarga Chica, donde ambas empresas tienen una concesi\u00f3n de 35 a\u00f1os.<\/p>\n<p>En la primera fase del acuerdo, Petronas invirti\u00f3 u$s 475 millones para perforar unos 35 pozos, mientras que YPF puso u$s 75 millones y aport\u00f3 la superficie. A partir de ahora, el gasto se repartir\u00e1 en porciones iguales.<\/p>\n<p>YPF intenta financiar el desarrollo de Vaca Muerta con socios. En 2013 se uni\u00f3 a la estadounidense Chevron para desarrollar el \u00e1rea de Loma Campana. Mientras que con Dow Chemical est\u00e1 trabajando para extraer gas en El Orejano.<\/p>\n<p>Fuente: Diario Rio Negro<\/p>\n<\/div>\n<!-- AddThis Advanced Settings generic via filter on the_content -->","protected":false},"excerpt":{"rendered":"<p>Una segunda parte del contrato entre YPF y Petronas para la explotaci\u00f3n petrolera shale se firmar\u00e1 en las pr\u00f3ximas semanas.<!-- AddThis Advanced Settings generic via filter on get_the_excerpt --><\/p>\n","protected":false},"author":2,"featured_media":0,"comment_status":"closed","ping_status":"closed","sticky":false,"template":"","format":"standard","meta":{"colormag_page_container_layout":"default_layout","colormag_page_sidebar_layout":"default_layout","jetpack_post_was_ever_published":false,"_jetpack_newsletter_access":"","_jetpack_dont_email_post_to_subs":false,"_jetpack_newsletter_tier_id":0,"_jetpack_memberships_contains_paywalled_content":false,"_jetpack_memberships_contains_paid_content":false,"footnotes":"","jetpack_publicize_message":"","jetpack_publicize_feature_enabled":true,"jetpack_social_post_already_shared":true,"jetpack_social_options":{"image_generator_settings":{"template":"highway","default_image_id":0,"font":"","enabled":false},"version":2}},"categories":[3],"tags":[17],"class_list":["post-2297","post","type-post","status-publish","format-standard","hentry","category-sustentabilidad","tag-otros-medios"],"jetpack_publicize_connections":[],"jetpack_featured_media_url":"","jetpack_shortlink":"https:\/\/wp.me\/p7L1gj-B3","jetpack-related-posts":[{"id":11113,"url":"http:\/\/ccnews.com.ar\/prensa\/ypf-y-petronas-pisan-el-acelerador-en-vaca-muerta\/","url_meta":{"origin":2297,"position":0},"title":"YPF y Petronas pisan el acelerador en Vaca Muerta","author":"admin","date":"14 abril, 2019","format":false,"excerpt":"Las firmas pusieron en producci\u00f3n ayer los primeros pozos de la etapa intensiva en el \u00e1rea La Amarga Chica. Las petroleras invertir\u00e1n 2.336 millones de d\u00f3lares en los pr\u00f3ximos cuatro a\u00f1os. Autoridades de la petrolera de mayor\u00eda estatal YPF y de la malaya Petronas participaron ayer del inicio de la\u2026","rel":"","context":"En \u00abEnerg\u00eda y Producci\u00f3n\u00bb","block_context":{"text":"Energ\u00eda y Producci\u00f3n","link":"http:\/\/ccnews.com.ar\/prensa\/category\/energia-y-produccion\/"},"img":{"alt_text":"","src":"https:\/\/i0.wp.com\/ccnews.com.ar\/prensa\/wp-content\/uploads\/2019\/04\/inspe1.jpg?fit=920%2C520&resize=350%2C200","width":350,"height":200,"srcset":"https:\/\/i0.wp.com\/ccnews.com.ar\/prensa\/wp-content\/uploads\/2019\/04\/inspe1.jpg?fit=920%2C520&resize=350%2C200 1x, https:\/\/i0.wp.com\/ccnews.com.ar\/prensa\/wp-content\/uploads\/2019\/04\/inspe1.jpg?fit=920%2C520&resize=525%2C300 1,5x, https:\/\/i0.wp.com\/ccnews.com.ar\/prensa\/wp-content\/uploads\/2019\/04\/inspe1.jpg?fit=920%2C520&resize=700%2C400 2x"},"classes":[]},{"id":1669,"url":"http:\/\/ccnews.com.ar\/prensa\/avanza-acuerdo-entre-ypf-y-gazprom-para-explotar-un-yacimiento-de-tight-gas-en-rio-negro\/","url_meta":{"origin":2297,"position":1},"title":"Avanza acuerdo entre YPF y Gazprom para explotar un yacimiento de tight gas en R\u00edo Negro","author":"CLUSTERciar","date":"21 septiembre, 2016","format":false,"excerpt":"Tres semanas atr\u00e1s directivos de YPF viajaron a Mosc\u00fa para acelerar la firma de un contrato con Gazprom, el mayor productor de gas del planeta, a fin de desarrollar en conjunto un yacimiento no convencional de gas en R\u00edo Negro. En concreto, la petrolera controlada por el Estado est\u00e1 pr\u00f3xima\u2026","rel":"","context":"En \u00abEnerg\u00eda y Producci\u00f3n\u00bb","block_context":{"text":"Energ\u00eda y Producci\u00f3n","link":"http:\/\/ccnews.com.ar\/prensa\/category\/energia-y-produccion\/"},"img":{"alt_text":"","src":"","width":0,"height":0},"classes":[]},{"id":3643,"url":"http:\/\/ccnews.com.ar\/prensa\/ypf-lanzara-este-ano-siete-proyectos-clave-para-aumentar-la-produccion-de-vaca-muerta\/","url_meta":{"origin":2297,"position":2},"title":"YPF lanzar\u00e1 este a\u00f1o siete proyectos clave para aumentar la producci\u00f3n de Vaca Muerta","author":"CLUSTERciar","date":"5 abril, 2017","format":false,"excerpt":"YPF quiere tener este a\u00f1o una decena de proyectos de explotaci\u00f3n de Vaca Muerta en marcha. Eso implica, en la pr\u00e1ctica, sumar siete emprendimientos a los tres que ya est\u00e1n lanzados: dos en etapa de desarrollo, Loma Campana y El Orejano; y uno en instancia de piloto, La Amarga Chica.\u2026","rel":"","context":"En \u00abEnerg\u00eda y Producci\u00f3n\u00bb","block_context":{"text":"Energ\u00eda y Producci\u00f3n","link":"http:\/\/ccnews.com.ar\/prensa\/category\/energia-y-produccion\/"},"img":{"alt_text":"","src":"https:\/\/i0.wp.com\/ccnews.com.ar\/prensa\/wp-content\/uploads\/2017\/03\/ypflanza140317.jpg?fit=250%2C250&resize=350%2C200","width":350,"height":200},"classes":[]},{"id":4473,"url":"http:\/\/ccnews.com.ar\/prensa\/para-ypf-la-rentabilidad-de-vaca-muerta-ya-es-mas-alta-que-la-de-campos-maduros\/","url_meta":{"origin":2297,"position":3},"title":"Para YPF, la rentabilidad de Vaca Muerta ya es m\u00e1s alta que la de campos maduros","author":"CLUSTERciar","date":"13 junio, 2017","format":false,"excerpt":"Por la optimizaci\u00f3n de los costos YPF est\u00e1 transformando su negocio de petr\u00f3leo en la Argentina. La petrolera bajo control del Estado est\u00e1 transfiriendo recursos desde sus yacimientos hist\u00f3ricos de crudo ubicados en Santa Cruz y Chubut \u2013e incluso en el norte de Neuqu\u00e9n- para acelerar el desarrollo de recursos\u2026","rel":"","context":"En \u00abEnerg\u00eda y Producci\u00f3n\u00bb","block_context":{"text":"Energ\u00eda y Producci\u00f3n","link":"http:\/\/ccnews.com.ar\/prensa\/category\/energia-y-produccion\/"},"img":{"alt_text":"","src":"https:\/\/i0.wp.com\/ccnews.com.ar\/prensa\/wp-content\/uploads\/2017\/06\/darre050617.jpg?fit=250%2C250&resize=350%2C200","width":350,"height":200},"classes":[]},{"id":13662,"url":"http:\/\/ccnews.com.ar\/prensa\/para-analytica-en-cualquier-escenario-vaca-muerta-dejara-saldo-positivo\/","url_meta":{"origin":2297,"position":4},"title":"Para Analytica, en cualquier escenario Vaca Muerta dejar\u00e1 saldo positivo","author":"admin","date":"22 noviembre, 2019","format":false,"excerpt":"El Gobierno que asumir\u00e1 el 10 de diciembre podr\u00eda disfrutar de la llegada de miles de millones de d\u00f3lares a la Argentina gracias a la explotaci\u00f3n de Vaca Muerta. El Gobierno que asumir\u00e1 el 10 de diciembre disfrutar\u00e1 de la llegada de miles de millones de d\u00f3lares a la Argentina\u2026","rel":"","context":"En \u00abEnerg\u00eda y Producci\u00f3n\u00bb","block_context":{"text":"Energ\u00eda y Producci\u00f3n","link":"http:\/\/ccnews.com.ar\/prensa\/category\/energia-y-produccion\/"},"img":{"alt_text":"","src":"https:\/\/i0.wp.com\/ccnews.com.ar\/prensa\/wp-content\/uploads\/2019\/11\/insp.png?fit=707%2C460&resize=350%2C200","width":350,"height":200,"srcset":"https:\/\/i0.wp.com\/ccnews.com.ar\/prensa\/wp-content\/uploads\/2019\/11\/insp.png?fit=707%2C460&resize=350%2C200 1x, https:\/\/i0.wp.com\/ccnews.com.ar\/prensa\/wp-content\/uploads\/2019\/11\/insp.png?fit=707%2C460&resize=525%2C300 1,5x, https:\/\/i0.wp.com\/ccnews.com.ar\/prensa\/wp-content\/uploads\/2019\/11\/insp.png?fit=707%2C460&resize=700%2C400 2x"},"classes":[]},{"id":1087,"url":"http:\/\/ccnews.com.ar\/prensa\/para-el-nuevo-ceo-ypf-debe-vender-algunos-activos\/","url_meta":{"origin":2297,"position":5},"title":"Para el nuevo CEO, YPF debe vender algunos activos","author":"CLUSTERciar","date":"13 agosto, 2016","format":false,"excerpt":"Darr\u00e9 dijo que no se puede ser bueno en todo y que hay que concentrarse en el negocio principal. En su primera presentaci\u00f3n ante los analistas, el nuevo CEO de YPF, Ricardo Darr\u00e9\u00a0dio precisiones sobre qu\u00e9 planea para el futuro de la principal compa\u00f1\u00eda petrolera del pa\u00eds. El ejecutivo, un\u2026","rel":"","context":"En \u00abSustentabilidad\u00bb","block_context":{"text":"Sustentabilidad","link":"http:\/\/ccnews.com.ar\/prensa\/category\/sustentabilidad\/"},"img":{"alt_text":"Ricardo Darr\u00e9, ex Total, es el nuevo CEO de YPF  Foto: Prensa YPF","src":"https:\/\/i0.wp.com\/images.clarin.com\/ieco\/economia\/Ricardo-Total-CEO-YPF-Prensa_CLAIMA20160805_0231_28.jpg?resize=350%2C200","width":350,"height":200,"srcset":"https:\/\/i0.wp.com\/images.clarin.com\/ieco\/economia\/Ricardo-Total-CEO-YPF-Prensa_CLAIMA20160805_0231_28.jpg?resize=350%2C200 1x, https:\/\/i0.wp.com\/images.clarin.com\/ieco\/economia\/Ricardo-Total-CEO-YPF-Prensa_CLAIMA20160805_0231_28.jpg?resize=525%2C300 1,5x"},"classes":[]}],"jetpack_sharing_enabled":true,"_links":{"self":[{"href":"http:\/\/ccnews.com.ar\/prensa\/wp-json\/wp\/v2\/posts\/2297","targetHints":{"allow":["GET"]}}],"collection":[{"href":"http:\/\/ccnews.com.ar\/prensa\/wp-json\/wp\/v2\/posts"}],"about":[{"href":"http:\/\/ccnews.com.ar\/prensa\/wp-json\/wp\/v2\/types\/post"}],"author":[{"embeddable":true,"href":"http:\/\/ccnews.com.ar\/prensa\/wp-json\/wp\/v2\/users\/2"}],"replies":[{"embeddable":true,"href":"http:\/\/ccnews.com.ar\/prensa\/wp-json\/wp\/v2\/comments?post=2297"}],"version-history":[{"count":1,"href":"http:\/\/ccnews.com.ar\/prensa\/wp-json\/wp\/v2\/posts\/2297\/revisions"}],"predecessor-version":[{"id":2299,"href":"http:\/\/ccnews.com.ar\/prensa\/wp-json\/wp\/v2\/posts\/2297\/revisions\/2299"}],"wp:attachment":[{"href":"http:\/\/ccnews.com.ar\/prensa\/wp-json\/wp\/v2\/media?parent=2297"}],"wp:term":[{"taxonomy":"category","embeddable":true,"href":"http:\/\/ccnews.com.ar\/prensa\/wp-json\/wp\/v2\/categories?post=2297"},{"taxonomy":"post_tag","embeddable":true,"href":"http:\/\/ccnews.com.ar\/prensa\/wp-json\/wp\/v2\/tags?post=2297"}],"curies":[{"name":"wp","href":"https:\/\/api.w.org\/{rel}","templated":true}]}}