{"id":2307,"date":"2016-11-11T08:00:41","date_gmt":"2016-11-11T11:00:41","guid":{"rendered":"http:\/\/clusterciarnews.com.ar\/prensa\/?p=2307"},"modified":"2016-11-15T12:43:17","modified_gmt":"2016-11-15T15:43:17","slug":"confirman-que-en-el-yacimiento-no-convencional-de-calingasta-hay-mas-gas-y-se-puede-comercializar","status":"publish","type":"post","link":"http:\/\/ccnews.com.ar\/prensa\/confirman-que-en-el-yacimiento-no-convencional-de-calingasta-hay-mas-gas-y-se-puede-comercializar\/","title":{"rendered":"Confirman que en el yacimiento no convencional de Calingasta hay m\u00e1s gas y se puede comercializar"},"content":{"rendered":"<p>En la primavera de 2013 un grupo de investigadores del Instituto de Investigaciones Mineras (IIM) de la UNSJ llegaron a la conclusi\u00f3n de que el yacimiento de esquistos bituminosos Rinc\u00f3n Blanco, en Barreal, era apto para ser explotado comercialmente y obtener petr\u00f3leo de buena calidad para combustibles. Con reservas estimadas en unas 1.100 millones de toneladas, puede arrojar el equivalente a 40.000 millones de toneladas de petr\u00f3leo. Tres a\u00f1os despu\u00e9s, el mismo equipo certific\u00f3 tambi\u00e9n que hay m\u00e1s volumen de gas de lo que se crey\u00f3 en un principio.<\/p>\n<p><img data-recalc-dims=\"1\" loading=\"lazy\" decoding=\"async\" class=\"alignleft\" src=\"https:\/\/i0.wp.com\/www.energypress.com.ar\/cache\/620d1496df726f7f89217adebc7ee4d27dc.jpg?resize=376%2C320\" width=\"376\" height=\"320\" \/><\/p>\n<p>Hector C\u00e1ceres, Subdirector del IIM, asegur\u00f3 ayer que con dos tercios del gas a obtener se puede autoabastecer el proyecto, y quedar\u00e1 un tercio de excedente para ser comercializado. Se calcula que esa porci\u00f3n alcanza para abastecer al departamento de Calingasta durante varios a\u00f1os. En momentos de escasez energ\u00e9tica en el pa\u00eds, el dato llen\u00f3 de optimismo a los due\u00f1os del yacimiento -Cesar Gioja, Juan Bautista Piaggio y Am\u00e9rico Clavel-, y reimpuls\u00f3 la idea de salir en busca de inversores para desarrollar el proyecto. Se estima que un desarrollo moderado requiere de unos 500 millones de d\u00f3lares en tres a\u00f1os, con una tasa de retorno del 42%. \u2018No hay proyecto agr\u00edcola-ganadero con una tasa de retorno tan alta, y esto sin considerar el gas y la calidad del producto\u2019, dijo Clavel.<\/p>\n<p>En la ma\u00f1ana de ayer, propietarios e investigadores presenciaron un ensayo experimental en la Facultad de Ingenier\u00eda, donde un kilo de roca de esquistos bituminosos triturados introducidos en una caldera a 156 grados arroj\u00f3 7 metros c\u00fabicos de gas. Fue suficiente como para encender una llama constante durante varios minutos. El ingeniero en Minas Hector Garc\u00eda explic\u00f3 a los presentes que se necesitan unas 7.6 toneladas de esquistos por mes para abastecer una casa promedio que consume 50 m3 en 30 d\u00edas. Eso se lograr\u00eda en una planta industrial con hornos de alimentaci\u00f3n contin\u00faa y de 30 o 40 toneladas\/hora. El Ministro de Miner\u00eda, Alberto Hensel y el intendente de Calingasta, Jorge Casta\u00f1eda, fueron testigos del trascendental momento, junto a las autoridades de Ingenier\u00eda encabezadas por el decano Tadeo Berenguer y Pedro Sarquis, director del IIM. Despu\u00e9s de todo, aunque sea en forma experimental, es la primera vez que se obtiene gas en San Juan, con el plus de que se trata de un yacimiento no convencional. A diferencia del gigante Vaca Muerta, que esta a m\u00e1s de 2.500 metros de profundidad y requiere del pol\u00e9mico m\u00e9todo de \u2018fracking\u2019 para su extracci\u00f3n, ayer explicaron que el yacimiento sanjuanino -que es apenas un 6% del proyecto sure\u00f1o- esta a s\u00f3lo 140 metros de profundidad y se explotar\u00eda a cielo abierto.<\/p>\n<p>\u2018\u2019Es una etapa experimental, claro; pero ac\u00e1 se ha demostrado que esto puede ser una fuente para resolver problemas de energ\u00eda y de combustible que puede generar enormes posibilidades para la provincia\u2019\u2019, dijo el ministro Hensel. Adem\u00e1s de los due\u00f1os, otro gran interesado en que aparezcan inversores es el intendente Casta\u00f1eda. \u2018\u2019Se puede obtener gas envasado para Calingasta y el costo de la garrafa seria inferior porque no tendr\u00eda el peso del transporte\u2019\u2019, expres\u00f3 con entusiasmo. Es l\u00f3gico. Sin redes de gas natural en el departamento cordillerano la garrafa de 10 kilos se consigue a $180 y dura un mes si la familia ajusta al m\u00e1ximo su consumo. Otro factor clave es la generaci\u00f3n de empleo, unos 700 puestos en su punto m\u00e1ximo. Otras ventajas son que el yacimiento est\u00e1 cerca de la refinadora mendocina Luj\u00e1n de Cuyo, lo que lo hace apto tanto para construir un gasoducto o transportar el producido en camiones.<\/p>\n<p>Fuente:\u00a0energypress<\/p>\n<p>&nbsp;<\/p>\n<p>&nbsp;<\/p>\n<!-- AddThis Advanced Settings generic via filter on the_content -->","protected":false},"excerpt":{"rendered":"<p>En la primavera de 2013 un grupo de investigadores del Instituto de Investigaciones Mineras (IIM) de la UNSJ llegaron a<!-- AddThis Advanced Settings generic via filter on get_the_excerpt --><\/p>\n","protected":false},"author":2,"featured_media":0,"comment_status":"closed","ping_status":"closed","sticky":false,"template":"","format":"standard","meta":{"colormag_page_container_layout":"default_layout","colormag_page_sidebar_layout":"default_layout","jetpack_post_was_ever_published":false,"_jetpack_newsletter_access":"","_jetpack_dont_email_post_to_subs":false,"_jetpack_newsletter_tier_id":0,"_jetpack_memberships_contains_paywalled_content":false,"_jetpack_memberships_contains_paid_content":false,"footnotes":"","jetpack_publicize_message":"","jetpack_publicize_feature_enabled":true,"jetpack_social_post_already_shared":true,"jetpack_social_options":{"image_generator_settings":{"template":"highway","default_image_id":0,"font":"","enabled":false},"version":2}},"categories":[11],"tags":[17],"class_list":["post-2307","post","type-post","status-publish","format-standard","hentry","category-energia-y-produccion","tag-otros-medios"],"jetpack_publicize_connections":[],"jetpack_featured_media_url":"","jetpack_shortlink":"https:\/\/wp.me\/p7L1gj-Bd","jetpack-related-posts":[{"id":2953,"url":"http:\/\/ccnews.com.ar\/prensa\/el-gas-de-rincon-blanco-es-tan-bueno-como-el-de-vaca-muerta\/","url_meta":{"origin":2307,"position":0},"title":"El gas de Rinc\u00f3n Blanco es tan bueno como el de Vaca Muerta","author":"CLUSTERciar","date":"25 enero, 2017","format":false,"excerpt":"Es en t\u00e9rminos calor\u00edferos y as\u00ed lo determinan los ensayos preliminares. Enviar\u00e1n muestras a Buenos Aires para su an\u00e1lisis. San Juan podr\u00eda tener su \u201cmini Vaca Muerta\u201d. Los ensayos preliminares demostraron la buena calidad del gas del yacimiento de esquistos bituminosos Rinc\u00f3n Blanco, en Calingasta, lo que ampl\u00eda su foco\u2026","rel":"","context":"En \u00abEnerg\u00eda y Producci\u00f3n\u00bb","block_context":{"text":"Energ\u00eda y Producci\u00f3n","link":"http:\/\/ccnews.com.ar\/prensa\/category\/energia-y-produccion\/"},"img":{"alt_text":"","src":"https:\/\/i0.wp.com\/ccnews.com.ar\/prensa\/wp-content\/uploads\/2017\/01\/f1_p3_estirar_cielo_y_usar_de_soporte.jpg_1536916690.jpg?fit=920%2C690&resize=350%2C200","width":350,"height":200,"srcset":"https:\/\/i0.wp.com\/ccnews.com.ar\/prensa\/wp-content\/uploads\/2017\/01\/f1_p3_estirar_cielo_y_usar_de_soporte.jpg_1536916690.jpg?fit=920%2C690&resize=350%2C200 1x, https:\/\/i0.wp.com\/ccnews.com.ar\/prensa\/wp-content\/uploads\/2017\/01\/f1_p3_estirar_cielo_y_usar_de_soporte.jpg_1536916690.jpg?fit=920%2C690&resize=525%2C300 1,5x, https:\/\/i0.wp.com\/ccnews.com.ar\/prensa\/wp-content\/uploads\/2017\/01\/f1_p3_estirar_cielo_y_usar_de_soporte.jpg_1536916690.jpg?fit=920%2C690&resize=700%2C400 2x"},"classes":[]},{"id":4745,"url":"http:\/\/ccnews.com.ar\/prensa\/aseguran-que-vaca-muerta-duplicara-su-produccion-de-gas-y-petroleo-en-2018\/","url_meta":{"origin":2307,"position":1},"title":"Aseguran que Vaca Muerta duplicar\u00e1 su producci\u00f3n de gas y petr\u00f3leo en 2018","author":"CLUSTERciar","date":"11 julio, 2017","format":false,"excerpt":"Hay cuatro desarrollos que ya lograr\u00edan esa mejora. En 2019, los n\u00fameros seguir\u00edan subiendo Aunque se firm\u00f3 un nuevo convenio laboral y el Gobierno fij\u00f3 un precio est\u00edmulo a la producci\u00f3n de gas nueva, Vaca Muerta\u00a0sigue sin despegar.\u00a0En la zona, salvo el desembarco reciente de Tecpetrol, hay poca actividad nueva.\u2026","rel":"","context":"En \u00abEnerg\u00eda y Producci\u00f3n\u00bb","block_context":{"text":"Energ\u00eda y Producci\u00f3n","link":"http:\/\/ccnews.com.ar\/prensa\/category\/energia-y-produccion\/"},"img":{"alt_text":"","src":"https:\/\/i0.wp.com\/ccnews.com.ar\/prensa\/wp-content\/uploads\/2017\/07\/H1BySMxBZ_930x525.jpg?fit=930%2C525&resize=350%2C200","width":350,"height":200,"srcset":"https:\/\/i0.wp.com\/ccnews.com.ar\/prensa\/wp-content\/uploads\/2017\/07\/H1BySMxBZ_930x525.jpg?fit=930%2C525&resize=350%2C200 1x, https:\/\/i0.wp.com\/ccnews.com.ar\/prensa\/wp-content\/uploads\/2017\/07\/H1BySMxBZ_930x525.jpg?fit=930%2C525&resize=525%2C300 1,5x, https:\/\/i0.wp.com\/ccnews.com.ar\/prensa\/wp-content\/uploads\/2017\/07\/H1BySMxBZ_930x525.jpg?fit=930%2C525&resize=700%2C400 2x"},"classes":[]},{"id":2331,"url":"http:\/\/ccnews.com.ar\/prensa\/rio-negro-espera-inversiones-petroleras-por-mas-de-us400-millones-en-2017\/","url_meta":{"origin":2307,"position":2},"title":"R\u00edo Negro espera inversiones petroleras por m\u00e1s de US$400 millones en 2017","author":"CLUSTERciar","date":"15 noviembre, 2016","format":false,"excerpt":"Las empresas del sector que operan en la provincia buscar\u00e1n aumentar la producci\u00f3n de hidrocarburos, seg\u00fan la previsi\u00f3n del secretario de Energ\u00eda Sebasti\u00e1n Caldiero, quien precis\u00f3 a T\u00e9lam que a fin de este a\u00f1o se registrar\u00e1 un crecimiento anual de 10% en la extracci\u00f3n de gas en el distrito. \"Las\u2026","rel":"","context":"En \u00abEnerg\u00eda y Producci\u00f3n\u00bb","block_context":{"text":"Energ\u00eda y Producci\u00f3n","link":"http:\/\/ccnews.com.ar\/prensa\/category\/energia-y-produccion\/"},"img":{"alt_text":"","src":"","width":0,"height":0},"classes":[]},{"id":7083,"url":"http:\/\/ccnews.com.ar\/prensa\/allen-consolida-un-perfil-petrolero\/","url_meta":{"origin":2307,"position":3},"title":"ALLEN CONSOLIDA UN PERFIL PETROLERO","author":"admin","date":"28 febrero, 2018","format":false,"excerpt":"YPF destinar\u00e1 u$s 558,9 millones y tiene previsto perforar 93 nuevos pozos. La ciudad produce el 20% del tight gas que genera la petrolera nacional en todo el pa\u00eds. Con millonarias inversiones de parte de YPF, la localidad rionegrina se afianza en el perfil petrolero, que convive con la producci\u00f3n\u2026","rel":"","context":"En \u00abEnerg\u00eda y Producci\u00f3n\u00bb","block_context":{"text":"Energ\u00eda y Producci\u00f3n","link":"http:\/\/ccnews.com.ar\/prensa\/category\/energia-y-produccion\/"},"img":{"alt_text":"","src":"","width":0,"height":0},"classes":[]},{"id":7167,"url":"http:\/\/ccnews.com.ar\/prensa\/allen-consolida-un-perfil-petrolero-2\/","url_meta":{"origin":2307,"position":4},"title":"Allen consolida un perfil petrolero","author":"admin","date":"10 marzo, 2018","format":false,"excerpt":"YPF destinar\u00e1 u$s 558,9 millones y tiene previsto perforar 93 nuevos pozos. La ciudad produce el 20% del tight gas que genera la petrolera nacional en todo el pa\u00eds. Con millonarias inversiones de parte de YPF, la localidad rionegrina se afianza en el perfil petrolero, que convive con la producci\u00f3n\u2026","rel":"","context":"En \u00abEnerg\u00eda y Producci\u00f3n\u00bb","block_context":{"text":"Energ\u00eda y Producci\u00f3n","link":"http:\/\/ccnews.com.ar\/prensa\/category\/energia-y-produccion\/"},"img":{"alt_text":"","src":"https:\/\/i0.wp.com\/ccnews.com.ar\/prensa\/wp-content\/uploads\/2018\/03\/ALLEN_RIONEGRO-657x360.jpg?fit=657%2C360&resize=350%2C200","width":350,"height":200,"srcset":"https:\/\/i0.wp.com\/ccnews.com.ar\/prensa\/wp-content\/uploads\/2018\/03\/ALLEN_RIONEGRO-657x360.jpg?fit=657%2C360&resize=350%2C200 1x, https:\/\/i0.wp.com\/ccnews.com.ar\/prensa\/wp-content\/uploads\/2018\/03\/ALLEN_RIONEGRO-657x360.jpg?fit=657%2C360&resize=525%2C300 1,5x"},"classes":[]},{"id":8175,"url":"http:\/\/ccnews.com.ar\/prensa\/petrolera-britanica-descubrio-un-yacimiento-de-petroleo-liviano-en-santa-cruz\/","url_meta":{"origin":2307,"position":5},"title":"Petrolera brit\u00e1nica descubri\u00f3 un yacimiento de petr\u00f3leo liviano en Santa Cruz","author":"CLUSTERciar","date":"3 julio, 2018","format":false,"excerpt":"La compa\u00f1\u00eda brit\u00e1nica de petr\u00f3leo y gas Echo Energy PLC anunci\u00f3 el descubrimiento de un yacimiento de petr\u00f3leo liviano, en su tercer pozo ubicado en la provincia de Santa Cruz. El pozo EMS-1001, operado por la local Compa\u00f1\u00eda General de Combustibles (CGC, del grupo Am\u00e9rica), fue perforado a una profundidad\u2026","rel":"","context":"En \u00abEnerg\u00eda y Producci\u00f3n\u00bb","block_context":{"text":"Energ\u00eda y Producci\u00f3n","link":"http:\/\/ccnews.com.ar\/prensa\/category\/energia-y-produccion\/"},"img":{"alt_text":"","src":"https:\/\/i0.wp.com\/ccnews.com.ar\/prensa\/wp-content\/uploads\/2018\/06\/00_echo-energy_37003-750x375.jpg?fit=750%2C375&resize=350%2C200","width":350,"height":200,"srcset":"https:\/\/i0.wp.com\/ccnews.com.ar\/prensa\/wp-content\/uploads\/2018\/06\/00_echo-energy_37003-750x375.jpg?fit=750%2C375&resize=350%2C200 1x, https:\/\/i0.wp.com\/ccnews.com.ar\/prensa\/wp-content\/uploads\/2018\/06\/00_echo-energy_37003-750x375.jpg?fit=750%2C375&resize=525%2C300 1,5x, https:\/\/i0.wp.com\/ccnews.com.ar\/prensa\/wp-content\/uploads\/2018\/06\/00_echo-energy_37003-750x375.jpg?fit=750%2C375&resize=700%2C400 2x"},"classes":[]}],"jetpack_sharing_enabled":true,"_links":{"self":[{"href":"http:\/\/ccnews.com.ar\/prensa\/wp-json\/wp\/v2\/posts\/2307","targetHints":{"allow":["GET"]}}],"collection":[{"href":"http:\/\/ccnews.com.ar\/prensa\/wp-json\/wp\/v2\/posts"}],"about":[{"href":"http:\/\/ccnews.com.ar\/prensa\/wp-json\/wp\/v2\/types\/post"}],"author":[{"embeddable":true,"href":"http:\/\/ccnews.com.ar\/prensa\/wp-json\/wp\/v2\/users\/2"}],"replies":[{"embeddable":true,"href":"http:\/\/ccnews.com.ar\/prensa\/wp-json\/wp\/v2\/comments?post=2307"}],"version-history":[{"count":2,"href":"http:\/\/ccnews.com.ar\/prensa\/wp-json\/wp\/v2\/posts\/2307\/revisions"}],"predecessor-version":[{"id":2329,"href":"http:\/\/ccnews.com.ar\/prensa\/wp-json\/wp\/v2\/posts\/2307\/revisions\/2329"}],"wp:attachment":[{"href":"http:\/\/ccnews.com.ar\/prensa\/wp-json\/wp\/v2\/media?parent=2307"}],"wp:term":[{"taxonomy":"category","embeddable":true,"href":"http:\/\/ccnews.com.ar\/prensa\/wp-json\/wp\/v2\/categories?post=2307"},{"taxonomy":"post_tag","embeddable":true,"href":"http:\/\/ccnews.com.ar\/prensa\/wp-json\/wp\/v2\/tags?post=2307"}],"curies":[{"name":"wp","href":"https:\/\/api.w.org\/{rel}","templated":true}]}}