{"id":2363,"date":"2016-11-24T08:00:13","date_gmt":"2016-11-24T11:00:13","guid":{"rendered":"http:\/\/clusterciarnews.com.ar\/prensa\/?p=2363"},"modified":"2016-11-24T08:23:06","modified_gmt":"2016-11-24T11:23:06","slug":"la-rse-en-las-agendas-empresariales-esta-avanzando","status":"publish","type":"post","link":"http:\/\/ccnews.com.ar\/prensa\/la-rse-en-las-agendas-empresariales-esta-avanzando\/","title":{"rendered":"\u201cLa RSE en las agendas empresariales est\u00e1 avanzando\u201d"},"content":{"rendered":"<p><strong>Fernando Passarelli, Coordinador de Valor, RSE + Competitividad, comparte algunas de las iniciativas que realizan a trav\u00e9s de este interesante programa de RSE de la AMIA.<\/strong><\/p>\n<p><img data-recalc-dims=\"1\" height=\"336\" width=\"300\" decoding=\"async\" class=\"alignleft\" src=\"https:\/\/i0.wp.com\/www.prs.com.ar\/wp-content\/uploads\/2016\/11\/noticia-FernandoEstebanPassarelli-300x336.jpg?resize=300%2C336\" alt=\"noticia-fernandoestebanpassarelli\" \/><\/p>\n<p>El programa Valor, RSE + Competitividad es llevado adelante desde 2009 por Asociaci\u00f3n Mutual Israelita Argentina (AMIA) y patrocinado por el Banco Interamericano de Desarrollo (BID), a trav\u00e9s del Fondo Multilateral de Inversiones (FOMIN). Su objetivo es fomentar la implementaci\u00f3n de medidas de RSE adaptadas a la realidad de las PyMes, en especial de aquellas que forman parte de la cadena de valor de grandes empresas; mejorar la competitividad e incrementar las oportunidades de mercado de las peque\u00f1as y medianas empresas; y difundir las pr\u00e1cticas de RSE en la sociedad argentina y contribuir al desarrollo sostenible. Fernando Esteban Passarelli, actual Coordinador de Valor, RSE + Competitividad, comparti\u00f3 con nosotros algunas de las iniciativas que realizan actualmente y su visi\u00f3n sobre el momento que vive hoy la RSE.<\/p>\n<p>1. \u00bfCu\u00e1l es tu visi\u00f3n global de la RSE en la Argentina?<\/p>\n<p>La madurez de la RSE en las agendas empresariales se encuentra avanzando y ya no quedan muchas dudas acerca de que para all\u00ed vamos. La gran pregunta es acerca de la velocidad que este avance tomar\u00e1 en los pr\u00f3ximos a\u00f1os. A\u00fan en estos tiempos, trabajamos en lo que llamo coloquialmente \u201cel club de los m\u00e1s o menos convencidos\u201d, que est\u00e1 compuesto por empresas y organizaciones con alg\u00fan nivel de compromiso con la filosof\u00eda y con actividades en marcha de distintas caracter\u00edsticas e impacto. En este \u201cclub\u201d, se trabaja bastante bien, pero somos pocos y la escala de nuestros impactos a\u00fan es bajo. Bajo el enfoque del estudio presentado por Simon Zadek en 2005, considero que estamos a\u00fan en etapas intermedias de aprendizaje caracterizadas por una gesti\u00f3n reactiva movi\u00e9ndonos hacia un enfoque prospectivo y sist\u00e9mico basados en modelos un poco m\u00e1s consolidados.<\/p>\n<p>2. \u00bfEs importante tener una gran infraestructura para realizar acciones de RSE?<\/p>\n<p>Entendida la RSE como un enfoque integral de gesti\u00f3n empresarial de mediano y largo plazo, la infraestructura se vuelve dependiente de la visi\u00f3n estrat\u00e9gica del liderazgo de la empresa. En dicha visi\u00f3n estrat\u00e9gica, el enfoque y priorizaci\u00f3n de l\u00edneas de acci\u00f3n resulta esencial. Siendo el foco de Valor, RSE + Competitividad la gesti\u00f3n de la cadena de valor, buscamos hacer docencia sobre la importancia de una gesti\u00f3n estrat\u00e9gica de la cadena de valor ya que es all\u00ed donde se generan los grandes riesgos, impactos y oportunidades para la empresa. En tal sentido, Valor, RSE + Competitividad promueve el Grupo Promotor de Buenas Pr\u00e1cticas en la Cadena de Valor, que es un espacio de unas 40 empresas con un inter\u00e9s espec\u00edfico sobre la tem\u00e1tica en el cual se generan din\u00e1micas interacciones entre los representantes de las \u00e1reas de RSE y Sustentabilidad de las empresas, y sus colegas de \u00e1reas clave como Comercial, Distribuci\u00f3n, Abastecimiento, Compras, Log\u00edstica y Comercio Exterior.<\/p>\n<p>3. \u00bfRealizan anualmente alg\u00fan tipo de informe o de reporte sustentabilidad?<\/p>\n<p>Valor, RSE + Competitividad realiza un informe anual de actuaci\u00f3n de car\u00e1cter p\u00fablico. No podr\u00eda llamarse reporte de sustentabilidad ya que a\u00fan no opera con dicha l\u00f3gica, pero refleja a\u00f1o a a\u00f1o el desarrollo de nuestras iniciativas. Recientemente, adherimos a la Red Argentina del Pacto Global y formamos parte de la Gold Community del Global Reporting Iniciative desde hace un tiempo, por lo que progresivamente estamos haciendo desarrollos hab\u00eda un reporte que no tardar\u00e1 en llegar.<\/p>\n<p>4. \u00bfQu\u00e9 aspectos consideran a la hora de elaborarlo?<\/p>\n<p>En nuestro informe, reflejamos nuestras actividades identificando distintas partes interesadas que participan de las mismas y los objetivos alcanzados. Resulta ser una rese\u00f1a que nos permite rendir cuenta con nuestros aliados, pero tambi\u00e9n redise\u00f1ar nuestros planes para identificar impactos, riesgos y oportunidades hacia futuro.<\/p>\n<p>5. \u00bfCu\u00e1les son las virtudes que debe tener una persona que lidera un \u00e1rea de RSE?<\/p>\n<p>Un proyecto de vida basado en valores, visi\u00f3n y manejo integral del entorno, de la industria, de la cultura de la organizaci\u00f3n, de su modelo de negocios y de su cadena de valor. Destreza y pericia en gesti\u00f3n financiera (debe poder justificar con argumentos consistentes, la sustentabilidad financiera de su gesti\u00f3n). Capacidad de articulaci\u00f3n organizacional e inter-personal.<\/p>\n<p>6. \u00bfTrabajan en este momento a la par con alguna otra organizaci\u00f3n?<\/p>\n<p>Desde la perspectiva institucional, Valor, RSE + Competitividad opera dentro de AMIA y se vincula con distintas organizaciones empresariales y acad\u00e9micas. Estas interacciones pueden basarse en la co-organizaci\u00f3n de encuentros y talleres, la difusi\u00f3n compartida de actividades, y esto se potencia todos los meses de Abril, en la organizaci\u00f3n de nuestra Jornada Anual sobre Gesti\u00f3n Sustentable de la Cadena de Valor en la que convocamos a organizaciones de la sociedad civil que promueven negocios inclusivos para que exhiban sus productos y servicios en un espacio contiguo a el sal\u00f3n de conferencias de AMIA.<\/p>\n<p>Luego, en nuestro trabajo en el terreno con proveedores, distribuidores y clientes de la cadena de valor de grandes empresas que nos contratan, habitualmente interactuamos con ONG especializadas en distintos temas que son esenciales para el desarrollo de los planes de acci\u00f3n que se dise\u00f1an a partir de los diagn\u00f3sticos elaborados para tal fin.<\/p>\n<p>&nbsp;<\/p>\n<p>Fuente: Presente RSE<\/p>\n<!-- AddThis Advanced Settings generic via filter on the_content -->","protected":false},"excerpt":{"rendered":"<p>Fernando Passarelli, Coordinador de Valor, RSE + Competitividad, comparte algunas de las iniciativas que realizan a trav\u00e9s de este interesante<!-- AddThis Advanced Settings generic via filter on get_the_excerpt --><\/p>\n","protected":false},"author":2,"featured_media":0,"comment_status":"closed","ping_status":"closed","sticky":false,"template":"","format":"standard","meta":{"colormag_page_container_layout":"default_layout","colormag_page_sidebar_layout":"default_layout","jetpack_post_was_ever_published":false,"_jetpack_newsletter_access":"","_jetpack_dont_email_post_to_subs":false,"_jetpack_newsletter_tier_id":0,"_jetpack_memberships_contains_paywalled_content":false,"_jetpack_memberships_contains_paid_content":false,"footnotes":"","jetpack_publicize_message":"","jetpack_publicize_feature_enabled":true,"jetpack_social_post_already_shared":true,"jetpack_social_options":{"image_generator_settings":{"template":"highway","default_image_id":0,"font":"","enabled":false},"version":2}},"categories":[7],"tags":[17],"class_list":["post-2363","post","type-post","status-publish","format-standard","hentry","category-management","tag-otros-medios"],"jetpack_publicize_connections":[],"jetpack_featured_media_url":"","jetpack_shortlink":"https:\/\/wp.me\/p7L1gj-C7","jetpack-related-posts":[{"id":2959,"url":"http:\/\/ccnews.com.ar\/prensa\/el-50-de-las-multinacionales-implementan-politicas-de-rse\/","url_meta":{"origin":2363,"position":0},"title":"El 50% de las multinacionales implementan pol\u00edticas de RSE","author":"CLUSTERciar","date":"26 enero, 2017","format":false,"excerpt":"De acuerdo a cifras de Michael Page, compa\u00f1\u00eda experta en reclutamiento, actualmente en Chile el 50% de lasempresas multinacionales implementa pr\u00e1cticas de RSE. La creciente competitividad influye en que se encuentre en este tipo de pol\u00edticas un valor agregado para el negocio. Por lo mismo, los especialistas de PageGroup estiman\u2026","rel":"","context":"En \u00abManagement\u00bb","block_context":{"text":"Management","link":"http:\/\/ccnews.com.ar\/prensa\/category\/management\/"},"img":{"alt_text":"","src":"https:\/\/i0.wp.com\/ccnews.com.ar\/prensa\/wp-content\/uploads\/2017\/01\/Sostenibilidad_0.png?fit=660%2C303&resize=350%2C200","width":350,"height":200,"srcset":"https:\/\/i0.wp.com\/ccnews.com.ar\/prensa\/wp-content\/uploads\/2017\/01\/Sostenibilidad_0.png?fit=660%2C303&resize=350%2C200 1x, https:\/\/i0.wp.com\/ccnews.com.ar\/prensa\/wp-content\/uploads\/2017\/01\/Sostenibilidad_0.png?fit=660%2C303&resize=525%2C300 1,5x"},"classes":[]},{"id":3389,"url":"http:\/\/ccnews.com.ar\/prensa\/la-rse-es-una-cuestion-de-transformacion-cultural\/","url_meta":{"origin":2363,"position":1},"title":"\u201cLa RSE es una cuesti\u00f3n de transformaci\u00f3n cultural\u201d","author":"CLUSTERciar","date":"7 marzo, 2017","format":false,"excerpt":"Entrevistamos a Mario Roset, Director Ejecutivo de la ONG Wingu, quien nos ofreci\u00f3 su mirada acerca del estado de la RSE en el pa\u00eds. Para Mario Roset, la RSE en Argentina est\u00e1 a\u00fan en su per\u00edodo de afloraci\u00f3n. Sin embargo, considera que la transformaci\u00f3n cultural ya comenz\u00f3. 1. \u00bfCu\u00e1l es\u2026","rel":"","context":"En \u00abManagement\u00bb","block_context":{"text":"Management","link":"http:\/\/ccnews.com.ar\/prensa\/category\/management\/"},"img":{"alt_text":"","src":"https:\/\/i0.wp.com\/ccnews.com.ar\/prensa\/wp-content\/uploads\/2017\/03\/noticia-Wingu-MarioRosetOR-300x336.jpg?fit=300%2C336&resize=350%2C200","width":350,"height":200},"classes":[]},{"id":2395,"url":"http:\/\/ccnews.com.ar\/prensa\/rse-en-el-corazon-del-negocio\/","url_meta":{"origin":2363,"position":2},"title":"RSE en el coraz\u00f3n del negocio","author":"CLUSTERciar","date":"29 noviembre, 2016","format":false,"excerpt":"Latinoam\u00e9rica enfrenta retos sociales, econ\u00f3micos y ambientales para mejorar la calidad de vida de m\u00e1s de 500 millones de habitantes. Si bien la regi\u00f3n creci\u00f3 a buen ritmo desde la d\u00e9cada de 1980, los empresarios no lograron capitalizar esta etapa para aumentar la eficiencia al producir. Entonces, \u00bfpor qu\u00e9 es\u2026","rel":"","context":"En \u00abManagement\u00bb","block_context":{"text":"Management","link":"http:\/\/ccnews.com.ar\/prensa\/category\/management\/"},"img":{"alt_text":"","src":"","width":0,"height":0},"classes":[]},{"id":2859,"url":"http:\/\/ccnews.com.ar\/prensa\/la-sustentabilidad-ofrece-un-diferencial-competitivo\/","url_meta":{"origin":2363,"position":3},"title":"\u201cLa sustentabilidad ofrece un diferencial competitivo\u201d","author":"CLUSTERciar","date":"7 enero, 2017","format":false,"excerpt":"Con una amplia trayectoria en materia de RSE, Fernando Solari, director de solariScope, nos brind\u00f3 la visi\u00f3n de la consultora sobre la materia. Fernando Solari integra el Ranking Top 100 RSE de las personas m\u00e1s influyentes en materia de RSE, Sostenibilidad, Inversi\u00f3n Socialmente Responsable, Buen Gobierno y Reputaci\u00f3n Corporativa en\u2026","rel":"","context":"En \u00abManagement\u00bb","block_context":{"text":"Management","link":"http:\/\/ccnews.com.ar\/prensa\/category\/management\/"},"img":{"alt_text":"noticia-fernandosolari-opinionresponsable","src":"https:\/\/i0.wp.com\/www.prs.com.ar\/wp-content\/uploads\/2016\/12\/noticia-FernandoSolari-opinionresponsable-300x336.jpg?resize=350%2C200","width":350,"height":200},"classes":[]},{"id":13245,"url":"http:\/\/ccnews.com.ar\/prensa\/como-la-responsabilidad-social-empresarial-puede-impulsar-tu-empresa\/","url_meta":{"origin":2363,"position":4},"title":"C\u00f3mo la Responsabilidad Social Empresarial puede impulsar tu empresa","author":"admin","date":"14 octubre, 2019","format":false,"excerpt":"Las pol\u00edticas de RSC y RSE estar\u00e1n marcadas por la sostenibilidad y la transparencia durante 2019. La responsabilidad social empresarial (RSE), tambi\u00e9n llamada responsabilidad social corporativa (RSC) o inversi\u00f3n socialmente corporativa, se define como la contribuci\u00f3n activa y voluntaria al mejoramiento social, econ\u00f3mico y ambiental por parte de las empresas,\u2026","rel":"","context":"En \u00abEducaci\u00f3n\/Sociedad\u00bb","block_context":{"text":"Educaci\u00f3n\/Sociedad","link":"http:\/\/ccnews.com.ar\/prensa\/category\/educacion-sociedad\/"},"img":{"alt_text":"","src":"https:\/\/i0.wp.com\/ccnews.com.ar\/prensa\/wp-content\/uploads\/2019\/10\/investimento-social.png?fit=900%2C600&resize=350%2C200","width":350,"height":200,"srcset":"https:\/\/i0.wp.com\/ccnews.com.ar\/prensa\/wp-content\/uploads\/2019\/10\/investimento-social.png?fit=900%2C600&resize=350%2C200 1x, https:\/\/i0.wp.com\/ccnews.com.ar\/prensa\/wp-content\/uploads\/2019\/10\/investimento-social.png?fit=900%2C600&resize=525%2C300 1,5x, https:\/\/i0.wp.com\/ccnews.com.ar\/prensa\/wp-content\/uploads\/2019\/10\/investimento-social.png?fit=900%2C600&resize=700%2C400 2x"},"classes":[]},{"id":1967,"url":"http:\/\/ccnews.com.ar\/prensa\/%e2%80%8b%e2%80%8bclusterciar-presento-sus-proyectos-de-rse-en-cai\/","url_meta":{"origin":2363,"position":5},"title":"\u200b\u200bCLUSTERciar present\u00f3 sus proyectos de RSE  en CAI","author":"CLUSTERciar","date":"12 octubre, 2016","format":false,"excerpt":"Jorge Petrocelli,\u00a0Director de Negocios y Relaciones Institucionales\u00a0del\u00a0CLUSTERciar, realiz\u00f3 una\u00a0presentaci\u00f3n\u00a0en el Centro Argentino de\u00a0Ingenieria (CAI), dentro de la comisi\u00f3n de Empresas Proveedoras de\u00a0servicios de Ingenier\u00eda (CEPSI), donde participaron empresas nacionales de\u00a0primera l\u00ednea, interesadas en instrumentar canales de desarrollo para\u00a0acciones de RSE (Educativos y socio-formativos). En la exposici\u00f3n explic\u00f3 el gran impacto\u2026","rel":"","context":"En \u00abManagement\u00bb","block_context":{"text":"Management","link":"http:\/\/ccnews.com.ar\/prensa\/category\/management\/"},"img":{"alt_text":"img_1195","src":"https:\/\/i0.wp.com\/clusterciarnews.com.ar\/prensa\/wp-content\/uploads\/2016\/10\/IMG_1195-300x225.jpg?resize=350%2C200","width":350,"height":200},"classes":[]}],"jetpack_sharing_enabled":true,"_links":{"self":[{"href":"http:\/\/ccnews.com.ar\/prensa\/wp-json\/wp\/v2\/posts\/2363","targetHints":{"allow":["GET"]}}],"collection":[{"href":"http:\/\/ccnews.com.ar\/prensa\/wp-json\/wp\/v2\/posts"}],"about":[{"href":"http:\/\/ccnews.com.ar\/prensa\/wp-json\/wp\/v2\/types\/post"}],"author":[{"embeddable":true,"href":"http:\/\/ccnews.com.ar\/prensa\/wp-json\/wp\/v2\/users\/2"}],"replies":[{"embeddable":true,"href":"http:\/\/ccnews.com.ar\/prensa\/wp-json\/wp\/v2\/comments?post=2363"}],"version-history":[{"count":1,"href":"http:\/\/ccnews.com.ar\/prensa\/wp-json\/wp\/v2\/posts\/2363\/revisions"}],"predecessor-version":[{"id":2365,"href":"http:\/\/ccnews.com.ar\/prensa\/wp-json\/wp\/v2\/posts\/2363\/revisions\/2365"}],"wp:attachment":[{"href":"http:\/\/ccnews.com.ar\/prensa\/wp-json\/wp\/v2\/media?parent=2363"}],"wp:term":[{"taxonomy":"category","embeddable":true,"href":"http:\/\/ccnews.com.ar\/prensa\/wp-json\/wp\/v2\/categories?post=2363"},{"taxonomy":"post_tag","embeddable":true,"href":"http:\/\/ccnews.com.ar\/prensa\/wp-json\/wp\/v2\/tags?post=2363"}],"curies":[{"name":"wp","href":"https:\/\/api.w.org\/{rel}","templated":true}]}}