{"id":2407,"date":"2016-12-02T08:00:47","date_gmt":"2016-12-02T11:00:47","guid":{"rendered":"http:\/\/clusterciarnews.com.ar\/prensa\/?p=2407"},"modified":"2016-12-02T10:39:59","modified_gmt":"2016-12-02T13:39:59","slug":"la-evaluacion-no-es-castigo","status":"publish","type":"post","link":"http:\/\/ccnews.com.ar\/prensa\/la-evaluacion-no-es-castigo\/","title":{"rendered":"\u201cLa evaluaci\u00f3n no es castigo\u201d"},"content":{"rendered":"<p class=\"bajada\">As\u00ed lo expres\u00f3 el especialista en educaci\u00f3n Gustavo Iaies quien formar\u00e1 parte del equipo de asesores en pol\u00edticas educativas de la Direcci\u00f3n General de Escuelas.<\/p>\n<p>Desde hace varios d\u00edas el Licenciado Iaies esta realizando reuniones con el director General de Escuelas, Jaime Correas, y todo su equipo de trabajo, a fin de ponerlo al tanto de la situaci\u00f3n en la que se encuentra la educaci\u00f3n mendocina y de esta manera poder hacer un diagn\u00f3stico mas acabado que permita comenzar a realizar los cambios que sean necesarios.<\/p>\n<p>Iaies afirma que lo mas importante es volver a ordenar la escuela y plantear pautas claras sobre lo que se puede o no hacer, ya que considera que es algo que no est\u00e1 firmemente establecido, tanto con los alumnos, los docentes y los padres que son parte de la educaci\u00f3n de sus hijos.<\/p>\n<p>\u201cTodo el tiempo dudamos si las pautas que estamos poniendo valen la pena, si las podemos imponer o no. No nos podemos pasar la vida discutiendo las normas con los pibes porque sino no hay nada claro, no se sabe qu\u00e9 es lo que tienen que hacer. Por eso el concepto de autoridad se encuentra en una fuerte crisis que queremos revertir con acciones concretas\u201d asegur\u00f3 el especialista.<\/p>\n<p>Por su parte Jaime Correas destac\u00f3 la importancia de traer alguien de afuera de la provincia para que pueda mirar con un ojo m\u00e1s cr\u00edtico y as\u00ed poder hacer sugerencias que sean fruct\u00edferas y viables para mejorar la educaci\u00f3n de los mendocinos. Correas resalt\u00f3 la importancia de que Gustavo Iaies haya trabajado mucho a\u00f1os en el territorio donde pasan las cosas que es la escuela.<\/p>\n<p>\u201cQueremos que los chicos aprendan, que haya normas, y que sean evaluadas regularmente en cada una de las instituciones, pero no para generar temor, todo lo contrario, queremos saber en que fallamos para poder mejorarlo\u201d concluy\u00f3 Correas.<\/p>\n<p>En este sentido Gustavo Iaies asegur\u00f3 que no se tiene que ver a la evaluaci\u00f3n como un castigo \u201cqueremos evaluar, entendiendo el contexto social en el que se encuentra cada escuela, no es lo mismo una instituci\u00f3n del centro que una de Malarg\u00fce, queremos que todas mejoren, por eso vamos a acompa\u00f1arlos en el proceso para que as\u00ed sea\u201d.<\/p>\n<p>Para finalizar Iaies se mostr\u00f3 muy optimista ya que dijo que Mendoza tiene las condiciones necesarias para poder mejorar, para volver a ordenar la escuela y para brindarle al alumno una educaci\u00f3n de calidad, con reglas claras y autoridades establecidas.<\/p>\n<p><a href=\"https:\/\/i0.wp.com\/prensa.mendoza.gov.ar\/wp-content\/uploads\/sites\/23\/DSC9537.jpg\"><img data-recalc-dims=\"1\" loading=\"lazy\" decoding=\"async\" class=\"alignnone wp-image-45632\" src=\"https:\/\/i0.wp.com\/prensa.mendoza.gov.ar\/wp-content\/uploads\/sites\/23\/DSC9537.jpg?resize=650%2C432\" alt=\"_DSC9537\" width=\"650\" height=\"432\" data-id=\"45632\" \/><\/a><\/p>\n<p>Breve CV de Gustavo Iaies<\/p>\n<p>Es egresado de la\u00a0 Licenciatura en Ciencias de la Educaci\u00f3n \u2013 (UBA) y en la\u00a0 Maestr\u00eda en Pol\u00edtica y Administraci\u00f3n de la educaci\u00f3n (Universidad San Andr\u00e9s).<\/p>\n<p>Trabaj\u00f3 como docente en instituciones educativas de nivel primario, secundario, terciario y universitario. Fue director de escuela primaria.<\/p>\n<p>En 1999 asumi\u00f3 como Subsecretario de Educaci\u00f3n B\u00e1sica del Ministerio de Educaci\u00f3n de la Naci\u00f3n en Argentina y en el a\u00f1o 2001 ocup\u00f3 tambi\u00e9n el cargo de Secretario de educaci\u00f3n B\u00e1sica.<\/p>\n<p>Coordin\u00f3 el dispositivo de grupos sub-regionales del Di\u00e1logo Regional de Pol\u00edticas Educativas del BID (2002-2005) y la red de intercambio de Experiencias educativas con el Banco Mundial (2006-2008).<\/p>\n<p>Asesor\u00f3 a los ministerios de\u00a0Chile, Ecuador, Colombia y Paraguay y a la Secretar\u00eda de Educaci\u00f3n P\u00fablica de M\u00e9xico.<\/p>\n<p>Actualmente es Director de la Fundaci\u00f3n Centro de Estudios en Pol\u00edticas P\u00fablicas en Argentina (desde 2004). Desde la misma ha coordinado redes de funcionarios responsables en Pol\u00edticas de formaci\u00f3n y actualizaci\u00f3n de docente, de materiales educativos y de Nuevas Tecnolog\u00edas. Ha dirigido el programa de evaluaci\u00f3n estructural de sistemas educativos, implementado en los sistemas educativos de Chile, M\u00e9xico, Colombia y Costa Rica.<\/p>\n<p>Ha escrito ensayos, art\u00edculos period\u00edsticos y libros de texto escolares. Hace 6 meses aproximadamente present\u00f3 su libro \u201cVolver a ense\u00f1ar\u201d, en el que traza un fino diagn\u00f3stico de las dificultades que produce el haber perdido el lugar que ten\u00edan los docentes y los padres a la hora de ense\u00f1ar.<\/p>\n<p>&nbsp;<\/p>\n<p>Fuente: Prensa Mendoza<\/p>\n<!-- AddThis Advanced Settings generic via filter on the_content -->","protected":false},"excerpt":{"rendered":"<p>As\u00ed lo expres\u00f3 el especialista en educaci\u00f3n Gustavo Iaies quien formar\u00e1 parte del equipo de asesores en pol\u00edticas educativas de<!-- AddThis Advanced Settings generic via filter on get_the_excerpt --><\/p>\n","protected":false},"author":2,"featured_media":2411,"comment_status":"closed","ping_status":"closed","sticky":false,"template":"","format":"standard","meta":{"colormag_page_container_layout":"default_layout","colormag_page_sidebar_layout":"default_layout","jetpack_post_was_ever_published":false,"_jetpack_newsletter_access":"","_jetpack_dont_email_post_to_subs":false,"_jetpack_newsletter_tier_id":0,"_jetpack_memberships_contains_paywalled_content":false,"_jetpack_memberships_contains_paid_content":false,"footnotes":"","jetpack_publicize_message":"","jetpack_publicize_feature_enabled":true,"jetpack_social_post_already_shared":true,"jetpack_social_options":{"image_generator_settings":{"template":"highway","default_image_id":0,"font":"","enabled":false},"version":2}},"categories":[19],"tags":[17],"class_list":["post-2407","post","type-post","status-publish","format-standard","has-post-thumbnail","hentry","category-educacion-sociedad","tag-otros-medios"],"jetpack_publicize_connections":[],"jetpack_featured_media_url":"https:\/\/i0.wp.com\/ccnews.com.ar\/prensa\/wp-content\/uploads\/2016\/12\/DSC9510.jpg?fit=2008%2C1334","jetpack_shortlink":"https:\/\/wp.me\/p7L1gj-CP","jetpack-related-posts":[{"id":10767,"url":"http:\/\/ccnews.com.ar\/prensa\/educacion-la-colaboracion-y-el-pensamiento-critico-son-mas-importantes-en-el-siglo-xxi-que-las-formulas-matematicas-dice-una-especialista-del-mit\/","url_meta":{"origin":2407,"position":0},"title":"Educaci\u00f3n: la colaboraci\u00f3n y el pensamiento cr\u00edtico son m\u00e1s importantes en el siglo XXI que las f\u00f3rmulas matem\u00e1ticas","author":"admin","date":"13 marzo, 2019","format":false,"excerpt":"Para el alumno del siglo XXI, habilidades como el pensamiento cr\u00edtico, la colaboraci\u00f3n y la creatividad son mucho m\u00e1s importantes que la ense\u00f1anza a trav\u00e9s de f\u00f3rmulas o contenido memorizado y sin contexto. Los contenidos tradicionales como matem\u00e1ticas o incluso m\u00e1s nuevos, como lenguaje de programaci\u00f3n, de nada sirven si\u2026","rel":"","context":"En \u00abEducaci\u00f3n\/Sociedad\u00bb","block_context":{"text":"Educaci\u00f3n\/Sociedad","link":"http:\/\/ccnews.com.ar\/prensa\/category\/educacion-sociedad\/"},"img":{"alt_text":"","src":"https:\/\/i0.wp.com\/ccnews.com.ar\/prensa\/wp-content\/uploads\/2019\/03\/2891164w1033.jpg?fit=1033%2C688&resize=350%2C200","width":350,"height":200,"srcset":"https:\/\/i0.wp.com\/ccnews.com.ar\/prensa\/wp-content\/uploads\/2019\/03\/2891164w1033.jpg?fit=1033%2C688&resize=350%2C200 1x, https:\/\/i0.wp.com\/ccnews.com.ar\/prensa\/wp-content\/uploads\/2019\/03\/2891164w1033.jpg?fit=1033%2C688&resize=525%2C300 1,5x, https:\/\/i0.wp.com\/ccnews.com.ar\/prensa\/wp-content\/uploads\/2019\/03\/2891164w1033.jpg?fit=1033%2C688&resize=700%2C400 2x"},"classes":[]},{"id":541,"url":"http:\/\/ccnews.com.ar\/prensa\/educacion-promueve-el-tag-rugby-en-las-escuelas-para-fomentar-los-valores-de-convivencia\/","url_meta":{"origin":2407,"position":1},"title":"EDUCACI\u00d3N PROMUEVE EL &#8220;TAG&#8221; RUGBY EN LAS ESCUELAS PARA FOMENTAR LOS VALORES DE CONVIVENCIA","author":"CLUSTERciar","date":"6 mayo, 2016","format":false,"excerpt":"El Ministerio de Educaci\u00f3n y Derechos Humanos, a trav\u00e9s de la Direcci\u00f3n de Educaci\u00f3n F\u00edsica, Art\u00edstica, Deportes, Cultura y Clubes Escolares, desarroll\u00f3 la primera experiencia de \"Tag\" rugby en escuelas rionegrinas. Fue en la localidad de San Javier y participaron 25 alumnos que cursan s\u00e9ptimo grado en la escuela primaria\u2026","rel":"","context":"En \u00abEducaci\u00f3n\/Sociedad\u00bb","block_context":{"text":"Educaci\u00f3n\/Sociedad","link":"http:\/\/ccnews.com.ar\/prensa\/category\/educacion-sociedad\/"},"img":{"alt_text":"","src":"","width":0,"height":0},"classes":[]},{"id":12444,"url":"http:\/\/ccnews.com.ar\/prensa\/por-vaca-muerta-analizan-ampliar-la-oferta-de-escuelas-tecnicas\/","url_meta":{"origin":2407,"position":2},"title":"Por Vaca Muerta analizan ampliar la oferta de escuelas t\u00e9cnicas","author":"admin","date":"8 agosto, 2019","format":false,"excerpt":"Buscan sumar la Tecnicatura en Petr\u00f3leo a m\u00e1s colegios de educaci\u00f3n media. Destacan el incremento en la matr\u00edcula y sobre todo de mujeres. El impulso que registraron los desarrollos no convencionales de Vaca Muerta en poco m\u00e1s de dos a\u00f1os, junto con las proyecciones oficiales y de las operadoras, anticipan\u2026","rel":"","context":"En \u00abEducaci\u00f3n\/Sociedad\u00bb","block_context":{"text":"Educaci\u00f3n\/Sociedad","link":"http:\/\/ccnews.com.ar\/prensa\/category\/educacion-sociedad\/"},"img":{"alt_text":"","src":"https:\/\/i0.wp.com\/ccnews.com.ar\/prensa\/wp-content\/uploads\/2019\/08\/2d703e5521c3478fac83f25eb9c792f2.jpeg?fit=1080%2C683&resize=350%2C200","width":350,"height":200,"srcset":"https:\/\/i0.wp.com\/ccnews.com.ar\/prensa\/wp-content\/uploads\/2019\/08\/2d703e5521c3478fac83f25eb9c792f2.jpeg?fit=1080%2C683&resize=350%2C200 1x, https:\/\/i0.wp.com\/ccnews.com.ar\/prensa\/wp-content\/uploads\/2019\/08\/2d703e5521c3478fac83f25eb9c792f2.jpeg?fit=1080%2C683&resize=525%2C300 1,5x, https:\/\/i0.wp.com\/ccnews.com.ar\/prensa\/wp-content\/uploads\/2019\/08\/2d703e5521c3478fac83f25eb9c792f2.jpeg?fit=1080%2C683&resize=700%2C400 2x, https:\/\/i0.wp.com\/ccnews.com.ar\/prensa\/wp-content\/uploads\/2019\/08\/2d703e5521c3478fac83f25eb9c792f2.jpeg?fit=1080%2C683&resize=1050%2C600 3x"},"classes":[]},{"id":7231,"url":"http:\/\/ccnews.com.ar\/prensa\/prohibiran-el-uso-de-telefonos-celulares-en-las-escuelas-de-francia\/","url_meta":{"origin":2407,"position":3},"title":"Prohibir\u00e1n el uso de tel\u00e9fonos celulares en las escuelas de Francia","author":"admin","date":"23 marzo, 2018","format":false,"excerpt":"El gobierno de Francia prohibir\u00e1 el uso de celulares y smartphones en todos los colegios de ese pa\u00eds. El presidente franc\u00e9s Emmanuel Macron implementar\u00e1 esta medida desde setiembre como parte de su pol\u00edtica de salud p\u00fablica para las familias. Esta misma medida que impondr\u00e1 el gobierno de Macron proh\u00edbir\u00e1 a\u2026","rel":"","context":"En \u00abEducaci\u00f3n\/Sociedad\u00bb","block_context":{"text":"Educaci\u00f3n\/Sociedad","link":"http:\/\/ccnews.com.ar\/prensa\/category\/educacion-sociedad\/"},"img":{"alt_text":"","src":"https:\/\/i0.wp.com\/ccnews.com.ar\/prensa\/wp-content\/uploads\/2018\/03\/francia-prohibe-el-uso-de-celulares-dentro-de-cole-791684-png_604x0.png?fit=604%2C340&resize=350%2C200","width":350,"height":200,"srcset":"https:\/\/i0.wp.com\/ccnews.com.ar\/prensa\/wp-content\/uploads\/2018\/03\/francia-prohibe-el-uso-de-celulares-dentro-de-cole-791684-png_604x0.png?fit=604%2C340&resize=350%2C200 1x, https:\/\/i0.wp.com\/ccnews.com.ar\/prensa\/wp-content\/uploads\/2018\/03\/francia-prohibe-el-uso-de-celulares-dentro-de-cole-791684-png_604x0.png?fit=604%2C340&resize=525%2C300 1,5x"},"classes":[]},{"id":16264,"url":"http:\/\/ccnews.com.ar\/prensa\/por-una-educacion-de-calidad-y-con-inclusion\/","url_meta":{"origin":2407,"position":4},"title":"Por una educaci\u00f3n de calidad y con inclusi\u00f3n","author":"Editor","date":"30 octubre, 2020","format":false,"excerpt":"En este siglo el crecimiento econ\u00f3mico de las naciones depende cada vez m\u00e1s de la acumulaci\u00f3n de capital humano, es decir, del hombre mismo y de sus conocimientos.","rel":"","context":"En \u00abEducaci\u00f3n\/Sociedad\u00bb","block_context":{"text":"Educaci\u00f3n\/Sociedad","link":"http:\/\/ccnews.com.ar\/prensa\/category\/educacion-sociedad\/"},"img":{"alt_text":"","src":"https:\/\/i0.wp.com\/ccnews.com.ar\/prensa\/wp-content\/uploads\/2020\/10\/ocho-millones-alumnos-vuelven-lo-largo-esta-semana-clases-espana-pese-los-rebrotes-coronavirus.jpg?fit=690%2C460&resize=350%2C200","width":350,"height":200,"srcset":"https:\/\/i0.wp.com\/ccnews.com.ar\/prensa\/wp-content\/uploads\/2020\/10\/ocho-millones-alumnos-vuelven-lo-largo-esta-semana-clases-espana-pese-los-rebrotes-coronavirus.jpg?fit=690%2C460&resize=350%2C200 1x, https:\/\/i0.wp.com\/ccnews.com.ar\/prensa\/wp-content\/uploads\/2020\/10\/ocho-millones-alumnos-vuelven-lo-largo-esta-semana-clases-espana-pese-los-rebrotes-coronavirus.jpg?fit=690%2C460&resize=525%2C300 1,5x"},"classes":[]},{"id":383,"url":"http:\/\/ccnews.com.ar\/prensa\/los-cinco-ejes-que-definiran-la-educacion-ejecutiva-del-futuro\/","url_meta":{"origin":2407,"position":5},"title":"Los cinco ejes que definir\u00e1n la educaci\u00f3n ejecutiva del futuro","author":"CLUSTERciar","date":"6 abril, 2016","format":false,"excerpt":"FORO MUNDIAL DE EDUCACION 2016:\u00a0Un mix de habilidades emocionales, manejo de equipo, mirada global y liderazgo es la tendencia en la formaci\u00f3n gerencial. Pensar m\u00e1s all\u00e1 de los l\u00edmites de la disciplina, desarrollar competencias socioemocionales, liderar equipos caracterizados por la diversidad, poner en pr\u00e1ctica conocimientos aprendidos en contextos nuevos y\u2026","rel":"","context":"En \u00abEducaci\u00f3n\/Sociedad\u00bb","block_context":{"text":"Educaci\u00f3n\/Sociedad","link":"http:\/\/ccnews.com.ar\/prensa\/category\/educacion-sociedad\/"},"img":{"alt_text":"","src":"","width":0,"height":0},"classes":[]}],"jetpack_sharing_enabled":true,"_links":{"self":[{"href":"http:\/\/ccnews.com.ar\/prensa\/wp-json\/wp\/v2\/posts\/2407","targetHints":{"allow":["GET"]}}],"collection":[{"href":"http:\/\/ccnews.com.ar\/prensa\/wp-json\/wp\/v2\/posts"}],"about":[{"href":"http:\/\/ccnews.com.ar\/prensa\/wp-json\/wp\/v2\/types\/post"}],"author":[{"embeddable":true,"href":"http:\/\/ccnews.com.ar\/prensa\/wp-json\/wp\/v2\/users\/2"}],"replies":[{"embeddable":true,"href":"http:\/\/ccnews.com.ar\/prensa\/wp-json\/wp\/v2\/comments?post=2407"}],"version-history":[{"count":2,"href":"http:\/\/ccnews.com.ar\/prensa\/wp-json\/wp\/v2\/posts\/2407\/revisions"}],"predecessor-version":[{"id":2413,"href":"http:\/\/ccnews.com.ar\/prensa\/wp-json\/wp\/v2\/posts\/2407\/revisions\/2413"}],"wp:featuredmedia":[{"embeddable":true,"href":"http:\/\/ccnews.com.ar\/prensa\/wp-json\/wp\/v2\/media\/2411"}],"wp:attachment":[{"href":"http:\/\/ccnews.com.ar\/prensa\/wp-json\/wp\/v2\/media?parent=2407"}],"wp:term":[{"taxonomy":"category","embeddable":true,"href":"http:\/\/ccnews.com.ar\/prensa\/wp-json\/wp\/v2\/categories?post=2407"},{"taxonomy":"post_tag","embeddable":true,"href":"http:\/\/ccnews.com.ar\/prensa\/wp-json\/wp\/v2\/tags?post=2407"}],"curies":[{"name":"wp","href":"https:\/\/api.w.org\/{rel}","templated":true}]}}