{"id":2415,"date":"2016-12-03T08:00:09","date_gmt":"2016-12-03T11:00:09","guid":{"rendered":"http:\/\/clusterciarnews.com.ar\/prensa\/?p=2415"},"modified":"2016-11-21T12:48:54","modified_gmt":"2016-11-21T15:48:54","slug":"el-liderazgo-debe-ser-mas-que-liderar","status":"publish","type":"post","link":"http:\/\/ccnews.com.ar\/prensa\/el-liderazgo-debe-ser-mas-que-liderar\/","title":{"rendered":"El liderazgo debe ser m\u00e1s que liderar"},"content":{"rendered":"<div class=\"itemIntroText\">\n<p><img data-recalc-dims=\"1\" loading=\"lazy\" decoding=\"async\" class=\"alignleft\" src=\"https:\/\/i0.wp.com\/www.managementjournal.net\/images\/stories\/lider4.jpg?resize=307%2C192\" alt=\"El liderazgo debe ser trascendente\" width=\"307\" height=\"192\" \/><\/p>\n<p>Es muy corriente al hablar de liderazgo buscarle un calificativo. As\u00ed se habla de liderazgo carism\u00e1tico, transformador situacional, participativo, u otras denominaciones, para destacar un aspecto b\u00e1sico en el modo de concebirlo o para caracterizar una teor\u00eda sobre el mismo.<\/p>\n<\/div>\n<div class=\"itemFullText\">\n<p>Podemos definir el liderazgo trascendente como una una influencia positiva en los dem\u00e1s para el logro de un bien com\u00fan, que busca la realizaci\u00f3n de valores a nivel personal y colectivo, obrando por motivos trascendentes para construir sociedad.<\/p>\n<p>Se trata de un liderazgo fundamentado en 3 aspectos: los motivos transcendentes, la realizaci\u00f3n de valores y el servicio a los dem\u00e1s.<\/p>\n<p><strong>Motivos trascendentes y valores<\/strong><\/p>\n<p>Los motivos trascendentes son los que atienden a resultados externos a m\u00ed, que benefician al otro desde mi acci\u00f3n. Trascienden mi acci\u00f3n y miran m\u00e1s a los dem\u00e1s (por ejemplo la amistad, el servicio, la solidaridad, construir comunidad) pero tienen una repercusi\u00f3n interior en m\u00ed. Se relacionan m\u00e1s con las necesidades afectivas. No es que estos motivos hagan al margen a los extr\u00ednsecos o externos o a los intr\u00ednsecos o interiores: les dan una significaci\u00f3n superior.<\/p>\n<p>El liderazgo trascendente se basa en valores y los realiza a nivel personal y los promueve a nivel colectivo. Esos valores no dejan que la persona se encierre en s\u00ed misma o los practique s\u00f3lo para ella. Tienen una fuerza cultural que se puede percibir en la relaci\u00f3n interpersonal.<\/p>\n<p>Si en la definici\u00f3n de la Misi\u00f3n y la Visi\u00f3n se incluye tambi\u00e9n la definici\u00f3n de los valores, se tiene una plataforma m\u00e1s consistente a la hora de las estrategias.El valor es un bien que perfecciona a la persona que lo realiza consciente y libremente a trav\u00e9s de h\u00e1bitos de comportamiento Los valores nos ponen en relaci\u00f3n con los dem\u00e1s quienes constatan si los vivimos o si trascienden a ellos en forma de ejemplo para fortalecer la convivencia.<\/p>\n<p>Hay pues un proceso de arraigo en la conducta y de proyecci\u00f3n cultural.El liderazgo con valores necesariamente trasciende porque esa proyecci\u00f3n es inevitable y, adem\u00e1s, muy conveniente para verificar que el valor no es s\u00f3lo un asunto personal sino social.\u00a0Los dem\u00e1s verifican nuestros valores. Sobre todo si hablamos de valores \u00e9ticos. Una persona honesta no lo es para s\u00ed, lo es en relaci\u00f3n a los otros. Se desencadena un proceso que va m\u00e1s all\u00e1 de uno y otro.<\/p>\n<p>El proceso de arraigo del valor, de formaci\u00f3n de los h\u00e1bitos de acciones valiosas, parte de la persona y una vez que ella lo logra, trasciende a las organizaciones, ll\u00e1mense familia, escuela empresa, o sociedad. Adem\u00e1s, los valores se conectan unos con otros en una especie de sistema de vasos comunicantes, que influyen unos en otros porque se trascienden unos a otros.El dinamismo de los valores es continuo y produce un crecimiento interior que impulsa cada nuevo acto de valor y consolida los anteriores porque el h\u00e1bito es un proceso psicol\u00f3gico que da estabilidad a las acciones.<\/p>\n<p><strong>Trascendencia social<\/strong><\/p>\n<p>El primer nivel de la trascendencia es advertir que somos conscientes de la realidad, que la podemos conocer, y darnos cuenta de nuestra propia subjetividad conociendo y queriendo. Posteriormente advertimos la presencia de los otros en la relaci\u00f3n social. Este es el segundo nivel de la trascendencia El tercero es la lo que podemos llamar la trascendencia espiritual, que tiene, a su vez, varias dimensiones.<\/p>\n<p>La trascendencia de los otros, lo que podemos llamar en propiedad \u201ctrascendencia social\u201d, nos vuelve conscientes de que no somos solos, ni vivimos solos, ni nos salvamos o perdemos solos, ni somos para nosotros mismos y para nadie m\u00e1s.\u00a0La persona es un ser con los dem\u00e1s y para los dem\u00e1s. Son realmente otros fuera de m\u00ed y m\u00e1s all\u00e1 de m\u00ed.<\/p>\n<p>El ser humano est\u00e1 hecho para buscar una plenitud que est\u00e1 en \u00e9l, pero, a la vez, fuera de \u00e9l. Esa trascendencia se da en la persona y desde ella a los otros.La persona est\u00e1 cercana. Da lugar a una presencia exterior e interior. Crea un v\u00ednculo que llamamos \u201cnosotros\u201d, entre dos o entre muchos. Todo encuentro con una persona es una llamado a algo nuevo, es una posibilidad que se me abre. La convivencia deja huellas especiales en mi vida.<\/p>\n<p>A veces intentamos reemplazar la presencia de las personas por la presencia de las cosas y entonces surgen los problemas, lo que nos hace menos humanos, menos convivientes.\u00a0A trav\u00e9s de la convivencia aut\u00e9ntica, la persona se explica tambi\u00e9n sus relaciones con los dem\u00e1s, por ejemplo, en la amistad o en la familia.\u00a0Encuentra en ella misma y en quienes le rodean razones trascendentes para hacer de la convivencia un di\u00e1logo amoroso, la expresi\u00f3n m\u00e1s elevada de todas las formas del encuentro humano.<\/p>\n<p>No somos solos ni nos salvamos solos. Andamos buscando esa otra parte que nos hace falta y que s\u00f3lo la llena la vida de los dem\u00e1s: padres, hermanos, amigos, novia, esposa, seres queridos, compa\u00f1eros de trabajo, vecinos, colaboradores, colegas de empe\u00f1os sociales, pol\u00edticos, etc.<\/p>\n<p>Participando aprendemos, nos hacemos mejores como personas y como ciudadanos de una naci\u00f3n, ayudando a los dem\u00e1s a ser y a hacer, dando trascendencia a las acciones, al trabajo diario y contribuyendo a que todo el mundo ejerza sus derechos y cumpla sus obligaciones con la sociedad.\u00a0La sociedad se construye entre todos, y la participaci\u00f3n es como la espina dorsal que hace posible dicha construcci\u00f3n.<\/p>\n<p><strong>Liderazgo para servir<\/strong><\/p>\n<p>La trascendencia social adquiere un sentido especial en el servirQuien sirve est\u00e1 ayudando a construir la vida del otro. Quien da es m\u00e1s feliz que aquel que posee, porque para dar hay que poseer y desprenderse de lo que se posee. Dar no es s\u00f3lo dar cosas es, sobre todo, dar tiempo, dar oportunidades, darse as \u00ed mismo.No hay cultura del dar cuando en un momento de crisis todo el mundo acude a contribuir con algo para resolver una situaci\u00f3n pasajera.<\/p>\n<p>Lo m\u00e1s importante y clave del servir es estar habitualmente dispuesto a que los dem\u00e1s cuenten efectivamente con nosotros.\u00a0Otra de las formas m\u00e1s palpables de la trascendencia social es la solidaridad. Ante el otro como persona, no basta con reconocer la interdependencia. Es necesaria la colaboraci\u00f3n, acto propio de la solidaridad.\u00a0La solidaridad es un modo de ser que lleva a actuar, que se hace explicito y real con los h\u00e1bitos, algo que se aprende como se aprenden los dem\u00e1s valores.<\/p>\n<p>La solidaridad es regida muchas veces por la l\u00f3gica de la gratuidad, no por la l\u00f3gica del mercado, sino porque juega en ella un papel decisivo el don.Comprendemos mejor la trascendencia si entendemos la espiritualidad del ser humano. Somos espirituales en nuestra propia intimidad, actuando desde el conocimiento, la voluntad y la autoconciencia. Esta espiritualidad se refiere en primer lugar a la plenitud del desarrollo de la persona.<\/p>\n<p>Pero tambi\u00e9n somos espirituales en la relaci\u00f3n interpersonal en la medida en que en toda relaci\u00f3n interpersonal entran en contacto dos intimidades, dos seres espirituales que se reconocen como tales para poder establecer una interacci\u00f3n efectiva, de di\u00e1logo y convivencia, no de dominio de uno sobre otro.\u00a0De modo que el liderazgo trascendente en su misi\u00f3n de servicio a los dem\u00e1s tiene un componente de espiritualidad inevitable.<\/p>\n<p>La persona se fortalece interiormente y comprende que su felicidad tiene que ver con realidades de orden inmaterial que le iluminan la comprensi\u00f3n del sentido de su vida (el saber, los valores, el obrar, el logro, la felicidad, el convivir, la amistad, el amor, el dar y servir)\u00a0Pero igualmente la trascendencia del ser humano, en lo personal y en lo social, se abre a la trascendencia de Dios, es decir, al fundamento de la existencia, con su condici\u00f3n de criatura que no ha venido al mundo por casualidad sino como fruto de un don y de una misi\u00f3n que acompa\u00f1a a ese don de la vida.<\/p>\n<p>El amor es lo que nos abre a la trascendencia de Dios.\u00a0As\u00ed como en el ser amado buscamos el complemento que nos falta, en Dios buscamos la perfecci\u00f3n que no tenemos y que anhelamos, es el Otro absoluto desde el cual y para el cual se conectan todas las dem\u00e1s realidades de la vida, sin perder la autonom\u00eda y afirmando siempre la libertad propia de la persona.<\/p>\n<p>Fuente:Degerencia.com<\/p>\n<\/div>\n<!-- AddThis Advanced Settings generic via filter on the_content -->","protected":false},"excerpt":{"rendered":"<p>Es muy corriente al hablar de liderazgo buscarle un calificativo. As\u00ed se habla de liderazgo carism\u00e1tico, transformador situacional, participativo, u<!-- AddThis Advanced Settings generic via filter on get_the_excerpt --><\/p>\n","protected":false},"author":2,"featured_media":2417,"comment_status":"closed","ping_status":"closed","sticky":false,"template":"","format":"standard","meta":{"colormag_page_container_layout":"default_layout","colormag_page_sidebar_layout":"default_layout","jetpack_post_was_ever_published":false,"_jetpack_newsletter_access":"","_jetpack_dont_email_post_to_subs":false,"_jetpack_newsletter_tier_id":0,"_jetpack_memberships_contains_paywalled_content":false,"_jetpack_memberships_contains_paid_content":false,"footnotes":"","jetpack_publicize_message":"","jetpack_publicize_feature_enabled":true,"jetpack_social_post_already_shared":true,"jetpack_social_options":{"image_generator_settings":{"template":"highway","default_image_id":0,"font":"","enabled":false},"version":2}},"categories":[7],"tags":[17],"class_list":["post-2415","post","type-post","status-publish","format-standard","has-post-thumbnail","hentry","category-management","tag-otros-medios"],"jetpack_publicize_connections":[],"jetpack_featured_media_url":"https:\/\/i0.wp.com\/ccnews.com.ar\/prensa\/wp-content\/uploads\/2016\/11\/Liderazgo.jpg?fit=720%2C405","jetpack_shortlink":"https:\/\/wp.me\/p7L1gj-CX","jetpack-related-posts":[{"id":5267,"url":"http:\/\/ccnews.com.ar\/prensa\/cambio-innovacion-y-liderazgo-leo-piccioli-brindara-una-conferencia-gratuita-en-neuquen\/","url_meta":{"origin":2415,"position":0},"title":"&#8220;Cambio, innovaci\u00f3n y liderazgo&#8221;: Leo Piccioli brindar\u00e1 una conferencia gratuita en Neuqu\u00e9n","author":"CLUSTERciar","date":"4 septiembre, 2017","format":false,"excerpt":"Convocado por Fundaci\u00f3n Potenciar, el reconocido speaker compartir\u00e1 herramientas para liderar las tendencias del futuro. El evento ser\u00e1 gratuito y abierto a toda la comunidad. Neuqu\u00e9n se prepara para recibir a un hombre que se define como un apasionado del liderazgo. Leo Piccioli trabaj\u00f3 como economista, emprendedor y vicepresidente de\u2026","rel":"","context":"En \u00abManagement\u00bb","block_context":{"text":"Management","link":"http:\/\/ccnews.com.ar\/prensa\/category\/management\/"},"img":{"alt_text":"Leo-Piccioli","src":"https:\/\/i0.wp.com\/clusterciarnews.com.ar\/prensa\/wp-content\/uploads\/2017\/08\/Leo-Piccioli-1024x512.jpg?resize=350%2C200","width":350,"height":200,"srcset":"https:\/\/i0.wp.com\/clusterciarnews.com.ar\/prensa\/wp-content\/uploads\/2017\/08\/Leo-Piccioli-1024x512.jpg?resize=350%2C200 1x, https:\/\/i0.wp.com\/clusterciarnews.com.ar\/prensa\/wp-content\/uploads\/2017\/08\/Leo-Piccioli-1024x512.jpg?resize=525%2C300 1,5x, https:\/\/i0.wp.com\/clusterciarnews.com.ar\/prensa\/wp-content\/uploads\/2017\/08\/Leo-Piccioli-1024x512.jpg?resize=700%2C400 2x"},"classes":[]},{"id":6599,"url":"http:\/\/ccnews.com.ar\/prensa\/se-puede-aprender-a-liderar-con-simulaciones-y-videojuegos\/","url_meta":{"origin":2415,"position":1},"title":"\u00bfSe puede aprender a liderar con simulaciones y videojuegos?","author":"CLUSTERciar","date":"20 enero, 2018","format":false,"excerpt":"Desde hace varios a\u00f1os trabajo con equipos interdisciplinarios que desarrollan propuestas tecnol\u00f3gicas para el mundo educativo, ya sea para la formaci\u00f3n interna de empresas, como para un aula de primaria. Cada vez m\u00e1s hablamos del liderazgo como un concepto que se debe poder desarrollar, no solo en el dise\u00f1o de\u2026","rel":"","context":"En \u00abManagement\u00bb","block_context":{"text":"Management","link":"http:\/\/ccnews.com.ar\/prensa\/category\/management\/"},"img":{"alt_text":"","src":"","width":0,"height":0},"classes":[]},{"id":11243,"url":"http:\/\/ccnews.com.ar\/prensa\/liderazgo-y-reaccion-rapida-frente-a-adversidades\/","url_meta":{"origin":2415,"position":2},"title":"Liderazgo y reacci\u00f3n r\u00e1pida frente a adversidades","author":"admin","date":"30 abril, 2019","format":false,"excerpt":"Una de las tareas fundamentales en la gesti\u00f3n de equipos y proyectos es la referida al l\u00edder y la detecci\u00f3n temprana de problemas, especialmente cuando dichos problemas son premonitores de cambio. Una de las caracter\u00edsticas de los l\u00edderes es la facilidad y rapidez en la detecci\u00f3n de problemas, m\u00e1xime cuando\u2026","rel":"","context":"En \u00abManagement\u00bb","block_context":{"text":"Management","link":"http:\/\/ccnews.com.ar\/prensa\/category\/management\/"},"img":{"alt_text":"","src":"https:\/\/i0.wp.com\/ccnews.com.ar\/prensa\/wp-content\/uploads\/2019\/04\/Management1.jpg?fit=681%2C484&resize=350%2C200","width":350,"height":200,"srcset":"https:\/\/i0.wp.com\/ccnews.com.ar\/prensa\/wp-content\/uploads\/2019\/04\/Management1.jpg?fit=681%2C484&resize=350%2C200 1x, https:\/\/i0.wp.com\/ccnews.com.ar\/prensa\/wp-content\/uploads\/2019\/04\/Management1.jpg?fit=681%2C484&resize=525%2C300 1,5x"},"classes":[]},{"id":2433,"url":"http:\/\/ccnews.com.ar\/prensa\/diez-perfiles-de-lideres-nocivos-para-la-empresa\/","url_meta":{"origin":2415,"position":3},"title":"Diez perfiles de l\u00edderes nocivos para la empresa","author":"CLUSTERciar","date":"7 diciembre, 2016","format":false,"excerpt":"La sociedad ha dependido de las decisiones que toman las personas que ocupan posiciones de poder y\/o liderazgo y que tienen efectos a nivel global. Hemos identificado 10 estilos de liderazgo nocivos que deben ser eliminados de su organizaci\u00f3n: 1. Dubitativa: Carece de identidad, autoestima, no cree en s\u00ed mismo,\u2026","rel":"","context":"En \u00abManagement\u00bb","block_context":{"text":"Management","link":"http:\/\/ccnews.com.ar\/prensa\/category\/management\/"},"img":{"alt_text":"","src":"https:\/\/i0.wp.com\/ccnews.com.ar\/prensa\/wp-content\/uploads\/2016\/11\/lideres_mypes.jpg?fit=510%2C362&resize=350%2C200","width":350,"height":200},"classes":[]},{"id":4377,"url":"http:\/\/ccnews.com.ar\/prensa\/liderazgo-en-un-mundo-cambiante\/","url_meta":{"origin":2415,"position":4},"title":"Liderazgo en un mundo cambiante","author":"CLUSTERciar","date":"24 junio, 2017","format":false,"excerpt":"Actualmente el mercado se ve enfrentado a una situaci\u00f3n nueva, un entorno con condiciones imprevisibles y factores que impactan directamente la productividad de las personas, empresas, ciudades y pa\u00edses. El mundo laboral ha cambiado radicalmente, la competitividad ha aumentado a medida que el consumidor ha ganado poder y a trav\u00e9s\u2026","rel":"","context":"En \u00abManagement\u00bb","block_context":{"text":"Management","link":"http:\/\/ccnews.com.ar\/prensa\/category\/management\/"},"img":{"alt_text":"","src":"https:\/\/i0.wp.com\/ccnews.com.ar\/prensa\/wp-content\/uploads\/2017\/06\/UIBS_BLOG_NOTA_LIDERAZGO.jpg?fit=900%2C600&resize=350%2C200","width":350,"height":200,"srcset":"https:\/\/i0.wp.com\/ccnews.com.ar\/prensa\/wp-content\/uploads\/2017\/06\/UIBS_BLOG_NOTA_LIDERAZGO.jpg?fit=900%2C600&resize=350%2C200 1x, https:\/\/i0.wp.com\/ccnews.com.ar\/prensa\/wp-content\/uploads\/2017\/06\/UIBS_BLOG_NOTA_LIDERAZGO.jpg?fit=900%2C600&resize=525%2C300 1,5x, https:\/\/i0.wp.com\/ccnews.com.ar\/prensa\/wp-content\/uploads\/2017\/06\/UIBS_BLOG_NOTA_LIDERAZGO.jpg?fit=900%2C600&resize=700%2C400 2x"},"classes":[]},{"id":10267,"url":"http:\/\/ccnews.com.ar\/prensa\/los-cinco-grandes-desafios-del-liderazgo-en-2019\/","url_meta":{"origin":2415,"position":5},"title":"Los cinco grandes desaf\u00edos del liderazgo en 2019","author":"admin","date":"9 febrero, 2019","format":false,"excerpt":"En un mercado complejo y que cambia a gran velocidad, uno de los principales desaf\u00edos a los que se enfrentan los directivos es el de organizar y motivar al talento y sus equipos. El relevo generacional y el cambio en los h\u00e1bitos de consumo y costumbres sociales ha provocado una\u2026","rel":"","context":"En \u00abManagement\u00bb","block_context":{"text":"Management","link":"http:\/\/ccnews.com.ar\/prensa\/category\/management\/"},"img":{"alt_text":"","src":"https:\/\/i0.wp.com\/ccnews.com.ar\/prensa\/wp-content\/uploads\/2019\/02\/management-1.jpg?fit=681%2C454&resize=350%2C200","width":350,"height":200,"srcset":"https:\/\/i0.wp.com\/ccnews.com.ar\/prensa\/wp-content\/uploads\/2019\/02\/management-1.jpg?fit=681%2C454&resize=350%2C200 1x, https:\/\/i0.wp.com\/ccnews.com.ar\/prensa\/wp-content\/uploads\/2019\/02\/management-1.jpg?fit=681%2C454&resize=525%2C300 1,5x"},"classes":[]}],"jetpack_sharing_enabled":true,"_links":{"self":[{"href":"http:\/\/ccnews.com.ar\/prensa\/wp-json\/wp\/v2\/posts\/2415","targetHints":{"allow":["GET"]}}],"collection":[{"href":"http:\/\/ccnews.com.ar\/prensa\/wp-json\/wp\/v2\/posts"}],"about":[{"href":"http:\/\/ccnews.com.ar\/prensa\/wp-json\/wp\/v2\/types\/post"}],"author":[{"embeddable":true,"href":"http:\/\/ccnews.com.ar\/prensa\/wp-json\/wp\/v2\/users\/2"}],"replies":[{"embeddable":true,"href":"http:\/\/ccnews.com.ar\/prensa\/wp-json\/wp\/v2\/comments?post=2415"}],"version-history":[{"count":1,"href":"http:\/\/ccnews.com.ar\/prensa\/wp-json\/wp\/v2\/posts\/2415\/revisions"}],"predecessor-version":[{"id":2419,"href":"http:\/\/ccnews.com.ar\/prensa\/wp-json\/wp\/v2\/posts\/2415\/revisions\/2419"}],"wp:featuredmedia":[{"embeddable":true,"href":"http:\/\/ccnews.com.ar\/prensa\/wp-json\/wp\/v2\/media\/2417"}],"wp:attachment":[{"href":"http:\/\/ccnews.com.ar\/prensa\/wp-json\/wp\/v2\/media?parent=2415"}],"wp:term":[{"taxonomy":"category","embeddable":true,"href":"http:\/\/ccnews.com.ar\/prensa\/wp-json\/wp\/v2\/categories?post=2415"},{"taxonomy":"post_tag","embeddable":true,"href":"http:\/\/ccnews.com.ar\/prensa\/wp-json\/wp\/v2\/tags?post=2415"}],"curies":[{"name":"wp","href":"https:\/\/api.w.org\/{rel}","templated":true}]}}