{"id":2459,"date":"2016-11-23T16:54:53","date_gmt":"2016-11-23T19:54:53","guid":{"rendered":"http:\/\/clusterciarnews.com.ar\/prensa\/?p=2459"},"modified":"2016-11-23T16:54:53","modified_gmt":"2016-11-23T19:54:53","slug":"de-colonia-pastoril-a-capital-del-oro-negro","status":"publish","type":"post","link":"http:\/\/ccnews.com.ar\/prensa\/de-colonia-pastoril-a-capital-del-oro-negro\/","title":{"rendered":"De colonia pastoril a capital del oro negro"},"content":{"rendered":"<h3 class=\"subheadline font-2 fs16\">Desde la \u00e9poca en que YPF hizo pie en Catriel, la actividad hidrocarbur\u00edfera ha sido, con altibajos, sustento econ\u00f3mico de la ciudad.<\/h3>\n<div class=\"paragraph\">\n<p>Bibiana Garc\u00eda, viuda de Cipriano Catriel, eligi\u00f3 estas tierras para asentarse con la tribu de los indios catrielinos despu\u00e9s de lograr la titularidad por un decreto presidencial. Lleg\u00f3 con sus tropas para apostarse en las m\u00e1rgenes del r\u00edo Colorado, en un monte de cha\u00f1ares que se transform\u00f3 en una colonia pastoril con no m\u00e1s de 300 habitantes. Con el paso de los a\u00f1os y el descubrimiento de petr\u00f3leo, los hidrocarburos se transformaron en su principal recurso. Hoy la realidad se presenta ambigua: por un lado turba la incertidumbre del sector petrolero y, por otro, se anuncia un nuevo horizonte agr\u00edcola ganadero que ya se puso en marcha.<\/p>\n<p><b>La fundaci\u00f3n<\/b><\/p>\n<p>El 19 de junio de 1899 se fund\u00f3 una nueva colonia agr\u00edcola, en tierras aptas para la agricultura entre las cuales figuraban los dominios del cacique Cipriano Catriel. Cuenta la historia que un decreto firmado por Julio A. Roca ced\u00eda a los descendientes de los catrielinos un vasto sector de la margen sur del r\u00edo Colorado.<\/p>\n<p>Los catrielinos llegaron a esta zona guiados por su jefa Bibiana Garc\u00eda. Se instalaron en un paraje conocido como Medanito, situado a 15 kil\u00f3metros de Catriel actual, y vivieron de la caza y de la agricultura. A partir de entonces la cr\u00eda de ovejas y chivas e incipientes alfalfares comenzaron a modificar la geograf\u00eda del norte de R\u00edo Negro. Los primeros canales y los primeros audaces llegaron para colonizar esta parte del pa\u00eds. Datan de este tiempo diversos proyectos agr\u00edcolas y una obra de un canal para que varias familias cultivaran ma\u00edz, alfalfa y trigo.<\/p>\n<p><b>La metamorfosis<\/b><\/p>\n<p>A mediados de 1956 y principios de 1957 la petrolera estatal YPF comenz\u00f3 a realizar exploraciones hidrocarbur\u00edferas, pero el trabajo m\u00e1s fuerte se dio en 1958 cuando empezaron con el movimiento s\u00edsmico, la llegada de una avanzada del personal y los primeros equipos de montaje.<\/p>\n<p>En su mayor\u00eda los operarios eran de Cutral Co y Plaza Huincul; su misi\u00f3n era abrir los caminos, instalar las casillas o el comedor que conformaron el primer campamento, cerca del acceso sur a la ciudad. Despu\u00e9s arribaron los equipos que se montaron en pleno campo, con distancias kilom\u00e9tricas entre s\u00ed, rodeando el valle.<\/p>\n<p>As\u00ed la vieja colonia pastoril se fue metamorfoseando, dejando atr\u00e1s las explotaciones primarias. En el a\u00f1o 1960 Catriel contaba con 537 habitantes dedicados a la ganader\u00eda, la viticultura, montes frutales y prados con forrajeras. Al tratarse de una regi\u00f3n bajo riego, presentaba excelentes posibilidades para la agricultura y ganader\u00eda. Se hablaba de 30.000 hect\u00e1reas bajo cultivo.<\/p>\n<p><b>El campamento de YPF<\/b><\/p>\n<p>El 20 de noviembre de 1959 comenz\u00f3 a brotar petr\u00f3leo del Pozo de Catriel Oeste X1 y, a partir de ah\u00ed, nuevos descubrimientos en diferentes locaciones posicionaron la ciudad como la principal productora de petr\u00f3leo de la provincia de R\u00edo Negro.<\/p>\n<p>Por obra del hidrocarburo, la poblaci\u00f3n en menos de un a\u00f1o super\u00f3 los 2.000 habitantes, hecho que signific\u00f3 pr\u00e1cticamente la refundaci\u00f3n de Catriel, que pas\u00f3 de ser de una colonia pastoril a una localidad netamente petrolera.<\/p>\n<p>En 1966 los yacimientos El Medanito, Catriel Oeste, Medianera y Se\u00f1al Picada entregaban diariamente 6.000 metros c\u00fabicos de petr\u00f3leo y el campamento de YPF era un enjambre multitudinario: m\u00e1s de 1.000 t\u00e9cnicos y obreros se distribu\u00edan esfuerzos y responsabilidades en los yacimientos y en la planta de deshidratado y bombeo. No menos de un centenar de ellos, agobiados por los viajes semanales a Huincul, decidieron trasladarse y construyeron viviendas que dieron un matiz urbano al primigenio caser\u00edo fundador de la colonia.<\/p>\n<p><b>El pueblo petrolero<\/b><\/p>\n<p><b><\/b><b><\/b>Por ese entonces Catriel ten\u00eda 4.592 habitantes y la ciudad comenzaba a desarrollarse. La nueva industria comenz\u00f3 a alimentar una imagen nueva, colmando almacenes, fondas, boticas, roper\u00edas, cafetines y cuanto negocio alinearon vertiginosamente los forasteros que llegaron a probar suerte ante el fragor monetario que despert\u00f3 el petr\u00f3leo.<\/p>\n<p>En 1968, YPF comenz\u00f3 la construcci\u00f3n de un barrio cerrado que fue habitado por los trabajadores. Se erigieron 120 casas que se entregaron en 1972 y se construy\u00f3 una moderna sede que funcionaba como subadministraci\u00f3n. Tres a\u00f1os m\u00e1s tarde se levant\u00f3 la proveedur\u00eda, especie de hipermercado destinado a los ypefianos.<\/p>\n<p><b>La privatizaci\u00f3n de YPF<\/b><\/p>\n<p>A principios de la d\u00e9cada de 1990, las pol\u00edticas de privatizaci\u00f3n del gobierno nacional, bajo la presidencia de Carlos S. Menem, llegaron a YPF. La petrolera comenz\u00f3 a achicarse para ser traspasada a manos privadas. El retiro de la empresa estatal hab\u00eda sido gradual y para entonces YPF ten\u00eda pocas explotaciones y operaba s\u00f3lo en el yacimiento Se\u00f1al Picada. La disminuci\u00f3n del personal fue muy importante: 40% de los trabajadores quedaron fuera a trav\u00e9s de un sistema de retiro voluntario. En ese contexto, muchas familias que hab\u00edan llegado con la fiebre del oro negro emigraron de Catriel.<\/p>\n<p>La ciudad depend\u00eda del petr\u00f3leo y deb\u00eda buscar una sustituci\u00f3n econ\u00f3micamente viable para la zona. Desde la C\u00e1mara de Comercio, Industria y Agricultura comenzaron a hablar de obras para fortalecer el valle de Catriel. El gobierno provincial, con el apoyo de la Naci\u00f3n, lanz\u00f3 propuestas alternativas vinculadas al riego, con el objetivo de concretar el desarrollo agropecuario. Catriel necesitaba reconvertirse para salir a flote.<\/p>\n<p>Hacia 1995 el cuadro laboral de la ciudad era incierto: 200 desocupados del rubro petrolero y la mitad de los que segu\u00edan en la actividad deb\u00edan viajar a Rinc\u00f3n de los Sauces para trabajar. El resto de la poblaci\u00f3n intentaba fortalecer la agroindustria y la ganader\u00eda. Hab\u00eda varios emprendimientos con m\u00e1s de 150 hect\u00e1reas y hasta 400 bajo riego. Adem\u00e1s de 5.000 novillos en engorde intensivo y otros sistemas seg\u00fan las posibilidades de cada productor.<\/p>\n<p>Algunos exypefianos optaron por probar como empresarios con el dinero de las indemnizaciones y conformaron peque\u00f1as pymes, sobre todo relacionadas con el sector. Y siguieron trabajando para la YPF privada como proveedores, brindando servicios secundarios y desarrollando productos complementarios.<\/p>\n<p><b>La vida despu\u00e9s de YPF<\/b><\/p>\n<p>Para que el trabajo favorezca a los habitantes, en Catriel todos exigen la aplicaci\u00f3n del \u201ccompre local\u201d para comercios, empresas de servicios y trabajadores petroleros, sobre la base de una ordenanza que establece que en la jurisdicci\u00f3n de la ciudad s\u00f3lo el 20% de la mano de obra puede contratarse fuera. Es el modo que encontraron para paliar la crisis de desempleo.<\/p>\n<p>En el 2012 la intervenci\u00f3n de YPF por el gobierno nacional y posterior expropiaci\u00f3n a Repsol de sus acciones gener\u00f3 en la ciudad esperanzas e interrogantes.<\/p>\n<p>Aun as\u00ed siguen buscando nuevos horizontes, hoy en una reconversi\u00f3n ganadera, donde el petr\u00f3leo sea s\u00f3lo una arista de una estructura econ\u00f3mica que permita solvencia y crecimiento a una ciudad que quiere m\u00e1s.<\/p>\n<p><img data-recalc-dims=\"1\" decoding=\"async\" src=\"https:\/\/i0.wp.com\/www.rionegro.com.ar\/documents\/1\/0\/660x495\/0c63\/660d370\/none\/12350\/DKNE\/image_content_7809425_20161120154539.jpg?w=800\" alt=\"Postal de ayer y de hoy: la combinaci\u00f3n de las explotaciones hidrocarbur\u00edfera y agroganadera. \" \/><\/p>\n<p><img data-recalc-dims=\"1\" decoding=\"async\" src=\"https:\/\/i0.wp.com\/www.rionegro.com.ar\/documents\/1\/0\/660x456\/0c43\/660d370\/none\/12350\/EKLH\/image_content_7809444_20161120154539.jpg?w=800\" alt=\"Desde siempre en Catriel convivieron las perforaciones con la actividad en las chacras.\" \/><\/p>\n<p><img data-recalc-dims=\"1\" decoding=\"async\" src=\"https:\/\/i0.wp.com\/www.rionegro.com.ar\/documents\/1\/0\/660x371\/0c1\/660d370\/none\/12350\/LWJA\/image_content_7809823_20161120154540.jpg?w=800\" \/><\/p>\n<p><img data-recalc-dims=\"1\" decoding=\"async\" src=\"https:\/\/i0.wp.com\/www.rionegro.com.ar\/documents\/1\/0\/660x416\/0c23\/660d370\/none\/12350\/GOJL\/image_content_7810894_20161120154541.jpg?w=800\" alt=\"Antiguo campamento de la petrolera. Veh\u00edculos y construcciones de otra \u00e9poca, recuerdos que perduran. \" \/><\/p>\n<\/div>\n<div class=\"microformat_headline ant-text\"><b>Cronolog\u00eda<\/b><\/div>\n<div class=\"microformat_text ant-microformat_headline\">En 1966 los yacimientos El Medanito, Catriel Oeste, Medianera y Se\u00f1al Picada entregaban diariamente 6.000 metros c\u00fabicos<br \/>\nde petr\u00f3leo.<\/div>\n<div class=\"microformat_text ant-microformat_text\">Tras la privatizaci\u00f3n de YPF la ciudad, que depend\u00eda del crudo, debi\u00f3 buscar una opci\u00f3n econ\u00f3micamente viable. La reconversi\u00f3n sigue siendo el horizonte.<\/div>\n<div class=\"paragraph\">\n<p>El aeropuerto de Catriel est\u00e1 en ruinas. Ubicado a 7 km del casco c\u00e9ntrico, pertenec\u00eda a YPF y por d\u00e9cadas sirvi\u00f3 para acercar a los vecinos de la ciudad a otros centros urbanos. Su rol fue esencial, por ejemplo, para vuelos sanitarios.<\/p>\n<p>En la \u00e9poca de esplendor de YPF se asfalt\u00f3 la pista, de 1.500 metros, con demarcaci\u00f3n pintada y balizas de emergencia. Adem\u00e1s se hizo un peque\u00f1o hangar y se colocaron equipos extinguidores de incendio.<\/p>\n<p>Ante la situaci\u00f3n de abandono, el Municipio proyecta transformarlo en una granja para la producci\u00f3n porcina.<\/p>\n<\/div>\n<p>Fuente: Rio Negro<\/p>\n<!-- AddThis Advanced Settings generic via filter on the_content -->","protected":false},"excerpt":{"rendered":"<p>Desde la \u00e9poca en que YPF hizo pie en Catriel, la actividad hidrocarbur\u00edfera ha sido, con altibajos, sustento econ\u00f3mico de<!-- AddThis Advanced Settings generic via filter on get_the_excerpt --><\/p>\n","protected":false},"author":2,"featured_media":2461,"comment_status":"closed","ping_status":"closed","sticky":false,"template":"","format":"standard","meta":{"colormag_page_container_layout":"default_layout","colormag_page_sidebar_layout":"default_layout","jetpack_post_was_ever_published":false,"_jetpack_newsletter_access":"","_jetpack_dont_email_post_to_subs":false,"_jetpack_newsletter_tier_id":0,"_jetpack_memberships_contains_paywalled_content":false,"_jetpack_memberships_contains_paid_content":false,"footnotes":"","jetpack_publicize_message":"","jetpack_publicize_feature_enabled":true,"jetpack_social_post_already_shared":true,"jetpack_social_options":{"image_generator_settings":{"template":"highway","default_image_id":0,"font":"","enabled":false},"version":2}},"categories":[11],"tags":[17],"class_list":["post-2459","post","type-post","status-publish","format-standard","has-post-thumbnail","hentry","category-energia-y-produccion","tag-otros-medios"],"jetpack_publicize_connections":[],"jetpack_featured_media_url":"https:\/\/i0.wp.com\/ccnews.com.ar\/prensa\/wp-content\/uploads\/2016\/11\/image_content_7809447_20161120154539.jpg?fit=660%2C370","jetpack_shortlink":"https:\/\/wp.me\/p7L1gj-DF","jetpack-related-posts":[{"id":2685,"url":"http:\/\/ccnews.com.ar\/prensa\/exodo-inesperado-de-anelo-a-catriel\/","url_meta":{"origin":2459,"position":0},"title":"\u00c9xodo inesperado: de A\u00f1elo a Catriel","author":"CLUSTERciar","date":"13 diciembre, 2016","format":false,"excerpt":"La localidad rionegrina teme que la baja de la actividad en Vaca Muerta genere una sobreoferta de servicios en sus campos. Empresarios piden que se d\u00e9 prioridad a los locales. El largo brazo de Vaca Muerta llega hasta Catriel. Y no porque la zona estrella de la explotaci\u00f3n petrolera haya\u2026","rel":"","context":"En \u00abEnerg\u00eda y Producci\u00f3n\u00bb","block_context":{"text":"Energ\u00eda y Producci\u00f3n","link":"http:\/\/ccnews.com.ar\/prensa\/category\/energia-y-produccion\/"},"img":{"alt_text":"","src":"https:\/\/i0.wp.com\/ccnews.com.ar\/prensa\/wp-content\/uploads\/2016\/12\/image_content_7887390_20161213093649.jpg?fit=660%2C370&resize=350%2C200","width":350,"height":200,"srcset":"https:\/\/i0.wp.com\/ccnews.com.ar\/prensa\/wp-content\/uploads\/2016\/12\/image_content_7887390_20161213093649.jpg?fit=660%2C370&resize=350%2C200 1x, https:\/\/i0.wp.com\/ccnews.com.ar\/prensa\/wp-content\/uploads\/2016\/12\/image_content_7887390_20161213093649.jpg?fit=660%2C370&resize=525%2C300 1,5x"},"classes":[]},{"id":8597,"url":"http:\/\/ccnews.com.ar\/prensa\/expectativas-por-las-ofertas-para-seis-areas-hidrocarburiferas-en-rio-negro\/","url_meta":{"origin":2459,"position":1},"title":"Expectativas por las ofertas para seis \u00e1reas hidrocarbur\u00edferas en R\u00edo Negro","author":"CLUSTERciar","date":"12 agosto, 2018","format":false,"excerpt":"Luego del llamado a licitaci\u00f3n p\u00fablica nacional e internacional, con el objetivo de continuar con la reactivaci\u00f3n de la actividad, se esperan las ofertas para finales de agosto. Se trata del concurso p\u00fablico nacional e internacional para la adjudicaci\u00f3n de \u00a0concesiones de explotaci\u00f3n -y exploraci\u00f3n complementaria- de las \u00e1reas Catriel\u2026","rel":"","context":"En \u00abEnerg\u00eda y Producci\u00f3n\u00bb","block_context":{"text":"Energ\u00eda y Producci\u00f3n","link":"http:\/\/ccnews.com.ar\/prensa\/category\/energia-y-produccion\/"},"img":{"alt_text":"","src":"https:\/\/i0.wp.com\/ccnews.com.ar\/prensa\/wp-content\/uploads\/2018\/08\/petroleo-rio-negro-interna-nqn.jpg?fit=800%2C453&resize=350%2C200","width":350,"height":200,"srcset":"https:\/\/i0.wp.com\/ccnews.com.ar\/prensa\/wp-content\/uploads\/2018\/08\/petroleo-rio-negro-interna-nqn.jpg?fit=800%2C453&resize=350%2C200 1x, https:\/\/i0.wp.com\/ccnews.com.ar\/prensa\/wp-content\/uploads\/2018\/08\/petroleo-rio-negro-interna-nqn.jpg?fit=800%2C453&resize=525%2C300 1,5x, https:\/\/i0.wp.com\/ccnews.com.ar\/prensa\/wp-content\/uploads\/2018\/08\/petroleo-rio-negro-interna-nqn.jpg?fit=800%2C453&resize=700%2C400 2x"},"classes":[]},{"id":9475,"url":"http:\/\/ccnews.com.ar\/prensa\/president-y-aconcagua-sumaron-areas-en-rio-negro\/","url_meta":{"origin":2459,"position":2},"title":"President y Aconcagua sumaron \u00e1reas en R\u00edo Negro","author":"CLUSTERciar","date":"26 noviembre, 2018","format":false,"excerpt":"El gobierno provincial les adjudic\u00f3 seis bloques para explotaci\u00f3n. Se aliar\u00e1n con la estatal provincial Edhipsa. EL gobierno de Alberto Weretilneck finaliz\u00f3 con el proceso de licitaci\u00f3n de las seis \u00e1reas hidrocarbur\u00edferas que hab\u00edan quedado pendientes luego de la renegociaci\u00f3n de los contratos. Las firmas President Petroleum y Petrolera Aconcagua\u2026","rel":"","context":"En \u00abEnerg\u00eda y Producci\u00f3n\u00bb","block_context":{"text":"Energ\u00eda y Producci\u00f3n","link":"http:\/\/ccnews.com.ar\/prensa\/category\/energia-y-produccion\/"},"img":{"alt_text":"","src":"https:\/\/i0.wp.com\/ccnews.com.ar\/prensa\/wp-content\/uploads\/2018\/11\/image_content_10298017_20181114220001.jpg?fit=660%2C370&resize=350%2C200","width":350,"height":200,"srcset":"https:\/\/i0.wp.com\/ccnews.com.ar\/prensa\/wp-content\/uploads\/2018\/11\/image_content_10298017_20181114220001.jpg?fit=660%2C370&resize=350%2C200 1x, https:\/\/i0.wp.com\/ccnews.com.ar\/prensa\/wp-content\/uploads\/2018\/11\/image_content_10298017_20181114220001.jpg?fit=660%2C370&resize=525%2C300 1,5x"},"classes":[]},{"id":9449,"url":"http:\/\/ccnews.com.ar\/prensa\/rio-negro-adjudico-seis-nuevas-areas-hidrocarburiferas-con-el-objetivo-de-ampliar-sus-reservas\/","url_meta":{"origin":2459,"position":3},"title":"R\u00edo Negro adjudic\u00f3 seis nuevas \u00e1reas hidrocarbur\u00edferas con el objetivo de ampliar sus reservas","author":"CLUSTERciar","date":"25 noviembre, 2018","format":false,"excerpt":"El Gobierno Provincial adjudic\u00f3 seis nuevas \u00e1reas para obtener m\u00e1s reservas. Las empresas President y Aconcagua Energ\u00eda, se asociar\u00e1n con la estatal EDHIPSA e invertir\u00e1n U$S 68 millones en los pr\u00f3ximos 5 a\u00f1os. Las empresas President y Aconcagua se asociar\u00e1n con la estatal EDHIPSA para explotar los recursos del subsuelo\u2026","rel":"","context":"En \u00abEnerg\u00eda y Producci\u00f3n\u00bb","block_context":{"text":"Energ\u00eda y Producci\u00f3n","link":"http:\/\/ccnews.com.ar\/prensa\/category\/energia-y-produccion\/"},"img":{"alt_text":"","src":"https:\/\/i0.wp.com\/ccnews.com.ar\/prensa\/wp-content\/uploads\/2018\/11\/20181114064301.jpg?fit=640%2C480&resize=350%2C200","width":350,"height":200,"srcset":"https:\/\/i0.wp.com\/ccnews.com.ar\/prensa\/wp-content\/uploads\/2018\/11\/20181114064301.jpg?fit=640%2C480&resize=350%2C200 1x, https:\/\/i0.wp.com\/ccnews.com.ar\/prensa\/wp-content\/uploads\/2018\/11\/20181114064301.jpg?fit=640%2C480&resize=525%2C300 1,5x"},"classes":[]},{"id":13151,"url":"http:\/\/ccnews.com.ar\/prensa\/la-embajada-de-ee-uu-visito-vaca-muerta-antes-de-las-elecciones\/","url_meta":{"origin":2459,"position":4},"title":"La embajada de EE.UU. visit\u00f3 Vaca Muerta antes de las elecciones","author":"admin","date":"1 octubre, 2019","format":false,"excerpt":"Edward Prado arrib\u00f3 a la regi\u00f3n y se reuni\u00f3 con los gobernadores de Neuqu\u00e9n y R\u00edo Negro, los directivos de Vista Oil&gas y los gremios petroleros. Recorrieron por aire los activos de la petrolera. Fue un encuentro protocolar. \u201cEs un gesto de confianza\u201d, asegur\u00f3 Miguel Galuccio. Por primera vez el\u2026","rel":"","context":"En \u00abEnerg\u00eda y Producci\u00f3n\u00bb","block_context":{"text":"Energ\u00eda y Producci\u00f3n","link":"http:\/\/ccnews.com.ar\/prensa\/category\/energia-y-produccion\/"},"img":{"alt_text":"","src":"https:\/\/i0.wp.com\/ccnews.com.ar\/prensa\/wp-content\/uploads\/2019\/10\/Embajador-e1569881606895.jpg?fit=920%2C520&resize=350%2C200","width":350,"height":200,"srcset":"https:\/\/i0.wp.com\/ccnews.com.ar\/prensa\/wp-content\/uploads\/2019\/10\/Embajador-e1569881606895.jpg?fit=920%2C520&resize=350%2C200 1x, https:\/\/i0.wp.com\/ccnews.com.ar\/prensa\/wp-content\/uploads\/2019\/10\/Embajador-e1569881606895.jpg?fit=920%2C520&resize=525%2C300 1,5x, https:\/\/i0.wp.com\/ccnews.com.ar\/prensa\/wp-content\/uploads\/2019\/10\/Embajador-e1569881606895.jpg?fit=920%2C520&resize=700%2C400 2x"},"classes":[]},{"id":9455,"url":"http:\/\/ccnews.com.ar\/prensa\/gyp-ofrece-43-areas-en-los-ee-uu\/","url_meta":{"origin":2459,"position":5},"title":"GyP ofrece 43 \u00e1reas en los EE.UU.","author":"CLUSTERciar","date":"30 noviembre, 2018","format":false,"excerpt":"Alberto Saggese, presidente de la petrolera neuquina, fue al road show. Destac\u00f3 el potencial que tiene Vaca Muerta para seducir a los inversores extranjeros. Alberto Saggese, presidente de GyP (Gas y Petr\u00f3leo del Neuqu\u00e9n), la petrolera estatal neuquina, qued\u00f3 m\u00e1s que conforme con la gira por los Estados Unidos para\u2026","rel":"","context":"En \u00abEnerg\u00eda y Producci\u00f3n\u00bb","block_context":{"text":"Energ\u00eda y Producci\u00f3n","link":"http:\/\/ccnews.com.ar\/prensa\/category\/energia-y-produccion\/"},"img":{"alt_text":"","src":"https:\/\/i0.wp.com\/ccnews.com.ar\/prensa\/wp-content\/uploads\/2018\/11\/0003355674.jpg?fit=770%2C433&resize=350%2C200","width":350,"height":200,"srcset":"https:\/\/i0.wp.com\/ccnews.com.ar\/prensa\/wp-content\/uploads\/2018\/11\/0003355674.jpg?fit=770%2C433&resize=350%2C200 1x, https:\/\/i0.wp.com\/ccnews.com.ar\/prensa\/wp-content\/uploads\/2018\/11\/0003355674.jpg?fit=770%2C433&resize=525%2C300 1,5x, https:\/\/i0.wp.com\/ccnews.com.ar\/prensa\/wp-content\/uploads\/2018\/11\/0003355674.jpg?fit=770%2C433&resize=700%2C400 2x"},"classes":[]}],"jetpack_sharing_enabled":true,"_links":{"self":[{"href":"http:\/\/ccnews.com.ar\/prensa\/wp-json\/wp\/v2\/posts\/2459","targetHints":{"allow":["GET"]}}],"collection":[{"href":"http:\/\/ccnews.com.ar\/prensa\/wp-json\/wp\/v2\/posts"}],"about":[{"href":"http:\/\/ccnews.com.ar\/prensa\/wp-json\/wp\/v2\/types\/post"}],"author":[{"embeddable":true,"href":"http:\/\/ccnews.com.ar\/prensa\/wp-json\/wp\/v2\/users\/2"}],"replies":[{"embeddable":true,"href":"http:\/\/ccnews.com.ar\/prensa\/wp-json\/wp\/v2\/comments?post=2459"}],"version-history":[{"count":1,"href":"http:\/\/ccnews.com.ar\/prensa\/wp-json\/wp\/v2\/posts\/2459\/revisions"}],"predecessor-version":[{"id":2463,"href":"http:\/\/ccnews.com.ar\/prensa\/wp-json\/wp\/v2\/posts\/2459\/revisions\/2463"}],"wp:featuredmedia":[{"embeddable":true,"href":"http:\/\/ccnews.com.ar\/prensa\/wp-json\/wp\/v2\/media\/2461"}],"wp:attachment":[{"href":"http:\/\/ccnews.com.ar\/prensa\/wp-json\/wp\/v2\/media?parent=2459"}],"wp:term":[{"taxonomy":"category","embeddable":true,"href":"http:\/\/ccnews.com.ar\/prensa\/wp-json\/wp\/v2\/categories?post=2459"},{"taxonomy":"post_tag","embeddable":true,"href":"http:\/\/ccnews.com.ar\/prensa\/wp-json\/wp\/v2\/tags?post=2459"}],"curies":[{"name":"wp","href":"https:\/\/api.w.org\/{rel}","templated":true}]}}