{"id":2507,"date":"2016-12-13T08:00:32","date_gmt":"2016-12-13T11:00:32","guid":{"rendered":"http:\/\/clusterciarnews.com.ar\/prensa\/?p=2507"},"modified":"2016-12-13T14:22:13","modified_gmt":"2016-12-13T17:22:13","slug":"la-rse-como-innovacion-social","status":"publish","type":"post","link":"http:\/\/ccnews.com.ar\/prensa\/la-rse-como-innovacion-social\/","title":{"rendered":"La RSE como innovaci\u00f3n social"},"content":{"rendered":"<p><strong>La innovaci\u00f3n social es la creatividad orientada a resultados concretos que mejoran el nivel de calidad de vida de la gente<\/strong><\/p>\n<p>D\u00eda a d\u00eda vemos grandes crisis en el mundo y como crecen y se complejizan los problemas econ\u00f3micos, sociales y ambientales, desafi\u00e1ndonos todo el tiempo a estar alertas y poder dar alg\u00fan tipo de respuestas y soluciones concretas a corto y mediano plazo. Hoy en d\u00eda esto s\u00f3lo puede ser posible con el trabajo mancomunado de los gobiernos, organizaciones de la sociedad civil, organismos internacionales y las empresas mediante alianzas estrat\u00e9gicas que propongan una sinergia ante escenarios claves y con objetivos claros.<\/p>\n<p>Las empresas en ese sentido van mejorando a\u00f1o a a\u00f1o sus buenas pr\u00e1cticas hacia adentro y hacia afuera de la compa\u00f1\u00eda y mejorando la cadena de valores, ampliando cada vez m\u00e1s sus impactos positivos. Se ve en los indicadores que reflejan en sus reportes anuales pero tambi\u00e9n sobresale cada vez m\u00e1s seguido en las propuestas de soluciones concretas donde muchas iniciativas son un ejemplo de innovaci\u00f3n social.<\/p>\n<p>La innovaci\u00f3n no s\u00f3lo est\u00e1 en ofrecer productos y servicios nuevos sino en proponer un consumo y un uso responsable junto con nuevos programas, proyectos y contenidos que beneficien tanto al consumidor como a los grupos m\u00e1s vulnerables y la sociedad en su conjunto. Traducido en activaciones de programas de RSE relacionados con salud, educaci\u00f3n, seguridad y ambiente, entre otros temas.<\/p>\n<p>El papel de la innovaci\u00f3n social, en el marco de la responsabilidad social empresarial, es vital hoy en d\u00eda sin lugar a dudas. Son dos escenarios que se retroalimentan, ya que uno necesita del otro para dar respuestas eficaces y eficientes. Mientras que el otro encuentra la posibilidad de poner en pr\u00e1ctica desarrollos \u00fanicos, originales, creativos, novedosos, pero sobre todo sostenibles en el tiempo.<\/p>\n<p>La innovaci\u00f3n social es la creatividad orientada a resultados concretos que mejoran el nivel de calidad de vida de la gente.<\/p>\n<p>La capacidad de innovar es clave en RSE sobre todo por como se presentan los nuevos desaf\u00edos. Sin duda es un valor agregado tanto para el resultado final esperado como para la empresa y la sociedad en su conjunto.<\/p>\n<p>Debemos alentar en las empresas no solo una mayor creatividad sino tambi\u00e9n pro-actividad, colaboraci\u00f3n, trabajo en equipo, compartir conocimientos y promover una actitud al equipo de constante aprendizaje y mejora de procesos para optimizar resultados.<\/p>\n<p>La responsabilidad social y la innovaci\u00f3n social les permite a las empresas tener una verdadera relaci\u00f3n din\u00e1mica donde ambas se benefician:<\/p>\n<p>1- La empresa al tener capacidad de respuesta que generan las innovaciones.<\/p>\n<p>2- La sociedad y el medio ambiente por las caracter\u00edsticas de los nuevos contenidos, procesos, productos y servicios.<\/p>\n<p>3- La innovaci\u00f3n social como pr\u00e1ctica, al inspirar con nuevas respuestas y soluciones sobre necesidades especificas.<\/p>\n<p>4- Los diferentes grupos de inter\u00e9s que ven los cambios positivos concretos.<\/p>\n<p>La innovaci\u00f3n social hoy en d\u00eda no en una opci\u00f3n m\u00e1s sino en una herramienta vital para las empresas m\u00e1s all\u00e1 del \u00e1mbito de la RSE. Estamos viendo como muchas empresas desde el \u00e1rea de RSE y sus programas de Voluntariado Corporativo, se generan nuevos cambios culturales, formas no tradicionales de hacer las cosas, nuevos enfoques, otras din\u00e1micas de trabajo, procesos disruptivos, entre otros donde la innovaci\u00f3n social juega un rol clave, no solo por aportar propuestas originales y programas de RSE eficientes, sino tambi\u00e9n por aportar a los procesos, servicios y productos. De esta manera promueve entornos de innovaci\u00f3n y emprendimiento en el resto de las \u00e1reas y aporta m\u00faltiples beneficios a la empresa y la comunidad.<\/p>\n<p>La innovaci\u00f3n social es nuestra capacidad de pensar y actuar desde un enfoque diferente para poder ser todos m\u00e1s responsables en el desarrollo sostenible e impactar positivamente en lo econ\u00f3mico, social y ambiental. La RSE nos invita a dar ese paso juntos.<\/p>\n<p>&nbsp;<\/p>\n<p>Fuente:\u00a0la estrella<\/p>\n<!-- AddThis Advanced Settings generic via filter on the_content -->","protected":false},"excerpt":{"rendered":"<p>La innovaci\u00f3n social es la creatividad orientada a resultados concretos que mejoran el nivel de calidad de vida de la<!-- AddThis Advanced Settings generic via filter on get_the_excerpt --><\/p>\n","protected":false},"author":2,"featured_media":0,"comment_status":"closed","ping_status":"closed","sticky":false,"template":"","format":"standard","meta":{"colormag_page_container_layout":"default_layout","colormag_page_sidebar_layout":"default_layout","jetpack_post_was_ever_published":false,"_jetpack_newsletter_access":"","_jetpack_dont_email_post_to_subs":false,"_jetpack_newsletter_tier_id":0,"_jetpack_memberships_contains_paywalled_content":false,"_jetpack_memberships_contains_paid_content":false,"footnotes":"","jetpack_publicize_message":"","jetpack_publicize_feature_enabled":true,"jetpack_social_post_already_shared":true,"jetpack_social_options":{"image_generator_settings":{"template":"highway","default_image_id":0,"font":"","enabled":false},"version":2}},"categories":[7],"tags":[17],"class_list":["post-2507","post","type-post","status-publish","format-standard","hentry","category-management","tag-otros-medios"],"jetpack_publicize_connections":[],"jetpack_featured_media_url":"","jetpack_shortlink":"https:\/\/wp.me\/p7L1gj-Er","jetpack-related-posts":[{"id":16582,"url":"http:\/\/ccnews.com.ar\/prensa\/sustentabilidad-e-innovacion-el-rol-de-las-empresas-en-la-postpandemia\/","url_meta":{"origin":2507,"position":0},"title":"Sustentabilidad e innovacion, el rol de las empresas en la postpandemia","author":"Editor","date":"11 marzo, 2021","format":false,"excerpt":"Por: VIRGINIA GILLIGAN Si bien los indicadores de la econom\u00eda mundial elaborados por los expertos contemplan una\u00a0paulatina recuperaci\u00f3n de la actividad, todav\u00eda hay numerosas incertidumbres que el planeta debe enfrentar, en lo que podr\u00eda calificarse como una\u00a0etapa post pandemia. Durante el a\u00f1o 2020 hubo una ca\u00edda global del PBI del\u2026","rel":"","context":"En \u00abSustentabilidad\u00bb","block_context":{"text":"Sustentabilidad","link":"http:\/\/ccnews.com.ar\/prensa\/category\/sustentabilidad\/"},"img":{"alt_text":"","src":"","width":0,"height":0},"classes":[]},{"id":16200,"url":"http:\/\/ccnews.com.ar\/prensa\/2020-el-ano-en-que-la-sustentabilidad-se-puso-a-prueba\/","url_meta":{"origin":2507,"position":1},"title":"2020: el a\u00f1o en que la sustentabilidad se puso a prueba","author":"Editor","date":"15 octubre, 2020","format":false,"excerpt":"Las gerencias readaptaron sus procesos para hace frente a las necesidades internas y externas por la pandemia. Cu\u00e1les fueron las cuatro etapas que transitan las empresas.","rel":"","context":"En \u00abSustentabilidad\u00bb","block_context":{"text":"Sustentabilidad","link":"http:\/\/ccnews.com.ar\/prensa\/category\/sustentabilidad\/"},"img":{"alt_text":"","src":"https:\/\/i0.wp.com\/ccnews.com.ar\/prensa\/wp-content\/uploads\/2020\/10\/0037770395.jpg?fit=689%2C459&resize=350%2C200","width":350,"height":200,"srcset":"https:\/\/i0.wp.com\/ccnews.com.ar\/prensa\/wp-content\/uploads\/2020\/10\/0037770395.jpg?fit=689%2C459&resize=350%2C200 1x, https:\/\/i0.wp.com\/ccnews.com.ar\/prensa\/wp-content\/uploads\/2020\/10\/0037770395.jpg?fit=689%2C459&resize=525%2C300 1,5x"},"classes":[]},{"id":11077,"url":"http:\/\/ccnews.com.ar\/prensa\/el-93-de-las-companias-considera-clave-la-tecnologia-inteligente-para-la-transformacion-digital\/","url_meta":{"origin":2507,"position":2},"title":"El 93% de las compa\u00f1\u00edas considera clave la tecnolog\u00eda inteligente para la transformaci\u00f3n digital","author":"admin","date":"10 abril, 2019","format":false,"excerpt":"El 93% de las compa\u00f1\u00edas considera que las tecnolog\u00edas inteligentes, tales como IoT, inteligencia artificial, blockchain o realidad aumentada, son fundamentales para impulsar la transformaci\u00f3n digital. Impulsar la innovaci\u00f3n y cumplir con los objetivos de la digitalizaci\u00f3n pasa necesariamente por contar con herramientas y soluciones tecnol\u00f3gicas inteligentes. As\u00ed, el 93%\u2026","rel":"","context":"En \u00abManagement\u00bb","block_context":{"text":"Management","link":"http:\/\/ccnews.com.ar\/prensa\/category\/management\/"},"img":{"alt_text":"","src":"https:\/\/i0.wp.com\/ccnews.com.ar\/prensa\/wp-content\/uploads\/2019\/04\/0.jpg?fit=1200%2C801&resize=350%2C200","width":350,"height":200,"srcset":"https:\/\/i0.wp.com\/ccnews.com.ar\/prensa\/wp-content\/uploads\/2019\/04\/0.jpg?fit=1200%2C801&resize=350%2C200 1x, https:\/\/i0.wp.com\/ccnews.com.ar\/prensa\/wp-content\/uploads\/2019\/04\/0.jpg?fit=1200%2C801&resize=525%2C300 1,5x, https:\/\/i0.wp.com\/ccnews.com.ar\/prensa\/wp-content\/uploads\/2019\/04\/0.jpg?fit=1200%2C801&resize=700%2C400 2x, https:\/\/i0.wp.com\/ccnews.com.ar\/prensa\/wp-content\/uploads\/2019\/04\/0.jpg?fit=1200%2C801&resize=1050%2C600 3x"},"classes":[]},{"id":3263,"url":"http:\/\/ccnews.com.ar\/prensa\/la-importancia-de-la-experiencia-del-usuario-en-la-era-de-la-transformacion-digital\/","url_meta":{"origin":2507,"position":3},"title":"La importancia de la experiencia del usuario en la era de la transformaci\u00f3n digital","author":"CLUSTERciar","date":"26 febrero, 2017","format":false,"excerpt":"Hoy existen distintas herramientas que permiten medir si el \"user engagement\"\u00a0est\u00e1 mejorando, y analizar la reacci\u00f3n de un usuario a una aplicaci\u00f3n No importa en el uso que le queramos dar, si es con motivos laborales o de ocio, pero al momento de buscar y descargar una aplicaci\u00f3n en la\u2026","rel":"","context":"En \u00abTransformaci\u00f3n digital\u00bb","block_context":{"text":"Transformaci\u00f3n digital","link":"http:\/\/ccnews.com.ar\/prensa\/category\/transformacion-digital\/"},"img":{"alt_text":"","src":"https:\/\/i0.wp.com\/ccnews.com.ar\/prensa\/wp-content\/uploads\/2017\/02\/436769.jpg?fit=630%2C460&resize=350%2C200","width":350,"height":200,"srcset":"https:\/\/i0.wp.com\/ccnews.com.ar\/prensa\/wp-content\/uploads\/2017\/02\/436769.jpg?fit=630%2C460&resize=350%2C200 1x, https:\/\/i0.wp.com\/ccnews.com.ar\/prensa\/wp-content\/uploads\/2017\/02\/436769.jpg?fit=630%2C460&resize=525%2C300 1,5x"},"classes":[]},{"id":3153,"url":"http:\/\/ccnews.com.ar\/prensa\/se-pueden-aplicar-los-metodos-de-la-singularity-university-en-la-educacion-no-formal-argentina\/","url_meta":{"origin":2507,"position":4},"title":"\u00bfSE PUEDEN APLICAR LOS M\u00c9TODOS DE LA SINGULARITY UNIVERSITY EN LA EDUCACI\u00d3N NO FORMAL ARGENTINA?","author":"CLUSTERciar","date":"14 febrero, 2017","format":false,"excerpt":"LUEGO DE SU PASO POR SINGULARITY UNIVERSITY, EL EMPRENDEDOR GABRIEL WEINSTEIN, DIRECTOR DE INNOVACI\u00d3N DE OLIVIA, TRABAJA EN LA ARGENTINA PARA GENERAR CAMBIOS EN LOS PROCESOS DE GRANDES EMPRESAS Y EN LA EDUCACI\u00d3N NO FORMAL. \u00a0Esa ma\u00f1ana, Gabriel camin\u00f3 hasta la parada del colectivo como hac\u00eda desde hac\u00eda dos a\u00f1os\u2026","rel":"","context":"En \u00abEducaci\u00f3n\/Sociedad\u00bb","block_context":{"text":"Educaci\u00f3n\/Sociedad","link":"http:\/\/ccnews.com.ar\/prensa\/category\/educacion-sociedad\/"},"img":{"alt_text":"","src":"https:\/\/i0.wp.com\/ccnews.com.ar\/prensa\/wp-content\/uploads\/2017\/01\/img_8548.jpg_1484051676.jpg?fit=875%2C471&resize=350%2C200","width":350,"height":200,"srcset":"https:\/\/i0.wp.com\/ccnews.com.ar\/prensa\/wp-content\/uploads\/2017\/01\/img_8548.jpg_1484051676.jpg?fit=875%2C471&resize=350%2C200 1x, https:\/\/i0.wp.com\/ccnews.com.ar\/prensa\/wp-content\/uploads\/2017\/01\/img_8548.jpg_1484051676.jpg?fit=875%2C471&resize=525%2C300 1,5x, https:\/\/i0.wp.com\/ccnews.com.ar\/prensa\/wp-content\/uploads\/2017\/01\/img_8548.jpg_1484051676.jpg?fit=875%2C471&resize=700%2C400 2x"},"classes":[]},{"id":10847,"url":"http:\/\/ccnews.com.ar\/prensa\/revalorizar-el-fracaso-el-puntapie-decisivo-para-atravesar-de-manera-exitosa-el-proceso-hacia-la-innovacion\/","url_meta":{"origin":2507,"position":5},"title":"Revalorizar el fracaso, el puntapi\u00e9 decisivo para atravesar de manera exitosa el proceso hacia la innovaci\u00f3n","author":"admin","date":"21 marzo, 2019","format":false,"excerpt":"El camino hacia la innovaci\u00f3n requiere probar cosas nuevas, lo que trae muchas situaciones de prueba y error, y donde fallar forma parte del proceso. En este contexto, es vital que las organizaciones desarrollen una cultura del aprendizaje. C\u00f3mo transformar las situaciones de frustraci\u00f3n en un tr\u00e1nsito hacia el objetivo\u2026","rel":"","context":"En \u00abManagement\u00bb","block_context":{"text":"Management","link":"http:\/\/ccnews.com.ar\/prensa\/category\/management\/"},"img":{"alt_text":"","src":"https:\/\/i0.wp.com\/ccnews.com.ar\/prensa\/wp-content\/uploads\/2019\/03\/Hackaton_1.jpg?fit=1200%2C677&resize=350%2C200","width":350,"height":200,"srcset":"https:\/\/i0.wp.com\/ccnews.com.ar\/prensa\/wp-content\/uploads\/2019\/03\/Hackaton_1.jpg?fit=1200%2C677&resize=350%2C200 1x, https:\/\/i0.wp.com\/ccnews.com.ar\/prensa\/wp-content\/uploads\/2019\/03\/Hackaton_1.jpg?fit=1200%2C677&resize=525%2C300 1,5x, https:\/\/i0.wp.com\/ccnews.com.ar\/prensa\/wp-content\/uploads\/2019\/03\/Hackaton_1.jpg?fit=1200%2C677&resize=700%2C400 2x, https:\/\/i0.wp.com\/ccnews.com.ar\/prensa\/wp-content\/uploads\/2019\/03\/Hackaton_1.jpg?fit=1200%2C677&resize=1050%2C600 3x"},"classes":[]}],"jetpack_sharing_enabled":true,"_links":{"self":[{"href":"http:\/\/ccnews.com.ar\/prensa\/wp-json\/wp\/v2\/posts\/2507","targetHints":{"allow":["GET"]}}],"collection":[{"href":"http:\/\/ccnews.com.ar\/prensa\/wp-json\/wp\/v2\/posts"}],"about":[{"href":"http:\/\/ccnews.com.ar\/prensa\/wp-json\/wp\/v2\/types\/post"}],"author":[{"embeddable":true,"href":"http:\/\/ccnews.com.ar\/prensa\/wp-json\/wp\/v2\/users\/2"}],"replies":[{"embeddable":true,"href":"http:\/\/ccnews.com.ar\/prensa\/wp-json\/wp\/v2\/comments?post=2507"}],"version-history":[{"count":1,"href":"http:\/\/ccnews.com.ar\/prensa\/wp-json\/wp\/v2\/posts\/2507\/revisions"}],"predecessor-version":[{"id":2509,"href":"http:\/\/ccnews.com.ar\/prensa\/wp-json\/wp\/v2\/posts\/2507\/revisions\/2509"}],"wp:attachment":[{"href":"http:\/\/ccnews.com.ar\/prensa\/wp-json\/wp\/v2\/media?parent=2507"}],"wp:term":[{"taxonomy":"category","embeddable":true,"href":"http:\/\/ccnews.com.ar\/prensa\/wp-json\/wp\/v2\/categories?post=2507"},{"taxonomy":"post_tag","embeddable":true,"href":"http:\/\/ccnews.com.ar\/prensa\/wp-json\/wp\/v2\/tags?post=2507"}],"curies":[{"name":"wp","href":"https:\/\/api.w.org\/{rel}","templated":true}]}}