{"id":2511,"date":"2016-12-14T08:00:29","date_gmt":"2016-12-14T11:00:29","guid":{"rendered":"http:\/\/clusterciarnews.com.ar\/prensa\/?p=2511"},"modified":"2016-12-14T08:25:11","modified_gmt":"2016-12-14T11:25:11","slug":"la-clave-de-la-rse-para-ganarse-la-confianza-de-empleados-o-clientes","status":"publish","type":"post","link":"http:\/\/ccnews.com.ar\/prensa\/la-clave-de-la-rse-para-ganarse-la-confianza-de-empleados-o-clientes\/","title":{"rendered":"La clave de la RSE para ganarse la confianza de empleados o clientes"},"content":{"rendered":"<h2 class=\"description\">Presidente de CaixaBank y profesor del IESE, defendi\u00f3 las reglas \u00e9ticas y la RSC en la gesti\u00f3n de empresas durante sesi\u00f3n de IESE.<\/h2>\n<p>&#8220;No<\/p>\n<p>basta con cumplir con la legalidad, las decisiones que tomamos en las compa\u00f1\u00edas tienen grandes repercusiones en los empleados, clientes y toda la sociedad. Para tomar decisiones m\u00e1s justas es necesario respetar unas reglas \u00e9ticas\u201d. Es es lo que asegur\u00f3 el\u00a0presidente de CaixaBank y profesor del IESE,\u00a0Jordi Gual, que\u00a0defendi\u00f3 las reglas \u00e9ticas y la responsabilidad corporativa en la gesti\u00f3n\u00a0de empresas durante una sesi\u00f3n con motivo del X aniversario de la\u00a0C\u00e1tedra \u201cla Caixa\u201d de Responsabilidad Social de la Empresa y Gobierno Corporativo.<\/p>\n<p>De acuerdo con el<strong><a href=\"http:\/\/www.iese.edu\/es\/conoce-iese\/prensa-noticias\/noticias\/2016\/november\/10-anos-investigando-responsabilidad-social\/\">\u00a0portal de noticias de IESE<\/a><\/strong>,\u00a0Gual destac\u00f3 el modelo de\u00a0stakeholder capitalism\u00a0frente al de\u00a0shareholder capitalism, que entiende a las\u00a0empresas como instituciones sociales\u00a0y defiende que se basen en\u00a0relaciones de confianza y compromiso: \u201cEn ellas, los distintos grupos de inter\u00e9s se comprometen rec\u00edprocamente para alcanzar objetivos que van m\u00e1s all\u00e1 de la maximizaci\u00f3n del beneficio empresarial\u201d.<\/p>\n<p>El presidente de CaixaBank\u00a0<strong>destac\u00f3 la\u00a0necesidad de que las compa\u00f1\u00edas inviertan en mejorar las condiciones de sus clientes, accionistas, trabajadores y la sociedad\u00a0en general.<\/strong>\u00a0A consecuencia de esta \u201cinversi\u00f3n\u201d, se\u00f1al\u00f3, \u201cempleados y directivos se encuentran m\u00e1s implicados, la relaci\u00f3n con clientes y accionistas resulta m\u00e1s duradera y se enriquece tambi\u00e9n la colaboraci\u00f3n con toda la sociedad y sus instituciones\u201d.<\/p>\n<p>\u201cComprender la empresa como una instituci\u00f3n social refuerza su sostenibilidad a largo plazo y supone una fuente de ventaja competitiva permanente\u201d, afirm\u00f3.<\/p>\n<p><em><strong>Crear relaciones de confianza<\/strong><\/em><\/p>\n<p>Seg\u00fan Gual, <strong>la confianza es un activo importante entre directivos, accionistas y clientes para generar sinergias positivas en la empresa<\/strong>: &#8220;Es un activo intangible que requiere de un esfuerzo grande y continuado, pero se puede erosionar muy f\u00e1cilmente&#8221;.<\/p>\n<p>Antonio Argando\u00f1a a\u00f1adi\u00f3 que \u201clas empresas necesitan que sus empleados, clientes, accionistas y proveedores conf\u00eden en ellas. Y para conseguirlo deben mostrarse dignas de dicha confianza\u201d.<\/p>\n<p>El profesor insisti\u00f3 en la importancia de que una empresa haga visible sus valores y admiti\u00f3 que<strong> \u201cno es nada f\u00e1cil mantener la confianza de empleados o clientes, pero la responsabilidad social puede ayudar a conseguirlo\u201d.<\/strong><\/p>\n<p>No hay que confundir la responsabilidad social con \u201cla filantrop\u00eda\u201d, se\u00f1al\u00f3 el profesor; \u201cl<strong>a responsabilidad social comienza por el funcionamiento ordinario de la empresa, el trato con los empleados, con los clientes, con el medio ambiente. <\/strong>En su actividad propia debe mostrarse digna de dicha confianza\u201d.<\/p>\n<p>Y coincidi\u00f3 con Gual en que \u201cla funci\u00f3n de una compa\u00f1\u00eda no es s\u00f3lo generar beneficios, sino que tambi\u00e9n debe cuidar a todo el p\u00fablico al que se dirige\u201d.<\/p>\n<p>Argando\u00f1a, que agradeci\u00f3 el apoyo de la entidad bancaria en estos diez a\u00f1os, anunci\u00f3 que la C\u00e1tedra \u201cla Caixa\u201d cambia su denominaci\u00f3n a \u201cC\u00e1tedra CaixaBank de Responsabilidad Social Corporativa\u201d.<\/p>\n<p>El director general del IESE, Franz Heukamp, destac\u00f3 el car\u00e1cter pionero de esta apuesta de la Caixa, en los primeros a\u00f1os de desarrollo de la responsabilidad social corporativa, y se\u00f1al\u00f3 el prestigio internacional alcanzado por esta fruto del trabajo del profesor Argando\u00f1a.<\/p>\n<p>\u201cLos a\u00f1os de\u00a0crisis econ\u00f3mica\u00a0\u2013se\u00f1al\u00f3 Heukamp\u2013 nos han mostrado la\u00a0necesidad de la \u00e9tica y de la responsabilidad social corporativa. La generaci\u00f3n de conocimiento, la divulgaci\u00f3n y la docencia en estos \u00e1mbitos constituyen aspectos centrales de la misi\u00f3n del IESE y el apoyo de la Caixa con esta c\u00e1tedra nos permite desarrollarlos y ampliar nuestro alcance\u201d.<\/p>\n<p>&nbsp;<\/p>\n<p>Fuente: mba &amp; Educaci\u00f3n Ejecutiva<\/p>\n<!-- AddThis Advanced Settings generic via filter on the_content -->","protected":false},"excerpt":{"rendered":"<p>Presidente de CaixaBank y profesor del IESE, defendi\u00f3 las reglas \u00e9ticas y la RSC en la gesti\u00f3n de empresas durante<!-- AddThis Advanced Settings generic via filter on get_the_excerpt --><\/p>\n","protected":false},"author":2,"featured_media":2513,"comment_status":"closed","ping_status":"closed","sticky":false,"template":"","format":"standard","meta":{"colormag_page_container_layout":"default_layout","colormag_page_sidebar_layout":"default_layout","jetpack_post_was_ever_published":false,"_jetpack_newsletter_access":"","_jetpack_dont_email_post_to_subs":false,"_jetpack_newsletter_tier_id":0,"_jetpack_memberships_contains_paywalled_content":false,"_jetpack_memberships_contains_paid_content":false,"footnotes":"","jetpack_publicize_message":"","jetpack_publicize_feature_enabled":true,"jetpack_social_post_already_shared":true,"jetpack_social_options":{"image_generator_settings":{"template":"highway","default_image_id":0,"font":"","enabled":false},"version":2}},"categories":[7],"tags":[17],"class_list":["post-2511","post","type-post","status-publish","format-standard","has-post-thumbnail","hentry","category-management","tag-otros-medios"],"jetpack_publicize_connections":[],"jetpack_featured_media_url":"https:\/\/i0.wp.com\/ccnews.com.ar\/prensa\/wp-content\/uploads\/2016\/11\/pexels-photo-29675.jpg?fit=753%2C377","jetpack_shortlink":"https:\/\/wp.me\/p7L1gj-Ev","jetpack-related-posts":[{"id":5671,"url":"http:\/\/ccnews.com.ar\/prensa\/rapidas-y-sin-furia-como-toman-las-decisiones-las-empresas-mas-creativas\/","url_meta":{"origin":2511,"position":0},"title":"R\u00e1pidas y sin furia: c\u00f3mo toman las decisiones las empresas m\u00e1s creativas","author":"CLUSTERciar","date":"19 octubre, 2017","format":false,"excerpt":"Para copiar - nuevo paradigma: estructuras m\u00e1s horizontales, menor aversi\u00f3n al riesgo y fuerte dinamismo interno son algunas de las claves de estas compa\u00f1\u00edas En un contexto donde la velocidad con la que circula la informaci\u00f3n es vertiginosa y los escenarios de negocios mutan constantemente, la pr\u00f3xima innovaci\u00f3n puede surgir\u2026","rel":"","context":"En \u00abEducaci\u00f3n\/Sociedad\u00bb","block_context":{"text":"Educaci\u00f3n\/Sociedad","link":"http:\/\/ccnews.com.ar\/prensa\/category\/educacion-sociedad\/"},"img":{"alt_text":"","src":"https:\/\/i0.wp.com\/ccnews.com.ar\/prensa\/wp-content\/uploads\/2017\/09\/Untitled-1-1.jpg?fit=1150%2C357&resize=350%2C200","width":350,"height":200,"srcset":"https:\/\/i0.wp.com\/ccnews.com.ar\/prensa\/wp-content\/uploads\/2017\/09\/Untitled-1-1.jpg?fit=1150%2C357&resize=350%2C200 1x, https:\/\/i0.wp.com\/ccnews.com.ar\/prensa\/wp-content\/uploads\/2017\/09\/Untitled-1-1.jpg?fit=1150%2C357&resize=525%2C300 1,5x, https:\/\/i0.wp.com\/ccnews.com.ar\/prensa\/wp-content\/uploads\/2017\/09\/Untitled-1-1.jpg?fit=1150%2C357&resize=700%2C400 2x, https:\/\/i0.wp.com\/ccnews.com.ar\/prensa\/wp-content\/uploads\/2017\/09\/Untitled-1-1.jpg?fit=1150%2C357&resize=1050%2C600 3x"},"classes":[]},{"id":2311,"url":"http:\/\/ccnews.com.ar\/prensa\/por-que-a-las-empresas-les-sirve-tener-empleados-felices\/","url_meta":{"origin":2511,"position":1},"title":"\u00bfPor qu\u00e9 a las empresas les sirve tener empleados felices?","author":"CLUSTERciar","date":"14 noviembre, 2016","format":false,"excerpt":"Cada vez m\u00e1s compa\u00f1\u00edas se interesan por el estado de \u00e1nimo de sus trabajadores, pero \u00bfpueden exigir a las personas que sean alegres y sonr\u00edan? En\u00a0un art\u00edculo reciente, The Economist citaba a Lord Percy of Newcastle, ministro de Educaci\u00f3n de Gran Breta\u00f1a entre 1924 y 1929, quien era muy reacio\u2026","rel":"","context":"En \u00abManagement\u00bb","block_context":{"text":"Management","link":"http:\/\/ccnews.com.ar\/prensa\/category\/management\/"},"img":{"alt_text":"","src":"https:\/\/i0.wp.com\/ccnews.com.ar\/prensa\/wp-content\/uploads\/2016\/11\/EMPLEADOS.jpg?fit=1024%2C660&resize=350%2C200","width":350,"height":200,"srcset":"https:\/\/i0.wp.com\/ccnews.com.ar\/prensa\/wp-content\/uploads\/2016\/11\/EMPLEADOS.jpg?fit=1024%2C660&resize=350%2C200 1x, https:\/\/i0.wp.com\/ccnews.com.ar\/prensa\/wp-content\/uploads\/2016\/11\/EMPLEADOS.jpg?fit=1024%2C660&resize=525%2C300 1,5x, https:\/\/i0.wp.com\/ccnews.com.ar\/prensa\/wp-content\/uploads\/2016\/11\/EMPLEADOS.jpg?fit=1024%2C660&resize=700%2C400 2x"},"classes":[]},{"id":14632,"url":"http:\/\/ccnews.com.ar\/prensa\/economia-util-y-ambientalmente-sustentable\/","url_meta":{"origin":2511,"position":2},"title":"Econom\u00eda  \u00fatil y ambientalmente sustentable","author":"admin","date":"21 febrero, 2020","format":false,"excerpt":"\u00bfPor qu\u00e9 una empresa debe preocuparse del desarrollo sustentable? \u00bfEsto cuesti\u00f3n de los gobiernos, de los pol\u00edticos, de los te\u00f3ricos? No, definitivamente no. Vivimos en un mundo complejo, donde las interdependencias entre los sistemas act\u00faan en forma constante. Develar fehacientemente estas interrelaciones nos es imposible, pero como m\u00ednimo podemos aproximarnos.\u2026","rel":"","context":"En \u00abEducaci\u00f3n\/Sociedad\u00bb","block_context":{"text":"Educaci\u00f3n\/Sociedad","link":"http:\/\/ccnews.com.ar\/prensa\/category\/educacion-sociedad\/"},"img":{"alt_text":"","src":"https:\/\/i0.wp.com\/ccnews.com.ar\/prensa\/wp-content\/uploads\/2020\/02\/5e441470-6669-11e9-ba9a-f15f77fc3ce7-rimg-w1200-h600-gmir.jpg?fit=1200%2C600&resize=350%2C200","width":350,"height":200,"srcset":"https:\/\/i0.wp.com\/ccnews.com.ar\/prensa\/wp-content\/uploads\/2020\/02\/5e441470-6669-11e9-ba9a-f15f77fc3ce7-rimg-w1200-h600-gmir.jpg?fit=1200%2C600&resize=350%2C200 1x, https:\/\/i0.wp.com\/ccnews.com.ar\/prensa\/wp-content\/uploads\/2020\/02\/5e441470-6669-11e9-ba9a-f15f77fc3ce7-rimg-w1200-h600-gmir.jpg?fit=1200%2C600&resize=525%2C300 1,5x, https:\/\/i0.wp.com\/ccnews.com.ar\/prensa\/wp-content\/uploads\/2020\/02\/5e441470-6669-11e9-ba9a-f15f77fc3ce7-rimg-w1200-h600-gmir.jpg?fit=1200%2C600&resize=700%2C400 2x, https:\/\/i0.wp.com\/ccnews.com.ar\/prensa\/wp-content\/uploads\/2020\/02\/5e441470-6669-11e9-ba9a-f15f77fc3ce7-rimg-w1200-h600-gmir.jpg?fit=1200%2C600&resize=1050%2C600 3x"},"classes":[]},{"id":14266,"url":"http:\/\/ccnews.com.ar\/prensa\/inteligencia-social-creatividad-o-pensamiento-innovador-entre-las-diez-habilidades-profesionales-mas-demandadas-en-2020\/","url_meta":{"origin":2511,"position":3},"title":"Inteligencia social y pensamiento innovador, entre las habilidades m\u00e1s demandadas en 2020","author":"admin","date":"16 enero, 2020","format":false,"excerpt":"La capacidad para evaluar y desarrollar el contenido que procede de los distintos canales de comunicaci\u00f3n y utilizarlos como un elemento de persuasi\u00f3n ser\u00e1 un plus para conseguir trabajo. En la actualidad, si bien el uso y manejo de los datos se ha convertido en un factor clave, no menos\u2026","rel":"","context":"En \u00abManagement\u00bb","block_context":{"text":"Management","link":"http:\/\/ccnews.com.ar\/prensa\/category\/management\/"},"img":{"alt_text":"","src":"https:\/\/i0.wp.com\/ccnews.com.ar\/prensa\/wp-content\/uploads\/2020\/01\/habilidades-profesionales-demandadas-1024x683.jpg?fit=1024%2C683&resize=350%2C200","width":350,"height":200,"srcset":"https:\/\/i0.wp.com\/ccnews.com.ar\/prensa\/wp-content\/uploads\/2020\/01\/habilidades-profesionales-demandadas-1024x683.jpg?fit=1024%2C683&resize=350%2C200 1x, https:\/\/i0.wp.com\/ccnews.com.ar\/prensa\/wp-content\/uploads\/2020\/01\/habilidades-profesionales-demandadas-1024x683.jpg?fit=1024%2C683&resize=525%2C300 1,5x, https:\/\/i0.wp.com\/ccnews.com.ar\/prensa\/wp-content\/uploads\/2020\/01\/habilidades-profesionales-demandadas-1024x683.jpg?fit=1024%2C683&resize=700%2C400 2x"},"classes":[]},{"id":14186,"url":"http:\/\/ccnews.com.ar\/prensa\/las-tendencias-en-recursos-humanos-para-2020-democratizacion-tecnologica-y-personalizacion-de-la-vida-laboral\/","url_meta":{"origin":2511,"position":4},"title":"Tendencias en RRHH para 2020: democratizaci\u00f3n tecnol\u00f3gica y personalizaci\u00f3n de la vida laboral","author":"admin","date":"9 enero, 2020","format":false,"excerpt":"Las tendencias en recursos humanos para 2020 oscilan entorno a dos grandes ejes: la transformaci\u00f3n digital y la leve l\u00ednea que separa los mundos laboral y personal, profesional y de ocio. La tecnolog\u00eda augura un cambio disruptivo en los procesos de contrataci\u00f3n de los empleados y en la forma de\u2026","rel":"","context":"En \u00abManagement\u00bb","block_context":{"text":"Management","link":"http:\/\/ccnews.com.ar\/prensa\/category\/management\/"},"img":{"alt_text":"","src":"https:\/\/i0.wp.com\/ccnews.com.ar\/prensa\/wp-content\/uploads\/2020\/01\/tendencias-en-recursos-humanos-para-2020-1024x439.jpg?fit=1024%2C439&resize=350%2C200","width":350,"height":200,"srcset":"https:\/\/i0.wp.com\/ccnews.com.ar\/prensa\/wp-content\/uploads\/2020\/01\/tendencias-en-recursos-humanos-para-2020-1024x439.jpg?fit=1024%2C439&resize=350%2C200 1x, https:\/\/i0.wp.com\/ccnews.com.ar\/prensa\/wp-content\/uploads\/2020\/01\/tendencias-en-recursos-humanos-para-2020-1024x439.jpg?fit=1024%2C439&resize=525%2C300 1,5x, https:\/\/i0.wp.com\/ccnews.com.ar\/prensa\/wp-content\/uploads\/2020\/01\/tendencias-en-recursos-humanos-para-2020-1024x439.jpg?fit=1024%2C439&resize=700%2C400 2x"},"classes":[]},{"id":251,"url":"http:\/\/ccnews.com.ar\/prensa\/13-cambios-clave-en-la-norma-iso9001-y-su-impacto-en-las-pymes\/","url_meta":{"origin":2511,"position":5},"title":"13 cambios clave en la norma ISO9001 y su impacto en las pymes","author":"CLUSTERciar","date":"17 marzo, 2016","format":false,"excerpt":"La nueva versi\u00f3n incluye bastantes modificaciones respecto de la anterior del 2008. Tambi\u00e9n hubo cambios en la ISO14001. Una especialista en gesti\u00f3n de empresas explic\u00f3 a Infobae las novedades Las empresas se enfrentan cada vez m\u00e1s seguido a mayores demandas tanto de rentabilidad como de calidad. Para poder hacer frente\u2026","rel":"","context":"En \u00abManagement\u00bb","block_context":{"text":"Management","link":"http:\/\/ccnews.com.ar\/prensa\/category\/management\/"},"img":{"alt_text":"","src":"","width":0,"height":0},"classes":[]}],"jetpack_sharing_enabled":true,"_links":{"self":[{"href":"http:\/\/ccnews.com.ar\/prensa\/wp-json\/wp\/v2\/posts\/2511","targetHints":{"allow":["GET"]}}],"collection":[{"href":"http:\/\/ccnews.com.ar\/prensa\/wp-json\/wp\/v2\/posts"}],"about":[{"href":"http:\/\/ccnews.com.ar\/prensa\/wp-json\/wp\/v2\/types\/post"}],"author":[{"embeddable":true,"href":"http:\/\/ccnews.com.ar\/prensa\/wp-json\/wp\/v2\/users\/2"}],"replies":[{"embeddable":true,"href":"http:\/\/ccnews.com.ar\/prensa\/wp-json\/wp\/v2\/comments?post=2511"}],"version-history":[{"count":1,"href":"http:\/\/ccnews.com.ar\/prensa\/wp-json\/wp\/v2\/posts\/2511\/revisions"}],"predecessor-version":[{"id":2515,"href":"http:\/\/ccnews.com.ar\/prensa\/wp-json\/wp\/v2\/posts\/2511\/revisions\/2515"}],"wp:featuredmedia":[{"embeddable":true,"href":"http:\/\/ccnews.com.ar\/prensa\/wp-json\/wp\/v2\/media\/2513"}],"wp:attachment":[{"href":"http:\/\/ccnews.com.ar\/prensa\/wp-json\/wp\/v2\/media?parent=2511"}],"wp:term":[{"taxonomy":"category","embeddable":true,"href":"http:\/\/ccnews.com.ar\/prensa\/wp-json\/wp\/v2\/categories?post=2511"},{"taxonomy":"post_tag","embeddable":true,"href":"http:\/\/ccnews.com.ar\/prensa\/wp-json\/wp\/v2\/tags?post=2511"}],"curies":[{"name":"wp","href":"https:\/\/api.w.org\/{rel}","templated":true}]}}