{"id":254,"date":"2016-03-17T08:32:38","date_gmt":"2016-03-17T11:32:38","guid":{"rendered":"http:\/\/clusterciar.com.ar\/wp\/?p=254"},"modified":"2016-03-17T08:32:38","modified_gmt":"2016-03-17T11:32:38","slug":"ypf-pondra-en-marcha-5-equipos-petroleros-de-los-21-que-habia-desactivado","status":"publish","type":"post","link":"http:\/\/ccnews.com.ar\/prensa\/ypf-pondra-en-marcha-5-equipos-petroleros-de-los-21-que-habia-desactivado\/","title":{"rendered":"YPF pondr\u00e1 en marcha 5 equipos petroleros de los 21 que hab\u00eda desactivado"},"content":{"rendered":"<p>La decisi\u00f3n surgi\u00f3 luego de que el gobierno nacional se comprometiera a pagar la deuda que tiene con la petrolera por el subsidio del gas nuevo. Respecto al precio del gas &#8220;es una decisi\u00f3n tomada&#8221;, dijo el gobernador Omar Guti\u00e9rrez.<\/p>\n<blockquote><p><b>El gobierno nacional acord\u00f3 con la empresa YPF el pago de la deuda del subsidio por el precio del gas y la petrolera se comprometi\u00f3 a poner en marcha cinco de los 21 equipos que hab\u00eda desactivado.<\/b><\/p><\/blockquote>\n<p>As\u00ed lo anunci\u00f3 el gobernador Omar Guti\u00e9rrez quien particip\u00f3 de la cumbre petrolera junto a los gremialistas Guillermo Pereyra, Manuel Ar\u00e9valo y Carlos Roja a la que asisti\u00f3 el ministro de Energ\u00eda, Juan Jos\u00e9 Aranguren y el presidente y CEO de YPF Miguel Galuccio.<\/p>\n<p><strong><em>Leer tambi\u00e9n:\u00a0<\/em><a href=\"http:\/\/clusterciar.com.ar\/wp\/capacitacion-y-calidad-las-claves-para-sumar-valor\/\" rel=\"bookmark\">Capacitaci\u00f3n y calidad, las claves para sumar valor<\/a><\/strong><\/p>\n<p><img decoding=\"async\" src=\"http:\/\/www.rionegro.com.ar\/diario\/funciones\/binario\/imagen.aspx?idart=8094945&amp;idcat=9701&amp;idcon=6944689&amp;resolucion=0&amp;tipo=2\" alt=\"Foto: Archivo\" \/><\/p>\n<p>&#8220;El aumento del precio del gas es una decisi\u00f3n tomada&#8221;, dijo el mandatario en di\u00e1logo con &#8220;R\u00edo Negro&#8221; y revel\u00f3 que el gobierno nacional se comprometi\u00f3 a cancelar la deuda que tiene con YPF y la empresa a levantar cinco de los 21 equipos que ten\u00eda desactivados. Sostuvo que la puesta en marcha de los equipos va a tardar unos d\u00edas que depende de los mecanismos de instrumentaci\u00f3n de la firma.<\/p>\n<p>Guti\u00e9rrez dijo que &#8220;habr\u00e1 una nueva reuni\u00f3n entre Pereyra e YPF para instrumentar la medida y abordar el fortalecimiento de las empresas Pymes &#8221; y adelant\u00f3 que la semana que viene se volver\u00e1n a reunir con las autoridades nacionales &#8220;para monitorear este plan integral que logramos constituir de encotnrarnos para tomar decisiones asumiendo cada actor su responsabilidad&#8221;<\/p>\n<p>Fuente: Rio Negro<\/p>\n<hr \/>\n<p>Tambi\u00e9n te puede interesar:<\/p>\n<p><strong><em><a href=\"https:\/\/i0.wp.com\/clusterciar.com.ar\/wp\/wp-content\/uploads\/2016\/04\/trace.jpg\" rel=\"attachment wp-att-430\"><img data-recalc-dims=\"1\" loading=\"lazy\" decoding=\"async\" class=\"size-medium wp-image-430 alignleft\" src=\"https:\/\/i0.wp.com\/clusterciar.com.ar\/wp\/wp-content\/uploads\/2016\/04\/trace-300x85.jpg?resize=300%2C85\" alt=\"trace\" width=\"300\" height=\"85\" \/><\/a>\u00a0<\/em><\/strong><\/p>\n<h3 class=\"entry-title\"><a href=\"http:\/\/clusterciar.com.ar\/wp\/capacitacion-y-calidad-las-claves-para-sumar-valor\/\" rel=\"bookmark\">Capacitaci\u00f3n y calidad, las claves para sumar valor<\/a><\/h3>\n<!-- AddThis Advanced Settings generic via filter on the_content -->","protected":false},"excerpt":{"rendered":"<p>La decisi\u00f3n surgi\u00f3 luego de que el gobierno nacional se comprometiera a pagar la deuda que tiene con la petrolera<!-- AddThis Advanced Settings generic via filter on get_the_excerpt --><\/p>\n","protected":false},"author":2,"featured_media":309,"comment_status":"closed","ping_status":"open","sticky":false,"template":"","format":"standard","meta":{"colormag_page_container_layout":"default_layout","colormag_page_sidebar_layout":"default_layout","jetpack_post_was_ever_published":false,"_jetpack_newsletter_access":"","_jetpack_dont_email_post_to_subs":false,"_jetpack_newsletter_tier_id":0,"_jetpack_memberships_contains_paywalled_content":false,"_jetpack_memberships_contains_paid_content":false,"footnotes":"","jetpack_publicize_message":"","jetpack_publicize_feature_enabled":true,"jetpack_social_post_already_shared":false,"jetpack_social_options":{"image_generator_settings":{"template":"highway","default_image_id":0,"font":"","enabled":false},"version":2}},"categories":[3],"tags":[17],"class_list":["post-254","post","type-post","status-publish","format-standard","has-post-thumbnail","hentry","category-sustentabilidad","tag-otros-medios"],"jetpack_publicize_connections":[],"jetpack_featured_media_url":"","jetpack_shortlink":"https:\/\/wp.me\/p7L1gj-46","jetpack-related-posts":[{"id":2301,"url":"http:\/\/ccnews.com.ar\/prensa\/ypf-subio-un-13-la-produccion-de-gas-y-petroleo\/","url_meta":{"origin":254,"position":0},"title":"YPF subi\u00f3 un 1,3% la producci\u00f3n de gas y petr\u00f3leo","author":"CLUSTERciar","date":"11 noviembre, 2016","format":false,"excerpt":"Los datos son del informe oficial del tercer trimestre de la compa\u00f1\u00eda nacional. Genera un promedio de 247 mil barriles por d\u00eda, s\u00f3lo en crudo. Son pocos puntos, pero la producci\u00f3n petrolera sube con el tiempo. Neuqu\u00e9n.- La producci\u00f3n de hidrocarburos sube de a poco en YPF. En el tercer\u2026","rel":"","context":"En \u00abSustentabilidad\u00bb","block_context":{"text":"Sustentabilidad","link":"http:\/\/ccnews.com.ar\/prensa\/category\/sustentabilidad\/"},"img":{"alt_text":"","src":"https:\/\/i0.wp.com\/ccnews.com.ar\/prensa\/wp-content\/uploads\/2016\/11\/0005604595.jpg?fit=562%2C365&resize=350%2C200","width":350,"height":200,"srcset":"https:\/\/i0.wp.com\/ccnews.com.ar\/prensa\/wp-content\/uploads\/2016\/11\/0005604595.jpg?fit=562%2C365&resize=350%2C200 1x, https:\/\/i0.wp.com\/ccnews.com.ar\/prensa\/wp-content\/uploads\/2016\/11\/0005604595.jpg?fit=562%2C365&resize=525%2C300 1,5x"},"classes":[]},{"id":2965,"url":"http:\/\/ccnews.com.ar\/prensa\/el-cambio-de-ypf-para-optimizar-sus-operaciones-y-relanzar-la-inversion-en-gas\/","url_meta":{"origin":254,"position":1},"title":"El cambio de YPF para optimizar sus operaciones y relanzar la inversi\u00f3n en gas","author":"CLUSTERciar","date":"27 enero, 2017","format":false,"excerpt":"La petrolera reestatizada bajar\u00e1 equipos en la cuenca Neuquina. Lo hace como resultado de la ca\u00edda del precio interno del petr\u00f3leo, pero con el objetivo de ganar eficiencia en sus operaciones para concentrarse en la producci\u00f3n de gas convencional y tambi\u00e9n de tight y shale gas. La negociaci\u00f3n con el\u2026","rel":"","context":"En \u00abEnerg\u00eda y Producci\u00f3n\u00bb","block_context":{"text":"Energ\u00eda y Producci\u00f3n","link":"http:\/\/ccnews.com.ar\/prensa\/category\/energia-y-produccion\/"},"img":{"alt_text":"","src":"https:\/\/i0.wp.com\/ccnews.com.ar\/prensa\/wp-content\/uploads\/2017\/01\/El-cambio-de-YPF-para-optimizar-D.jpg?fit=540%2C400&resize=350%2C200","width":350,"height":200,"srcset":"https:\/\/i0.wp.com\/ccnews.com.ar\/prensa\/wp-content\/uploads\/2017\/01\/El-cambio-de-YPF-para-optimizar-D.jpg?fit=540%2C400&resize=350%2C200 1x, https:\/\/i0.wp.com\/ccnews.com.ar\/prensa\/wp-content\/uploads\/2017\/01\/El-cambio-de-YPF-para-optimizar-D.jpg?fit=540%2C400&resize=525%2C300 1,5x"},"classes":[]},{"id":801,"url":"http:\/\/ccnews.com.ar\/prensa\/cuales-son-los-planes-de-ypf-con-el-nuevo-ceo\/","url_meta":{"origin":254,"position":2},"title":"Cu\u00e1les son los planes de YPF con el nuevo CEO","author":"CLUSTERciar","date":"30 junio, 2016","format":false,"excerpt":"YPF arrancar\u00e1 el segundo semestre con un doble comando, que tendr\u00e1 un perfil m\u00e1s profesional y pragm\u00e1tico, y por lo tanto m\u00e1s alejado del manejo centralizado y politizado que tuvo en los \u00faltimos a\u00f1os. Ricardo Darr\u00e9 (un ingeniero argentino graduado en el ITBA que desarroll\u00f3 buena parte de su carrera\u2026","rel":"","context":"En \u00abManagement\u00bb","block_context":{"text":"Management","link":"http:\/\/ccnews.com.ar\/prensa\/category\/management\/"},"img":{"alt_text":"","src":"","width":0,"height":0},"classes":[]},{"id":6291,"url":"http:\/\/ccnews.com.ar\/prensa\/el-petroleo-de-vaca-muerta-tendra-un-oleoducto-propio\/","url_meta":{"origin":254,"position":3},"title":"El petr\u00f3leo de Vaca Muerta tendr\u00e1 un oleoducto propio","author":"CLUSTERciar","date":"24 noviembre, 2017","format":false,"excerpt":"YPF y Techint se asociaron para construirlo desde Loma Campana hasta una estaci\u00f3n de R\u00edo Negro. El gobernador Omar Guti\u00e9rrez anunci\u00f3 un pacto entre la petrolera estatal y la gigante multinacional \u00edtalo-argentina Techint para la construcci\u00f3n de un oleoducto para sacar el petr\u00f3leo no convencional del \u00e1rea Loma Campana. Desde\u2026","rel":"","context":"En \u00abSustentabilidad\u00bb","block_context":{"text":"Sustentabilidad","link":"http:\/\/ccnews.com.ar\/prensa\/category\/sustentabilidad\/"},"img":{"alt_text":"","src":"https:\/\/i0.wp.com\/ccnews.com.ar\/prensa\/wp-content\/uploads\/2017\/11\/unnamed.jpg?fit=250%2C250&resize=350%2C200","width":350,"height":200},"classes":[]},{"id":2055,"url":"http:\/\/ccnews.com.ar\/prensa\/ypf-lanza-un-plan-de-tres-anos-para-vaca-muerta\/","url_meta":{"origin":254,"position":4},"title":"YPF lanza un plan de tres a\u00f1os para Vaca Muerta","author":"CLUSTERciar","date":"25 octubre, 2016","format":false,"excerpt":"La nueva gesti\u00f3n presentar\u00e1 en las pr\u00f3ximas semanas un programa de 1.000 d\u00edas. Contempla un cambio de mirada del portafolio de activos, un l\u00edmite al endeudamiento y el desarrollo de zonas de alta productividad. Habr\u00e1 nuevos socios. En las pr\u00f3ximas semanas, YPF presentar\u00e1 su nuevo plan para los pr\u00f3ximos tres\u2026","rel":"","context":"En \u00abManagement\u00bb","block_context":{"text":"Management","link":"http:\/\/ccnews.com.ar\/prensa\/category\/management\/"},"img":{"alt_text":"","src":"https:\/\/i0.wp.com\/ccnews.com.ar\/prensa\/wp-content\/uploads\/2016\/10\/image_content_7703129_20161019213551.jpg?fit=660%2C370&resize=350%2C200","width":350,"height":200,"srcset":"https:\/\/i0.wp.com\/ccnews.com.ar\/prensa\/wp-content\/uploads\/2016\/10\/image_content_7703129_20161019213551.jpg?fit=660%2C370&resize=350%2C200 1x, https:\/\/i0.wp.com\/ccnews.com.ar\/prensa\/wp-content\/uploads\/2016\/10\/image_content_7703129_20161019213551.jpg?fit=660%2C370&resize=525%2C300 1,5x"},"classes":[]},{"id":3403,"url":"http:\/\/ccnews.com.ar\/prensa\/tras-el-acuerdo-entre-ypf-y-shell-se-abre-una-nueva-etapa-en-vaca-muerta-2\/","url_meta":{"origin":254,"position":5},"title":"Tras el acuerdo entre YPF y Shell, se abre una nueva etapa en Vaca Muerta","author":"CLUSTERciar","date":"9 marzo, 2017","format":false,"excerpt":"El gobierno neuquino anticipa una nueva etapa de inversiones. Se\u00f1alan el acuerdo de YPF con Shell, por una de las joyas no convencionales de la cuenca, como el punto de partida. Casi en segundo plano y voz baja cada vez son m\u00e1s los que anticipan una nueva ola para Vaca\u2026","rel":"","context":"En \u00abEnerg\u00eda y Producci\u00f3n\u00bb","block_context":{"text":"Energ\u00eda y Producci\u00f3n","link":"http:\/\/ccnews.com.ar\/prensa\/category\/energia-y-produccion\/"},"img":{"alt_text":"","src":"https:\/\/i0.wp.com\/ccnews.com.ar\/prensa\/wp-content\/uploads\/2017\/03\/image_content_8127590_20170301223534-1.jpg?fit=660%2C370&resize=350%2C200","width":350,"height":200,"srcset":"https:\/\/i0.wp.com\/ccnews.com.ar\/prensa\/wp-content\/uploads\/2017\/03\/image_content_8127590_20170301223534-1.jpg?fit=660%2C370&resize=350%2C200 1x, https:\/\/i0.wp.com\/ccnews.com.ar\/prensa\/wp-content\/uploads\/2017\/03\/image_content_8127590_20170301223534-1.jpg?fit=660%2C370&resize=525%2C300 1,5x"},"classes":[]}],"jetpack_sharing_enabled":true,"_links":{"self":[{"href":"http:\/\/ccnews.com.ar\/prensa\/wp-json\/wp\/v2\/posts\/254","targetHints":{"allow":["GET"]}}],"collection":[{"href":"http:\/\/ccnews.com.ar\/prensa\/wp-json\/wp\/v2\/posts"}],"about":[{"href":"http:\/\/ccnews.com.ar\/prensa\/wp-json\/wp\/v2\/types\/post"}],"author":[{"embeddable":true,"href":"http:\/\/ccnews.com.ar\/prensa\/wp-json\/wp\/v2\/users\/2"}],"replies":[{"embeddable":true,"href":"http:\/\/ccnews.com.ar\/prensa\/wp-json\/wp\/v2\/comments?post=254"}],"version-history":[{"count":0,"href":"http:\/\/ccnews.com.ar\/prensa\/wp-json\/wp\/v2\/posts\/254\/revisions"}],"wp:featuredmedia":[{"embeddable":true,"href":"http:\/\/ccnews.com.ar\/prensa\/wp-json\/"}],"wp:attachment":[{"href":"http:\/\/ccnews.com.ar\/prensa\/wp-json\/wp\/v2\/media?parent=254"}],"wp:term":[{"taxonomy":"category","embeddable":true,"href":"http:\/\/ccnews.com.ar\/prensa\/wp-json\/wp\/v2\/categories?post=254"},{"taxonomy":"post_tag","embeddable":true,"href":"http:\/\/ccnews.com.ar\/prensa\/wp-json\/wp\/v2\/tags?post=254"}],"curies":[{"name":"wp","href":"https:\/\/api.w.org\/{rel}","templated":true}]}}