{"id":27,"date":"2016-05-03T13:57:08","date_gmt":"2016-05-03T13:57:08","guid":{"rendered":"http:\/\/ccnews.com.ar\/prensa\/?p=27"},"modified":"2016-08-30T11:34:44","modified_gmt":"2016-08-30T14:34:44","slug":"capacitacion-y-calidad-las-claves-para-sumar-valor","status":"publish","type":"post","link":"http:\/\/ccnews.com.ar\/prensa\/capacitacion-y-calidad-las-claves-para-sumar-valor\/","title":{"rendered":"Capacitaci\u00f3n y calidad, las claves para sumar valor"},"content":{"rendered":"<p>Con la confirmaci\u00f3n de que la petrolera nacional YPF pondr\u00e1 en actividad 5 pozos que estaban inactivos, charlamos con dos referentes de Trace Group, Gast\u00f3n Mourelle, Gerente de Operaciones, y Lisandro Pioli, Coordinador de Unidades de Servicios, que explicaron los aspectos positivos de la medida y c\u00f3mo intentar\u00e1n capitalizar el momento de la industria.<\/p>\n<p>Especializados en la coordinaci\u00f3n del trabajo de los Company Man en el campo, los referentes de Trace Group creen que hay que ser optimistas antes el panorama negativo, \u00a0ya que el servicio de inspecci\u00f3n ser\u00e1 a\u00fan m\u00e1s requerido y necesario para optimizar los rendimientos.<\/p>\n<p>Por otro lado desde las grandes compa\u00f1\u00edas hay una promesa de estabilizaci\u00f3n del sector productivo a partir de Agosto de este a\u00f1o, por lo cual aseguran que desde Trace Group, aprovechar\u00e1n al m\u00e1ximo la merma circunstancial, para sumar calidad y estar mejor preparados para cuando haya mayor demanda.<\/p>\n<p>Gast\u00f3n asegur\u00f3 que: \u201cEs el momento ideal para capacitarse y agregar valor a nuestros recursos, creemos que la mejor forma hacerlo para la compa\u00f1\u00eda ser\u00e1 la certificaci\u00f3n de Calidad dentro del marco de las Normas ISO 9001\u201d.<\/p>\n<p>\u201cQueremos seguir creciendo y\u00a0 partimos de una base muy exigente,\u00a0 ya que en 14 meses, desde\u00a0 Diciembre de 2014 se duplic\u00f3 la demanda por nuestro servicio, y eso tuvo que ver sin dudas con que cumplimos con todos los requerimientos de manera eficiente, nunca tuvimos un faltante de personal en ning\u00fan equipo, y eso es realmente importante para las compa\u00f1\u00edas, porque sin Company Man el equipo se detiene\u201d. Asegur\u00f3 Lisandro, mostrando la importancia de brindar un buen servicio.<\/p>\n<p>Para todo esto, el CLUSTERciar cuenta con soluciones internas a trav\u00e9s de sus socios estrat\u00e9gicos, tal es el caso de la Fundaci\u00f3n Potenciar. All\u00ed se brinda el Programa de Especializaci\u00f3n Company Man abierto a la comunidad, que adem\u00e1s ayuda mucho en la capacitaci\u00f3n del propio personal.<\/p>\n<p>Muestra de eso es una actividad que se realiz\u00f3 en Octubre de 2015, \u00a0donde 5 alumnos de ese programa participaron junto con el Profesor Ra\u00fal Larice de la primera visita a equipos de Petrobras en la cuenca neuquina. El mismo comenz\u00f3 en las oficinas de R\u00edo Neuqu\u00e9n donde Fernando Barbalace (Gerente de Construcci\u00f3n de Pozos) brind\u00f3 una charla acerca de las actividades que se est\u00e1n desarrollando y una breve descripci\u00f3n de c\u00f3mo funcionan los equipos y las pol\u00edticas de PESA (Petrobras Energ\u00eda SA). Luego fue la visita al FAXE-01, un equipo perforador de la empresa brasilera FaxeDrilling, donde el Company Man que hizo la demostraci\u00f3n fue C\u00e9sar Lirio, un empleado de Trace Group.<\/p>\n<!-- AddThis Advanced Settings generic via filter on the_content -->","protected":false},"excerpt":{"rendered":"<p>Con la confirmaci\u00f3n de que la petrolera nacional YPF pondr\u00e1 en actividad 5 pozos que estaban inactivos, charlamos con dos<!-- AddThis Advanced Settings generic via filter on get_the_excerpt --><\/p>\n","protected":false},"author":2,"featured_media":29,"comment_status":"open","ping_status":"open","sticky":false,"template":"","format":"standard","meta":{"colormag_page_container_layout":"default_layout","colormag_page_sidebar_layout":"default_layout","jetpack_post_was_ever_published":false,"_jetpack_newsletter_access":"","_jetpack_dont_email_post_to_subs":false,"_jetpack_newsletter_tier_id":0,"_jetpack_memberships_contains_paywalled_content":false,"_jetpack_memberships_contains_paid_content":false,"footnotes":"","jetpack_publicize_message":"","jetpack_publicize_feature_enabled":true,"jetpack_social_post_already_shared":false,"jetpack_social_options":{"image_generator_settings":{"template":"highway","default_image_id":0,"font":"","enabled":false},"version":2}},"categories":[11],"tags":[13],"class_list":["post-27","post","type-post","status-publish","format-standard","has-post-thumbnail","hentry","category-energia-y-produccion","tag-ccnews"],"jetpack_publicize_connections":[],"jetpack_featured_media_url":"https:\/\/i0.wp.com\/ccnews.com.ar\/prensa\/wp-content\/uploads\/2016\/05\/trace-1.jpg?fit=605%2C172","jetpack_shortlink":"https:\/\/wp.me\/p7L1gj-r","jetpack-related-posts":[{"id":13992,"url":"http:\/\/ccnews.com.ar\/prensa\/fortin-de-piedra-el-exitoso-paro-de-planta-de-tecpetrol\/","url_meta":{"origin":27,"position":0},"title":"Fort\u00edn de Piedra: el exitoso paro de planta de Tecpetrol","author":"admin","date":"20 diciembre, 2019","format":false,"excerpt":"Para generar mejoras en su planta de procesamiento de gas de Fort\u00edn de Piedra, Tecpetrol llev\u00f3 a cabo un exitoso paro de planta en solamente nueve d\u00edas. En las obras participaron varias empresas contratistas, entre las cuales Techint fue la principal. Trace Group tuvo a su cargo la inspecci\u00f3n de\u2026","rel":"","context":"En \u00abEnerg\u00eda y Producci\u00f3n\u00bb","block_context":{"text":"Energ\u00eda y Producci\u00f3n","link":"http:\/\/ccnews.com.ar\/prensa\/category\/energia-y-produccion\/"},"img":{"alt_text":"","src":"https:\/\/i0.wp.com\/ccnews.com.ar\/prensa\/wp-content\/uploads\/2019\/12\/nota-1.jpg?fit=816%2C426&resize=350%2C200","width":350,"height":200,"srcset":"https:\/\/i0.wp.com\/ccnews.com.ar\/prensa\/wp-content\/uploads\/2019\/12\/nota-1.jpg?fit=816%2C426&resize=350%2C200 1x, https:\/\/i0.wp.com\/ccnews.com.ar\/prensa\/wp-content\/uploads\/2019\/12\/nota-1.jpg?fit=816%2C426&resize=525%2C300 1,5x, https:\/\/i0.wp.com\/ccnews.com.ar\/prensa\/wp-content\/uploads\/2019\/12\/nota-1.jpg?fit=816%2C426&resize=700%2C400 2x"},"classes":[]},{"id":583,"url":"http:\/\/ccnews.com.ar\/prensa\/la-ing-maria-pia-martinez-y-el-ing-mariano-cleppe-seran-los-oradores-principales-de-una-charla-sobre-mantenimiento-e-integridad-de-ductos-y-tanques\/","url_meta":{"origin":27,"position":1},"title":"La Ing. Mar\u00eda P\u00eda Mart\u00ednez\u00a0 y el Ing.\u00a0 Mariano Cleppe \u00a0ser\u00e1n los oradores principales de \u00a0una charla sobre Mantenimiento e Integridad de Ductos y tanques.","author":"CLUSTERciar","date":"12 mayo, 2016","format":false,"excerpt":"Durante la charla que\u00a0 dictar\u00e1n la Ingeniera Mar\u00eda P\u00eda Mart\u00ednez, referente nacional en materia de mantenimiento e integridad de ductos, junto al ingeniero Mariano Cleppe, coordinador de servicios de\u00a0inspecci\u00f3n\u00a0 de Trace Group S.A. se abordar\u00e1n cuestiones relacionadas con la normativa vigente y las alternativas de adecuaci\u00f3n de las instalaciones. Mariano\u2026","rel":"","context":"En \u00abEnerg\u00eda y Producci\u00f3n\u00bb","block_context":{"text":"Energ\u00eda y Producci\u00f3n","link":"http:\/\/ccnews.com.ar\/prensa\/category\/energia-y-produccion\/"},"img":{"alt_text":"","src":"","width":0,"height":0},"classes":[]},{"id":230,"url":"http:\/\/ccnews.com.ar\/prensa\/capacitacion-sobre-primeros-auxilios-y-rcp-en-clubes\/","url_meta":{"origin":27,"position":2},"title":"Capacitaci\u00f3n sobre primeros auxilios y RCP en Clubes","author":"CLUSTERciar","date":"11 octubre, 2015","format":false,"excerpt":"Dentro del marco de las actividades del PPV (Programa Potenciar Valores) Deportes de la\u00a0Fundaci\u00f3n Potenciar, se est\u00e1n dictando charlas tem\u00e1ticas en los\u00a0Clubes. Para iniciar el ciclo se brind\u00f3 una capacitaci\u00f3n sobre\u00a0primeros auxilios y RCP llevada a cabo por Roxana Castillo y Pedro\u00a0Gagey, colaboradores del sector de CSMS de las empresas\u2026","rel":"","context":"En \u00abEducaci\u00f3n\/Sociedad\u00bb","block_context":{"text":"Educaci\u00f3n\/Sociedad","link":"http:\/\/ccnews.com.ar\/prensa\/category\/educacion-sociedad\/"},"img":{"alt_text":"20150629_210120","src":"https:\/\/i0.wp.com\/clusterciar.com.ar\/wp\/wp-content\/uploads\/2016\/03\/20150629_210120-300x169.jpg?resize=350%2C200","width":350,"height":200},"classes":[]},{"id":10913,"url":"http:\/\/ccnews.com.ar\/prensa\/mas-fueguinos-accederan-al-gas-se-inauguro-la-ampliacion-de-la-planta-compresora-tolhuin\/","url_meta":{"origin":27,"position":3},"title":"M\u00e1s fueguinos acceder\u00e1n al gas: se inaugur\u00f3 la ampliaci\u00f3n  de la planta compresora Tolhuin","author":"CLUSTERciar","date":"1 abril, 2019","format":false,"excerpt":"Se trata de una planta de Camuzzi Gas del Sur. La obra forma parte de la expansi\u00f3n del sistema fueguino y permitir\u00e1 mejorar la infraestructura energ\u00e9tica de la provincia. La empresa Trace Group tuvo a su cargo la inspecci\u00f3n y supervisi\u00f3n t\u00e9cnica. En un acto presidido por la Gobernadora de\u2026","rel":"","context":"En \u00abEnerg\u00eda y Producci\u00f3n\u00bb","block_context":{"text":"Energ\u00eda y Producci\u00f3n","link":"http:\/\/ccnews.com.ar\/prensa\/category\/energia-y-produccion\/"},"img":{"alt_text":"","src":"https:\/\/i0.wp.com\/ccnews.com.ar\/prensa\/wp-content\/uploads\/2019\/03\/nota.jpg?fit=803%2C404&resize=350%2C200","width":350,"height":200,"srcset":"https:\/\/i0.wp.com\/ccnews.com.ar\/prensa\/wp-content\/uploads\/2019\/03\/nota.jpg?fit=803%2C404&resize=350%2C200 1x, https:\/\/i0.wp.com\/ccnews.com.ar\/prensa\/wp-content\/uploads\/2019\/03\/nota.jpg?fit=803%2C404&resize=525%2C300 1,5x, https:\/\/i0.wp.com\/ccnews.com.ar\/prensa\/wp-content\/uploads\/2019\/03\/nota.jpg?fit=803%2C404&resize=700%2C400 2x"},"classes":[]},{"id":11443,"url":"http:\/\/ccnews.com.ar\/prensa\/ampliacion-del-gasoducto-pilcaniyeu-bariloche-las-claves-de-una-obra-atipica\/","url_meta":{"origin":27,"position":4},"title":"Ampliaci\u00f3n del gasoducto  Pilcaniyeu-Bariloche:  las claves de una obra at\u00edpica","author":"CLUSTERciar","date":"20 mayo, 2019","format":false,"excerpt":"El trabajo implic\u00f3 desviar el cauce de un r\u00edo, una maniobra de alta complejidad que es poco habitual en la industria y requiri\u00f3 el trabajo integrado del Ministerio de Energ\u00eda de la Naci\u00f3n junto a las empresas Contreras Hnos., Camuzzi Gas del Sur y Trace Group. Con el objetivo de\u2026","rel":"","context":"En \u00abEnerg\u00eda y Producci\u00f3n\u00bb","block_context":{"text":"Energ\u00eda y Producci\u00f3n","link":"http:\/\/ccnews.com.ar\/prensa\/category\/energia-y-produccion\/"},"img":{"alt_text":"","src":"https:\/\/i0.wp.com\/ccnews.com.ar\/prensa\/wp-content\/uploads\/2019\/05\/nota.jpg?fit=803%2C404&resize=350%2C200","width":350,"height":200,"srcset":"https:\/\/i0.wp.com\/ccnews.com.ar\/prensa\/wp-content\/uploads\/2019\/05\/nota.jpg?fit=803%2C404&resize=350%2C200 1x, https:\/\/i0.wp.com\/ccnews.com.ar\/prensa\/wp-content\/uploads\/2019\/05\/nota.jpg?fit=803%2C404&resize=525%2C300 1,5x, https:\/\/i0.wp.com\/ccnews.com.ar\/prensa\/wp-content\/uploads\/2019\/05\/nota.jpg?fit=803%2C404&resize=700%2C400 2x"},"classes":[]},{"id":15626,"url":"http:\/\/ccnews.com.ar\/prensa\/como-sera-el-mundo-pos-covid-19-clusterciar-organiza-conferencias-online-gratuitas\/","url_meta":{"origin":27,"position":5},"title":"\u00bfC\u00f3mo ser\u00e1 el mundo pos-COVID-19? CLUSTERciar organiza conferencias online gratuitas","author":"Editor","date":"29 mayo, 2020","format":false,"excerpt":"En el ciclo de conferencias El nuevo mundo pos-COVID-19, expertos en tecnolog\u00eda, ingenier\u00eda e inspecci\u00f3n de obras comparten su visi\u00f3n sobre el presente y el futuro a partir de la crisis que hoy enfrentan las empresas. Los encuentros, organizados por el grupo CLUSTERciar, son de acceso libre y gratuito.","rel":"","context":"En \u00abManagement\u00bb","block_context":{"text":"Management","link":"http:\/\/ccnews.com.ar\/prensa\/category\/management\/"},"img":{"alt_text":"","src":"https:\/\/i0.wp.com\/ccnews.com.ar\/prensa\/wp-content\/uploads\/2020\/05\/nota.jpg?fit=816%2C426&resize=350%2C200","width":350,"height":200,"srcset":"https:\/\/i0.wp.com\/ccnews.com.ar\/prensa\/wp-content\/uploads\/2020\/05\/nota.jpg?fit=816%2C426&resize=350%2C200 1x, https:\/\/i0.wp.com\/ccnews.com.ar\/prensa\/wp-content\/uploads\/2020\/05\/nota.jpg?fit=816%2C426&resize=525%2C300 1,5x, https:\/\/i0.wp.com\/ccnews.com.ar\/prensa\/wp-content\/uploads\/2020\/05\/nota.jpg?fit=816%2C426&resize=700%2C400 2x"},"classes":[]}],"jetpack_sharing_enabled":true,"_links":{"self":[{"href":"http:\/\/ccnews.com.ar\/prensa\/wp-json\/wp\/v2\/posts\/27","targetHints":{"allow":["GET"]}}],"collection":[{"href":"http:\/\/ccnews.com.ar\/prensa\/wp-json\/wp\/v2\/posts"}],"about":[{"href":"http:\/\/ccnews.com.ar\/prensa\/wp-json\/wp\/v2\/types\/post"}],"author":[{"embeddable":true,"href":"http:\/\/ccnews.com.ar\/prensa\/wp-json\/wp\/v2\/users\/2"}],"replies":[{"embeddable":true,"href":"http:\/\/ccnews.com.ar\/prensa\/wp-json\/wp\/v2\/comments?post=27"}],"version-history":[{"count":1,"href":"http:\/\/ccnews.com.ar\/prensa\/wp-json\/wp\/v2\/posts\/27\/revisions"}],"predecessor-version":[{"id":31,"href":"http:\/\/ccnews.com.ar\/prensa\/wp-json\/wp\/v2\/posts\/27\/revisions\/31"}],"wp:featuredmedia":[{"embeddable":true,"href":"http:\/\/ccnews.com.ar\/prensa\/wp-json\/wp\/v2\/media\/29"}],"wp:attachment":[{"href":"http:\/\/ccnews.com.ar\/prensa\/wp-json\/wp\/v2\/media?parent=27"}],"wp:term":[{"taxonomy":"category","embeddable":true,"href":"http:\/\/ccnews.com.ar\/prensa\/wp-json\/wp\/v2\/categories?post=27"},{"taxonomy":"post_tag","embeddable":true,"href":"http:\/\/ccnews.com.ar\/prensa\/wp-json\/wp\/v2\/tags?post=27"}],"curies":[{"name":"wp","href":"https:\/\/api.w.org\/{rel}","templated":true}]}}